{"id":9073,"date":"2023-02-23T14:20:18","date_gmt":"2023-02-23T17:20:18","guid":{"rendered":"https:\/\/www.pmpf.rs.gov.br\/educacao\/?p=9073"},"modified":"2023-02-23T14:20:18","modified_gmt":"2023-02-23T17:20:18","slug":"prefeito-pedro-almeida-anuncia-a-primeira-escola-de-turno-integral-do-municipio","status":"publish","type":"post","link":"https:\/\/www.pmpf.rs.gov.br\/educacao\/2023\/02\/23\/prefeito-pedro-almeida-anuncia-a-primeira-escola-de-turno-integral-do-municipio\/","title":{"rendered":"Prefeito Pedro Almeida anuncia a primeira escola de turno integral do Munic\u00edpio"},"content":{"rendered":"\n<p><\/p>\n\n\n\n<p>O prefeito de Passo Fundo, Pedro Almeida, anunciou, nesta quinta-feira (23), que o Munic\u00edpio ter\u00e1 a primeira escola de turno integral. A Escola Municipal de Educa\u00e7\u00e3o Infantil (EMEI) do Bairro Valinhos teve as obras iniciadas nesta semana e, com previs\u00e3o de entrega para o primeiro trimestre de 2024, atender\u00e1 mais de 100 crian\u00e7as. \u201c\u00c9 com alegria que trago esta not\u00edcia: a primeira escola de turno integral ser\u00e1 uma realidade. Futuramente, teremos outras escolas que funcionar\u00e3o neste formato para atender a comunidade\u201d, disse.<\/p>\n\n\n\n<p>A escola ser\u00e1 destinada \u00e0 etapa creche, compreendendo as crian\u00e7as dos seis meses aos tr\u00eas anos de toda a cidade. \u201cPor ser a primeira escola de turno integral, a EMEI receber\u00e1 crian\u00e7as do entorno do Bairro Valinhos, que hoje tem a EMEI Sonho Encantado nas modalidades creche e pr\u00e9-escola, e tamb\u00e9m o de outras regi\u00f5es. Para isso, o Munic\u00edpio disponibilizar\u00e1 o transporte p\u00fablico\u201d, completou.<\/p>\n\n\n\n<p>O an\u00fancio foi recebido com entusiasmo pela comunidade. A presidente do Bairro Valinhos, Cristiane Silva, reiterou a import\u00e2ncia que a institui\u00e7\u00e3o ter\u00e1 para a vida das fam\u00edlias. \u201cA nossa comunidade, mais uma vez, est\u00e1 sendo privilegiada. Desta vez, com a Escola de turno integral, que vai ser um ganho para todos: contribuir\u00e1 com os pais que trabalham o dia todo, potencializar\u00e1 o desenvolvimento integral das crian\u00e7as e garantir\u00e1 um futuro melhor\u201d, enfatizou.<\/p>\n\n\n\n<p><\/p>\n\n\n\n<p><strong>Uma das maiores escolas de Educa\u00e7\u00e3o Infantil<br><\/strong>Localizada na Avenida Rio Grande, n\u00famero 1662, a EMEI Valinhos foi planejada para os servi\u00e7os em turno integral e, por isso, possuir\u00e1 \u00e1rea ampliada de 894,21 m\u00b2, com duas salas para cada et\u00e1ria. Al\u00e9m disso, ter\u00e1 sagu\u00e3o, espa\u00e7o para atividades m\u00faltiplas, sala para os professores, sanit\u00e1rios (incluindo os com acessibilidade), refeit\u00f3rio, cozinha, lavanderia, espa\u00e7o administrativo, p\u00e1tio externo fechado, gramado e piso emborrachado para a instala\u00e7\u00e3o de brinquedos.<\/p>\n\n\n\n<p>O secret\u00e1rio de Planejamento, Giezi Schneider, destaca que essa ser\u00e1 uma das maiores escolas de Educa\u00e7\u00e3o Infantil do Munic\u00edpio. \u201cTemos certeza de que ser\u00e1 um equipamento muito importante, uma vez que foi projetado especificamente para a realidade local e perfil de atendimento que ser\u00e1 prestado\u201d, avalia.<\/p>\n\n\n\n<p><\/p>\n\n\n\n<p><strong>Novas escolas para atender \u00e0 demanda crescente<br><\/strong>Anualmente, a Rede Municipal de Educa\u00e7\u00e3o registra um crescimento da procura por vagas. Para o ano letivo de 2023, foram feitas 3,8 mil novas solicita\u00e7\u00f5es para o ingresso de estudantes na Educa\u00e7\u00e3o Infantil e Ensino Fundamental.<\/p>\n\n\n\n<p>O secret\u00e1rio de Educa\u00e7\u00e3o, Adriano Canabarro Teixeira, exp\u00f5e dois fatores relacionados com o aumento da demanda. \u201cPasso Fundo tem sido muito atrativa para pessoas de outros estados. O \u00faltimo censo do IBGE apontou para um aumento de 17% da popula\u00e7\u00e3o, bem acima de cidades do mesmo tamanho. Outro elemento importante tem a ver com os efeitos da pandemia sobre a vida financeira das pessoas. Isso fez com que elas buscassem uma solu\u00e7\u00e3o p\u00fablica, inclusive, para educa\u00e7\u00e3o\u201d, afirma.<\/p>\n\n\n\n<p>O Munic\u00edpio trabalha com solu\u00e7\u00f5es para responder efetivamente \u00e0 procura. \u201cA curto prazo, uma alternativa foi realizar a medi\u00e7\u00e3o das salas de aula com o objetivo de viabilizar a expans\u00e3o do n\u00famero m\u00e1ximo de alunos de acordo com o tamanho dos espa\u00e7os. H\u00e1 uma legisla\u00e7\u00e3o que indica essa rela\u00e7\u00e3o. Conseguimos atender mais 500 alunos apenas com a medi\u00e7\u00e3o. A m\u00e9dio prazo, estamos entregando mais salas de aula nas escolas. A EMEF Eloy Pinheiro Machado, por exemplo, recebeu duas salas novas, que, dependendo da faixa et\u00e1ria, poder\u00e1 atender mais 90 alunos da regi\u00e3o\u201d, enfatiza Adriano.<\/p>\n\n\n\n<p>A medida com reflexos a longo prazo \u00e9 a constru\u00e7\u00e3o de novas escolas, uma determina\u00e7\u00e3o do prefeito Pedro Almeida e que possui prioridade dentro das metas do governo. Al\u00e9m da EMEI do Bairro Valinhos, ser\u00e3o entregues as EMEIs Parque do Sol, que teve as obras retomadas pelo Munic\u00edpio neste m\u00eas, C\u00e9sar Santos, Victor Issler e Maggi de C\u00e9saro, que resultar\u00e3o em mais de 700 vagas para a Educa\u00e7\u00e3o Infantil, e a EMEF Petr\u00f3polis, que abrir\u00e1 tamb\u00e9m 700 vagas para o Ensino Fundamental e atender\u00e1 parte dos alunos em turno integral.<\/p>\n\n\n\n<p>Conforme o prefeito, todas essas escolas dever\u00e3o ser conclu\u00eddas at\u00e9 o pr\u00f3ximo ano, qualificando a Educa\u00e7\u00e3o. \u201cSer\u00e3o quase 1,5 mil novas vagas, com aten\u00e7\u00e3o especial para a Educa\u00e7\u00e3o Infantil, observando o crescimento da demanda da Rede Municipal e entregando \u00e0s fam\u00edlias um local seguro para as crian\u00e7as. A entrega de novas escolas e da primeira escola de turno integral do Munic\u00edpio reitera o compromisso que temos com a Educa\u00e7\u00e3o Municipal, que j\u00e1 \u00e9 uma refer\u00eancia para o pa\u00eds\u201d, considera.<\/p>\n","protected":false},"excerpt":{"rendered":"<p>Escola Municipal de Educa\u00e7\u00e3o Infantil (EMEI) do Bairro Valinhos j\u00e1 est\u00e1 em obras e atender\u00e1 mais de 100 crian\u00e7as. Al\u00e9m desta, outras cinco escolas ser\u00e3o entregues at\u00e9 o pr\u00f3ximo ano<\/p>\n","protected":false},"author":6,"featured_media":9074,"comment_status":"closed","ping_status":"closed","sticky":true,"template":"","format":"standard","meta":{"footnotes":""},"categories":[1],"tags":[],"class_list":["post-9073","post","type-post","status-publish","format-standard","has-post-thumbnail","hentry","category-sem-categoria"],"yoast_head":"<!-- This site is optimized with the Yoast SEO plugin v23.8 - https:\/\/yoast.com\/wordpress\/plugins\/seo\/ -->\n<title>Prefeito Pedro Almeida anuncia a primeira escola de turno integral do Munic\u00edpio - Secretaria de Educa\u00e7\u00e3o<\/title>\n<meta name=\"robots\" content=\"index, follow, max-snippet:-1, max-image-preview:large, max-video-preview:-1\" \/>\n<link rel=\"canonical\" href=\"https:\/\/www.pmpf.rs.gov.br\/educacao\/2023\/02\/23\/prefeito-pedro-almeida-anuncia-a-primeira-escola-de-turno-integral-do-municipio\/\" \/>\n<meta property=\"og:locale\" content=\"pt_BR\" \/>\n<meta property=\"og:type\" content=\"article\" \/>\n<meta property=\"og:title\" content=\"Prefeito Pedro Almeida anuncia a primeira escola de turno integral do Munic\u00edpio - Secretaria de Educa\u00e7\u00e3o\" \/>\n<meta property=\"og:description\" content=\"Escola Municipal de Educa\u00e7\u00e3o Infantil (EMEI) do Bairro Valinhos j\u00e1 est\u00e1 em obras e atender\u00e1 mais de 100 crian\u00e7as. Al\u00e9m desta, outras cinco escolas ser\u00e3o entregues at\u00e9 o pr\u00f3ximo ano\" \/>\n<meta property=\"og:url\" content=\"https:\/\/www.pmpf.rs.gov.br\/educacao\/2023\/02\/23\/prefeito-pedro-almeida-anuncia-a-primeira-escola-de-turno-integral-do-municipio\/\" \/>\n<meta property=\"og:site_name\" content=\"Secretaria de Educa\u00e7\u00e3o\" \/>\n<meta property=\"article:published_time\" content=\"2023-02-23T17:20:18+00:00\" \/>\n<meta name=\"author\" content=\"andressazorzetto07\" \/>\n<meta name=\"twitter:card\" content=\"summary_large_image\" \/>\n<meta name=\"twitter:label1\" content=\"Escrito por\" \/>\n\t<meta name=\"twitter:data1\" content=\"andressazorzetto07\" \/>\n\t<meta name=\"twitter:label2\" content=\"Est. tempo de leitura\" \/>\n\t<meta name=\"twitter:data2\" content=\"4 minutos\" \/>\n<script type=\"application\/ld+json\" class=\"yoast-schema-graph\">{\"@context\":\"https:\/\/schema.org\",\"@graph\":[{\"@type\":\"WebPage\",\"@id\":\"https:\/\/www.pmpf.rs.gov.br\/educacao\/2023\/02\/23\/prefeito-pedro-almeida-anuncia-a-primeira-escola-de-turno-integral-do-municipio\/\",\"url\":\"https:\/\/www.pmpf.rs.gov.br\/educacao\/2023\/02\/23\/prefeito-pedro-almeida-anuncia-a-primeira-escola-de-turno-integral-do-municipio\/\",\"name\":\"Prefeito Pedro Almeida anuncia a primeira escola de turno integral do Munic\u00edpio - Secretaria de Educa\u00e7\u00e3o\",\"isPartOf\":{\"@id\":\"https:\/\/www.pmpf.rs.gov.br\/educacao\/#website\"},\"primaryImageOfPage\":{\"@id\":\"https:\/\/www.pmpf.rs.gov.br\/educacao\/2023\/02\/23\/prefeito-pedro-almeida-anuncia-a-primeira-escola-de-turno-integral-do-municipio\/#primaryimage\"},\"image\":{\"@id\":\"https:\/\/www.pmpf.rs.gov.br\/educacao\/2023\/02\/23\/prefeito-pedro-almeida-anuncia-a-primeira-escola-de-turno-integral-do-municipio\/#primaryimage\"},\"thumbnailUrl\":\"https:\/\/www.pmpf.rs.gov.br\/educacao\/wp-content\/uploads\/sites\/43\/2023\/02\/emei-valinhos.jpg\",\"datePublished\":\"2023-02-23T17:20:18+00:00\",\"dateModified\":\"2023-02-23T17:20:18+00:00\",\"author\":{\"@id\":\"https:\/\/www.pmpf.rs.gov.br\/educacao\/#\/schema\/person\/30ee1d1bd74da1469b01fcf086e43351\"},\"inLanguage\":\"pt-BR\",\"potentialAction\":[{\"@type\":\"ReadAction\",\"target\":[\"https:\/\/www.pmpf.rs.gov.br\/educacao\/2023\/02\/23\/prefeito-pedro-almeida-anuncia-a-primeira-escola-de-turno-integral-do-municipio\/\"]}]},{\"@type\":\"ImageObject\",\"inLanguage\":\"pt-BR\",\"@id\":\"https:\/\/www.pmpf.rs.gov.br\/educacao\/2023\/02\/23\/prefeito-pedro-almeida-anuncia-a-primeira-escola-de-turno-integral-do-municipio\/#primaryimage\",\"url\":\"https:\/\/www.pmpf.rs.gov.br\/educacao\/wp-content\/uploads\/sites\/43\/2023\/02\/emei-valinhos.jpg\",\"contentUrl\":\"https:\/\/www.pmpf.rs.gov.br\/educacao\/wp-content\/uploads\/sites\/43\/2023\/02\/emei-valinhos.jpg\",\"width\":1600,\"height\":900},{\"@type\":\"WebSite\",\"@id\":\"https:\/\/www.pmpf.rs.gov.br\/educacao\/#website\",\"url\":\"https:\/\/www.pmpf.rs.gov.br\/educacao\/\",\"name\":\"Secretaria de Educa\u00e7\u00e3o\",\"description\":\"Secretaria de Educa\u00e7\u00e3o da cidade de Passo Fundo\",\"potentialAction\":[{\"@type\":\"SearchAction\",\"target\":{\"@type\":\"EntryPoint\",\"urlTemplate\":\"https:\/\/www.pmpf.rs.gov.br\/educacao\/?s={search_term_string}\"},\"query-input\":{\"@type\":\"PropertyValueSpecification\",\"valueRequired\":true,\"valueName\":\"search_term_string\"}}],\"inLanguage\":\"pt-BR\"},{\"@type\":\"Person\",\"@id\":\"https:\/\/www.pmpf.rs.gov.br\/educacao\/#\/schema\/person\/30ee1d1bd74da1469b01fcf086e43351\",\"name\":\"andressazorzetto07\",\"image\":{\"@type\":\"ImageObject\",\"inLanguage\":\"pt-BR\",\"@id\":\"https:\/\/www.pmpf.rs.gov.br\/educacao\/#\/schema\/person\/image\/\",\"url\":\"https:\/\/secure.gravatar.com\/avatar\/14c5458ed79dc81da99a13b9ff5f9f19?s=96&d=mm&r=g\",\"contentUrl\":\"https:\/\/secure.gravatar.com\/avatar\/14c5458ed79dc81da99a13b9ff5f9f19?s=96&d=mm&r=g\",\"caption\":\"andressazorzetto07\"},\"url\":\"https:\/\/www.pmpf.rs.gov.br\/educacao\/author\/andressazorzetto07\/\"}]}<\/script>\n<!-- \/ Yoast SEO plugin. -->","yoast_head_json":{"title":"Prefeito Pedro Almeida anuncia a primeira escola de turno integral do Munic\u00edpio - Secretaria de Educa\u00e7\u00e3o","robots":{"index":"index","follow":"follow","max-snippet":"max-snippet:-1","max-image-preview":"max-image-preview:large","max-video-preview":"max-video-preview:-1"},"canonical":"https:\/\/www.pmpf.rs.gov.br\/educacao\/2023\/02\/23\/prefeito-pedro-almeida-anuncia-a-primeira-escola-de-turno-integral-do-municipio\/","og_locale":"pt_BR","og_type":"article","og_title":"Prefeito Pedro Almeida anuncia a primeira escola de turno integral do Munic\u00edpio - Secretaria de Educa\u00e7\u00e3o","og_description":"Escola Municipal de Educa\u00e7\u00e3o Infantil (EMEI) do Bairro Valinhos j\u00e1 est\u00e1 em obras e atender\u00e1 mais de 100 crian\u00e7as. Al\u00e9m desta, outras cinco escolas ser\u00e3o entregues at\u00e9 o pr\u00f3ximo ano","og_url":"https:\/\/www.pmpf.rs.gov.br\/educacao\/2023\/02\/23\/prefeito-pedro-almeida-anuncia-a-primeira-escola-de-turno-integral-do-municipio\/","og_site_name":"Secretaria de Educa\u00e7\u00e3o","article_published_time":"2023-02-23T17:20:18+00:00","author":"andressazorzetto07","twitter_card":"summary_large_image","twitter_misc":{"Escrito por":"andressazorzetto07","Est. tempo de leitura":"4 minutos"},"schema":{"@context":"https:\/\/schema.org","@graph":[{"@type":"WebPage","@id":"https:\/\/www.pmpf.rs.gov.br\/educacao\/2023\/02\/23\/prefeito-pedro-almeida-anuncia-a-primeira-escola-de-turno-integral-do-municipio\/","url":"https:\/\/www.pmpf.rs.gov.br\/educacao\/2023\/02\/23\/prefeito-pedro-almeida-anuncia-a-primeira-escola-de-turno-integral-do-municipio\/","name":"Prefeito Pedro Almeida anuncia a primeira escola de turno integral do Munic\u00edpio - Secretaria de Educa\u00e7\u00e3o","isPartOf":{"@id":"https:\/\/www.pmpf.rs.gov.br\/educacao\/#website"},"primaryImageOfPage":{"@id":"https:\/\/www.pmpf.rs.gov.br\/educacao\/2023\/02\/23\/prefeito-pedro-almeida-anuncia-a-primeira-escola-de-turno-integral-do-municipio\/#primaryimage"},"image":{"@id":"https:\/\/www.pmpf.rs.gov.br\/educacao\/2023\/02\/23\/prefeito-pedro-almeida-anuncia-a-primeira-escola-de-turno-integral-do-municipio\/#primaryimage"},"thumbnailUrl":"https:\/\/www.pmpf.rs.gov.br\/educacao\/wp-content\/uploads\/sites\/43\/2023\/02\/emei-valinhos.jpg","datePublished":"2023-02-23T17:20:18+00:00","dateModified":"2023-02-23T17:20:18+00:00","author":{"@id":"https:\/\/www.pmpf.rs.gov.br\/educacao\/#\/schema\/person\/30ee1d1bd74da1469b01fcf086e43351"},"inLanguage":"pt-BR","potentialAction":[{"@type":"ReadAction","target":["https:\/\/www.pmpf.rs.gov.br\/educacao\/2023\/02\/23\/prefeito-pedro-almeida-anuncia-a-primeira-escola-de-turno-integral-do-municipio\/"]}]},{"@type":"ImageObject","inLanguage":"pt-BR","@id":"https:\/\/www.pmpf.rs.gov.br\/educacao\/2023\/02\/23\/prefeito-pedro-almeida-anuncia-a-primeira-escola-de-turno-integral-do-municipio\/#primaryimage","url":"https:\/\/www.pmpf.rs.gov.br\/educacao\/wp-content\/uploads\/sites\/43\/2023\/02\/emei-valinhos.jpg","contentUrl":"https:\/\/www.pmpf.rs.gov.br\/educacao\/wp-content\/uploads\/sites\/43\/2023\/02\/emei-valinhos.jpg","width":1600,"height":900},{"@type":"WebSite","@id":"https:\/\/www.pmpf.rs.gov.br\/educacao\/#website","url":"https:\/\/www.pmpf.rs.gov.br\/educacao\/","name":"Secretaria de Educa\u00e7\u00e3o","description":"Secretaria de Educa\u00e7\u00e3o da cidade de Passo Fundo","potentialAction":[{"@type":"SearchAction","target":{"@type":"EntryPoint","urlTemplate":"https:\/\/www.pmpf.rs.gov.br\/educacao\/?s={search_term_string}"},"query-input":{"@type":"PropertyValueSpecification","valueRequired":true,"valueName":"search_term_string"}}],"inLanguage":"pt-BR"},{"@type":"Person","@id":"https:\/\/www.pmpf.rs.gov.br\/educacao\/#\/schema\/person\/30ee1d1bd74da1469b01fcf086e43351","name":"andressazorzetto07","image":{"@type":"ImageObject","inLanguage":"pt-BR","@id":"https:\/\/www.pmpf.rs.gov.br\/educacao\/#\/schema\/person\/image\/","url":"https:\/\/secure.gravatar.com\/avatar\/14c5458ed79dc81da99a13b9ff5f9f19?s=96&d=mm&r=g","contentUrl":"https:\/\/secure.gravatar.com\/avatar\/14c5458ed79dc81da99a13b9ff5f9f19?s=96&d=mm&r=g","caption":"andressazorzetto07"},"url":"https:\/\/www.pmpf.rs.gov.br\/educacao\/author\/andressazorzetto07\/"}]}},"_links":{"self":[{"href":"https:\/\/www.pmpf.rs.gov.br\/educacao\/wp-json\/wp\/v2\/posts\/9073"}],"collection":[{"href":"https:\/\/www.pmpf.rs.gov.br\/educacao\/wp-json\/wp\/v2\/posts"}],"about":[{"href":"https:\/\/www.pmpf.rs.gov.br\/educacao\/wp-json\/wp\/v2\/types\/post"}],"author":[{"embeddable":true,"href":"https:\/\/www.pmpf.rs.gov.br\/educacao\/wp-json\/wp\/v2\/users\/6"}],"replies":[{"embeddable":true,"href":"https:\/\/www.pmpf.rs.gov.br\/educacao\/wp-json\/wp\/v2\/comments?post=9073"}],"version-history":[{"count":1,"href":"https:\/\/www.pmpf.rs.gov.br\/educacao\/wp-json\/wp\/v2\/posts\/9073\/revisions"}],"predecessor-version":[{"id":9075,"href":"https:\/\/www.pmpf.rs.gov.br\/educacao\/wp-json\/wp\/v2\/posts\/9073\/revisions\/9075"}],"wp:featuredmedia":[{"embeddable":true,"href":"https:\/\/www.pmpf.rs.gov.br\/educacao\/wp-json\/wp\/v2\/media\/9074"}],"wp:attachment":[{"href":"https:\/\/www.pmpf.rs.gov.br\/educacao\/wp-json\/wp\/v2\/media?parent=9073"}],"wp:term":[{"taxonomy":"category","embeddable":true,"href":"https:\/\/www.pmpf.rs.gov.br\/educacao\/wp-json\/wp\/v2\/categories?post=9073"},{"taxonomy":"post_tag","embeddable":true,"href":"https:\/\/www.pmpf.rs.gov.br\/educacao\/wp-json\/wp\/v2\/tags?post=9073"}],"curies":[{"name":"wp","href":"https:\/\/api.w.org\/{rel}","templated":true}]}}