{"id":8968,"date":"2023-01-26T16:00:27","date_gmt":"2023-01-26T19:00:27","guid":{"rendered":"https:\/\/www.pmpf.rs.gov.br\/educacao\/?p=8968"},"modified":"2023-01-27T09:43:07","modified_gmt":"2023-01-27T12:43:07","slug":"prefeitura-abrira-inscricoes-para-37-cursos-da-escola-das-profissoes","status":"publish","type":"post","link":"https:\/\/www.pmpf.rs.gov.br\/educacao\/2023\/01\/26\/prefeitura-abrira-inscricoes-para-37-cursos-da-escola-das-profissoes\/","title":{"rendered":"<strong>Prefeitura abrir\u00e1 inscri\u00e7\u00f5es para 37 cursos da Escola das Profiss\u00f5es<\/strong>"},"content":{"rendered":"\n<p><br>A Prefeitura de Passo Fundo vai abrir, na pr\u00f3xima segunda-feira (30), as inscri\u00e7\u00f5es para mais 37 cursos gratuitos da Escola das Profiss\u00f5es. Ser\u00e3o disponibilizadas mais de 800 vagas para a profissionaliza\u00e7\u00e3o em diversas \u00e1reas. As inscri\u00e7\u00f5es poder\u00e3o ser realizadas at\u00e9 7 de fevereiro, pelo site http:\/\/eprof.educapf.org.<br><br>O prefeito Pedro Almeida destaca que a Escola das Profiss\u00f5es \u00e9 uma oportunidade para quem pretende se qualificar e se soma a outras iniciativas da Prefeitura que t\u00eam o objetivo de melhorar a vida das pessoas. \u201c Implementamos a Escola das Profiss\u00f5es depois de identificarmos no Caf\u00e9 com Emprego a necessidade de qualificar os passo-fundenses para o preenchimento de vagas abertas nas empresas. O emprego \u00e9 o melhor programa social que podemos desenvolver, e Escola das Profiss\u00f5es \u00e9 uma a\u00e7\u00e3o da Prefeitura que oportuniza \u00e0s pessoas a capacita\u00e7\u00e3o gratuita em diversas \u00e1reas, a fim de que elas garantam uma vaga ou tenham condi\u00e7\u00f5es de iniciar o seu pr\u00f3prio neg\u00f3cio\u201d, afirma.<\/p>\n\n\n\n<p>Desde agosto de 2022, foram conclu\u00eddos 34 cursos, divididos em 69 turmas, que contaram com mais de mil alunos. Neste momento, est\u00e3o em atividade 29 turmas, nas \u00e1reas da Tecnologia, Est\u00e9tica, Sa\u00fade, T\u00eaxtil, Gastronomia, Educa\u00e7\u00e3o e Com\u00e9rcio e Servi\u00e7os.<\/p>\n\n\n\n<p>Os 37 cursos ser\u00e3o iniciados a partir do dia 6 de fevereiro. As aulas acontecer\u00e3o na Esta\u00e7\u00e3o 2, anexada junto \u00e0 Faculdade Anhanguera, e os turnos \u2013 manh\u00e3, tarde ou noite \u2013 variam de acordo com o curso.<\/p>\n\n\n\n<p>Podem se inscrever todas as pessoas com mais de 15 anos. Ter\u00e3o prioridade para a sele\u00e7\u00e3o, gestantes e m\u00e3es acompanhadas pelo programa Meu Beb\u00ea, Meu Tesouro, pessoas que participaram do Caf\u00e9 com Emprego, imigrantes, pessoas com defici\u00eancia e pessoas benefici\u00e1rias do Cad\u00danico, que dever\u00e3o fazer a comprova\u00e7\u00e3o durante a inscri\u00e7\u00e3o.<br>De acordo com a coordena\u00e7\u00e3o da Escola das Profiss\u00f5es, \u00e9 fundamental que o candidato verifique, antes de realizar a inscri\u00e7\u00e3o, a data de in\u00edcio e de t\u00e9rmino dos cursos e tamb\u00e9m o hor\u00e1rio em que o mesmo acontecer\u00e1. A medida evita a desist\u00eancia e permite que sejam selecionadas as pessoas que t\u00eam possibilidade de acompanhar as aulas.<\/p>\n\n\n\n<p>Os cursos s\u00e3o divididos em tr\u00eas eixos: o \u201cProfissionais do Futuro\u201d, destinado ao desenvolvimento de habilidades como l\u00ednguas e o desenvolvimento de tecnologias sociais; o \u201cQualific@REE\u201d, que incentiva o empreendedorismo e est\u00e1 ofertando os 37 cursos nesta edi\u00e7\u00e3o; e o \u201cUpdate\u201d, que tem como foco atender a ind\u00fastria com m\u00e3o de obra qualificada.<br><br><strong>37 novos cursos<\/strong><br>Curso \/ Turno \/ Vagas<br><br>Inform\u00e1tica B\u00e1sica \/ Tarde \/ 20<\/p>\n\n\n\n<p>Elabora\u00e7\u00e3o de Planilhas \/ Tarde \/ 20<\/p>\n\n\n\n<p>Editora\u00e7\u00e3o de Textos \/ Tarde \/ 20<\/p>\n\n\n\n<p>Elabora\u00e7\u00e3o de Apresenta\u00e7\u00f5es \/ Tarde 20<\/p>\n\n\n\n<p>Assistente Administrativo \/ Tarde \/ 30<\/p>\n\n\n\n<p>Assistente de Departamento Pessoal \/ Tarde \/ 30<\/p>\n\n\n\n<p>Assistente Comercial (Vendas) \/ Noite \/ 30<\/p>\n\n\n\n<p>Vendas e Negocia\u00e7\u00e3o \/ Noite \/ 30<\/p>\n\n\n\n<p>Atendimento ao Cliente \/ Noite \/ 30<\/p>\n\n\n\n<p>Assistente de Contabilidade \/ Tarde \/ 30<\/p>\n\n\n\n<p>Assistente de Log\u00edstica \/ Tarde \/ 30<\/p>\n\n\n\n<p>Atendente de Farm\u00e1cia \/ Manh\u00e3 \/ 20<\/p>\n\n\n\n<p>Barbearia \/ Manh\u00e3 \/ 20<\/p>\n\n\n\n<p>B\u00e1sico para Padeiro \/ Manh\u00e3 \/ 20<\/p>\n\n\n\n<p>Cabeleireiro N\u00edvel I &#8211; corte \/ Manh\u00e3 \/ 20<\/p>\n\n\n\n<p>Cabeleireiro N\u00edvel II &#8211; Procedimentos e Qu\u00edmica \/ Tarde \/ 20<\/p>\n\n\n\n<p>Cria\u00e7\u00e3o de Jogos Digitais I \/ Noite \/ 20<\/p>\n\n\n\n<p>Cria\u00e7\u00e3o de Jogos Digitais II \/ Noite \/ 20<\/p>\n\n\n\n<p>Cuidador de Crian\u00e7as \/ Tarde \/ 20<\/p>\n\n\n\n<p>Cuidador de Crian\u00e7as \/ Noite \/ 20<\/p>\n\n\n\n<p>Cuidador de Idosos \/ Manh\u00e3 \/ 20<\/p>\n\n\n\n<p>Desenvolvimento de Websites \/ Noite \/ 20<\/p>\n\n\n\n<p>Edi\u00e7\u00e3o de Imagens \/ Noite \/ 20<\/p>\n\n\n\n<p>Doces e Salgados \/ Noite \/ 20<\/p>\n\n\n\n<p>Espanhol para Atendimento ao P\u00fablico \/ Noite \/ 20<\/p>\n\n\n\n<p>Est\u00e9tica Facial \/ Tarde \/ 20<\/p>\n\n\n\n<p>Gastronomia I \/ Tarde \/ 20<\/p>\n\n\n\n<p>Gest\u00e3o de M\u00eddias \/ Noite \/ 20<\/p>\n\n\n\n<p>Edi\u00e7\u00e3o de Imagens \/ Noite \/ 20<\/p>\n\n\n\n<p>Hotelaria \/ Noite \/ 30<\/p>\n\n\n\n<p>Ingl\u00eas para Atendimento ao P\u00fablico \/ Noite \/ 20<\/p>\n\n\n\n<p>Ingl\u00eas para Atendimento ao P\u00fablico \/ Tarde \/ 20<\/p>\n\n\n\n<p>Manicure e Pedicure \/ Tarde \/ 20<\/p>\n\n\n\n<p>Maquiagem I \/ Tarde \/ 20<\/p>\n\n\n\n<p>Designer de Sobrancelha \/ Tarde \/ 20<\/p>\n\n\n\n<p>Portugu\u00eas para Estrangeiros \/ Noite \/ 25<\/p>\n\n\n\n<p>Recepcionista \/ Noite \/ 30<\/p>\n\n\n\n<p><strong>Cronograma<br><\/strong><em>Inscri\u00e7\u00f5es no site http:\/\/eprof.educapf.org<\/em><br>30 de janeiro a 07 de fevereiro<br><br><em>Sele\u00e7\u00e3o<\/em><br>08 de fevereiro<br><br><em>Divulga\u00e7\u00e3o dos selecionados<\/em><br>09 de fevereiro<br><br><em>In\u00edcio das aulas<\/em><br>13 de fevereiro de 2023<\/p>\n\n\n\n<p><strong>Foto: Michel Sanderi<\/strong><\/p>\n","protected":false},"excerpt":{"rendered":"<p> Ser\u00e3o disponibilizadas mais de 800 vagas para a profissionaliza\u00e7\u00e3o em diversas \u00e1reas. As inscri\u00e7\u00f5es poder\u00e3o ser realizadas at\u00e9 7 de fevereiro, pelo site http:\/\/eprof.educapf.org.<\/p>\n","protected":false},"author":6,"featured_media":8969,"comment_status":"closed","ping_status":"closed","sticky":true,"template":"","format":"standard","meta":{"footnotes":""},"categories":[1],"tags":[],"class_list":["post-8968","post","type-post","status-publish","format-standard","has-post-thumbnail","hentry","category-sem-categoria"],"yoast_head":"<!-- This site is optimized with the Yoast SEO plugin v23.8 - https:\/\/yoast.com\/wordpress\/plugins\/seo\/ -->\n<title>Prefeitura abrir\u00e1 inscri\u00e7\u00f5es para 37 cursos da Escola das Profiss\u00f5es - Secretaria de Educa\u00e7\u00e3o<\/title>\n<meta name=\"robots\" content=\"index, follow, max-snippet:-1, max-image-preview:large, max-video-preview:-1\" \/>\n<link rel=\"canonical\" href=\"https:\/\/www.pmpf.rs.gov.br\/educacao\/2023\/01\/26\/prefeitura-abrira-inscricoes-para-37-cursos-da-escola-das-profissoes\/\" \/>\n<meta property=\"og:locale\" content=\"pt_BR\" \/>\n<meta property=\"og:type\" content=\"article\" \/>\n<meta property=\"og:title\" content=\"Prefeitura abrir\u00e1 inscri\u00e7\u00f5es para 37 cursos da Escola das Profiss\u00f5es - Secretaria de Educa\u00e7\u00e3o\" \/>\n<meta property=\"og:description\" content=\"Ser\u00e3o disponibilizadas mais de 800 vagas para a profissionaliza\u00e7\u00e3o em diversas \u00e1reas. As inscri\u00e7\u00f5es poder\u00e3o ser realizadas at\u00e9 7 de fevereiro, pelo site http:\/\/eprof.educapf.org.\" \/>\n<meta property=\"og:url\" content=\"https:\/\/www.pmpf.rs.gov.br\/educacao\/2023\/01\/26\/prefeitura-abrira-inscricoes-para-37-cursos-da-escola-das-profissoes\/\" \/>\n<meta property=\"og:site_name\" content=\"Secretaria de Educa\u00e7\u00e3o\" \/>\n<meta property=\"article:published_time\" content=\"2023-01-26T19:00:27+00:00\" \/>\n<meta property=\"article:modified_time\" content=\"2023-01-27T12:43:07+00:00\" \/>\n<meta property=\"og:image\" content=\"https:\/\/www.pmpf.rs.gov.br\/educacao\/wp-content\/uploads\/sites\/43\/2023\/01\/escola-das-profissoes.jpg\" \/>\n\t<meta property=\"og:image:width\" content=\"1280\" \/>\n\t<meta property=\"og:image:height\" content=\"853\" \/>\n\t<meta property=\"og:image:type\" content=\"image\/jpeg\" \/>\n<meta name=\"author\" content=\"andressazorzetto07\" \/>\n<meta name=\"twitter:card\" content=\"summary_large_image\" \/>\n<meta name=\"twitter:label1\" content=\"Escrito por\" \/>\n\t<meta name=\"twitter:data1\" content=\"andressazorzetto07\" \/>\n\t<meta name=\"twitter:label2\" content=\"Est. tempo de leitura\" \/>\n\t<meta name=\"twitter:data2\" content=\"3 minutos\" \/>\n<script type=\"application\/ld+json\" class=\"yoast-schema-graph\">{\"@context\":\"https:\/\/schema.org\",\"@graph\":[{\"@type\":\"WebPage\",\"@id\":\"https:\/\/www.pmpf.rs.gov.br\/educacao\/2023\/01\/26\/prefeitura-abrira-inscricoes-para-37-cursos-da-escola-das-profissoes\/\",\"url\":\"https:\/\/www.pmpf.rs.gov.br\/educacao\/2023\/01\/26\/prefeitura-abrira-inscricoes-para-37-cursos-da-escola-das-profissoes\/\",\"name\":\"Prefeitura abrir\u00e1 inscri\u00e7\u00f5es para 37 cursos da Escola das Profiss\u00f5es - Secretaria de Educa\u00e7\u00e3o\",\"isPartOf\":{\"@id\":\"https:\/\/www.pmpf.rs.gov.br\/educacao\/#website\"},\"primaryImageOfPage\":{\"@id\":\"https:\/\/www.pmpf.rs.gov.br\/educacao\/2023\/01\/26\/prefeitura-abrira-inscricoes-para-37-cursos-da-escola-das-profissoes\/#primaryimage\"},\"image\":{\"@id\":\"https:\/\/www.pmpf.rs.gov.br\/educacao\/2023\/01\/26\/prefeitura-abrira-inscricoes-para-37-cursos-da-escola-das-profissoes\/#primaryimage\"},\"thumbnailUrl\":\"https:\/\/www.pmpf.rs.gov.br\/educacao\/wp-content\/uploads\/sites\/43\/2023\/01\/escola-das-profissoes.jpg\",\"datePublished\":\"2023-01-26T19:00:27+00:00\",\"dateModified\":\"2023-01-27T12:43:07+00:00\",\"author\":{\"@id\":\"https:\/\/www.pmpf.rs.gov.br\/educacao\/#\/schema\/person\/30ee1d1bd74da1469b01fcf086e43351\"},\"inLanguage\":\"pt-BR\",\"potentialAction\":[{\"@type\":\"ReadAction\",\"target\":[\"https:\/\/www.pmpf.rs.gov.br\/educacao\/2023\/01\/26\/prefeitura-abrira-inscricoes-para-37-cursos-da-escola-das-profissoes\/\"]}]},{\"@type\":\"ImageObject\",\"inLanguage\":\"pt-BR\",\"@id\":\"https:\/\/www.pmpf.rs.gov.br\/educacao\/2023\/01\/26\/prefeitura-abrira-inscricoes-para-37-cursos-da-escola-das-profissoes\/#primaryimage\",\"url\":\"https:\/\/www.pmpf.rs.gov.br\/educacao\/wp-content\/uploads\/sites\/43\/2023\/01\/escola-das-profissoes.jpg\",\"contentUrl\":\"https:\/\/www.pmpf.rs.gov.br\/educacao\/wp-content\/uploads\/sites\/43\/2023\/01\/escola-das-profissoes.jpg\",\"width\":1280,\"height\":853},{\"@type\":\"WebSite\",\"@id\":\"https:\/\/www.pmpf.rs.gov.br\/educacao\/#website\",\"url\":\"https:\/\/www.pmpf.rs.gov.br\/educacao\/\",\"name\":\"Secretaria de Educa\u00e7\u00e3o\",\"description\":\"Secretaria de Educa\u00e7\u00e3o da cidade de Passo Fundo\",\"potentialAction\":[{\"@type\":\"SearchAction\",\"target\":{\"@type\":\"EntryPoint\",\"urlTemplate\":\"https:\/\/www.pmpf.rs.gov.br\/educacao\/?s={search_term_string}\"},\"query-input\":{\"@type\":\"PropertyValueSpecification\",\"valueRequired\":true,\"valueName\":\"search_term_string\"}}],\"inLanguage\":\"pt-BR\"},{\"@type\":\"Person\",\"@id\":\"https:\/\/www.pmpf.rs.gov.br\/educacao\/#\/schema\/person\/30ee1d1bd74da1469b01fcf086e43351\",\"name\":\"andressazorzetto07\",\"image\":{\"@type\":\"ImageObject\",\"inLanguage\":\"pt-BR\",\"@id\":\"https:\/\/www.pmpf.rs.gov.br\/educacao\/#\/schema\/person\/image\/\",\"url\":\"https:\/\/secure.gravatar.com\/avatar\/14c5458ed79dc81da99a13b9ff5f9f19?s=96&d=mm&r=g\",\"contentUrl\":\"https:\/\/secure.gravatar.com\/avatar\/14c5458ed79dc81da99a13b9ff5f9f19?s=96&d=mm&r=g\",\"caption\":\"andressazorzetto07\"},\"url\":\"https:\/\/www.pmpf.rs.gov.br\/educacao\/author\/andressazorzetto07\/\"}]}<\/script>\n<!-- \/ Yoast SEO plugin. -->","yoast_head_json":{"title":"Prefeitura abrir\u00e1 inscri\u00e7\u00f5es para 37 cursos da Escola das Profiss\u00f5es - Secretaria de Educa\u00e7\u00e3o","robots":{"index":"index","follow":"follow","max-snippet":"max-snippet:-1","max-image-preview":"max-image-preview:large","max-video-preview":"max-video-preview:-1"},"canonical":"https:\/\/www.pmpf.rs.gov.br\/educacao\/2023\/01\/26\/prefeitura-abrira-inscricoes-para-37-cursos-da-escola-das-profissoes\/","og_locale":"pt_BR","og_type":"article","og_title":"Prefeitura abrir\u00e1 inscri\u00e7\u00f5es para 37 cursos da Escola das Profiss\u00f5es - Secretaria de Educa\u00e7\u00e3o","og_description":"Ser\u00e3o disponibilizadas mais de 800 vagas para a profissionaliza\u00e7\u00e3o em diversas \u00e1reas. As inscri\u00e7\u00f5es poder\u00e3o ser realizadas at\u00e9 7 de fevereiro, pelo site http:\/\/eprof.educapf.org.","og_url":"https:\/\/www.pmpf.rs.gov.br\/educacao\/2023\/01\/26\/prefeitura-abrira-inscricoes-para-37-cursos-da-escola-das-profissoes\/","og_site_name":"Secretaria de Educa\u00e7\u00e3o","article_published_time":"2023-01-26T19:00:27+00:00","article_modified_time":"2023-01-27T12:43:07+00:00","og_image":[{"width":1280,"height":853,"url":"https:\/\/www.pmpf.rs.gov.br\/educacao\/wp-content\/uploads\/sites\/43\/2023\/01\/escola-das-profissoes.jpg","type":"image\/jpeg"}],"author":"andressazorzetto07","twitter_card":"summary_large_image","twitter_misc":{"Escrito por":"andressazorzetto07","Est. tempo de leitura":"3 minutos"},"schema":{"@context":"https:\/\/schema.org","@graph":[{"@type":"WebPage","@id":"https:\/\/www.pmpf.rs.gov.br\/educacao\/2023\/01\/26\/prefeitura-abrira-inscricoes-para-37-cursos-da-escola-das-profissoes\/","url":"https:\/\/www.pmpf.rs.gov.br\/educacao\/2023\/01\/26\/prefeitura-abrira-inscricoes-para-37-cursos-da-escola-das-profissoes\/","name":"Prefeitura abrir\u00e1 inscri\u00e7\u00f5es para 37 cursos da Escola das Profiss\u00f5es - Secretaria de Educa\u00e7\u00e3o","isPartOf":{"@id":"https:\/\/www.pmpf.rs.gov.br\/educacao\/#website"},"primaryImageOfPage":{"@id":"https:\/\/www.pmpf.rs.gov.br\/educacao\/2023\/01\/26\/prefeitura-abrira-inscricoes-para-37-cursos-da-escola-das-profissoes\/#primaryimage"},"image":{"@id":"https:\/\/www.pmpf.rs.gov.br\/educacao\/2023\/01\/26\/prefeitura-abrira-inscricoes-para-37-cursos-da-escola-das-profissoes\/#primaryimage"},"thumbnailUrl":"https:\/\/www.pmpf.rs.gov.br\/educacao\/wp-content\/uploads\/sites\/43\/2023\/01\/escola-das-profissoes.jpg","datePublished":"2023-01-26T19:00:27+00:00","dateModified":"2023-01-27T12:43:07+00:00","author":{"@id":"https:\/\/www.pmpf.rs.gov.br\/educacao\/#\/schema\/person\/30ee1d1bd74da1469b01fcf086e43351"},"inLanguage":"pt-BR","potentialAction":[{"@type":"ReadAction","target":["https:\/\/www.pmpf.rs.gov.br\/educacao\/2023\/01\/26\/prefeitura-abrira-inscricoes-para-37-cursos-da-escola-das-profissoes\/"]}]},{"@type":"ImageObject","inLanguage":"pt-BR","@id":"https:\/\/www.pmpf.rs.gov.br\/educacao\/2023\/01\/26\/prefeitura-abrira-inscricoes-para-37-cursos-da-escola-das-profissoes\/#primaryimage","url":"https:\/\/www.pmpf.rs.gov.br\/educacao\/wp-content\/uploads\/sites\/43\/2023\/01\/escola-das-profissoes.jpg","contentUrl":"https:\/\/www.pmpf.rs.gov.br\/educacao\/wp-content\/uploads\/sites\/43\/2023\/01\/escola-das-profissoes.jpg","width":1280,"height":853},{"@type":"WebSite","@id":"https:\/\/www.pmpf.rs.gov.br\/educacao\/#website","url":"https:\/\/www.pmpf.rs.gov.br\/educacao\/","name":"Secretaria de Educa\u00e7\u00e3o","description":"Secretaria de Educa\u00e7\u00e3o da cidade de Passo Fundo","potentialAction":[{"@type":"SearchAction","target":{"@type":"EntryPoint","urlTemplate":"https:\/\/www.pmpf.rs.gov.br\/educacao\/?s={search_term_string}"},"query-input":{"@type":"PropertyValueSpecification","valueRequired":true,"valueName":"search_term_string"}}],"inLanguage":"pt-BR"},{"@type":"Person","@id":"https:\/\/www.pmpf.rs.gov.br\/educacao\/#\/schema\/person\/30ee1d1bd74da1469b01fcf086e43351","name":"andressazorzetto07","image":{"@type":"ImageObject","inLanguage":"pt-BR","@id":"https:\/\/www.pmpf.rs.gov.br\/educacao\/#\/schema\/person\/image\/","url":"https:\/\/secure.gravatar.com\/avatar\/14c5458ed79dc81da99a13b9ff5f9f19?s=96&d=mm&r=g","contentUrl":"https:\/\/secure.gravatar.com\/avatar\/14c5458ed79dc81da99a13b9ff5f9f19?s=96&d=mm&r=g","caption":"andressazorzetto07"},"url":"https:\/\/www.pmpf.rs.gov.br\/educacao\/author\/andressazorzetto07\/"}]}},"_links":{"self":[{"href":"https:\/\/www.pmpf.rs.gov.br\/educacao\/wp-json\/wp\/v2\/posts\/8968"}],"collection":[{"href":"https:\/\/www.pmpf.rs.gov.br\/educacao\/wp-json\/wp\/v2\/posts"}],"about":[{"href":"https:\/\/www.pmpf.rs.gov.br\/educacao\/wp-json\/wp\/v2\/types\/post"}],"author":[{"embeddable":true,"href":"https:\/\/www.pmpf.rs.gov.br\/educacao\/wp-json\/wp\/v2\/users\/6"}],"replies":[{"embeddable":true,"href":"https:\/\/www.pmpf.rs.gov.br\/educacao\/wp-json\/wp\/v2\/comments?post=8968"}],"version-history":[{"count":1,"href":"https:\/\/www.pmpf.rs.gov.br\/educacao\/wp-json\/wp\/v2\/posts\/8968\/revisions"}],"predecessor-version":[{"id":8970,"href":"https:\/\/www.pmpf.rs.gov.br\/educacao\/wp-json\/wp\/v2\/posts\/8968\/revisions\/8970"}],"wp:featuredmedia":[{"embeddable":true,"href":"https:\/\/www.pmpf.rs.gov.br\/educacao\/wp-json\/wp\/v2\/media\/8969"}],"wp:attachment":[{"href":"https:\/\/www.pmpf.rs.gov.br\/educacao\/wp-json\/wp\/v2\/media?parent=8968"}],"wp:term":[{"taxonomy":"category","embeddable":true,"href":"https:\/\/www.pmpf.rs.gov.br\/educacao\/wp-json\/wp\/v2\/categories?post=8968"},{"taxonomy":"post_tag","embeddable":true,"href":"https:\/\/www.pmpf.rs.gov.br\/educacao\/wp-json\/wp\/v2\/tags?post=8968"}],"curies":[{"name":"wp","href":"https:\/\/api.w.org\/{rel}","templated":true}]}}