{"id":8875,"date":"2022-12-01T14:15:44","date_gmt":"2022-12-01T17:15:44","guid":{"rendered":"https:\/\/www.pmpf.rs.gov.br\/educacao\/?p=8875"},"modified":"2022-12-06T14:17:28","modified_gmt":"2022-12-06T17:17:28","slug":"prefeito-pedro-recebe-alunos-vencedores-do-projeto-missao-cidade-educadora","status":"publish","type":"post","link":"https:\/\/www.pmpf.rs.gov.br\/educacao\/2022\/12\/01\/prefeito-pedro-recebe-alunos-vencedores-do-projeto-missao-cidade-educadora\/","title":{"rendered":"<strong>Prefeito Pedro recebe alunos vencedores do projeto Miss\u00e3o Cidade Educadora<\/strong>"},"content":{"rendered":"\n<p><br><br>Mais do que uma viagem de estudos, o interc\u00e2mbio cultural oportunizado pela Prefeitura de Passo Fundo a estudantes da rede municipal de ensino, que em maio de 2023 far\u00e3o um roteiro por Barcelona, na Espanha, cidade-sede do programa internacional de Cidades Educadoras, representa um avan\u00e7o no reconhecimento da educa\u00e7\u00e3o como instrumento de transforma\u00e7\u00e3o social. O significado desse projeto e os desdobramentos da iniciativa foram novamente destacados pelo prefeito, Pedro Almeida, durante a tarde desta quarta-feira (30).<\/p>\n\n\n\n<p>Ao lado do secret\u00e1rio Municipal de Educa\u00e7\u00e3o, Adriano Canabarro Teixeira; de professores e diretores das escolas nas quais os alunos vencedores da Miss\u00e3o Cidade Educadora estudam; e dos pais e respons\u00e1veis, o prefeito reiterou o compromisso da Administra\u00e7\u00e3o com o desenvolvimento da educa\u00e7\u00e3o p\u00fablica no munic\u00edpio atrav\u00e9s de a\u00e7\u00f5es inovadoras de incentivo e est\u00edmulo ao estudo. \u201cO resultado conquistado por estes cinco alunos da nossa rede de educa\u00e7\u00e3o deve servir como modelo e exemplo de dedica\u00e7\u00e3o para todos os estudantes. Lev\u00e1-los para Barcelona \u00e9 uma grande oportunidade deles conhecerem outras realidades, se encantarem com o mundo e, a partir destas experi\u00eancias, serem agentes de transforma\u00e7\u00e3o em suas comunidades\u201d, argumentou Pedro.<\/p>\n\n\n\n<p>Ir\u00e3o para Barcelona os estudantes que obtiveram o melhor desempenho em Matem\u00e1tica, Linguagens, Ci\u00eancias Humanas e Ci\u00eancias da Natureza e a escola com maior nota no processo de gamifica\u00e7\u00e3o. O resultado da Miss\u00e3o foi divulgado durante o encerramento do 1\u00ba FECIT, na sexta-feira (25). Venceram o desafio e embarcar\u00e3o, junto com um respons\u00e1vel e um professor da \u00e1rea em que concorreram, os alunos Mateus Felipe Bellini da Luz (EMEF Senador Pasqualini), Luane Freitas Ruas (EMEF padre Jos\u00e9 Anchieta), Sabrina Schmitz dos Santos (EMEF Etelvina Rocha Duro), Mei Lyn Chaves Choy (EMEF Daniel Dipp) e Esthefani Biasolini Sim\u00f5es (EMEF Professora Helena Salton).<\/p>\n\n\n\n<p>O secret\u00e1rio de Educa\u00e7\u00e3o destacou que o objetivo principal da Miss\u00e3o Cidade Educadora foi atingido. \u201cObservamos a dedica\u00e7\u00e3o e o comprometimento de toda a nossa rede de educa\u00e7\u00e3o com esta atividade. Nossos professores e alunos se empenharam muito e o resultado somente refor\u00e7a o quanto \u00e9 importante promover iniciativas que estimulem a valoriza\u00e7\u00e3o da educa\u00e7\u00e3o e do estudo\u201d, disse Teixeira.<\/p>\n\n\n\n<p>Mateus, que venceu o Desafio na \u00e1rea de Ci\u00eancias da Natureza, contou que recebeu a not\u00edcia do pr\u00eamio com muita expectativa. \u201cAgora quero me dedicar ainda mais ao estudo e estimular tamb\u00e9m os meus colegas. Vou pesquisar bastante sobre Barcelona e aproveitar muito esta oportunidade\u201d, relatou. O pai de Mateus, Gustavo da Luz, disse que o dia em que o resultado foi divulgado foi bastante emocionante. \u201cO Mateus sempre gostou de estudar e estava muito animado com a oportunidade. Quando ele venceu, foi uma alegria imensa\u201d, falou.<\/p>\n\n\n\n<p>A m\u00e3e de Sabrina, aluna da EMEF Etelvina Rocha Duro e que venceu a Miss\u00e3o na \u00e1rea de Matem\u00e1tica, Maria Ivonete Schmitz dos Santos, agradeceu a Prefeitura pela oportunidade dada aos estudantes da rede municipal de educa\u00e7\u00e3o. \u201cEsse reconhecimento \u00e9 fundamental, porque mostra para todos os alunos que o ensino e o estudo abrem portas. O compromisso da fam\u00edlia, da escola, dos alunos e do Poder P\u00fablico \u00e9 essencial e esta Miss\u00e3o Cidade Barcelona deixa isso muito evidente. Estamos muito felizes pela Sabrina e por todos que v\u00e3o ter essa imensa oportunidade\u201d, relatou Maria Ivonete.<\/p>\n\n\n\n<p>Conforme o secret\u00e1rio de Educa\u00e7\u00e3o, a partir da divulga\u00e7\u00e3o dos resultados, os estudantes e professores que integrar\u00e3o a comitiva que ir\u00e1 at\u00e9 Barcelona em 2023, passar\u00e3o por processos de forma\u00e7\u00e3o do idioma catal\u00e3o, al\u00e9m de oficinas sobre cultura local, al\u00e9m de constru\u00edrem uma a\u00e7\u00e3o para ser apresentada em Barcelona.<\/p>\n\n\n\n<p><strong>Fotos: Michel Sanderi<\/strong><\/p>\n","protected":false},"excerpt":{"rendered":"<p>Estudantes da rede municipal de educa\u00e7\u00e3o far\u00e3o parte de um interc\u00e2mbio cultural em Barcelona, cidade-sede do programa internacional de Cidades Educadoras. Pais e professores destes estudantes tamb\u00e9m participaram do encontro com o chefe do Executivo<\/p>\n","protected":false},"author":14,"featured_media":8876,"comment_status":"closed","ping_status":"closed","sticky":true,"template":"","format":"standard","meta":{"footnotes":""},"categories":[33,40],"tags":[],"class_list":["post-8875","post","type-post","status-publish","format-standard","has-post-thumbnail","hentry","category-cidades-educadoras","category-missao-cidades-educadoras"],"yoast_head":"<!-- This site is optimized with the Yoast SEO plugin v23.8 - https:\/\/yoast.com\/wordpress\/plugins\/seo\/ -->\n<title>Prefeito Pedro recebe alunos vencedores do projeto Miss\u00e3o Cidade Educadora - Secretaria de Educa\u00e7\u00e3o<\/title>\n<meta name=\"robots\" content=\"index, follow, max-snippet:-1, max-image-preview:large, max-video-preview:-1\" \/>\n<link rel=\"canonical\" href=\"https:\/\/www.pmpf.rs.gov.br\/educacao\/2022\/12\/01\/prefeito-pedro-recebe-alunos-vencedores-do-projeto-missao-cidade-educadora\/\" \/>\n<meta property=\"og:locale\" content=\"pt_BR\" \/>\n<meta property=\"og:type\" content=\"article\" \/>\n<meta property=\"og:title\" content=\"Prefeito Pedro recebe alunos vencedores do projeto Miss\u00e3o Cidade Educadora - Secretaria de Educa\u00e7\u00e3o\" \/>\n<meta property=\"og:description\" content=\"Estudantes da rede municipal de educa\u00e7\u00e3o far\u00e3o parte de um interc\u00e2mbio cultural em Barcelona, cidade-sede do programa internacional de Cidades Educadoras. Pais e professores destes estudantes tamb\u00e9m participaram do encontro com o chefe do Executivo\" \/>\n<meta property=\"og:url\" content=\"https:\/\/www.pmpf.rs.gov.br\/educacao\/2022\/12\/01\/prefeito-pedro-recebe-alunos-vencedores-do-projeto-missao-cidade-educadora\/\" \/>\n<meta property=\"og:site_name\" content=\"Secretaria de Educa\u00e7\u00e3o\" \/>\n<meta property=\"article:published_time\" content=\"2022-12-01T17:15:44+00:00\" \/>\n<meta property=\"article:modified_time\" content=\"2022-12-06T17:17:28+00:00\" \/>\n<meta property=\"og:image\" content=\"https:\/\/www.pmpf.rs.gov.br\/educacao\/wp-content\/uploads\/sites\/43\/2022\/12\/missao-cidade-educadora.jpg\" \/>\n\t<meta property=\"og:image:width\" content=\"1280\" \/>\n\t<meta property=\"og:image:height\" content=\"853\" \/>\n\t<meta property=\"og:image:type\" content=\"image\/jpeg\" \/>\n<meta name=\"author\" content=\"crispuhll\" \/>\n<meta name=\"twitter:card\" content=\"summary_large_image\" \/>\n<meta name=\"twitter:label1\" content=\"Escrito por\" \/>\n\t<meta name=\"twitter:data1\" content=\"crispuhll\" \/>\n\t<meta name=\"twitter:label2\" content=\"Est. tempo de leitura\" \/>\n\t<meta name=\"twitter:data2\" content=\"3 minutos\" \/>\n<script type=\"application\/ld+json\" class=\"yoast-schema-graph\">{\"@context\":\"https:\/\/schema.org\",\"@graph\":[{\"@type\":\"WebPage\",\"@id\":\"https:\/\/www.pmpf.rs.gov.br\/educacao\/2022\/12\/01\/prefeito-pedro-recebe-alunos-vencedores-do-projeto-missao-cidade-educadora\/\",\"url\":\"https:\/\/www.pmpf.rs.gov.br\/educacao\/2022\/12\/01\/prefeito-pedro-recebe-alunos-vencedores-do-projeto-missao-cidade-educadora\/\",\"name\":\"Prefeito Pedro recebe alunos vencedores do projeto Miss\u00e3o Cidade Educadora - Secretaria de Educa\u00e7\u00e3o\",\"isPartOf\":{\"@id\":\"https:\/\/www.pmpf.rs.gov.br\/educacao\/#website\"},\"primaryImageOfPage\":{\"@id\":\"https:\/\/www.pmpf.rs.gov.br\/educacao\/2022\/12\/01\/prefeito-pedro-recebe-alunos-vencedores-do-projeto-missao-cidade-educadora\/#primaryimage\"},\"image\":{\"@id\":\"https:\/\/www.pmpf.rs.gov.br\/educacao\/2022\/12\/01\/prefeito-pedro-recebe-alunos-vencedores-do-projeto-missao-cidade-educadora\/#primaryimage\"},\"thumbnailUrl\":\"https:\/\/www.pmpf.rs.gov.br\/educacao\/wp-content\/uploads\/sites\/43\/2022\/12\/missao-cidade-educadora.jpg\",\"datePublished\":\"2022-12-01T17:15:44+00:00\",\"dateModified\":\"2022-12-06T17:17:28+00:00\",\"author\":{\"@id\":\"https:\/\/www.pmpf.rs.gov.br\/educacao\/#\/schema\/person\/d5e03c9407acc37371a3fc616069ca6b\"},\"inLanguage\":\"pt-BR\",\"potentialAction\":[{\"@type\":\"ReadAction\",\"target\":[\"https:\/\/www.pmpf.rs.gov.br\/educacao\/2022\/12\/01\/prefeito-pedro-recebe-alunos-vencedores-do-projeto-missao-cidade-educadora\/\"]}]},{\"@type\":\"ImageObject\",\"inLanguage\":\"pt-BR\",\"@id\":\"https:\/\/www.pmpf.rs.gov.br\/educacao\/2022\/12\/01\/prefeito-pedro-recebe-alunos-vencedores-do-projeto-missao-cidade-educadora\/#primaryimage\",\"url\":\"https:\/\/www.pmpf.rs.gov.br\/educacao\/wp-content\/uploads\/sites\/43\/2022\/12\/missao-cidade-educadora.jpg\",\"contentUrl\":\"https:\/\/www.pmpf.rs.gov.br\/educacao\/wp-content\/uploads\/sites\/43\/2022\/12\/missao-cidade-educadora.jpg\",\"width\":1280,\"height\":853},{\"@type\":\"WebSite\",\"@id\":\"https:\/\/www.pmpf.rs.gov.br\/educacao\/#website\",\"url\":\"https:\/\/www.pmpf.rs.gov.br\/educacao\/\",\"name\":\"Secretaria de Educa\u00e7\u00e3o\",\"description\":\"Secretaria de Educa\u00e7\u00e3o da cidade de Passo Fundo\",\"potentialAction\":[{\"@type\":\"SearchAction\",\"target\":{\"@type\":\"EntryPoint\",\"urlTemplate\":\"https:\/\/www.pmpf.rs.gov.br\/educacao\/?s={search_term_string}\"},\"query-input\":{\"@type\":\"PropertyValueSpecification\",\"valueRequired\":true,\"valueName\":\"search_term_string\"}}],\"inLanguage\":\"pt-BR\"},{\"@type\":\"Person\",\"@id\":\"https:\/\/www.pmpf.rs.gov.br\/educacao\/#\/schema\/person\/d5e03c9407acc37371a3fc616069ca6b\",\"name\":\"crispuhll\",\"image\":{\"@type\":\"ImageObject\",\"inLanguage\":\"pt-BR\",\"@id\":\"https:\/\/www.pmpf.rs.gov.br\/educacao\/#\/schema\/person\/image\/\",\"url\":\"https:\/\/secure.gravatar.com\/avatar\/345741ad9625b2854df5b938a77f8d85?s=96&d=mm&r=g\",\"contentUrl\":\"https:\/\/secure.gravatar.com\/avatar\/345741ad9625b2854df5b938a77f8d85?s=96&d=mm&r=g\",\"caption\":\"crispuhll\"},\"url\":\"https:\/\/www.pmpf.rs.gov.br\/educacao\/author\/crispuhll\/\"}]}<\/script>\n<!-- \/ Yoast SEO plugin. -->","yoast_head_json":{"title":"Prefeito Pedro recebe alunos vencedores do projeto Miss\u00e3o Cidade Educadora - Secretaria de Educa\u00e7\u00e3o","robots":{"index":"index","follow":"follow","max-snippet":"max-snippet:-1","max-image-preview":"max-image-preview:large","max-video-preview":"max-video-preview:-1"},"canonical":"https:\/\/www.pmpf.rs.gov.br\/educacao\/2022\/12\/01\/prefeito-pedro-recebe-alunos-vencedores-do-projeto-missao-cidade-educadora\/","og_locale":"pt_BR","og_type":"article","og_title":"Prefeito Pedro recebe alunos vencedores do projeto Miss\u00e3o Cidade Educadora - Secretaria de Educa\u00e7\u00e3o","og_description":"Estudantes da rede municipal de educa\u00e7\u00e3o far\u00e3o parte de um interc\u00e2mbio cultural em Barcelona, cidade-sede do programa internacional de Cidades Educadoras. Pais e professores destes estudantes tamb\u00e9m participaram do encontro com o chefe do Executivo","og_url":"https:\/\/www.pmpf.rs.gov.br\/educacao\/2022\/12\/01\/prefeito-pedro-recebe-alunos-vencedores-do-projeto-missao-cidade-educadora\/","og_site_name":"Secretaria de Educa\u00e7\u00e3o","article_published_time":"2022-12-01T17:15:44+00:00","article_modified_time":"2022-12-06T17:17:28+00:00","og_image":[{"width":1280,"height":853,"url":"https:\/\/www.pmpf.rs.gov.br\/educacao\/wp-content\/uploads\/sites\/43\/2022\/12\/missao-cidade-educadora.jpg","type":"image\/jpeg"}],"author":"crispuhll","twitter_card":"summary_large_image","twitter_misc":{"Escrito por":"crispuhll","Est. tempo de leitura":"3 minutos"},"schema":{"@context":"https:\/\/schema.org","@graph":[{"@type":"WebPage","@id":"https:\/\/www.pmpf.rs.gov.br\/educacao\/2022\/12\/01\/prefeito-pedro-recebe-alunos-vencedores-do-projeto-missao-cidade-educadora\/","url":"https:\/\/www.pmpf.rs.gov.br\/educacao\/2022\/12\/01\/prefeito-pedro-recebe-alunos-vencedores-do-projeto-missao-cidade-educadora\/","name":"Prefeito Pedro recebe alunos vencedores do projeto Miss\u00e3o Cidade Educadora - Secretaria de Educa\u00e7\u00e3o","isPartOf":{"@id":"https:\/\/www.pmpf.rs.gov.br\/educacao\/#website"},"primaryImageOfPage":{"@id":"https:\/\/www.pmpf.rs.gov.br\/educacao\/2022\/12\/01\/prefeito-pedro-recebe-alunos-vencedores-do-projeto-missao-cidade-educadora\/#primaryimage"},"image":{"@id":"https:\/\/www.pmpf.rs.gov.br\/educacao\/2022\/12\/01\/prefeito-pedro-recebe-alunos-vencedores-do-projeto-missao-cidade-educadora\/#primaryimage"},"thumbnailUrl":"https:\/\/www.pmpf.rs.gov.br\/educacao\/wp-content\/uploads\/sites\/43\/2022\/12\/missao-cidade-educadora.jpg","datePublished":"2022-12-01T17:15:44+00:00","dateModified":"2022-12-06T17:17:28+00:00","author":{"@id":"https:\/\/www.pmpf.rs.gov.br\/educacao\/#\/schema\/person\/d5e03c9407acc37371a3fc616069ca6b"},"inLanguage":"pt-BR","potentialAction":[{"@type":"ReadAction","target":["https:\/\/www.pmpf.rs.gov.br\/educacao\/2022\/12\/01\/prefeito-pedro-recebe-alunos-vencedores-do-projeto-missao-cidade-educadora\/"]}]},{"@type":"ImageObject","inLanguage":"pt-BR","@id":"https:\/\/www.pmpf.rs.gov.br\/educacao\/2022\/12\/01\/prefeito-pedro-recebe-alunos-vencedores-do-projeto-missao-cidade-educadora\/#primaryimage","url":"https:\/\/www.pmpf.rs.gov.br\/educacao\/wp-content\/uploads\/sites\/43\/2022\/12\/missao-cidade-educadora.jpg","contentUrl":"https:\/\/www.pmpf.rs.gov.br\/educacao\/wp-content\/uploads\/sites\/43\/2022\/12\/missao-cidade-educadora.jpg","width":1280,"height":853},{"@type":"WebSite","@id":"https:\/\/www.pmpf.rs.gov.br\/educacao\/#website","url":"https:\/\/www.pmpf.rs.gov.br\/educacao\/","name":"Secretaria de Educa\u00e7\u00e3o","description":"Secretaria de Educa\u00e7\u00e3o da cidade de Passo Fundo","potentialAction":[{"@type":"SearchAction","target":{"@type":"EntryPoint","urlTemplate":"https:\/\/www.pmpf.rs.gov.br\/educacao\/?s={search_term_string}"},"query-input":{"@type":"PropertyValueSpecification","valueRequired":true,"valueName":"search_term_string"}}],"inLanguage":"pt-BR"},{"@type":"Person","@id":"https:\/\/www.pmpf.rs.gov.br\/educacao\/#\/schema\/person\/d5e03c9407acc37371a3fc616069ca6b","name":"crispuhll","image":{"@type":"ImageObject","inLanguage":"pt-BR","@id":"https:\/\/www.pmpf.rs.gov.br\/educacao\/#\/schema\/person\/image\/","url":"https:\/\/secure.gravatar.com\/avatar\/345741ad9625b2854df5b938a77f8d85?s=96&d=mm&r=g","contentUrl":"https:\/\/secure.gravatar.com\/avatar\/345741ad9625b2854df5b938a77f8d85?s=96&d=mm&r=g","caption":"crispuhll"},"url":"https:\/\/www.pmpf.rs.gov.br\/educacao\/author\/crispuhll\/"}]}},"_links":{"self":[{"href":"https:\/\/www.pmpf.rs.gov.br\/educacao\/wp-json\/wp\/v2\/posts\/8875"}],"collection":[{"href":"https:\/\/www.pmpf.rs.gov.br\/educacao\/wp-json\/wp\/v2\/posts"}],"about":[{"href":"https:\/\/www.pmpf.rs.gov.br\/educacao\/wp-json\/wp\/v2\/types\/post"}],"author":[{"embeddable":true,"href":"https:\/\/www.pmpf.rs.gov.br\/educacao\/wp-json\/wp\/v2\/users\/14"}],"replies":[{"embeddable":true,"href":"https:\/\/www.pmpf.rs.gov.br\/educacao\/wp-json\/wp\/v2\/comments?post=8875"}],"version-history":[{"count":2,"href":"https:\/\/www.pmpf.rs.gov.br\/educacao\/wp-json\/wp\/v2\/posts\/8875\/revisions"}],"predecessor-version":[{"id":8884,"href":"https:\/\/www.pmpf.rs.gov.br\/educacao\/wp-json\/wp\/v2\/posts\/8875\/revisions\/8884"}],"wp:featuredmedia":[{"embeddable":true,"href":"https:\/\/www.pmpf.rs.gov.br\/educacao\/wp-json\/wp\/v2\/media\/8876"}],"wp:attachment":[{"href":"https:\/\/www.pmpf.rs.gov.br\/educacao\/wp-json\/wp\/v2\/media?parent=8875"}],"wp:term":[{"taxonomy":"category","embeddable":true,"href":"https:\/\/www.pmpf.rs.gov.br\/educacao\/wp-json\/wp\/v2\/categories?post=8875"},{"taxonomy":"post_tag","embeddable":true,"href":"https:\/\/www.pmpf.rs.gov.br\/educacao\/wp-json\/wp\/v2\/tags?post=8875"}],"curies":[{"name":"wp","href":"https:\/\/api.w.org\/{rel}","templated":true}]}}