{"id":8851,"date":"2022-11-23T15:53:17","date_gmt":"2022-11-23T18:53:17","guid":{"rendered":"https:\/\/www.pmpf.rs.gov.br\/educacao\/?p=8851"},"modified":"2022-11-23T15:53:17","modified_gmt":"2022-11-23T18:53:17","slug":"fecit-57-escolas-municipais-expoem-projetos-nas-areas-da-ciencia-inovacao-e-tecnologia","status":"publish","type":"post","link":"https:\/\/www.pmpf.rs.gov.br\/educacao\/2022\/11\/23\/fecit-57-escolas-municipais-expoem-projetos-nas-areas-da-ciencia-inovacao-e-tecnologia\/","title":{"rendered":"FECIT: 57 escolas municipais exp\u00f5em projetos nas \u00e1reas da ci\u00eancia, inova\u00e7\u00e3o e tecnologia"},"content":{"rendered":"\n<p><\/p>\n\n\n\n<p>O primeiro Festival de Ci\u00eancia, Inova\u00e7\u00e3o e Tecnologia (FECIT) da rede municipal de Passo Fundo, promovido pela Prefeitura, teve in\u00edcio na ter\u00e7a-feira (22). Ao todo, estudantes de 57 escolas de Educa\u00e7\u00e3o Infantil e Ensino Fundamental compartilham projetos que evidenciam as potencialidades da educa\u00e7\u00e3o na constru\u00e7\u00e3o de solu\u00e7\u00f5es inovadoras. O FECIT acontece no Playcenter do Clube Juvenil at\u00e9 sexta-feira (25), no Centro, e tem entrada aberta ao p\u00fablico.<\/p>\n\n\n\n<p>A abertura oficial foi realizada nesta quarta-feira (23) pelo prefeito, Pedro Almeida, que expressou a import\u00e2ncia do evento para a forma\u00e7\u00e3o dos alunos e para que a cidade acompanhe o que \u00e9 desenvolvido nas escolas municipais. \u201cQuando a gente faz um Festival como o FECIT, envolve mais que a ci\u00eancia, a tecnologia e a inova\u00e7\u00e3o: cria uma oportunidade para ouvir as nossas crian\u00e7as, jovens e professores e ver o que eles tem a mostrar para o mundo. N\u00f3s temos muitos desafios, mas aqui vemos o maior orgulho de Passo Fundo: uma educa\u00e7\u00e3o de qualidade e transformadora da sociedade\u201d, disse.<\/p>\n\n\n\n<p>Conforme o secret\u00e1rio de Educa\u00e7\u00e3o, Adriano Canabarro Teixeira, o FECIT contempla experi\u00eancias que compreendem os projetos pedag\u00f3gicos da Cultura Digital, Pensamento Cient\u00edfico e Cidadania Global, que come\u00e7aram a rodar em 2022 e est\u00e3o em processo de aprimoramento e apropria\u00e7\u00e3o por todas as escolas. \u201cA realiza\u00e7\u00e3o do 1\u00ba Festival de Ci\u00eancia, Inova\u00e7\u00e3o e Tecnologia da rede municipal de educa\u00e7\u00e3o de Passo Fundo \u00e9 o fechamento de um ano de trabalho no qual buscamos garantir suporte pedag\u00f3gico e de infraestrutura para a forma\u00e7\u00e3o de cidad\u00e3os cr\u00edticos e inovadores. N\u00e3o tem nada mais importante que ver professores, alunos e alunas mostrando que o que a gente faz na nossa rede \u00e9 formar pessoas que v\u00e3o transformar a cidade\u201d, afirmou.<\/p>\n\n\n\n<p><strong>Projetos apresentados<\/strong><\/p>\n\n\n\n<p>Uma das 27 escolas de Educa\u00e7\u00e3o Infantil que participam do FECIT \u00e9 a Cantinho da Ritinha. A pequena Valentina, aluna do pr\u00e9 II, apresentava com colegas um projeto que envolve a reciclagem, a arte e a tecnologia: a turma reciclou papel e o utilizou para desenhar. Depois, utilizou aplicativos nos tablets adquiridos pela Prefeitura para fazer deste desenho uma anima\u00e7\u00e3o. \u201cA gente est\u00e1 trabalhando reciclagem. Pegou o papel que n\u00e3o dava pra usar mais, picou em v\u00e1rios pedacinhos e os deixou em uma bacia com \u00e1gua por um dia. Depois, a pr\u00f4 colocou em um molde e esperou secar. A gente desenhou, pintou. E olha o que a gente fez: criou vida\u201d,contou.<\/p>\n\n\n\n<p>A diretora da escola, M\u00f4nica, enfatizou a anima\u00e7\u00e3o das crian\u00e7as durante a experi\u00eancia. \u201cN\u00f3s pensamos neste projeto, que \u00e9 sobre o meio ambiente e que tamb\u00e9m usa ferramentas tecnol\u00f3gicas. Elas ficaram realizadas. Se envolveram com o recolhimento dos materiais e toda a produ\u00e7\u00e3o. Ficaram encantadas ao dar vida ao desenho. Al\u00e9m disso, est\u00e3o se sentindo valorizadas ao apresentar para o p\u00fablico\u201d, relatou.<\/p>\n\n\n\n<p>O Ensino Fundamental estava representado por 30 escolas. A escola Daniel Dipp, que foi a primeira do munic\u00edpio a receber o Laborat\u00f3rio de Aprendizagem Criativa exp\u00f4s uma maquete sobre sustentabilidade e economia verde, utilizando a pr\u00f3pria estrutura como case. A institui\u00e7\u00e3o j\u00e1 possui, por exemplo, sistema de cisternas para a capta\u00e7\u00e3o e reutiliza\u00e7\u00e3o da \u00e1gua e horta. No projeto levado ao FECIT, os estudantes criaram outras propostas, como a automa\u00e7\u00e3o de um sistema de acionamento de l\u00e2mpadas para otimizar o consumo de energia e um sensor de umidade de solo para o monitoramento da horta, convergente ao sistema de irriga\u00e7\u00e3o. A elabora\u00e7\u00e3o do prot\u00f3tipo ocorreu no espa\u00e7o maker da escola.<\/p>\n\n\n\n<p>O estudante Thiago de Mello, do nono ano, enfatizou como o projeto pode contribuir com a cidade. \u201cA maquete mostra como a nossa escola pode ser mais sustent\u00e1vel a partir de fonte de energia renov\u00e1vel. \u00c9 muito importante mostrarmos o nosso trabalho para incentivar que projetos como este sejam implementados em outros locais\u201d, pontuou.<\/p>\n","protected":false},"excerpt":{"rendered":"<p>O FECIT acontece no Playcenter do Clube Juvenil at\u00e9 sexta-feira (25), no Centro, e tem entrada aberta ao p\u00fablico<\/p>\n","protected":false},"author":6,"featured_media":8852,"comment_status":"closed","ping_status":"closed","sticky":true,"template":"","format":"standard","meta":{"footnotes":""},"categories":[39],"tags":[],"class_list":["post-8851","post","type-post","status-publish","format-standard","has-post-thumbnail","hentry","category-fecit"],"yoast_head":"<!-- This site is optimized with the Yoast SEO plugin v23.8 - https:\/\/yoast.com\/wordpress\/plugins\/seo\/ -->\n<title>FECIT: 57 escolas municipais exp\u00f5em projetos nas \u00e1reas da ci\u00eancia, inova\u00e7\u00e3o e tecnologia - Secretaria de Educa\u00e7\u00e3o<\/title>\n<meta name=\"robots\" content=\"index, follow, max-snippet:-1, max-image-preview:large, max-video-preview:-1\" \/>\n<link rel=\"canonical\" href=\"https:\/\/www.pmpf.rs.gov.br\/educacao\/2022\/11\/23\/fecit-57-escolas-municipais-expoem-projetos-nas-areas-da-ciencia-inovacao-e-tecnologia\/\" \/>\n<meta property=\"og:locale\" content=\"pt_BR\" \/>\n<meta property=\"og:type\" content=\"article\" \/>\n<meta property=\"og:title\" content=\"FECIT: 57 escolas municipais exp\u00f5em projetos nas \u00e1reas da ci\u00eancia, inova\u00e7\u00e3o e tecnologia - Secretaria de Educa\u00e7\u00e3o\" \/>\n<meta property=\"og:description\" content=\"O FECIT acontece no Playcenter do Clube Juvenil at\u00e9 sexta-feira (25), no Centro, e tem entrada aberta ao p\u00fablico\" \/>\n<meta property=\"og:url\" content=\"https:\/\/www.pmpf.rs.gov.br\/educacao\/2022\/11\/23\/fecit-57-escolas-municipais-expoem-projetos-nas-areas-da-ciencia-inovacao-e-tecnologia\/\" \/>\n<meta property=\"og:site_name\" content=\"Secretaria de Educa\u00e7\u00e3o\" \/>\n<meta property=\"article:published_time\" content=\"2022-11-23T18:53:17+00:00\" \/>\n<meta name=\"author\" content=\"andressazorzetto07\" \/>\n<meta name=\"twitter:card\" content=\"summary_large_image\" \/>\n<meta name=\"twitter:label1\" content=\"Escrito por\" \/>\n\t<meta name=\"twitter:data1\" content=\"andressazorzetto07\" \/>\n\t<meta name=\"twitter:label2\" content=\"Est. tempo de leitura\" \/>\n\t<meta name=\"twitter:data2\" content=\"3 minutos\" \/>\n<script type=\"application\/ld+json\" class=\"yoast-schema-graph\">{\"@context\":\"https:\/\/schema.org\",\"@graph\":[{\"@type\":\"WebPage\",\"@id\":\"https:\/\/www.pmpf.rs.gov.br\/educacao\/2022\/11\/23\/fecit-57-escolas-municipais-expoem-projetos-nas-areas-da-ciencia-inovacao-e-tecnologia\/\",\"url\":\"https:\/\/www.pmpf.rs.gov.br\/educacao\/2022\/11\/23\/fecit-57-escolas-municipais-expoem-projetos-nas-areas-da-ciencia-inovacao-e-tecnologia\/\",\"name\":\"FECIT: 57 escolas municipais exp\u00f5em projetos nas \u00e1reas da ci\u00eancia, inova\u00e7\u00e3o e tecnologia - Secretaria de Educa\u00e7\u00e3o\",\"isPartOf\":{\"@id\":\"https:\/\/www.pmpf.rs.gov.br\/educacao\/#website\"},\"primaryImageOfPage\":{\"@id\":\"https:\/\/www.pmpf.rs.gov.br\/educacao\/2022\/11\/23\/fecit-57-escolas-municipais-expoem-projetos-nas-areas-da-ciencia-inovacao-e-tecnologia\/#primaryimage\"},\"image\":{\"@id\":\"https:\/\/www.pmpf.rs.gov.br\/educacao\/2022\/11\/23\/fecit-57-escolas-municipais-expoem-projetos-nas-areas-da-ciencia-inovacao-e-tecnologia\/#primaryimage\"},\"thumbnailUrl\":\"https:\/\/www.pmpf.rs.gov.br\/educacao\/wp-content\/uploads\/sites\/43\/2022\/11\/IMG00391-scaled.jpg\",\"datePublished\":\"2022-11-23T18:53:17+00:00\",\"dateModified\":\"2022-11-23T18:53:17+00:00\",\"author\":{\"@id\":\"https:\/\/www.pmpf.rs.gov.br\/educacao\/#\/schema\/person\/30ee1d1bd74da1469b01fcf086e43351\"},\"inLanguage\":\"pt-BR\",\"potentialAction\":[{\"@type\":\"ReadAction\",\"target\":[\"https:\/\/www.pmpf.rs.gov.br\/educacao\/2022\/11\/23\/fecit-57-escolas-municipais-expoem-projetos-nas-areas-da-ciencia-inovacao-e-tecnologia\/\"]}]},{\"@type\":\"ImageObject\",\"inLanguage\":\"pt-BR\",\"@id\":\"https:\/\/www.pmpf.rs.gov.br\/educacao\/2022\/11\/23\/fecit-57-escolas-municipais-expoem-projetos-nas-areas-da-ciencia-inovacao-e-tecnologia\/#primaryimage\",\"url\":\"https:\/\/www.pmpf.rs.gov.br\/educacao\/wp-content\/uploads\/sites\/43\/2022\/11\/IMG00391-scaled.jpg\",\"contentUrl\":\"https:\/\/www.pmpf.rs.gov.br\/educacao\/wp-content\/uploads\/sites\/43\/2022\/11\/IMG00391-scaled.jpg\",\"width\":2560,\"height\":1707},{\"@type\":\"WebSite\",\"@id\":\"https:\/\/www.pmpf.rs.gov.br\/educacao\/#website\",\"url\":\"https:\/\/www.pmpf.rs.gov.br\/educacao\/\",\"name\":\"Secretaria de Educa\u00e7\u00e3o\",\"description\":\"Secretaria de Educa\u00e7\u00e3o da cidade de Passo Fundo\",\"potentialAction\":[{\"@type\":\"SearchAction\",\"target\":{\"@type\":\"EntryPoint\",\"urlTemplate\":\"https:\/\/www.pmpf.rs.gov.br\/educacao\/?s={search_term_string}\"},\"query-input\":{\"@type\":\"PropertyValueSpecification\",\"valueRequired\":true,\"valueName\":\"search_term_string\"}}],\"inLanguage\":\"pt-BR\"},{\"@type\":\"Person\",\"@id\":\"https:\/\/www.pmpf.rs.gov.br\/educacao\/#\/schema\/person\/30ee1d1bd74da1469b01fcf086e43351\",\"name\":\"andressazorzetto07\",\"image\":{\"@type\":\"ImageObject\",\"inLanguage\":\"pt-BR\",\"@id\":\"https:\/\/www.pmpf.rs.gov.br\/educacao\/#\/schema\/person\/image\/\",\"url\":\"https:\/\/secure.gravatar.com\/avatar\/14c5458ed79dc81da99a13b9ff5f9f19?s=96&d=mm&r=g\",\"contentUrl\":\"https:\/\/secure.gravatar.com\/avatar\/14c5458ed79dc81da99a13b9ff5f9f19?s=96&d=mm&r=g\",\"caption\":\"andressazorzetto07\"},\"url\":\"https:\/\/www.pmpf.rs.gov.br\/educacao\/author\/andressazorzetto07\/\"}]}<\/script>\n<!-- \/ Yoast SEO plugin. -->","yoast_head_json":{"title":"FECIT: 57 escolas municipais exp\u00f5em projetos nas \u00e1reas da ci\u00eancia, inova\u00e7\u00e3o e tecnologia - Secretaria de Educa\u00e7\u00e3o","robots":{"index":"index","follow":"follow","max-snippet":"max-snippet:-1","max-image-preview":"max-image-preview:large","max-video-preview":"max-video-preview:-1"},"canonical":"https:\/\/www.pmpf.rs.gov.br\/educacao\/2022\/11\/23\/fecit-57-escolas-municipais-expoem-projetos-nas-areas-da-ciencia-inovacao-e-tecnologia\/","og_locale":"pt_BR","og_type":"article","og_title":"FECIT: 57 escolas municipais exp\u00f5em projetos nas \u00e1reas da ci\u00eancia, inova\u00e7\u00e3o e tecnologia - Secretaria de Educa\u00e7\u00e3o","og_description":"O FECIT acontece no Playcenter do Clube Juvenil at\u00e9 sexta-feira (25), no Centro, e tem entrada aberta ao p\u00fablico","og_url":"https:\/\/www.pmpf.rs.gov.br\/educacao\/2022\/11\/23\/fecit-57-escolas-municipais-expoem-projetos-nas-areas-da-ciencia-inovacao-e-tecnologia\/","og_site_name":"Secretaria de Educa\u00e7\u00e3o","article_published_time":"2022-11-23T18:53:17+00:00","author":"andressazorzetto07","twitter_card":"summary_large_image","twitter_misc":{"Escrito por":"andressazorzetto07","Est. tempo de leitura":"3 minutos"},"schema":{"@context":"https:\/\/schema.org","@graph":[{"@type":"WebPage","@id":"https:\/\/www.pmpf.rs.gov.br\/educacao\/2022\/11\/23\/fecit-57-escolas-municipais-expoem-projetos-nas-areas-da-ciencia-inovacao-e-tecnologia\/","url":"https:\/\/www.pmpf.rs.gov.br\/educacao\/2022\/11\/23\/fecit-57-escolas-municipais-expoem-projetos-nas-areas-da-ciencia-inovacao-e-tecnologia\/","name":"FECIT: 57 escolas municipais exp\u00f5em projetos nas \u00e1reas da ci\u00eancia, inova\u00e7\u00e3o e tecnologia - Secretaria de Educa\u00e7\u00e3o","isPartOf":{"@id":"https:\/\/www.pmpf.rs.gov.br\/educacao\/#website"},"primaryImageOfPage":{"@id":"https:\/\/www.pmpf.rs.gov.br\/educacao\/2022\/11\/23\/fecit-57-escolas-municipais-expoem-projetos-nas-areas-da-ciencia-inovacao-e-tecnologia\/#primaryimage"},"image":{"@id":"https:\/\/www.pmpf.rs.gov.br\/educacao\/2022\/11\/23\/fecit-57-escolas-municipais-expoem-projetos-nas-areas-da-ciencia-inovacao-e-tecnologia\/#primaryimage"},"thumbnailUrl":"https:\/\/www.pmpf.rs.gov.br\/educacao\/wp-content\/uploads\/sites\/43\/2022\/11\/IMG00391-scaled.jpg","datePublished":"2022-11-23T18:53:17+00:00","dateModified":"2022-11-23T18:53:17+00:00","author":{"@id":"https:\/\/www.pmpf.rs.gov.br\/educacao\/#\/schema\/person\/30ee1d1bd74da1469b01fcf086e43351"},"inLanguage":"pt-BR","potentialAction":[{"@type":"ReadAction","target":["https:\/\/www.pmpf.rs.gov.br\/educacao\/2022\/11\/23\/fecit-57-escolas-municipais-expoem-projetos-nas-areas-da-ciencia-inovacao-e-tecnologia\/"]}]},{"@type":"ImageObject","inLanguage":"pt-BR","@id":"https:\/\/www.pmpf.rs.gov.br\/educacao\/2022\/11\/23\/fecit-57-escolas-municipais-expoem-projetos-nas-areas-da-ciencia-inovacao-e-tecnologia\/#primaryimage","url":"https:\/\/www.pmpf.rs.gov.br\/educacao\/wp-content\/uploads\/sites\/43\/2022\/11\/IMG00391-scaled.jpg","contentUrl":"https:\/\/www.pmpf.rs.gov.br\/educacao\/wp-content\/uploads\/sites\/43\/2022\/11\/IMG00391-scaled.jpg","width":2560,"height":1707},{"@type":"WebSite","@id":"https:\/\/www.pmpf.rs.gov.br\/educacao\/#website","url":"https:\/\/www.pmpf.rs.gov.br\/educacao\/","name":"Secretaria de Educa\u00e7\u00e3o","description":"Secretaria de Educa\u00e7\u00e3o da cidade de Passo Fundo","potentialAction":[{"@type":"SearchAction","target":{"@type":"EntryPoint","urlTemplate":"https:\/\/www.pmpf.rs.gov.br\/educacao\/?s={search_term_string}"},"query-input":{"@type":"PropertyValueSpecification","valueRequired":true,"valueName":"search_term_string"}}],"inLanguage":"pt-BR"},{"@type":"Person","@id":"https:\/\/www.pmpf.rs.gov.br\/educacao\/#\/schema\/person\/30ee1d1bd74da1469b01fcf086e43351","name":"andressazorzetto07","image":{"@type":"ImageObject","inLanguage":"pt-BR","@id":"https:\/\/www.pmpf.rs.gov.br\/educacao\/#\/schema\/person\/image\/","url":"https:\/\/secure.gravatar.com\/avatar\/14c5458ed79dc81da99a13b9ff5f9f19?s=96&d=mm&r=g","contentUrl":"https:\/\/secure.gravatar.com\/avatar\/14c5458ed79dc81da99a13b9ff5f9f19?s=96&d=mm&r=g","caption":"andressazorzetto07"},"url":"https:\/\/www.pmpf.rs.gov.br\/educacao\/author\/andressazorzetto07\/"}]}},"_links":{"self":[{"href":"https:\/\/www.pmpf.rs.gov.br\/educacao\/wp-json\/wp\/v2\/posts\/8851"}],"collection":[{"href":"https:\/\/www.pmpf.rs.gov.br\/educacao\/wp-json\/wp\/v2\/posts"}],"about":[{"href":"https:\/\/www.pmpf.rs.gov.br\/educacao\/wp-json\/wp\/v2\/types\/post"}],"author":[{"embeddable":true,"href":"https:\/\/www.pmpf.rs.gov.br\/educacao\/wp-json\/wp\/v2\/users\/6"}],"replies":[{"embeddable":true,"href":"https:\/\/www.pmpf.rs.gov.br\/educacao\/wp-json\/wp\/v2\/comments?post=8851"}],"version-history":[{"count":1,"href":"https:\/\/www.pmpf.rs.gov.br\/educacao\/wp-json\/wp\/v2\/posts\/8851\/revisions"}],"predecessor-version":[{"id":8853,"href":"https:\/\/www.pmpf.rs.gov.br\/educacao\/wp-json\/wp\/v2\/posts\/8851\/revisions\/8853"}],"wp:featuredmedia":[{"embeddable":true,"href":"https:\/\/www.pmpf.rs.gov.br\/educacao\/wp-json\/wp\/v2\/media\/8852"}],"wp:attachment":[{"href":"https:\/\/www.pmpf.rs.gov.br\/educacao\/wp-json\/wp\/v2\/media?parent=8851"}],"wp:term":[{"taxonomy":"category","embeddable":true,"href":"https:\/\/www.pmpf.rs.gov.br\/educacao\/wp-json\/wp\/v2\/categories?post=8851"},{"taxonomy":"post_tag","embeddable":true,"href":"https:\/\/www.pmpf.rs.gov.br\/educacao\/wp-json\/wp\/v2\/tags?post=8851"}],"curies":[{"name":"wp","href":"https:\/\/api.w.org\/{rel}","templated":true}]}}