{"id":8788,"date":"2022-10-26T14:52:55","date_gmt":"2022-10-26T17:52:55","guid":{"rendered":"https:\/\/www.pmpf.rs.gov.br\/educacao\/?p=8788"},"modified":"2022-10-26T14:52:57","modified_gmt":"2022-10-26T17:52:57","slug":"prefeito-pedro-apresenta-acoes-da-avaliacao-diagnostica-da-educacao-a-seduc","status":"publish","type":"post","link":"https:\/\/www.pmpf.rs.gov.br\/educacao\/2022\/10\/26\/prefeito-pedro-apresenta-acoes-da-avaliacao-diagnostica-da-educacao-a-seduc\/","title":{"rendered":"Prefeito Pedro apresenta a\u00e7\u00f5es da Avalia\u00e7\u00e3o Diagn\u00f3stica da Educa\u00e7\u00e3o \u00e0 SEDUC"},"content":{"rendered":"\n<p><br><br>O prefeito de Passo Fundo, Pedro Almeida, e o secret\u00e1rio municipal de Educa\u00e7\u00e3o, Adriano Canabarro Teixeira, apresentaram \u00e0 secret\u00e1ria Estadual Adjunta de Educa\u00e7\u00e3o, Stefanie Eskereski, na manh\u00e3 desta quarta-feira (26), as a\u00e7\u00f5es da Rede Municipal de Educa\u00e7\u00e3o desenvolvidas a partir das avalia\u00e7\u00f5es diagn\u00f3sticas aplicadas pela Secretaria Municipal de Educa\u00e7\u00e3o (SME) desde o ano passado.<\/p>\n\n\n\n<p>As informa\u00e7\u00f5es obtidas com os resultados destas avalia\u00e7\u00f5es, explicou o prefeito, contribuem para a elabora\u00e7\u00e3o de novos programas e tamb\u00e9m para a defini\u00e7\u00e3o das a\u00e7\u00f5es desenvolvidas nas escolas. \u201c\u00c9 a partir da an\u00e1lise destas avalia\u00e7\u00f5es que conseguimos desenvolver um planejamento pedag\u00f3gico mais focado em cada demanda e realidade escolar, atuando em frentes de trabalho que levem em considera\u00e7\u00e3o o contexto e a situa\u00e7\u00e3o de cada uma das nossas institui\u00e7\u00f5es municipais de ensino\u201d, disse Pedro, citando como exemplo a efetiva\u00e7\u00e3o do Centro P\u00f3s-Covid de Combate \u00e0 Desigualdade Educacional e o projeto Cyberliga, que auxiliam no enfrentamento do d\u00e9ficit de aprendizagem acentuado pela pandemia de Covid-19.<\/p>\n\n\n\n<p>O secret\u00e1rio Municipal de Educa\u00e7\u00e3o refor\u00e7ou que as avalia\u00e7\u00f5es diagn\u00f3sticas aplicadas pela SME preparam os estudantes para as provas de desempenho que medem, nacionalmente, os indicadores da Educa\u00e7\u00e3o B\u00e1sica. \u201cTrabalhamos na perspectiva de obter dados e informa\u00e7\u00f5es que v\u00e3o nos ajudar a melhorar a educa\u00e7\u00e3o oferecida no munic\u00edpio, valorizando nossos professores e estimulando tamb\u00e9m os estudantes\u201d, avaliou Teixeira.<\/p>\n\n\n\n<p>A secret\u00e1ria Adjunta de Educa\u00e7\u00e3o esteve em Passo Fundo nesta quarta-feira para acompanhar a aplica\u00e7\u00e3o das provas do Sistema de Avalia\u00e7\u00e3o do Rendimento Escolar (SAERS), cujos resultados, conforme ela, ser\u00e3o importantes para a elabora\u00e7\u00e3o de programas de educa\u00e7\u00e3o em todo o Estado. \u201cO SAERS cumpre dois objetivos. O primeiro deles \u00e9 o pedag\u00f3gico, porque vai possibilitar que a SEDUC projete novas a\u00e7\u00f5es de valoriza\u00e7\u00e3o da educa\u00e7\u00e3o; e o segundo tem rela\u00e7\u00e3o com a distribui\u00e7\u00e3o de recursos do ICMS a partir do pr\u00f3ximo ano e que ter\u00e1 como um dos componentes o desempenho educacional dos munic\u00edpios ga\u00fachos\u201d, falou Stefanie, acrescentando que Passo Fundo tem se destacado no setor educacional com iniciativas de fomento \u00e0 aprendizagem e ao aperfei\u00e7oamento constante da rede municipal de ensino.<\/p>\n","protected":false},"excerpt":{"rendered":"<p>Resultados da metodologia e da plataforma criadas pela Secretaria Municipal de Educa\u00e7\u00e3o (SME) contribuem para a elabora\u00e7\u00e3o de novos programas e para a defini\u00e7\u00e3o das a\u00e7\u00f5es desenvolvidas nas escolas<\/p>\n","protected":false},"author":6,"featured_media":8789,"comment_status":"closed","ping_status":"closed","sticky":true,"template":"","format":"standard","meta":{"footnotes":""},"categories":[1],"tags":[],"class_list":["post-8788","post","type-post","status-publish","format-standard","has-post-thumbnail","hentry","category-sem-categoria"],"yoast_head":"<!-- This site is optimized with the Yoast SEO plugin v23.8 - https:\/\/yoast.com\/wordpress\/plugins\/seo\/ -->\n<title>Prefeito Pedro apresenta a\u00e7\u00f5es da Avalia\u00e7\u00e3o Diagn\u00f3stica da Educa\u00e7\u00e3o \u00e0 SEDUC - Secretaria de Educa\u00e7\u00e3o<\/title>\n<meta name=\"robots\" content=\"index, follow, max-snippet:-1, max-image-preview:large, max-video-preview:-1\" \/>\n<link rel=\"canonical\" href=\"https:\/\/www.pmpf.rs.gov.br\/educacao\/2022\/10\/26\/prefeito-pedro-apresenta-acoes-da-avaliacao-diagnostica-da-educacao-a-seduc\/\" \/>\n<meta property=\"og:locale\" content=\"pt_BR\" \/>\n<meta property=\"og:type\" content=\"article\" \/>\n<meta property=\"og:title\" content=\"Prefeito Pedro apresenta a\u00e7\u00f5es da Avalia\u00e7\u00e3o Diagn\u00f3stica da Educa\u00e7\u00e3o \u00e0 SEDUC - Secretaria de Educa\u00e7\u00e3o\" \/>\n<meta property=\"og:description\" content=\"Resultados da metodologia e da plataforma criadas pela Secretaria Municipal de Educa\u00e7\u00e3o (SME) contribuem para a elabora\u00e7\u00e3o de novos programas e para a defini\u00e7\u00e3o das a\u00e7\u00f5es desenvolvidas nas escolas\" \/>\n<meta property=\"og:url\" content=\"https:\/\/www.pmpf.rs.gov.br\/educacao\/2022\/10\/26\/prefeito-pedro-apresenta-acoes-da-avaliacao-diagnostica-da-educacao-a-seduc\/\" \/>\n<meta property=\"og:site_name\" content=\"Secretaria de Educa\u00e7\u00e3o\" \/>\n<meta property=\"article:published_time\" content=\"2022-10-26T17:52:55+00:00\" \/>\n<meta property=\"article:modified_time\" content=\"2022-10-26T17:52:57+00:00\" \/>\n<meta name=\"author\" content=\"andressazorzetto07\" \/>\n<meta name=\"twitter:card\" content=\"summary_large_image\" \/>\n<meta name=\"twitter:label1\" content=\"Escrito por\" \/>\n\t<meta name=\"twitter:data1\" content=\"andressazorzetto07\" \/>\n\t<meta name=\"twitter:label2\" content=\"Est. tempo de leitura\" \/>\n\t<meta name=\"twitter:data2\" content=\"2 minutos\" \/>\n<script type=\"application\/ld+json\" class=\"yoast-schema-graph\">{\"@context\":\"https:\/\/schema.org\",\"@graph\":[{\"@type\":\"WebPage\",\"@id\":\"https:\/\/www.pmpf.rs.gov.br\/educacao\/2022\/10\/26\/prefeito-pedro-apresenta-acoes-da-avaliacao-diagnostica-da-educacao-a-seduc\/\",\"url\":\"https:\/\/www.pmpf.rs.gov.br\/educacao\/2022\/10\/26\/prefeito-pedro-apresenta-acoes-da-avaliacao-diagnostica-da-educacao-a-seduc\/\",\"name\":\"Prefeito Pedro apresenta a\u00e7\u00f5es da Avalia\u00e7\u00e3o Diagn\u00f3stica da Educa\u00e7\u00e3o \u00e0 SEDUC - Secretaria de Educa\u00e7\u00e3o\",\"isPartOf\":{\"@id\":\"https:\/\/www.pmpf.rs.gov.br\/educacao\/#website\"},\"primaryImageOfPage\":{\"@id\":\"https:\/\/www.pmpf.rs.gov.br\/educacao\/2022\/10\/26\/prefeito-pedro-apresenta-acoes-da-avaliacao-diagnostica-da-educacao-a-seduc\/#primaryimage\"},\"image\":{\"@id\":\"https:\/\/www.pmpf.rs.gov.br\/educacao\/2022\/10\/26\/prefeito-pedro-apresenta-acoes-da-avaliacao-diagnostica-da-educacao-a-seduc\/#primaryimage\"},\"thumbnailUrl\":\"https:\/\/www.pmpf.rs.gov.br\/educacao\/wp-content\/uploads\/sites\/43\/2022\/10\/avaliacao-diagnostica.jpg\",\"datePublished\":\"2022-10-26T17:52:55+00:00\",\"dateModified\":\"2022-10-26T17:52:57+00:00\",\"author\":{\"@id\":\"https:\/\/www.pmpf.rs.gov.br\/educacao\/#\/schema\/person\/30ee1d1bd74da1469b01fcf086e43351\"},\"inLanguage\":\"pt-BR\",\"potentialAction\":[{\"@type\":\"ReadAction\",\"target\":[\"https:\/\/www.pmpf.rs.gov.br\/educacao\/2022\/10\/26\/prefeito-pedro-apresenta-acoes-da-avaliacao-diagnostica-da-educacao-a-seduc\/\"]}]},{\"@type\":\"ImageObject\",\"inLanguage\":\"pt-BR\",\"@id\":\"https:\/\/www.pmpf.rs.gov.br\/educacao\/2022\/10\/26\/prefeito-pedro-apresenta-acoes-da-avaliacao-diagnostica-da-educacao-a-seduc\/#primaryimage\",\"url\":\"https:\/\/www.pmpf.rs.gov.br\/educacao\/wp-content\/uploads\/sites\/43\/2022\/10\/avaliacao-diagnostica.jpg\",\"contentUrl\":\"https:\/\/www.pmpf.rs.gov.br\/educacao\/wp-content\/uploads\/sites\/43\/2022\/10\/avaliacao-diagnostica.jpg\",\"width\":1600,\"height\":900},{\"@type\":\"WebSite\",\"@id\":\"https:\/\/www.pmpf.rs.gov.br\/educacao\/#website\",\"url\":\"https:\/\/www.pmpf.rs.gov.br\/educacao\/\",\"name\":\"Secretaria de Educa\u00e7\u00e3o\",\"description\":\"Secretaria de Educa\u00e7\u00e3o da cidade de Passo Fundo\",\"potentialAction\":[{\"@type\":\"SearchAction\",\"target\":{\"@type\":\"EntryPoint\",\"urlTemplate\":\"https:\/\/www.pmpf.rs.gov.br\/educacao\/?s={search_term_string}\"},\"query-input\":{\"@type\":\"PropertyValueSpecification\",\"valueRequired\":true,\"valueName\":\"search_term_string\"}}],\"inLanguage\":\"pt-BR\"},{\"@type\":\"Person\",\"@id\":\"https:\/\/www.pmpf.rs.gov.br\/educacao\/#\/schema\/person\/30ee1d1bd74da1469b01fcf086e43351\",\"name\":\"andressazorzetto07\",\"image\":{\"@type\":\"ImageObject\",\"inLanguage\":\"pt-BR\",\"@id\":\"https:\/\/www.pmpf.rs.gov.br\/educacao\/#\/schema\/person\/image\/\",\"url\":\"https:\/\/secure.gravatar.com\/avatar\/14c5458ed79dc81da99a13b9ff5f9f19?s=96&d=mm&r=g\",\"contentUrl\":\"https:\/\/secure.gravatar.com\/avatar\/14c5458ed79dc81da99a13b9ff5f9f19?s=96&d=mm&r=g\",\"caption\":\"andressazorzetto07\"},\"url\":\"https:\/\/www.pmpf.rs.gov.br\/educacao\/author\/andressazorzetto07\/\"}]}<\/script>\n<!-- \/ Yoast SEO plugin. -->","yoast_head_json":{"title":"Prefeito Pedro apresenta a\u00e7\u00f5es da Avalia\u00e7\u00e3o Diagn\u00f3stica da Educa\u00e7\u00e3o \u00e0 SEDUC - Secretaria de Educa\u00e7\u00e3o","robots":{"index":"index","follow":"follow","max-snippet":"max-snippet:-1","max-image-preview":"max-image-preview:large","max-video-preview":"max-video-preview:-1"},"canonical":"https:\/\/www.pmpf.rs.gov.br\/educacao\/2022\/10\/26\/prefeito-pedro-apresenta-acoes-da-avaliacao-diagnostica-da-educacao-a-seduc\/","og_locale":"pt_BR","og_type":"article","og_title":"Prefeito Pedro apresenta a\u00e7\u00f5es da Avalia\u00e7\u00e3o Diagn\u00f3stica da Educa\u00e7\u00e3o \u00e0 SEDUC - Secretaria de Educa\u00e7\u00e3o","og_description":"Resultados da metodologia e da plataforma criadas pela Secretaria Municipal de Educa\u00e7\u00e3o (SME) contribuem para a elabora\u00e7\u00e3o de novos programas e para a defini\u00e7\u00e3o das a\u00e7\u00f5es desenvolvidas nas escolas","og_url":"https:\/\/www.pmpf.rs.gov.br\/educacao\/2022\/10\/26\/prefeito-pedro-apresenta-acoes-da-avaliacao-diagnostica-da-educacao-a-seduc\/","og_site_name":"Secretaria de Educa\u00e7\u00e3o","article_published_time":"2022-10-26T17:52:55+00:00","article_modified_time":"2022-10-26T17:52:57+00:00","author":"andressazorzetto07","twitter_card":"summary_large_image","twitter_misc":{"Escrito por":"andressazorzetto07","Est. tempo de leitura":"2 minutos"},"schema":{"@context":"https:\/\/schema.org","@graph":[{"@type":"WebPage","@id":"https:\/\/www.pmpf.rs.gov.br\/educacao\/2022\/10\/26\/prefeito-pedro-apresenta-acoes-da-avaliacao-diagnostica-da-educacao-a-seduc\/","url":"https:\/\/www.pmpf.rs.gov.br\/educacao\/2022\/10\/26\/prefeito-pedro-apresenta-acoes-da-avaliacao-diagnostica-da-educacao-a-seduc\/","name":"Prefeito Pedro apresenta a\u00e7\u00f5es da Avalia\u00e7\u00e3o Diagn\u00f3stica da Educa\u00e7\u00e3o \u00e0 SEDUC - Secretaria de Educa\u00e7\u00e3o","isPartOf":{"@id":"https:\/\/www.pmpf.rs.gov.br\/educacao\/#website"},"primaryImageOfPage":{"@id":"https:\/\/www.pmpf.rs.gov.br\/educacao\/2022\/10\/26\/prefeito-pedro-apresenta-acoes-da-avaliacao-diagnostica-da-educacao-a-seduc\/#primaryimage"},"image":{"@id":"https:\/\/www.pmpf.rs.gov.br\/educacao\/2022\/10\/26\/prefeito-pedro-apresenta-acoes-da-avaliacao-diagnostica-da-educacao-a-seduc\/#primaryimage"},"thumbnailUrl":"https:\/\/www.pmpf.rs.gov.br\/educacao\/wp-content\/uploads\/sites\/43\/2022\/10\/avaliacao-diagnostica.jpg","datePublished":"2022-10-26T17:52:55+00:00","dateModified":"2022-10-26T17:52:57+00:00","author":{"@id":"https:\/\/www.pmpf.rs.gov.br\/educacao\/#\/schema\/person\/30ee1d1bd74da1469b01fcf086e43351"},"inLanguage":"pt-BR","potentialAction":[{"@type":"ReadAction","target":["https:\/\/www.pmpf.rs.gov.br\/educacao\/2022\/10\/26\/prefeito-pedro-apresenta-acoes-da-avaliacao-diagnostica-da-educacao-a-seduc\/"]}]},{"@type":"ImageObject","inLanguage":"pt-BR","@id":"https:\/\/www.pmpf.rs.gov.br\/educacao\/2022\/10\/26\/prefeito-pedro-apresenta-acoes-da-avaliacao-diagnostica-da-educacao-a-seduc\/#primaryimage","url":"https:\/\/www.pmpf.rs.gov.br\/educacao\/wp-content\/uploads\/sites\/43\/2022\/10\/avaliacao-diagnostica.jpg","contentUrl":"https:\/\/www.pmpf.rs.gov.br\/educacao\/wp-content\/uploads\/sites\/43\/2022\/10\/avaliacao-diagnostica.jpg","width":1600,"height":900},{"@type":"WebSite","@id":"https:\/\/www.pmpf.rs.gov.br\/educacao\/#website","url":"https:\/\/www.pmpf.rs.gov.br\/educacao\/","name":"Secretaria de Educa\u00e7\u00e3o","description":"Secretaria de Educa\u00e7\u00e3o da cidade de Passo Fundo","potentialAction":[{"@type":"SearchAction","target":{"@type":"EntryPoint","urlTemplate":"https:\/\/www.pmpf.rs.gov.br\/educacao\/?s={search_term_string}"},"query-input":{"@type":"PropertyValueSpecification","valueRequired":true,"valueName":"search_term_string"}}],"inLanguage":"pt-BR"},{"@type":"Person","@id":"https:\/\/www.pmpf.rs.gov.br\/educacao\/#\/schema\/person\/30ee1d1bd74da1469b01fcf086e43351","name":"andressazorzetto07","image":{"@type":"ImageObject","inLanguage":"pt-BR","@id":"https:\/\/www.pmpf.rs.gov.br\/educacao\/#\/schema\/person\/image\/","url":"https:\/\/secure.gravatar.com\/avatar\/14c5458ed79dc81da99a13b9ff5f9f19?s=96&d=mm&r=g","contentUrl":"https:\/\/secure.gravatar.com\/avatar\/14c5458ed79dc81da99a13b9ff5f9f19?s=96&d=mm&r=g","caption":"andressazorzetto07"},"url":"https:\/\/www.pmpf.rs.gov.br\/educacao\/author\/andressazorzetto07\/"}]}},"_links":{"self":[{"href":"https:\/\/www.pmpf.rs.gov.br\/educacao\/wp-json\/wp\/v2\/posts\/8788"}],"collection":[{"href":"https:\/\/www.pmpf.rs.gov.br\/educacao\/wp-json\/wp\/v2\/posts"}],"about":[{"href":"https:\/\/www.pmpf.rs.gov.br\/educacao\/wp-json\/wp\/v2\/types\/post"}],"author":[{"embeddable":true,"href":"https:\/\/www.pmpf.rs.gov.br\/educacao\/wp-json\/wp\/v2\/users\/6"}],"replies":[{"embeddable":true,"href":"https:\/\/www.pmpf.rs.gov.br\/educacao\/wp-json\/wp\/v2\/comments?post=8788"}],"version-history":[{"count":1,"href":"https:\/\/www.pmpf.rs.gov.br\/educacao\/wp-json\/wp\/v2\/posts\/8788\/revisions"}],"predecessor-version":[{"id":8790,"href":"https:\/\/www.pmpf.rs.gov.br\/educacao\/wp-json\/wp\/v2\/posts\/8788\/revisions\/8790"}],"wp:featuredmedia":[{"embeddable":true,"href":"https:\/\/www.pmpf.rs.gov.br\/educacao\/wp-json\/wp\/v2\/media\/8789"}],"wp:attachment":[{"href":"https:\/\/www.pmpf.rs.gov.br\/educacao\/wp-json\/wp\/v2\/media?parent=8788"}],"wp:term":[{"taxonomy":"category","embeddable":true,"href":"https:\/\/www.pmpf.rs.gov.br\/educacao\/wp-json\/wp\/v2\/categories?post=8788"},{"taxonomy":"post_tag","embeddable":true,"href":"https:\/\/www.pmpf.rs.gov.br\/educacao\/wp-json\/wp\/v2\/tags?post=8788"}],"curies":[{"name":"wp","href":"https:\/\/api.w.org\/{rel}","templated":true}]}}