{"id":8784,"date":"2022-10-24T15:40:44","date_gmt":"2022-10-24T18:40:44","guid":{"rendered":"https:\/\/www.pmpf.rs.gov.br\/educacao\/?p=8784"},"modified":"2022-10-24T15:40:45","modified_gmt":"2022-10-24T18:40:45","slug":"prefeitura-revitalizara-area-no-entorno-do-predio-da-escola-das-profissoes","status":"publish","type":"post","link":"https:\/\/www.pmpf.rs.gov.br\/educacao\/2022\/10\/24\/prefeitura-revitalizara-area-no-entorno-do-predio-da-escola-das-profissoes\/","title":{"rendered":"Prefeitura revitalizar\u00e1 \u00e1rea no entorno do pr\u00e9dio da Escola das Profiss\u00f5es"},"content":{"rendered":"\n<p><\/p>\n\n\n\n<p><\/p>\n\n\n\n<p>Junto com a inaugura\u00e7\u00e3o do pr\u00e9dio em que ser\u00e3o realizados diversos cursos do programa Escola das Profiss\u00f5es, a Prefeitura de Passo Fundo vai entregar para a comunidade um complexo de conviv\u00eancia revitalizado, melhorando o aspecto arquitet\u00f4nico e urban\u00edstico no entorno do local. Situado na Avenida Brasil, esquina com a rua \u00c2ngelo Preto, a \u00e1rea do Largo da Literatura j\u00e1 est\u00e1 recebendo obras da Administra\u00e7\u00e3o e, em breve, passar\u00e1 por novas transforma\u00e7\u00f5es.<\/p>\n\n\n\n<p>Conforme o prefeito, Pedro Almeida, a revitaliza\u00e7\u00e3o da regi\u00e3o pr\u00f3xima ao pr\u00e9dio definido para receber o programa de forma\u00e7\u00e3o profissional idealizado pela gest\u00e3o municipal foi planejada para melhorar a seguran\u00e7a de alunos e professores. \u201cEste local se tornou uma refer\u00eancia visual para a cidade. Com a instala\u00e7\u00e3o da Escola das Profiss\u00f5es em um pr\u00e9dio pr\u00f3ximo, definimos pela recupera\u00e7\u00e3o da \u00e1rea priorizando a seguran\u00e7a da popula\u00e7\u00e3o, com a instala\u00e7\u00e3o de um sistema moderno de ilumina\u00e7\u00e3o p\u00fablica e de c\u00e2meras de videomonitoramento, e tamb\u00e9m a cria\u00e7\u00e3o de um espa\u00e7o de lazer e conviv\u00eancia pensado para a comunidade\u201d, destacou o prefeito.<\/p>\n\n\n\n<p>Segundo Pedro, a primeira etapa da obra foi a remo\u00e7\u00e3o da edifica\u00e7\u00e3o que abrigava alguns projetos de incentivo \u00e0 leitura e que j\u00e1 estavam sendo absorvidos pela Biblioteca P\u00fablica Municipal Arno Viuniski. \u201cAgora, vamos iniciar a recupera\u00e7\u00e3o da \u00e1rvore das letras e dos t\u00faneis da literatura, que s\u00e3o importantes ativos hist\u00f3ricos e tur\u00edsticos de Passo Fundo. Com o projeto de revitaliza\u00e7\u00e3o do espa\u00e7o, estes monumentos v\u00e3o ser valorizados e inseridos em novas a\u00e7\u00f5es culturais e pedag\u00f3gicas\u201d, argumentou o chefe do Executivo.<\/p>\n\n\n\n<p>O secret\u00e1rio Municipal de Planejamento, Giezi Schneider, explicou que, al\u00e9m da moderniza\u00e7\u00e3o do sistema de ilumina\u00e7\u00e3o, tamb\u00e9m est\u00e3o sendo instalados novos bancos e lixeiras para garantir um ambiente de conviv\u00eancia \u00e0 comunidade. \u201cA inten\u00e7\u00e3o do Executivo \u00e9 qualificar a regi\u00e3o, melhorando as condi\u00e7\u00f5es de seguran\u00e7a e o equipamento p\u00fablico para a popula\u00e7\u00e3o. A Escola das Profiss\u00f5es se instalando em um pr\u00e9dio neste local j\u00e1 demonstra essa preocupa\u00e7\u00e3o do prefeito. Agora, com este projeto de recupera\u00e7\u00e3o dos monumentos liter\u00e1rios, todo o Largo ser\u00e1 transformado em um espa\u00e7o para as pessoas usufru\u00edrem\u201d, resumiu Schneider.<\/p>\n\n\n\n<p><strong>Alunos da EMEF Daniel Dipp far\u00e3o concurso cultural<br><\/strong>Para ampliar a intera\u00e7\u00e3o da comunidade com o espa\u00e7o p\u00fablico, a Secretaria Municipal de Educa\u00e7\u00e3o prop\u00f4s aos estudantes da EMEF Daniel Dipp, a primeira a receber uma unidade do Laborat\u00f3rio de Aprendizagem Criativa (LAC), que desenvolvessem um projeto de valoriza\u00e7\u00e3o do t\u00fanel da literatura e da \u00e1rvore das letras. \u201cQueremos potencializar os processos criativos e de inova\u00e7\u00e3o de nossa comunidade escolar a partir de interven\u00e7\u00f5es em equipamentos p\u00fablicos. De muitas formas, esta atividade envolvendo uma solu\u00e7\u00e3o criada pelos alunos representa uma a\u00e7\u00e3o de cidade educadora e contribui para nosso objetivo de ser refer\u00eancia em ensino p\u00fablico de qualidade por meio da ci\u00eancia, da tecnologia e da inova\u00e7\u00e3o.\u201d, argumentou o secret\u00e1rio da pasta, Adriano Canabarro Teixeira.<\/p>\n","protected":false},"excerpt":{"rendered":"<p>Projeto arquitet\u00f4nico e urban\u00edstico desenvolvido para o local prev\u00ea, entre outras a\u00e7\u00f5es, a recupera\u00e7\u00e3o da \u00e1rvore das letras e dos t\u00faneis da literatura, al\u00e9m de nova ilumina\u00e7\u00e3o para ampliar a seguran\u00e7a na regi\u00e3o<\/p>\n","protected":false},"author":6,"featured_media":0,"comment_status":"closed","ping_status":"closed","sticky":true,"template":"","format":"standard","meta":{"footnotes":""},"categories":[34],"tags":[],"class_list":["post-8784","post","type-post","status-publish","format-standard","hentry","category-escola-das-profissoes"],"yoast_head":"<!-- This site is optimized with the Yoast SEO plugin v23.8 - https:\/\/yoast.com\/wordpress\/plugins\/seo\/ -->\n<title>Prefeitura revitalizar\u00e1 \u00e1rea no entorno do pr\u00e9dio da Escola das Profiss\u00f5es - Secretaria de Educa\u00e7\u00e3o<\/title>\n<meta name=\"robots\" content=\"index, follow, max-snippet:-1, max-image-preview:large, max-video-preview:-1\" \/>\n<link rel=\"canonical\" href=\"https:\/\/www.pmpf.rs.gov.br\/educacao\/2022\/10\/24\/prefeitura-revitalizara-area-no-entorno-do-predio-da-escola-das-profissoes\/\" \/>\n<meta property=\"og:locale\" content=\"pt_BR\" \/>\n<meta property=\"og:type\" content=\"article\" \/>\n<meta property=\"og:title\" content=\"Prefeitura revitalizar\u00e1 \u00e1rea no entorno do pr\u00e9dio da Escola das Profiss\u00f5es - Secretaria de Educa\u00e7\u00e3o\" \/>\n<meta property=\"og:description\" content=\"Projeto arquitet\u00f4nico e urban\u00edstico desenvolvido para o local prev\u00ea, entre outras a\u00e7\u00f5es, a recupera\u00e7\u00e3o da \u00e1rvore das letras e dos t\u00faneis da literatura, al\u00e9m de nova ilumina\u00e7\u00e3o para ampliar a seguran\u00e7a na regi\u00e3o\" \/>\n<meta property=\"og:url\" content=\"https:\/\/www.pmpf.rs.gov.br\/educacao\/2022\/10\/24\/prefeitura-revitalizara-area-no-entorno-do-predio-da-escola-das-profissoes\/\" \/>\n<meta property=\"og:site_name\" content=\"Secretaria de Educa\u00e7\u00e3o\" \/>\n<meta property=\"article:published_time\" content=\"2022-10-24T18:40:44+00:00\" \/>\n<meta property=\"article:modified_time\" content=\"2022-10-24T18:40:45+00:00\" \/>\n<meta name=\"author\" content=\"andressazorzetto07\" \/>\n<meta name=\"twitter:card\" content=\"summary_large_image\" \/>\n<meta name=\"twitter:label1\" content=\"Escrito por\" \/>\n\t<meta name=\"twitter:data1\" content=\"andressazorzetto07\" \/>\n\t<meta name=\"twitter:label2\" content=\"Est. tempo de leitura\" \/>\n\t<meta name=\"twitter:data2\" content=\"3 minutos\" \/>\n<script type=\"application\/ld+json\" class=\"yoast-schema-graph\">{\"@context\":\"https:\/\/schema.org\",\"@graph\":[{\"@type\":\"WebPage\",\"@id\":\"https:\/\/www.pmpf.rs.gov.br\/educacao\/2022\/10\/24\/prefeitura-revitalizara-area-no-entorno-do-predio-da-escola-das-profissoes\/\",\"url\":\"https:\/\/www.pmpf.rs.gov.br\/educacao\/2022\/10\/24\/prefeitura-revitalizara-area-no-entorno-do-predio-da-escola-das-profissoes\/\",\"name\":\"Prefeitura revitalizar\u00e1 \u00e1rea no entorno do pr\u00e9dio da Escola das Profiss\u00f5es - Secretaria de Educa\u00e7\u00e3o\",\"isPartOf\":{\"@id\":\"https:\/\/www.pmpf.rs.gov.br\/educacao\/#website\"},\"datePublished\":\"2022-10-24T18:40:44+00:00\",\"dateModified\":\"2022-10-24T18:40:45+00:00\",\"author\":{\"@id\":\"https:\/\/www.pmpf.rs.gov.br\/educacao\/#\/schema\/person\/30ee1d1bd74da1469b01fcf086e43351\"},\"inLanguage\":\"pt-BR\",\"potentialAction\":[{\"@type\":\"ReadAction\",\"target\":[\"https:\/\/www.pmpf.rs.gov.br\/educacao\/2022\/10\/24\/prefeitura-revitalizara-area-no-entorno-do-predio-da-escola-das-profissoes\/\"]}]},{\"@type\":\"WebSite\",\"@id\":\"https:\/\/www.pmpf.rs.gov.br\/educacao\/#website\",\"url\":\"https:\/\/www.pmpf.rs.gov.br\/educacao\/\",\"name\":\"Secretaria de Educa\u00e7\u00e3o\",\"description\":\"Secretaria de Educa\u00e7\u00e3o da cidade de Passo Fundo\",\"potentialAction\":[{\"@type\":\"SearchAction\",\"target\":{\"@type\":\"EntryPoint\",\"urlTemplate\":\"https:\/\/www.pmpf.rs.gov.br\/educacao\/?s={search_term_string}\"},\"query-input\":{\"@type\":\"PropertyValueSpecification\",\"valueRequired\":true,\"valueName\":\"search_term_string\"}}],\"inLanguage\":\"pt-BR\"},{\"@type\":\"Person\",\"@id\":\"https:\/\/www.pmpf.rs.gov.br\/educacao\/#\/schema\/person\/30ee1d1bd74da1469b01fcf086e43351\",\"name\":\"andressazorzetto07\",\"image\":{\"@type\":\"ImageObject\",\"inLanguage\":\"pt-BR\",\"@id\":\"https:\/\/www.pmpf.rs.gov.br\/educacao\/#\/schema\/person\/image\/\",\"url\":\"https:\/\/secure.gravatar.com\/avatar\/14c5458ed79dc81da99a13b9ff5f9f19?s=96&d=mm&r=g\",\"contentUrl\":\"https:\/\/secure.gravatar.com\/avatar\/14c5458ed79dc81da99a13b9ff5f9f19?s=96&d=mm&r=g\",\"caption\":\"andressazorzetto07\"},\"url\":\"https:\/\/www.pmpf.rs.gov.br\/educacao\/author\/andressazorzetto07\/\"}]}<\/script>\n<!-- \/ Yoast SEO plugin. -->","yoast_head_json":{"title":"Prefeitura revitalizar\u00e1 \u00e1rea no entorno do pr\u00e9dio da Escola das Profiss\u00f5es - Secretaria de Educa\u00e7\u00e3o","robots":{"index":"index","follow":"follow","max-snippet":"max-snippet:-1","max-image-preview":"max-image-preview:large","max-video-preview":"max-video-preview:-1"},"canonical":"https:\/\/www.pmpf.rs.gov.br\/educacao\/2022\/10\/24\/prefeitura-revitalizara-area-no-entorno-do-predio-da-escola-das-profissoes\/","og_locale":"pt_BR","og_type":"article","og_title":"Prefeitura revitalizar\u00e1 \u00e1rea no entorno do pr\u00e9dio da Escola das Profiss\u00f5es - Secretaria de Educa\u00e7\u00e3o","og_description":"Projeto arquitet\u00f4nico e urban\u00edstico desenvolvido para o local prev\u00ea, entre outras a\u00e7\u00f5es, a recupera\u00e7\u00e3o da \u00e1rvore das letras e dos t\u00faneis da literatura, al\u00e9m de nova ilumina\u00e7\u00e3o para ampliar a seguran\u00e7a na regi\u00e3o","og_url":"https:\/\/www.pmpf.rs.gov.br\/educacao\/2022\/10\/24\/prefeitura-revitalizara-area-no-entorno-do-predio-da-escola-das-profissoes\/","og_site_name":"Secretaria de Educa\u00e7\u00e3o","article_published_time":"2022-10-24T18:40:44+00:00","article_modified_time":"2022-10-24T18:40:45+00:00","author":"andressazorzetto07","twitter_card":"summary_large_image","twitter_misc":{"Escrito por":"andressazorzetto07","Est. tempo de leitura":"3 minutos"},"schema":{"@context":"https:\/\/schema.org","@graph":[{"@type":"WebPage","@id":"https:\/\/www.pmpf.rs.gov.br\/educacao\/2022\/10\/24\/prefeitura-revitalizara-area-no-entorno-do-predio-da-escola-das-profissoes\/","url":"https:\/\/www.pmpf.rs.gov.br\/educacao\/2022\/10\/24\/prefeitura-revitalizara-area-no-entorno-do-predio-da-escola-das-profissoes\/","name":"Prefeitura revitalizar\u00e1 \u00e1rea no entorno do pr\u00e9dio da Escola das Profiss\u00f5es - Secretaria de Educa\u00e7\u00e3o","isPartOf":{"@id":"https:\/\/www.pmpf.rs.gov.br\/educacao\/#website"},"datePublished":"2022-10-24T18:40:44+00:00","dateModified":"2022-10-24T18:40:45+00:00","author":{"@id":"https:\/\/www.pmpf.rs.gov.br\/educacao\/#\/schema\/person\/30ee1d1bd74da1469b01fcf086e43351"},"inLanguage":"pt-BR","potentialAction":[{"@type":"ReadAction","target":["https:\/\/www.pmpf.rs.gov.br\/educacao\/2022\/10\/24\/prefeitura-revitalizara-area-no-entorno-do-predio-da-escola-das-profissoes\/"]}]},{"@type":"WebSite","@id":"https:\/\/www.pmpf.rs.gov.br\/educacao\/#website","url":"https:\/\/www.pmpf.rs.gov.br\/educacao\/","name":"Secretaria de Educa\u00e7\u00e3o","description":"Secretaria de Educa\u00e7\u00e3o da cidade de Passo Fundo","potentialAction":[{"@type":"SearchAction","target":{"@type":"EntryPoint","urlTemplate":"https:\/\/www.pmpf.rs.gov.br\/educacao\/?s={search_term_string}"},"query-input":{"@type":"PropertyValueSpecification","valueRequired":true,"valueName":"search_term_string"}}],"inLanguage":"pt-BR"},{"@type":"Person","@id":"https:\/\/www.pmpf.rs.gov.br\/educacao\/#\/schema\/person\/30ee1d1bd74da1469b01fcf086e43351","name":"andressazorzetto07","image":{"@type":"ImageObject","inLanguage":"pt-BR","@id":"https:\/\/www.pmpf.rs.gov.br\/educacao\/#\/schema\/person\/image\/","url":"https:\/\/secure.gravatar.com\/avatar\/14c5458ed79dc81da99a13b9ff5f9f19?s=96&d=mm&r=g","contentUrl":"https:\/\/secure.gravatar.com\/avatar\/14c5458ed79dc81da99a13b9ff5f9f19?s=96&d=mm&r=g","caption":"andressazorzetto07"},"url":"https:\/\/www.pmpf.rs.gov.br\/educacao\/author\/andressazorzetto07\/"}]}},"_links":{"self":[{"href":"https:\/\/www.pmpf.rs.gov.br\/educacao\/wp-json\/wp\/v2\/posts\/8784"}],"collection":[{"href":"https:\/\/www.pmpf.rs.gov.br\/educacao\/wp-json\/wp\/v2\/posts"}],"about":[{"href":"https:\/\/www.pmpf.rs.gov.br\/educacao\/wp-json\/wp\/v2\/types\/post"}],"author":[{"embeddable":true,"href":"https:\/\/www.pmpf.rs.gov.br\/educacao\/wp-json\/wp\/v2\/users\/6"}],"replies":[{"embeddable":true,"href":"https:\/\/www.pmpf.rs.gov.br\/educacao\/wp-json\/wp\/v2\/comments?post=8784"}],"version-history":[{"count":2,"href":"https:\/\/www.pmpf.rs.gov.br\/educacao\/wp-json\/wp\/v2\/posts\/8784\/revisions"}],"predecessor-version":[{"id":8787,"href":"https:\/\/www.pmpf.rs.gov.br\/educacao\/wp-json\/wp\/v2\/posts\/8784\/revisions\/8787"}],"wp:attachment":[{"href":"https:\/\/www.pmpf.rs.gov.br\/educacao\/wp-json\/wp\/v2\/media?parent=8784"}],"wp:term":[{"taxonomy":"category","embeddable":true,"href":"https:\/\/www.pmpf.rs.gov.br\/educacao\/wp-json\/wp\/v2\/categories?post=8784"},{"taxonomy":"post_tag","embeddable":true,"href":"https:\/\/www.pmpf.rs.gov.br\/educacao\/wp-json\/wp\/v2\/tags?post=8784"}],"curies":[{"name":"wp","href":"https:\/\/api.w.org\/{rel}","templated":true}]}}