{"id":8767,"date":"2022-10-24T10:48:20","date_gmt":"2022-10-24T13:48:20","guid":{"rendered":"https:\/\/www.pmpf.rs.gov.br\/educacao\/?p=8767"},"modified":"2022-10-24T10:48:20","modified_gmt":"2022-10-24T13:48:20","slug":"inicia-hoje-o-periodo-de-inscricoes-para-a-rede-municipal-de-passo-fundo","status":"publish","type":"post","link":"https:\/\/www.pmpf.rs.gov.br\/educacao\/2022\/10\/24\/inicia-hoje-o-periodo-de-inscricoes-para-a-rede-municipal-de-passo-fundo\/","title":{"rendered":"Inicia hoje o per\u00edodo de inscri\u00e7\u00f5es para a rede municipal de Passo Fundo"},"content":{"rendered":"\n<p><\/p>\n\n\n\n<p>A Prefeitura de Passo Fundo abriu, nesta segunda-feira (24), as inscri\u00e7\u00f5es para a rede municipal de ensino. As solicita\u00e7\u00f5es poder\u00e3o ser realizadas exclusivamente pelo site <a href=\"http:\/\/www.pmpf.rs.gov.br\/\">www.pmpf.rs.gov.br<\/a> at\u00e9 o dia 11 de novembro.<\/p>\n\n\n\n<p>Conforme o secret\u00e1rio de Educa\u00e7\u00e3o, Adriano Canabarro Teixeira, a informatiza\u00e7\u00e3o facilita o processo para as fam\u00edlias. No entanto, quem n\u00e3o conseguir fazer a inscri\u00e7\u00e3o via internet pode procurar um dos locais de apoio definidos pela secretaria. \u201c\u00c9 importante que os respons\u00e1veis busquem fazer pelo site, o que traz mais agilidade e comodidade. Se algu\u00e9m tentou e, por algum motivo, encontrou dificuldade, temos uma solu\u00e7\u00e3o descentralizada. Nossas equipes estar\u00e3o ajudando em algumas escolas espec\u00edficas\u201d, destacou.<\/p>\n\n\n\n<p>Os respons\u00e1veis que n\u00e3o conseguirem executar a solicita\u00e7\u00e3o pelo site ter\u00e3o a possibilidade de procurar uma das seguintes escolas para obter suporte: Adolfo Camargo (Bairro Santa Marta), Daniel Dipp (Bairro H\u00edpica), Dy\u00f3genes Martins Pinto (Bairro Professor Schisler), S\u00e3o Luiz Gonzaga (Bairro S\u00e3o Luiz Gonzaga) e Wolmar Salton (S\u00e3o Crist\u00f3v\u00e3o).<\/p>\n\n\n\n<p>A lista dos resultados ser\u00e1 divulgada no portal da Prefeitura no dia 5 de dezembro e as matr\u00edculas dever\u00e3o ser oficializadas na escola designada at\u00e9 o dia 16 do mesmo m\u00eas.<\/p>\n\n\n\n<p><strong>Crit\u00e9rios para sele\u00e7\u00e3o<\/strong><\/p>\n\n\n\n<p>Os crit\u00e9rios para a designa\u00e7\u00e3o dos estudantes \u00e0 escola indicada atendem \u00e0s leis federais n\u00ba 9.394\/96 e n\u00ba 8.069\/90. A prefer\u00eancia \u00e9 para os alunos com irm\u00e3os matriculados e que frequentam a mesma escola, os com defici\u00eancia ou altas habilidades com base na adequa\u00e7\u00e3o da escola, desde que dentro do zoneamento da resid\u00eancia, e os que residem nas proximidades da escola de acordo com a disponibilidade de vaga. A sele\u00e7\u00e3o tamb\u00e9m considera a ordem de inscri\u00e7\u00e3o.<\/p>\n\n\n\n<p>No Ensino Fundamental, as turmas novas para 2023 s\u00e3o as de 1\u00ba ano. Nas demais etapas de ensino, j\u00e1 existem os alunos matriculados. Assim, no per\u00edodo de transfer\u00eancia, s\u00e3o adicionados somente na exist\u00eancia da vaga caso algum estudante tenha solicitado a mudan\u00e7a de escola.<br><br><\/p>\n\n\n\n<p>J\u00e1 na educa\u00e7\u00e3o infantil, as crian\u00e7as da etapa creche (ber\u00e7\u00e1rio e maternal) n\u00e3o pertencem \u00e0 etapa obrigat\u00f3ria de ensino. Quanto \u00e0 pr\u00e9-escola I e II, as vagas dispon\u00edveis dependem do aumento de turmas na rede e de vagas dispon\u00edveis a partir de transfer\u00eancias.<\/p>\n\n\n\n<p><strong>P<\/strong><strong>razos da rede municipal para <\/strong><strong>inscri\u00e7\u00f5es<\/strong><strong>, rematr\u00edculas e transfer\u00eancias<\/strong><br><strong>Inscri\u00e7\u00f5es<\/strong><br>Per\u00edodo: 24\/10 a 11\/11<br>Onde solicitar: no site da Prefeitura (<a href=\"http:\/\/www.pmpf.rs.gov.br\/\">www.pmpf.rs.gov.br<\/a>)<\/p>\n\n\n\n<p>Divulga\u00e7\u00e3o dos resultados: 05\/12<br>Matr\u00edcula na escola designada: 05\/12 a 16\/12<\/p>\n\n\n\n<p><br><strong>Rematr\u00edculas<\/strong><br>Per\u00edodo: 01 a 30\/11<br>Onde fazer: Diretamente nas escolas<br><br><strong>Solicita\u00e7\u00f5es para transfer\u00eancias<\/strong><br>Per\u00edodo: 19\/12 a 20\/01<br>Onde solicitar: no site da Prefeitura (www.pmpf.rs.gov.br)<br>Divulga\u00e7\u00e3o dos resultados: 06\/02<br>06\/02 a 10\/02<\/p>\n\n\n\n<p>Matr\u00edcula na escola designada: 06\/02 a 10\/02<\/p>\n","protected":false},"excerpt":{"rendered":"<p>As solicita\u00e7\u00f5es poder\u00e3o ser realizadas exclusivamente pelo site www.pmpf.rs.gov.br at\u00e9 o dia 11 de novembro<\/p>\n","protected":false},"author":6,"featured_media":0,"comment_status":"closed","ping_status":"closed","sticky":true,"template":"","format":"standard","meta":{"footnotes":""},"categories":[1],"tags":[],"class_list":["post-8767","post","type-post","status-publish","format-standard","hentry","category-sem-categoria"],"yoast_head":"<!-- This site is optimized with the Yoast SEO plugin v23.8 - https:\/\/yoast.com\/wordpress\/plugins\/seo\/ -->\n<title>Inicia hoje o per\u00edodo de inscri\u00e7\u00f5es para a rede municipal de Passo Fundo - Secretaria de Educa\u00e7\u00e3o<\/title>\n<meta name=\"robots\" content=\"index, follow, max-snippet:-1, max-image-preview:large, max-video-preview:-1\" \/>\n<link rel=\"canonical\" href=\"https:\/\/www.pmpf.rs.gov.br\/educacao\/2022\/10\/24\/inicia-hoje-o-periodo-de-inscricoes-para-a-rede-municipal-de-passo-fundo\/\" \/>\n<meta property=\"og:locale\" content=\"pt_BR\" \/>\n<meta property=\"og:type\" content=\"article\" \/>\n<meta property=\"og:title\" content=\"Inicia hoje o per\u00edodo de inscri\u00e7\u00f5es para a rede municipal de Passo Fundo - Secretaria de Educa\u00e7\u00e3o\" \/>\n<meta property=\"og:description\" content=\"As solicita\u00e7\u00f5es poder\u00e3o ser realizadas exclusivamente pelo site www.pmpf.rs.gov.br at\u00e9 o dia 11 de novembro\" \/>\n<meta property=\"og:url\" content=\"https:\/\/www.pmpf.rs.gov.br\/educacao\/2022\/10\/24\/inicia-hoje-o-periodo-de-inscricoes-para-a-rede-municipal-de-passo-fundo\/\" \/>\n<meta property=\"og:site_name\" content=\"Secretaria de Educa\u00e7\u00e3o\" \/>\n<meta property=\"article:published_time\" content=\"2022-10-24T13:48:20+00:00\" \/>\n<meta name=\"author\" content=\"andressazorzetto07\" \/>\n<meta name=\"twitter:card\" content=\"summary_large_image\" \/>\n<meta name=\"twitter:label1\" content=\"Escrito por\" \/>\n\t<meta name=\"twitter:data1\" content=\"andressazorzetto07\" \/>\n\t<meta name=\"twitter:label2\" content=\"Est. tempo de leitura\" \/>\n\t<meta name=\"twitter:data2\" content=\"2 minutos\" \/>\n<script type=\"application\/ld+json\" class=\"yoast-schema-graph\">{\"@context\":\"https:\/\/schema.org\",\"@graph\":[{\"@type\":\"WebPage\",\"@id\":\"https:\/\/www.pmpf.rs.gov.br\/educacao\/2022\/10\/24\/inicia-hoje-o-periodo-de-inscricoes-para-a-rede-municipal-de-passo-fundo\/\",\"url\":\"https:\/\/www.pmpf.rs.gov.br\/educacao\/2022\/10\/24\/inicia-hoje-o-periodo-de-inscricoes-para-a-rede-municipal-de-passo-fundo\/\",\"name\":\"Inicia hoje o per\u00edodo de inscri\u00e7\u00f5es para a rede municipal de Passo Fundo - Secretaria de Educa\u00e7\u00e3o\",\"isPartOf\":{\"@id\":\"https:\/\/www.pmpf.rs.gov.br\/educacao\/#website\"},\"datePublished\":\"2022-10-24T13:48:20+00:00\",\"dateModified\":\"2022-10-24T13:48:20+00:00\",\"author\":{\"@id\":\"https:\/\/www.pmpf.rs.gov.br\/educacao\/#\/schema\/person\/30ee1d1bd74da1469b01fcf086e43351\"},\"inLanguage\":\"pt-BR\",\"potentialAction\":[{\"@type\":\"ReadAction\",\"target\":[\"https:\/\/www.pmpf.rs.gov.br\/educacao\/2022\/10\/24\/inicia-hoje-o-periodo-de-inscricoes-para-a-rede-municipal-de-passo-fundo\/\"]}]},{\"@type\":\"WebSite\",\"@id\":\"https:\/\/www.pmpf.rs.gov.br\/educacao\/#website\",\"url\":\"https:\/\/www.pmpf.rs.gov.br\/educacao\/\",\"name\":\"Secretaria de Educa\u00e7\u00e3o\",\"description\":\"Secretaria de Educa\u00e7\u00e3o da cidade de Passo Fundo\",\"potentialAction\":[{\"@type\":\"SearchAction\",\"target\":{\"@type\":\"EntryPoint\",\"urlTemplate\":\"https:\/\/www.pmpf.rs.gov.br\/educacao\/?s={search_term_string}\"},\"query-input\":{\"@type\":\"PropertyValueSpecification\",\"valueRequired\":true,\"valueName\":\"search_term_string\"}}],\"inLanguage\":\"pt-BR\"},{\"@type\":\"Person\",\"@id\":\"https:\/\/www.pmpf.rs.gov.br\/educacao\/#\/schema\/person\/30ee1d1bd74da1469b01fcf086e43351\",\"name\":\"andressazorzetto07\",\"image\":{\"@type\":\"ImageObject\",\"inLanguage\":\"pt-BR\",\"@id\":\"https:\/\/www.pmpf.rs.gov.br\/educacao\/#\/schema\/person\/image\/\",\"url\":\"https:\/\/secure.gravatar.com\/avatar\/14c5458ed79dc81da99a13b9ff5f9f19?s=96&d=mm&r=g\",\"contentUrl\":\"https:\/\/secure.gravatar.com\/avatar\/14c5458ed79dc81da99a13b9ff5f9f19?s=96&d=mm&r=g\",\"caption\":\"andressazorzetto07\"},\"url\":\"https:\/\/www.pmpf.rs.gov.br\/educacao\/author\/andressazorzetto07\/\"}]}<\/script>\n<!-- \/ Yoast SEO plugin. -->","yoast_head_json":{"title":"Inicia hoje o per\u00edodo de inscri\u00e7\u00f5es para a rede municipal de Passo Fundo - Secretaria de Educa\u00e7\u00e3o","robots":{"index":"index","follow":"follow","max-snippet":"max-snippet:-1","max-image-preview":"max-image-preview:large","max-video-preview":"max-video-preview:-1"},"canonical":"https:\/\/www.pmpf.rs.gov.br\/educacao\/2022\/10\/24\/inicia-hoje-o-periodo-de-inscricoes-para-a-rede-municipal-de-passo-fundo\/","og_locale":"pt_BR","og_type":"article","og_title":"Inicia hoje o per\u00edodo de inscri\u00e7\u00f5es para a rede municipal de Passo Fundo - Secretaria de Educa\u00e7\u00e3o","og_description":"As solicita\u00e7\u00f5es poder\u00e3o ser realizadas exclusivamente pelo site www.pmpf.rs.gov.br at\u00e9 o dia 11 de novembro","og_url":"https:\/\/www.pmpf.rs.gov.br\/educacao\/2022\/10\/24\/inicia-hoje-o-periodo-de-inscricoes-para-a-rede-municipal-de-passo-fundo\/","og_site_name":"Secretaria de Educa\u00e7\u00e3o","article_published_time":"2022-10-24T13:48:20+00:00","author":"andressazorzetto07","twitter_card":"summary_large_image","twitter_misc":{"Escrito por":"andressazorzetto07","Est. tempo de leitura":"2 minutos"},"schema":{"@context":"https:\/\/schema.org","@graph":[{"@type":"WebPage","@id":"https:\/\/www.pmpf.rs.gov.br\/educacao\/2022\/10\/24\/inicia-hoje-o-periodo-de-inscricoes-para-a-rede-municipal-de-passo-fundo\/","url":"https:\/\/www.pmpf.rs.gov.br\/educacao\/2022\/10\/24\/inicia-hoje-o-periodo-de-inscricoes-para-a-rede-municipal-de-passo-fundo\/","name":"Inicia hoje o per\u00edodo de inscri\u00e7\u00f5es para a rede municipal de Passo Fundo - Secretaria de Educa\u00e7\u00e3o","isPartOf":{"@id":"https:\/\/www.pmpf.rs.gov.br\/educacao\/#website"},"datePublished":"2022-10-24T13:48:20+00:00","dateModified":"2022-10-24T13:48:20+00:00","author":{"@id":"https:\/\/www.pmpf.rs.gov.br\/educacao\/#\/schema\/person\/30ee1d1bd74da1469b01fcf086e43351"},"inLanguage":"pt-BR","potentialAction":[{"@type":"ReadAction","target":["https:\/\/www.pmpf.rs.gov.br\/educacao\/2022\/10\/24\/inicia-hoje-o-periodo-de-inscricoes-para-a-rede-municipal-de-passo-fundo\/"]}]},{"@type":"WebSite","@id":"https:\/\/www.pmpf.rs.gov.br\/educacao\/#website","url":"https:\/\/www.pmpf.rs.gov.br\/educacao\/","name":"Secretaria de Educa\u00e7\u00e3o","description":"Secretaria de Educa\u00e7\u00e3o da cidade de Passo Fundo","potentialAction":[{"@type":"SearchAction","target":{"@type":"EntryPoint","urlTemplate":"https:\/\/www.pmpf.rs.gov.br\/educacao\/?s={search_term_string}"},"query-input":{"@type":"PropertyValueSpecification","valueRequired":true,"valueName":"search_term_string"}}],"inLanguage":"pt-BR"},{"@type":"Person","@id":"https:\/\/www.pmpf.rs.gov.br\/educacao\/#\/schema\/person\/30ee1d1bd74da1469b01fcf086e43351","name":"andressazorzetto07","image":{"@type":"ImageObject","inLanguage":"pt-BR","@id":"https:\/\/www.pmpf.rs.gov.br\/educacao\/#\/schema\/person\/image\/","url":"https:\/\/secure.gravatar.com\/avatar\/14c5458ed79dc81da99a13b9ff5f9f19?s=96&d=mm&r=g","contentUrl":"https:\/\/secure.gravatar.com\/avatar\/14c5458ed79dc81da99a13b9ff5f9f19?s=96&d=mm&r=g","caption":"andressazorzetto07"},"url":"https:\/\/www.pmpf.rs.gov.br\/educacao\/author\/andressazorzetto07\/"}]}},"_links":{"self":[{"href":"https:\/\/www.pmpf.rs.gov.br\/educacao\/wp-json\/wp\/v2\/posts\/8767"}],"collection":[{"href":"https:\/\/www.pmpf.rs.gov.br\/educacao\/wp-json\/wp\/v2\/posts"}],"about":[{"href":"https:\/\/www.pmpf.rs.gov.br\/educacao\/wp-json\/wp\/v2\/types\/post"}],"author":[{"embeddable":true,"href":"https:\/\/www.pmpf.rs.gov.br\/educacao\/wp-json\/wp\/v2\/users\/6"}],"replies":[{"embeddable":true,"href":"https:\/\/www.pmpf.rs.gov.br\/educacao\/wp-json\/wp\/v2\/comments?post=8767"}],"version-history":[{"count":1,"href":"https:\/\/www.pmpf.rs.gov.br\/educacao\/wp-json\/wp\/v2\/posts\/8767\/revisions"}],"predecessor-version":[{"id":8768,"href":"https:\/\/www.pmpf.rs.gov.br\/educacao\/wp-json\/wp\/v2\/posts\/8767\/revisions\/8768"}],"wp:attachment":[{"href":"https:\/\/www.pmpf.rs.gov.br\/educacao\/wp-json\/wp\/v2\/media?parent=8767"}],"wp:term":[{"taxonomy":"category","embeddable":true,"href":"https:\/\/www.pmpf.rs.gov.br\/educacao\/wp-json\/wp\/v2\/categories?post=8767"},{"taxonomy":"post_tag","embeddable":true,"href":"https:\/\/www.pmpf.rs.gov.br\/educacao\/wp-json\/wp\/v2\/tags?post=8767"}],"curies":[{"name":"wp","href":"https:\/\/api.w.org\/{rel}","templated":true}]}}