{"id":8752,"date":"2022-10-21T15:16:47","date_gmt":"2022-10-21T18:16:47","guid":{"rendered":"https:\/\/www.pmpf.rs.gov.br\/educacao\/?p=8752"},"modified":"2022-10-21T15:18:21","modified_gmt":"2022-10-21T18:18:21","slug":"educacao-prefeitura-de-passo-fundo-e-premiada-por-projeto-de-busca-ativa-e-recuperacao-de-aprendizagem","status":"publish","type":"post","link":"https:\/\/www.pmpf.rs.gov.br\/educacao\/2022\/10\/21\/educacao-prefeitura-de-passo-fundo-e-premiada-por-projeto-de-busca-ativa-e-recuperacao-de-aprendizagem\/","title":{"rendered":"Educa\u00e7\u00e3o: Prefeitura de Passo Fundo \u00e9 premiada por projeto de busca ativa e recupera\u00e7\u00e3o de aprendizagem"},"content":{"rendered":"\n<p><\/p>\n\n\n\n<p>Passo Fundo foi reconhecida entre os melhores projetos das redes p\u00fablicas relacionados \u00e0 busca ativa e recupera\u00e7\u00e3o de aprendizagem. A Prefeitura recebeu Men\u00e7\u00e3o Honrosa no pr\u00eamio Busca Ativa e Recupera\u00e7\u00e3o de Aprendizagem, promovido pelo Minist\u00e9rio P\u00fablico do Estado do Rio Grande do Sul. O reconhecimento se deve ao modelo de RAE &#8211; Rede de Apoio \u00e0 Escola implementado em Passo Fundo, considerado pioneiro no Estado.<\/p>\n\n\n\n<p>\u201cA distin\u00e7\u00e3o recebida por Passo Fundo refor\u00e7a a ideia de que apenas com uni\u00e3o de esfor\u00e7os e a\u00e7\u00f5es colaborativas vamos conseguir garantir a perman\u00eancia das crian\u00e7as e adolescentes nas escolas, com recupera\u00e7\u00e3o de aprendizagem. Meu reconhecimento \u00e0 Secretaria de Educa\u00e7\u00e3o, que vem liderando este trabalho por uma Educa\u00e7\u00e3o P\u00fablica de qualidade\u201d, afirmou o prefeito Pedro Almeida.<\/p>\n\n\n\n<p>A Rede de Apoio \u00e0 Escola (RAE) \u00e9 um grupo formado por v\u00e1rios segmentos da sociedade que se re\u00fanem para discutir e elaborar alternativas para melhorar a frequ\u00eancia e a aprendizagem (entre outras situa\u00e7\u00f5es) em benef\u00edcio dos estudantes. Em Passo Fundo, o trabalho envolve representantes das escolas, secretarias municipais de Educa\u00e7\u00e3o e de Assist\u00eancia Social, 7\u00aa Coordenadoria Regional de Educa\u00e7\u00e3o.<\/p>\n\n\n\n<p>Conforme explica a secret\u00e1ria adjunta de Educa\u00e7\u00e3o, Angelita Scott\u00e1, a RAE tem por objetivo o trabalho em rede e a busca de solu\u00e7\u00f5es coletivas de alternativas para diminuir a evas\u00e3o e outros problemas que interferem direta ou indiretamente no processo ensino-aprendizagem ou na socializa\u00e7\u00e3o do aluno. \u201cTivemos casos de crian\u00e7as que faltavam \u00e0s aulas no per\u00edodo de inverno por n\u00e3o terem cal\u00e7ado. A partir do trabalho da rede de apoio, puderam retornar \u00e0 escola. S\u00e3o muitas situa\u00e7\u00f5es que causam a infrequ\u00eancia, por isso \u00e9 feito um verdadeiro trabalho de resgate do aluno infrequente\u201d, afirmou Angelita.<\/p>\n\n\n\n<p>Primeiramente, a dire\u00e7\u00e3o da escola e os professores v\u00e3o at\u00e9 o aluno para descobrir o que aconteceu e conversar com os pais para que a crian\u00e7a volte \u00e0s aulas. Se o aluno n\u00e3o retornar, ele \u00e9 encaminhado para a rede de apoio e, a partir disso, s\u00e3o discutidas solu\u00e7\u00f5es para o problema e a crian\u00e7a poder\u00e1 ser direcionada para atendimento espec\u00edfico, caso seja necess\u00e1rio. Em Passo Fundo, a RAE \u00e9 coordenada pela Secretaria Municipal de Educa\u00e7\u00e3o, atrav\u00e9s da professora Luciana Medeiros. A rede pode ser contatada pelo email: raepassofundo@edu.pmpf.rs.gov.br.<\/p>\n\n\n\n<p><\/p>\n\n\n\n<p><strong>Foto:<br><\/strong>Leocir Thom\u00e9 &#8211; Coordenador de Administra\u00e7\u00e3o e Planejamento da SME<br>Angelita Scott\u00e1 &#8211; Secret\u00e1ria Adjunta da Educa\u00e7\u00e3o<br>Luciana Medeiros &#8211; Coordenadora da RAE em Passo Fundo&nbsp;<\/p>\n","protected":false},"excerpt":{"rendered":"<p>Distin\u00e7\u00e3o foi concedida pelo Minist\u00e9rio P\u00fablico do Estado, durante cerim\u00f4nia em Porto Alegre, e reconhece o modelo de RAE &#8211; Rede de Apoio \u00e0 Escola implementado na cidade<\/p>\n","protected":false},"author":6,"featured_media":8753,"comment_status":"closed","ping_status":"closed","sticky":true,"template":"","format":"standard","meta":{"footnotes":""},"categories":[1],"tags":[],"class_list":["post-8752","post","type-post","status-publish","format-standard","has-post-thumbnail","hentry","category-sem-categoria"],"yoast_head":"<!-- This site is optimized with the Yoast SEO plugin v23.8 - https:\/\/yoast.com\/wordpress\/plugins\/seo\/ -->\n<title>Educa\u00e7\u00e3o: Prefeitura de Passo Fundo \u00e9 premiada por projeto de busca ativa e recupera\u00e7\u00e3o de aprendizagem - Secretaria de Educa\u00e7\u00e3o<\/title>\n<meta name=\"robots\" content=\"index, follow, max-snippet:-1, max-image-preview:large, max-video-preview:-1\" \/>\n<link rel=\"canonical\" href=\"https:\/\/www.pmpf.rs.gov.br\/educacao\/2022\/10\/21\/educacao-prefeitura-de-passo-fundo-e-premiada-por-projeto-de-busca-ativa-e-recuperacao-de-aprendizagem\/\" \/>\n<meta property=\"og:locale\" content=\"pt_BR\" \/>\n<meta property=\"og:type\" content=\"article\" \/>\n<meta property=\"og:title\" content=\"Educa\u00e7\u00e3o: Prefeitura de Passo Fundo \u00e9 premiada por projeto de busca ativa e recupera\u00e7\u00e3o de aprendizagem - Secretaria de Educa\u00e7\u00e3o\" \/>\n<meta property=\"og:description\" content=\"Distin\u00e7\u00e3o foi concedida pelo Minist\u00e9rio P\u00fablico do Estado, durante cerim\u00f4nia em Porto Alegre, e reconhece o modelo de RAE - Rede de Apoio \u00e0 Escola implementado na cidade\" \/>\n<meta property=\"og:url\" content=\"https:\/\/www.pmpf.rs.gov.br\/educacao\/2022\/10\/21\/educacao-prefeitura-de-passo-fundo-e-premiada-por-projeto-de-busca-ativa-e-recuperacao-de-aprendizagem\/\" \/>\n<meta property=\"og:site_name\" content=\"Secretaria de Educa\u00e7\u00e3o\" \/>\n<meta property=\"article:published_time\" content=\"2022-10-21T18:16:47+00:00\" \/>\n<meta property=\"article:modified_time\" content=\"2022-10-21T18:18:21+00:00\" \/>\n<meta property=\"og:image\" content=\"https:\/\/www.pmpf.rs.gov.br\/educacao\/wp-content\/uploads\/sites\/43\/2022\/10\/premio2.jpg\" \/>\n\t<meta property=\"og:image:width\" content=\"1152\" \/>\n\t<meta property=\"og:image:height\" content=\"864\" \/>\n\t<meta property=\"og:image:type\" content=\"image\/jpeg\" \/>\n<meta name=\"author\" content=\"andressazorzetto07\" \/>\n<meta name=\"twitter:card\" content=\"summary_large_image\" \/>\n<meta name=\"twitter:label1\" content=\"Escrito por\" \/>\n\t<meta name=\"twitter:data1\" content=\"andressazorzetto07\" \/>\n\t<meta name=\"twitter:label2\" content=\"Est. tempo de leitura\" \/>\n\t<meta name=\"twitter:data2\" content=\"2 minutos\" \/>\n<script type=\"application\/ld+json\" class=\"yoast-schema-graph\">{\"@context\":\"https:\/\/schema.org\",\"@graph\":[{\"@type\":\"WebPage\",\"@id\":\"https:\/\/www.pmpf.rs.gov.br\/educacao\/2022\/10\/21\/educacao-prefeitura-de-passo-fundo-e-premiada-por-projeto-de-busca-ativa-e-recuperacao-de-aprendizagem\/\",\"url\":\"https:\/\/www.pmpf.rs.gov.br\/educacao\/2022\/10\/21\/educacao-prefeitura-de-passo-fundo-e-premiada-por-projeto-de-busca-ativa-e-recuperacao-de-aprendizagem\/\",\"name\":\"Educa\u00e7\u00e3o: Prefeitura de Passo Fundo \u00e9 premiada por projeto de busca ativa e recupera\u00e7\u00e3o de aprendizagem - Secretaria de Educa\u00e7\u00e3o\",\"isPartOf\":{\"@id\":\"https:\/\/www.pmpf.rs.gov.br\/educacao\/#website\"},\"primaryImageOfPage\":{\"@id\":\"https:\/\/www.pmpf.rs.gov.br\/educacao\/2022\/10\/21\/educacao-prefeitura-de-passo-fundo-e-premiada-por-projeto-de-busca-ativa-e-recuperacao-de-aprendizagem\/#primaryimage\"},\"image\":{\"@id\":\"https:\/\/www.pmpf.rs.gov.br\/educacao\/2022\/10\/21\/educacao-prefeitura-de-passo-fundo-e-premiada-por-projeto-de-busca-ativa-e-recuperacao-de-aprendizagem\/#primaryimage\"},\"thumbnailUrl\":\"https:\/\/www.pmpf.rs.gov.br\/educacao\/wp-content\/uploads\/sites\/43\/2022\/10\/premio2.jpg\",\"datePublished\":\"2022-10-21T18:16:47+00:00\",\"dateModified\":\"2022-10-21T18:18:21+00:00\",\"author\":{\"@id\":\"https:\/\/www.pmpf.rs.gov.br\/educacao\/#\/schema\/person\/30ee1d1bd74da1469b01fcf086e43351\"},\"inLanguage\":\"pt-BR\",\"potentialAction\":[{\"@type\":\"ReadAction\",\"target\":[\"https:\/\/www.pmpf.rs.gov.br\/educacao\/2022\/10\/21\/educacao-prefeitura-de-passo-fundo-e-premiada-por-projeto-de-busca-ativa-e-recuperacao-de-aprendizagem\/\"]}]},{\"@type\":\"ImageObject\",\"inLanguage\":\"pt-BR\",\"@id\":\"https:\/\/www.pmpf.rs.gov.br\/educacao\/2022\/10\/21\/educacao-prefeitura-de-passo-fundo-e-premiada-por-projeto-de-busca-ativa-e-recuperacao-de-aprendizagem\/#primaryimage\",\"url\":\"https:\/\/www.pmpf.rs.gov.br\/educacao\/wp-content\/uploads\/sites\/43\/2022\/10\/premio2.jpg\",\"contentUrl\":\"https:\/\/www.pmpf.rs.gov.br\/educacao\/wp-content\/uploads\/sites\/43\/2022\/10\/premio2.jpg\",\"width\":1152,\"height\":864},{\"@type\":\"WebSite\",\"@id\":\"https:\/\/www.pmpf.rs.gov.br\/educacao\/#website\",\"url\":\"https:\/\/www.pmpf.rs.gov.br\/educacao\/\",\"name\":\"Secretaria de Educa\u00e7\u00e3o\",\"description\":\"Secretaria de Educa\u00e7\u00e3o da cidade de Passo Fundo\",\"potentialAction\":[{\"@type\":\"SearchAction\",\"target\":{\"@type\":\"EntryPoint\",\"urlTemplate\":\"https:\/\/www.pmpf.rs.gov.br\/educacao\/?s={search_term_string}\"},\"query-input\":{\"@type\":\"PropertyValueSpecification\",\"valueRequired\":true,\"valueName\":\"search_term_string\"}}],\"inLanguage\":\"pt-BR\"},{\"@type\":\"Person\",\"@id\":\"https:\/\/www.pmpf.rs.gov.br\/educacao\/#\/schema\/person\/30ee1d1bd74da1469b01fcf086e43351\",\"name\":\"andressazorzetto07\",\"image\":{\"@type\":\"ImageObject\",\"inLanguage\":\"pt-BR\",\"@id\":\"https:\/\/www.pmpf.rs.gov.br\/educacao\/#\/schema\/person\/image\/\",\"url\":\"https:\/\/secure.gravatar.com\/avatar\/14c5458ed79dc81da99a13b9ff5f9f19?s=96&d=mm&r=g\",\"contentUrl\":\"https:\/\/secure.gravatar.com\/avatar\/14c5458ed79dc81da99a13b9ff5f9f19?s=96&d=mm&r=g\",\"caption\":\"andressazorzetto07\"},\"url\":\"https:\/\/www.pmpf.rs.gov.br\/educacao\/author\/andressazorzetto07\/\"}]}<\/script>\n<!-- \/ Yoast SEO plugin. -->","yoast_head_json":{"title":"Educa\u00e7\u00e3o: Prefeitura de Passo Fundo \u00e9 premiada por projeto de busca ativa e recupera\u00e7\u00e3o de aprendizagem - Secretaria de Educa\u00e7\u00e3o","robots":{"index":"index","follow":"follow","max-snippet":"max-snippet:-1","max-image-preview":"max-image-preview:large","max-video-preview":"max-video-preview:-1"},"canonical":"https:\/\/www.pmpf.rs.gov.br\/educacao\/2022\/10\/21\/educacao-prefeitura-de-passo-fundo-e-premiada-por-projeto-de-busca-ativa-e-recuperacao-de-aprendizagem\/","og_locale":"pt_BR","og_type":"article","og_title":"Educa\u00e7\u00e3o: Prefeitura de Passo Fundo \u00e9 premiada por projeto de busca ativa e recupera\u00e7\u00e3o de aprendizagem - Secretaria de Educa\u00e7\u00e3o","og_description":"Distin\u00e7\u00e3o foi concedida pelo Minist\u00e9rio P\u00fablico do Estado, durante cerim\u00f4nia em Porto Alegre, e reconhece o modelo de RAE - Rede de Apoio \u00e0 Escola implementado na cidade","og_url":"https:\/\/www.pmpf.rs.gov.br\/educacao\/2022\/10\/21\/educacao-prefeitura-de-passo-fundo-e-premiada-por-projeto-de-busca-ativa-e-recuperacao-de-aprendizagem\/","og_site_name":"Secretaria de Educa\u00e7\u00e3o","article_published_time":"2022-10-21T18:16:47+00:00","article_modified_time":"2022-10-21T18:18:21+00:00","og_image":[{"width":1152,"height":864,"url":"https:\/\/www.pmpf.rs.gov.br\/educacao\/wp-content\/uploads\/sites\/43\/2022\/10\/premio2.jpg","type":"image\/jpeg"}],"author":"andressazorzetto07","twitter_card":"summary_large_image","twitter_misc":{"Escrito por":"andressazorzetto07","Est. tempo de leitura":"2 minutos"},"schema":{"@context":"https:\/\/schema.org","@graph":[{"@type":"WebPage","@id":"https:\/\/www.pmpf.rs.gov.br\/educacao\/2022\/10\/21\/educacao-prefeitura-de-passo-fundo-e-premiada-por-projeto-de-busca-ativa-e-recuperacao-de-aprendizagem\/","url":"https:\/\/www.pmpf.rs.gov.br\/educacao\/2022\/10\/21\/educacao-prefeitura-de-passo-fundo-e-premiada-por-projeto-de-busca-ativa-e-recuperacao-de-aprendizagem\/","name":"Educa\u00e7\u00e3o: Prefeitura de Passo Fundo \u00e9 premiada por projeto de busca ativa e recupera\u00e7\u00e3o de aprendizagem - Secretaria de Educa\u00e7\u00e3o","isPartOf":{"@id":"https:\/\/www.pmpf.rs.gov.br\/educacao\/#website"},"primaryImageOfPage":{"@id":"https:\/\/www.pmpf.rs.gov.br\/educacao\/2022\/10\/21\/educacao-prefeitura-de-passo-fundo-e-premiada-por-projeto-de-busca-ativa-e-recuperacao-de-aprendizagem\/#primaryimage"},"image":{"@id":"https:\/\/www.pmpf.rs.gov.br\/educacao\/2022\/10\/21\/educacao-prefeitura-de-passo-fundo-e-premiada-por-projeto-de-busca-ativa-e-recuperacao-de-aprendizagem\/#primaryimage"},"thumbnailUrl":"https:\/\/www.pmpf.rs.gov.br\/educacao\/wp-content\/uploads\/sites\/43\/2022\/10\/premio2.jpg","datePublished":"2022-10-21T18:16:47+00:00","dateModified":"2022-10-21T18:18:21+00:00","author":{"@id":"https:\/\/www.pmpf.rs.gov.br\/educacao\/#\/schema\/person\/30ee1d1bd74da1469b01fcf086e43351"},"inLanguage":"pt-BR","potentialAction":[{"@type":"ReadAction","target":["https:\/\/www.pmpf.rs.gov.br\/educacao\/2022\/10\/21\/educacao-prefeitura-de-passo-fundo-e-premiada-por-projeto-de-busca-ativa-e-recuperacao-de-aprendizagem\/"]}]},{"@type":"ImageObject","inLanguage":"pt-BR","@id":"https:\/\/www.pmpf.rs.gov.br\/educacao\/2022\/10\/21\/educacao-prefeitura-de-passo-fundo-e-premiada-por-projeto-de-busca-ativa-e-recuperacao-de-aprendizagem\/#primaryimage","url":"https:\/\/www.pmpf.rs.gov.br\/educacao\/wp-content\/uploads\/sites\/43\/2022\/10\/premio2.jpg","contentUrl":"https:\/\/www.pmpf.rs.gov.br\/educacao\/wp-content\/uploads\/sites\/43\/2022\/10\/premio2.jpg","width":1152,"height":864},{"@type":"WebSite","@id":"https:\/\/www.pmpf.rs.gov.br\/educacao\/#website","url":"https:\/\/www.pmpf.rs.gov.br\/educacao\/","name":"Secretaria de Educa\u00e7\u00e3o","description":"Secretaria de Educa\u00e7\u00e3o da cidade de Passo Fundo","potentialAction":[{"@type":"SearchAction","target":{"@type":"EntryPoint","urlTemplate":"https:\/\/www.pmpf.rs.gov.br\/educacao\/?s={search_term_string}"},"query-input":{"@type":"PropertyValueSpecification","valueRequired":true,"valueName":"search_term_string"}}],"inLanguage":"pt-BR"},{"@type":"Person","@id":"https:\/\/www.pmpf.rs.gov.br\/educacao\/#\/schema\/person\/30ee1d1bd74da1469b01fcf086e43351","name":"andressazorzetto07","image":{"@type":"ImageObject","inLanguage":"pt-BR","@id":"https:\/\/www.pmpf.rs.gov.br\/educacao\/#\/schema\/person\/image\/","url":"https:\/\/secure.gravatar.com\/avatar\/14c5458ed79dc81da99a13b9ff5f9f19?s=96&d=mm&r=g","contentUrl":"https:\/\/secure.gravatar.com\/avatar\/14c5458ed79dc81da99a13b9ff5f9f19?s=96&d=mm&r=g","caption":"andressazorzetto07"},"url":"https:\/\/www.pmpf.rs.gov.br\/educacao\/author\/andressazorzetto07\/"}]}},"_links":{"self":[{"href":"https:\/\/www.pmpf.rs.gov.br\/educacao\/wp-json\/wp\/v2\/posts\/8752"}],"collection":[{"href":"https:\/\/www.pmpf.rs.gov.br\/educacao\/wp-json\/wp\/v2\/posts"}],"about":[{"href":"https:\/\/www.pmpf.rs.gov.br\/educacao\/wp-json\/wp\/v2\/types\/post"}],"author":[{"embeddable":true,"href":"https:\/\/www.pmpf.rs.gov.br\/educacao\/wp-json\/wp\/v2\/users\/6"}],"replies":[{"embeddable":true,"href":"https:\/\/www.pmpf.rs.gov.br\/educacao\/wp-json\/wp\/v2\/comments?post=8752"}],"version-history":[{"count":2,"href":"https:\/\/www.pmpf.rs.gov.br\/educacao\/wp-json\/wp\/v2\/posts\/8752\/revisions"}],"predecessor-version":[{"id":8755,"href":"https:\/\/www.pmpf.rs.gov.br\/educacao\/wp-json\/wp\/v2\/posts\/8752\/revisions\/8755"}],"wp:featuredmedia":[{"embeddable":true,"href":"https:\/\/www.pmpf.rs.gov.br\/educacao\/wp-json\/wp\/v2\/media\/8753"}],"wp:attachment":[{"href":"https:\/\/www.pmpf.rs.gov.br\/educacao\/wp-json\/wp\/v2\/media?parent=8752"}],"wp:term":[{"taxonomy":"category","embeddable":true,"href":"https:\/\/www.pmpf.rs.gov.br\/educacao\/wp-json\/wp\/v2\/categories?post=8752"},{"taxonomy":"post_tag","embeddable":true,"href":"https:\/\/www.pmpf.rs.gov.br\/educacao\/wp-json\/wp\/v2\/tags?post=8752"}],"curies":[{"name":"wp","href":"https:\/\/api.w.org\/{rel}","templated":true}]}}