{"id":8744,"date":"2022-10-20T11:25:29","date_gmt":"2022-10-20T14:25:29","guid":{"rendered":"https:\/\/www.pmpf.rs.gov.br\/educacao\/?p=8744"},"modified":"2022-10-20T11:41:51","modified_gmt":"2022-10-20T14:41:51","slug":"prefeitura-divulga-vencedores-do-desafio-cidade-educadora","status":"publish","type":"post","link":"https:\/\/www.pmpf.rs.gov.br\/educacao\/2022\/10\/20\/prefeitura-divulga-vencedores-do-desafio-cidade-educadora\/","title":{"rendered":"Prefeitura divulga vencedores do Desafio Cidade Educadora"},"content":{"rendered":"\n<p><br>O prefeito Pedro Almeida divulgou nesta quinta-feira (20) o resultado do Desafio Cidade Educadora, uma iniciativa da Prefeitura que levar\u00e1 diretoras e coordenadoras pedag\u00f3gicas da rede municipal para visitar Sobral (CE), refer\u00eancia em educa\u00e7\u00e3o no pa\u00eds, e para conhecer a sede da empresa Google, em S\u00e3o Paulo.<\/p>\n\n\n\n<p>Ao lado do secret\u00e1rio de Educa\u00e7\u00e3o, Adriano Canabarro Teixeira, o prefeito comunicou o resultado \u00e0s escolas vencedoras: EMEI Andr\u00e9 Zaffari, EMEI Santa Isabel, EMEF Senador Pasqualini e EMEF Professor Arno Otto Kiehl. As diretoras e as coordenadoras pedag\u00f3gicas das quatro escolas selecionadas participar\u00e3o gratuitamente da viagem.<br>O Desafio consistiu na produ\u00e7\u00e3o, por parte de cada escola, de um banner contendo os motivos pelos quais consideram Passo Fundo uma cidade educadora. Os banners foram submetidos \u00e0 avalia\u00e7\u00e3o de uma comiss\u00e3o julgadora composta por Silvana Ortiz, representante da Delega\u00e7\u00e3o Am\u00e9rica Latina de Cidades Educadoras &#8211; Ros\u00e1rio\/Argentina; Thomas Germano Battesini Teixeira e Adriana Bragagnolo, do projeto UniverCidade Educadora; M\u00e1rcio Tascheto, Docente da UFN Santa Maria e pelo secret\u00e1rio municipal de Educa\u00e7\u00e3o, Adriano Canabarro Teixeira.<\/p>\n\n\n\n<p>\u201cA educa\u00e7\u00e3o ocorre no espa\u00e7o escolar e tamb\u00e9m fora dele. Uma cidade educadora ensina atrav\u00e9s da Cultura, dos costumes, dos espa\u00e7os p\u00fablicos, da intera\u00e7\u00e3o com seus habitantes. A viagem de trabalho a Sobral e S\u00e3o Paulo ser\u00e1 uma fonte de aprendizado e tenho certeza de que despertar\u00e1 muitas outras iniciativas e parcerias&#8221;, afirmou o prefeito Pedro, durante encontro com as diretoras e coordenadoras.<\/p>\n\n\n\n<p>Para o secret\u00e1rio de Educa\u00e7\u00e3o, embora a cidade educadora seja aquela que cria condi\u00e7\u00f5es de desenvolvimento humano para al\u00e9m dos port\u00f5es das escolas, as escolas e professores t\u00eam um papel importante no processo de descoberta da dimens\u00e3o pedag\u00f3gica dos outros agentes da sociedade. \u201cO Desafio Cidade Educadora teve ampla participa\u00e7\u00e3o das escolas da rede e mobilizou de diferentes formas toda a comunidade escolar: alunos, professores, equipe diretiva e fam\u00edlias. Ter professores da rede neste importante momento de forma\u00e7\u00e3o, quando estaremos estabelecendo um processo de interc\u00e2mbio de experi\u00eancias entre Passo Fundo e Sobral, alinhado com a visita ao Google, \u00e9 um movimento importante de nossa rede no sentido de qualificar nossas a\u00e7\u00f5es de inova\u00e7\u00e3o na Educa\u00e7\u00e3o de Passo Fundo\u201d, afirmou.<\/p>\n\n\n\n<p>A diretora da EMEF Andr\u00e9 Zaffari, Eliane Casagranda de Lima, \u00a0destacou o esfor\u00e7o da escola para fortalecer o conceito de Cidade Educadora. \u201cTemos desenvolvido diferentes projetos junto \u00e0s fam\u00edlias e \u00e0 comunidade escolar para todos saberem o que \u00e9 uma Cidade Educadora. Agora, teremos a chance de mostrar para fora da cidade o que est\u00e1 sendo feito pela Educa\u00e7\u00e3o em Passo Fundo\u201d, afirmou.<br><br><strong>Confira as escolas vencedoras do Desafio Cidade Educadora:<br><\/strong><br>EMEI Andr\u00e9 Zaffari<br>Diretora: Eliane Casagranda de Lima<br>Coordenadora: Gisele Cristiane Anhaia<br><br>EMEI Santa Isabel<br>Diretora: Bianca Arnold<br>Coordenadora: Ang\u00e9lica Biff<br><br>EMEF Senador Pasqualini<br>Diretora: Eliane Catarina Ortiz<br>Coordenadora: Jaqueline Timm<br><br>EMEF Professor Arno Otto Kiehl<br>Diretora: Nadia Eliane Bordignou<br>Coordenadora: Deonice da Silva Gomes<\/p>\n","protected":false},"excerpt":{"rendered":"<p>Quatro diretoras e quatro coordenadoras pedag\u00f3gicas da rede municipal ir\u00e3o a Sobral, no Cear\u00e1, e conhecer\u00e3o a sede da Google, em S\u00e3o Paulo<\/p>\n","protected":false},"author":6,"featured_media":8745,"comment_status":"closed","ping_status":"closed","sticky":true,"template":"","format":"standard","meta":{"footnotes":""},"categories":[33],"tags":[],"class_list":["post-8744","post","type-post","status-publish","format-standard","has-post-thumbnail","hentry","category-cidades-educadoras"],"yoast_head":"<!-- This site is optimized with the Yoast SEO plugin v23.8 - https:\/\/yoast.com\/wordpress\/plugins\/seo\/ -->\n<title>Prefeitura divulga vencedores do Desafio Cidade Educadora - Secretaria de Educa\u00e7\u00e3o<\/title>\n<meta name=\"robots\" content=\"index, follow, max-snippet:-1, max-image-preview:large, max-video-preview:-1\" \/>\n<link rel=\"canonical\" href=\"https:\/\/www.pmpf.rs.gov.br\/educacao\/2022\/10\/20\/prefeitura-divulga-vencedores-do-desafio-cidade-educadora\/\" \/>\n<meta property=\"og:locale\" content=\"pt_BR\" \/>\n<meta property=\"og:type\" content=\"article\" \/>\n<meta property=\"og:title\" content=\"Prefeitura divulga vencedores do Desafio Cidade Educadora - Secretaria de Educa\u00e7\u00e3o\" \/>\n<meta property=\"og:description\" content=\"Quatro diretoras e quatro coordenadoras pedag\u00f3gicas da rede municipal ir\u00e3o a Sobral, no Cear\u00e1, e conhecer\u00e3o a sede da Google, em S\u00e3o Paulo\" \/>\n<meta property=\"og:url\" content=\"https:\/\/www.pmpf.rs.gov.br\/educacao\/2022\/10\/20\/prefeitura-divulga-vencedores-do-desafio-cidade-educadora\/\" \/>\n<meta property=\"og:site_name\" content=\"Secretaria de Educa\u00e7\u00e3o\" \/>\n<meta property=\"article:published_time\" content=\"2022-10-20T14:25:29+00:00\" \/>\n<meta property=\"article:modified_time\" content=\"2022-10-20T14:41:51+00:00\" \/>\n<meta property=\"og:image\" content=\"https:\/\/www.pmpf.rs.gov.br\/educacao\/wp-content\/uploads\/sites\/43\/2022\/10\/missao-educacao-do-futuro.jpg\" \/>\n\t<meta property=\"og:image:width\" content=\"1280\" \/>\n\t<meta property=\"og:image:height\" content=\"853\" \/>\n\t<meta property=\"og:image:type\" content=\"image\/jpeg\" \/>\n<meta name=\"author\" content=\"andressazorzetto07\" \/>\n<meta name=\"twitter:card\" content=\"summary_large_image\" \/>\n<meta name=\"twitter:label1\" content=\"Escrito por\" \/>\n\t<meta name=\"twitter:data1\" content=\"andressazorzetto07\" \/>\n\t<meta name=\"twitter:label2\" content=\"Est. tempo de leitura\" \/>\n\t<meta name=\"twitter:data2\" content=\"2 minutos\" \/>\n<script type=\"application\/ld+json\" class=\"yoast-schema-graph\">{\"@context\":\"https:\/\/schema.org\",\"@graph\":[{\"@type\":\"WebPage\",\"@id\":\"https:\/\/www.pmpf.rs.gov.br\/educacao\/2022\/10\/20\/prefeitura-divulga-vencedores-do-desafio-cidade-educadora\/\",\"url\":\"https:\/\/www.pmpf.rs.gov.br\/educacao\/2022\/10\/20\/prefeitura-divulga-vencedores-do-desafio-cidade-educadora\/\",\"name\":\"Prefeitura divulga vencedores do Desafio Cidade Educadora - Secretaria de Educa\u00e7\u00e3o\",\"isPartOf\":{\"@id\":\"https:\/\/www.pmpf.rs.gov.br\/educacao\/#website\"},\"primaryImageOfPage\":{\"@id\":\"https:\/\/www.pmpf.rs.gov.br\/educacao\/2022\/10\/20\/prefeitura-divulga-vencedores-do-desafio-cidade-educadora\/#primaryimage\"},\"image\":{\"@id\":\"https:\/\/www.pmpf.rs.gov.br\/educacao\/2022\/10\/20\/prefeitura-divulga-vencedores-do-desafio-cidade-educadora\/#primaryimage\"},\"thumbnailUrl\":\"https:\/\/www.pmpf.rs.gov.br\/educacao\/wp-content\/uploads\/sites\/43\/2022\/10\/missao-educacao-do-futuro.jpg\",\"datePublished\":\"2022-10-20T14:25:29+00:00\",\"dateModified\":\"2022-10-20T14:41:51+00:00\",\"author\":{\"@id\":\"https:\/\/www.pmpf.rs.gov.br\/educacao\/#\/schema\/person\/30ee1d1bd74da1469b01fcf086e43351\"},\"inLanguage\":\"pt-BR\",\"potentialAction\":[{\"@type\":\"ReadAction\",\"target\":[\"https:\/\/www.pmpf.rs.gov.br\/educacao\/2022\/10\/20\/prefeitura-divulga-vencedores-do-desafio-cidade-educadora\/\"]}]},{\"@type\":\"ImageObject\",\"inLanguage\":\"pt-BR\",\"@id\":\"https:\/\/www.pmpf.rs.gov.br\/educacao\/2022\/10\/20\/prefeitura-divulga-vencedores-do-desafio-cidade-educadora\/#primaryimage\",\"url\":\"https:\/\/www.pmpf.rs.gov.br\/educacao\/wp-content\/uploads\/sites\/43\/2022\/10\/missao-educacao-do-futuro.jpg\",\"contentUrl\":\"https:\/\/www.pmpf.rs.gov.br\/educacao\/wp-content\/uploads\/sites\/43\/2022\/10\/missao-educacao-do-futuro.jpg\",\"width\":1280,\"height\":853},{\"@type\":\"WebSite\",\"@id\":\"https:\/\/www.pmpf.rs.gov.br\/educacao\/#website\",\"url\":\"https:\/\/www.pmpf.rs.gov.br\/educacao\/\",\"name\":\"Secretaria de Educa\u00e7\u00e3o\",\"description\":\"Secretaria de Educa\u00e7\u00e3o da cidade de Passo Fundo\",\"potentialAction\":[{\"@type\":\"SearchAction\",\"target\":{\"@type\":\"EntryPoint\",\"urlTemplate\":\"https:\/\/www.pmpf.rs.gov.br\/educacao\/?s={search_term_string}\"},\"query-input\":{\"@type\":\"PropertyValueSpecification\",\"valueRequired\":true,\"valueName\":\"search_term_string\"}}],\"inLanguage\":\"pt-BR\"},{\"@type\":\"Person\",\"@id\":\"https:\/\/www.pmpf.rs.gov.br\/educacao\/#\/schema\/person\/30ee1d1bd74da1469b01fcf086e43351\",\"name\":\"andressazorzetto07\",\"image\":{\"@type\":\"ImageObject\",\"inLanguage\":\"pt-BR\",\"@id\":\"https:\/\/www.pmpf.rs.gov.br\/educacao\/#\/schema\/person\/image\/\",\"url\":\"https:\/\/secure.gravatar.com\/avatar\/14c5458ed79dc81da99a13b9ff5f9f19?s=96&d=mm&r=g\",\"contentUrl\":\"https:\/\/secure.gravatar.com\/avatar\/14c5458ed79dc81da99a13b9ff5f9f19?s=96&d=mm&r=g\",\"caption\":\"andressazorzetto07\"},\"url\":\"https:\/\/www.pmpf.rs.gov.br\/educacao\/author\/andressazorzetto07\/\"}]}<\/script>\n<!-- \/ Yoast SEO plugin. -->","yoast_head_json":{"title":"Prefeitura divulga vencedores do Desafio Cidade Educadora - Secretaria de Educa\u00e7\u00e3o","robots":{"index":"index","follow":"follow","max-snippet":"max-snippet:-1","max-image-preview":"max-image-preview:large","max-video-preview":"max-video-preview:-1"},"canonical":"https:\/\/www.pmpf.rs.gov.br\/educacao\/2022\/10\/20\/prefeitura-divulga-vencedores-do-desafio-cidade-educadora\/","og_locale":"pt_BR","og_type":"article","og_title":"Prefeitura divulga vencedores do Desafio Cidade Educadora - Secretaria de Educa\u00e7\u00e3o","og_description":"Quatro diretoras e quatro coordenadoras pedag\u00f3gicas da rede municipal ir\u00e3o a Sobral, no Cear\u00e1, e conhecer\u00e3o a sede da Google, em S\u00e3o Paulo","og_url":"https:\/\/www.pmpf.rs.gov.br\/educacao\/2022\/10\/20\/prefeitura-divulga-vencedores-do-desafio-cidade-educadora\/","og_site_name":"Secretaria de Educa\u00e7\u00e3o","article_published_time":"2022-10-20T14:25:29+00:00","article_modified_time":"2022-10-20T14:41:51+00:00","og_image":[{"width":1280,"height":853,"url":"https:\/\/www.pmpf.rs.gov.br\/educacao\/wp-content\/uploads\/sites\/43\/2022\/10\/missao-educacao-do-futuro.jpg","type":"image\/jpeg"}],"author":"andressazorzetto07","twitter_card":"summary_large_image","twitter_misc":{"Escrito por":"andressazorzetto07","Est. tempo de leitura":"2 minutos"},"schema":{"@context":"https:\/\/schema.org","@graph":[{"@type":"WebPage","@id":"https:\/\/www.pmpf.rs.gov.br\/educacao\/2022\/10\/20\/prefeitura-divulga-vencedores-do-desafio-cidade-educadora\/","url":"https:\/\/www.pmpf.rs.gov.br\/educacao\/2022\/10\/20\/prefeitura-divulga-vencedores-do-desafio-cidade-educadora\/","name":"Prefeitura divulga vencedores do Desafio Cidade Educadora - Secretaria de Educa\u00e7\u00e3o","isPartOf":{"@id":"https:\/\/www.pmpf.rs.gov.br\/educacao\/#website"},"primaryImageOfPage":{"@id":"https:\/\/www.pmpf.rs.gov.br\/educacao\/2022\/10\/20\/prefeitura-divulga-vencedores-do-desafio-cidade-educadora\/#primaryimage"},"image":{"@id":"https:\/\/www.pmpf.rs.gov.br\/educacao\/2022\/10\/20\/prefeitura-divulga-vencedores-do-desafio-cidade-educadora\/#primaryimage"},"thumbnailUrl":"https:\/\/www.pmpf.rs.gov.br\/educacao\/wp-content\/uploads\/sites\/43\/2022\/10\/missao-educacao-do-futuro.jpg","datePublished":"2022-10-20T14:25:29+00:00","dateModified":"2022-10-20T14:41:51+00:00","author":{"@id":"https:\/\/www.pmpf.rs.gov.br\/educacao\/#\/schema\/person\/30ee1d1bd74da1469b01fcf086e43351"},"inLanguage":"pt-BR","potentialAction":[{"@type":"ReadAction","target":["https:\/\/www.pmpf.rs.gov.br\/educacao\/2022\/10\/20\/prefeitura-divulga-vencedores-do-desafio-cidade-educadora\/"]}]},{"@type":"ImageObject","inLanguage":"pt-BR","@id":"https:\/\/www.pmpf.rs.gov.br\/educacao\/2022\/10\/20\/prefeitura-divulga-vencedores-do-desafio-cidade-educadora\/#primaryimage","url":"https:\/\/www.pmpf.rs.gov.br\/educacao\/wp-content\/uploads\/sites\/43\/2022\/10\/missao-educacao-do-futuro.jpg","contentUrl":"https:\/\/www.pmpf.rs.gov.br\/educacao\/wp-content\/uploads\/sites\/43\/2022\/10\/missao-educacao-do-futuro.jpg","width":1280,"height":853},{"@type":"WebSite","@id":"https:\/\/www.pmpf.rs.gov.br\/educacao\/#website","url":"https:\/\/www.pmpf.rs.gov.br\/educacao\/","name":"Secretaria de Educa\u00e7\u00e3o","description":"Secretaria de Educa\u00e7\u00e3o da cidade de Passo Fundo","potentialAction":[{"@type":"SearchAction","target":{"@type":"EntryPoint","urlTemplate":"https:\/\/www.pmpf.rs.gov.br\/educacao\/?s={search_term_string}"},"query-input":{"@type":"PropertyValueSpecification","valueRequired":true,"valueName":"search_term_string"}}],"inLanguage":"pt-BR"},{"@type":"Person","@id":"https:\/\/www.pmpf.rs.gov.br\/educacao\/#\/schema\/person\/30ee1d1bd74da1469b01fcf086e43351","name":"andressazorzetto07","image":{"@type":"ImageObject","inLanguage":"pt-BR","@id":"https:\/\/www.pmpf.rs.gov.br\/educacao\/#\/schema\/person\/image\/","url":"https:\/\/secure.gravatar.com\/avatar\/14c5458ed79dc81da99a13b9ff5f9f19?s=96&d=mm&r=g","contentUrl":"https:\/\/secure.gravatar.com\/avatar\/14c5458ed79dc81da99a13b9ff5f9f19?s=96&d=mm&r=g","caption":"andressazorzetto07"},"url":"https:\/\/www.pmpf.rs.gov.br\/educacao\/author\/andressazorzetto07\/"}]}},"_links":{"self":[{"href":"https:\/\/www.pmpf.rs.gov.br\/educacao\/wp-json\/wp\/v2\/posts\/8744"}],"collection":[{"href":"https:\/\/www.pmpf.rs.gov.br\/educacao\/wp-json\/wp\/v2\/posts"}],"about":[{"href":"https:\/\/www.pmpf.rs.gov.br\/educacao\/wp-json\/wp\/v2\/types\/post"}],"author":[{"embeddable":true,"href":"https:\/\/www.pmpf.rs.gov.br\/educacao\/wp-json\/wp\/v2\/users\/6"}],"replies":[{"embeddable":true,"href":"https:\/\/www.pmpf.rs.gov.br\/educacao\/wp-json\/wp\/v2\/comments?post=8744"}],"version-history":[{"count":2,"href":"https:\/\/www.pmpf.rs.gov.br\/educacao\/wp-json\/wp\/v2\/posts\/8744\/revisions"}],"predecessor-version":[{"id":8747,"href":"https:\/\/www.pmpf.rs.gov.br\/educacao\/wp-json\/wp\/v2\/posts\/8744\/revisions\/8747"}],"wp:featuredmedia":[{"embeddable":true,"href":"https:\/\/www.pmpf.rs.gov.br\/educacao\/wp-json\/wp\/v2\/media\/8745"}],"wp:attachment":[{"href":"https:\/\/www.pmpf.rs.gov.br\/educacao\/wp-json\/wp\/v2\/media?parent=8744"}],"wp:term":[{"taxonomy":"category","embeddable":true,"href":"https:\/\/www.pmpf.rs.gov.br\/educacao\/wp-json\/wp\/v2\/categories?post=8744"},{"taxonomy":"post_tag","embeddable":true,"href":"https:\/\/www.pmpf.rs.gov.br\/educacao\/wp-json\/wp\/v2\/tags?post=8744"}],"curies":[{"name":"wp","href":"https:\/\/api.w.org\/{rel}","templated":true}]}}