{"id":8739,"date":"2022-10-17T16:56:22","date_gmt":"2022-10-17T19:56:22","guid":{"rendered":"https:\/\/www.pmpf.rs.gov.br\/educacao\/?p=8739"},"modified":"2022-10-17T16:56:22","modified_gmt":"2022-10-17T19:56:22","slug":"prefeitura-entrega-titulo-de-professora-emerita-2022-a-daniela-brasil","status":"publish","type":"post","link":"https:\/\/www.pmpf.rs.gov.br\/educacao\/2022\/10\/17\/prefeitura-entrega-titulo-de-professora-emerita-2022-a-daniela-brasil\/","title":{"rendered":"Prefeitura entrega t\u00edtulo de Professora Em\u00e9rita 2022 \u00e0 Daniela Brasil"},"content":{"rendered":"\n<p><br>Valorizar os profissionais da rede municipal que se dedicam \u00e0 forma\u00e7\u00e3o das crian\u00e7as e adolescentes \u00e9 o objetivo da Prefeitura ao promover o t\u00edtulo de Professor Em\u00e9rito. Neste ano, no m\u00eas em que se comemora o Dia do Professor, o Munic\u00edpio conceder\u00e1 a distin\u00e7\u00e3o para a professora Daniela Brasil.<\/p>\n\n\n\n<p>Daniela iniciou na rede municipal em 2006, na Escola do Hoje. Desde 2011, atua na Escola Municipal de Ensino Fundamental (EMEF) Coronel Lolico, onde \u00e9 diretora h\u00e1 quatro anos. Ela fez a diferen\u00e7a na vida de muitas pessoas. Trabalhou alfabetizando crian\u00e7as e realizou um trabalho muito importante com crian\u00e7as e adolescentes na Sala de Recursos. Como diretora, procurou envolver toda a comunidade escolar nas quest\u00f5es voltadas \u00e0 escola. Dinamismo, determina\u00e7\u00e3o e luta pela educa\u00e7\u00e3o b\u00e1sica marcam a sua trajet\u00f3ria profissional.<\/p>\n\n\n\n<p>Conforme o prefeito, Pedro Almeida, h\u00e1 muitos profissionais de alta performance, que d\u00e3o o seu melhor todos os dias e contribuem com a qualifica\u00e7\u00e3o do ensino das escolas do Munic\u00edpio, e o t\u00edtulo de Professor Em\u00e9rito \u00e9 uma forma de reconhecer a dedica\u00e7\u00e3o. Os nomes s\u00e3o escolhidos a partir de consulta aos demais professores. \u201cConhe\u00e7o a Daniela h\u00e1 muito tempo e sou grato por todo o trabalho que ela desempenha. Tenho certeza que a distin\u00e7\u00e3o \u00e9 muito merecida por toda a hist\u00f3ria na rede p\u00fablica, pelas milhares de crian\u00e7as e adolescentes que ajudou a formar com a sua voca\u00e7\u00e3o\u201d, disse.<\/p>\n\n\n\n<p>A oficializa\u00e7\u00e3o do t\u00edtulo de 2022 ser\u00e1 realizada nesta ter\u00e7a-feira (18), durante um workshop de comemora\u00e7\u00e3o ao Dia do Professor. Em fun\u00e7\u00e3o de problemas de sa\u00fade, Daniela n\u00e3o poder\u00e1 estar presente, mas ser\u00e1 representada por familiares. A Prefeitura deseja que a sua recupera\u00e7\u00e3o seja breve.<\/p>\n","protected":false},"excerpt":{"rendered":"<p>Daniela atua na rede municipal h\u00e1 16 anos. Neste momento, ocupa o cargo de diretora na EMEF Coronel Lolico<\/p>\n","protected":false},"author":6,"featured_media":8740,"comment_status":"closed","ping_status":"closed","sticky":true,"template":"","format":"standard","meta":{"footnotes":""},"categories":[1],"tags":[],"class_list":["post-8739","post","type-post","status-publish","format-standard","has-post-thumbnail","hentry","category-sem-categoria"],"yoast_head":"<!-- This site is optimized with the Yoast SEO plugin v23.8 - https:\/\/yoast.com\/wordpress\/plugins\/seo\/ -->\n<title>Prefeitura entrega t\u00edtulo de Professora Em\u00e9rita 2022 \u00e0 Daniela Brasil - Secretaria de Educa\u00e7\u00e3o<\/title>\n<meta name=\"robots\" content=\"index, follow, max-snippet:-1, max-image-preview:large, max-video-preview:-1\" \/>\n<link rel=\"canonical\" href=\"https:\/\/www.pmpf.rs.gov.br\/educacao\/2022\/10\/17\/prefeitura-entrega-titulo-de-professora-emerita-2022-a-daniela-brasil\/\" \/>\n<meta property=\"og:locale\" content=\"pt_BR\" \/>\n<meta property=\"og:type\" content=\"article\" \/>\n<meta property=\"og:title\" content=\"Prefeitura entrega t\u00edtulo de Professora Em\u00e9rita 2022 \u00e0 Daniela Brasil - Secretaria de Educa\u00e7\u00e3o\" \/>\n<meta property=\"og:description\" content=\"Daniela atua na rede municipal h\u00e1 16 anos. Neste momento, ocupa o cargo de diretora na EMEF Coronel Lolico\" \/>\n<meta property=\"og:url\" content=\"https:\/\/www.pmpf.rs.gov.br\/educacao\/2022\/10\/17\/prefeitura-entrega-titulo-de-professora-emerita-2022-a-daniela-brasil\/\" \/>\n<meta property=\"og:site_name\" content=\"Secretaria de Educa\u00e7\u00e3o\" \/>\n<meta property=\"article:published_time\" content=\"2022-10-17T19:56:22+00:00\" \/>\n<meta name=\"author\" content=\"andressazorzetto07\" \/>\n<meta name=\"twitter:card\" content=\"summary_large_image\" \/>\n<meta name=\"twitter:label1\" content=\"Escrito por\" \/>\n\t<meta name=\"twitter:data1\" content=\"andressazorzetto07\" \/>\n\t<meta name=\"twitter:label2\" content=\"Est. tempo de leitura\" \/>\n\t<meta name=\"twitter:data2\" content=\"2 minutos\" \/>\n<script type=\"application\/ld+json\" class=\"yoast-schema-graph\">{\"@context\":\"https:\/\/schema.org\",\"@graph\":[{\"@type\":\"WebPage\",\"@id\":\"https:\/\/www.pmpf.rs.gov.br\/educacao\/2022\/10\/17\/prefeitura-entrega-titulo-de-professora-emerita-2022-a-daniela-brasil\/\",\"url\":\"https:\/\/www.pmpf.rs.gov.br\/educacao\/2022\/10\/17\/prefeitura-entrega-titulo-de-professora-emerita-2022-a-daniela-brasil\/\",\"name\":\"Prefeitura entrega t\u00edtulo de Professora Em\u00e9rita 2022 \u00e0 Daniela Brasil - Secretaria de Educa\u00e7\u00e3o\",\"isPartOf\":{\"@id\":\"https:\/\/www.pmpf.rs.gov.br\/educacao\/#website\"},\"primaryImageOfPage\":{\"@id\":\"https:\/\/www.pmpf.rs.gov.br\/educacao\/2022\/10\/17\/prefeitura-entrega-titulo-de-professora-emerita-2022-a-daniela-brasil\/#primaryimage\"},\"image\":{\"@id\":\"https:\/\/www.pmpf.rs.gov.br\/educacao\/2022\/10\/17\/prefeitura-entrega-titulo-de-professora-emerita-2022-a-daniela-brasil\/#primaryimage\"},\"thumbnailUrl\":\"https:\/\/www.pmpf.rs.gov.br\/educacao\/wp-content\/uploads\/sites\/43\/2022\/10\/professora-emerita-2022.jpg\",\"datePublished\":\"2022-10-17T19:56:22+00:00\",\"dateModified\":\"2022-10-17T19:56:22+00:00\",\"author\":{\"@id\":\"https:\/\/www.pmpf.rs.gov.br\/educacao\/#\/schema\/person\/30ee1d1bd74da1469b01fcf086e43351\"},\"inLanguage\":\"pt-BR\",\"potentialAction\":[{\"@type\":\"ReadAction\",\"target\":[\"https:\/\/www.pmpf.rs.gov.br\/educacao\/2022\/10\/17\/prefeitura-entrega-titulo-de-professora-emerita-2022-a-daniela-brasil\/\"]}]},{\"@type\":\"ImageObject\",\"inLanguage\":\"pt-BR\",\"@id\":\"https:\/\/www.pmpf.rs.gov.br\/educacao\/2022\/10\/17\/prefeitura-entrega-titulo-de-professora-emerita-2022-a-daniela-brasil\/#primaryimage\",\"url\":\"https:\/\/www.pmpf.rs.gov.br\/educacao\/wp-content\/uploads\/sites\/43\/2022\/10\/professora-emerita-2022.jpg\",\"contentUrl\":\"https:\/\/www.pmpf.rs.gov.br\/educacao\/wp-content\/uploads\/sites\/43\/2022\/10\/professora-emerita-2022.jpg\",\"width\":926,\"height\":922},{\"@type\":\"WebSite\",\"@id\":\"https:\/\/www.pmpf.rs.gov.br\/educacao\/#website\",\"url\":\"https:\/\/www.pmpf.rs.gov.br\/educacao\/\",\"name\":\"Secretaria de Educa\u00e7\u00e3o\",\"description\":\"Secretaria de Educa\u00e7\u00e3o da cidade de Passo Fundo\",\"potentialAction\":[{\"@type\":\"SearchAction\",\"target\":{\"@type\":\"EntryPoint\",\"urlTemplate\":\"https:\/\/www.pmpf.rs.gov.br\/educacao\/?s={search_term_string}\"},\"query-input\":{\"@type\":\"PropertyValueSpecification\",\"valueRequired\":true,\"valueName\":\"search_term_string\"}}],\"inLanguage\":\"pt-BR\"},{\"@type\":\"Person\",\"@id\":\"https:\/\/www.pmpf.rs.gov.br\/educacao\/#\/schema\/person\/30ee1d1bd74da1469b01fcf086e43351\",\"name\":\"andressazorzetto07\",\"image\":{\"@type\":\"ImageObject\",\"inLanguage\":\"pt-BR\",\"@id\":\"https:\/\/www.pmpf.rs.gov.br\/educacao\/#\/schema\/person\/image\/\",\"url\":\"https:\/\/secure.gravatar.com\/avatar\/14c5458ed79dc81da99a13b9ff5f9f19?s=96&d=mm&r=g\",\"contentUrl\":\"https:\/\/secure.gravatar.com\/avatar\/14c5458ed79dc81da99a13b9ff5f9f19?s=96&d=mm&r=g\",\"caption\":\"andressazorzetto07\"},\"url\":\"https:\/\/www.pmpf.rs.gov.br\/educacao\/author\/andressazorzetto07\/\"}]}<\/script>\n<!-- \/ Yoast SEO plugin. -->","yoast_head_json":{"title":"Prefeitura entrega t\u00edtulo de Professora Em\u00e9rita 2022 \u00e0 Daniela Brasil - Secretaria de Educa\u00e7\u00e3o","robots":{"index":"index","follow":"follow","max-snippet":"max-snippet:-1","max-image-preview":"max-image-preview:large","max-video-preview":"max-video-preview:-1"},"canonical":"https:\/\/www.pmpf.rs.gov.br\/educacao\/2022\/10\/17\/prefeitura-entrega-titulo-de-professora-emerita-2022-a-daniela-brasil\/","og_locale":"pt_BR","og_type":"article","og_title":"Prefeitura entrega t\u00edtulo de Professora Em\u00e9rita 2022 \u00e0 Daniela Brasil - Secretaria de Educa\u00e7\u00e3o","og_description":"Daniela atua na rede municipal h\u00e1 16 anos. Neste momento, ocupa o cargo de diretora na EMEF Coronel Lolico","og_url":"https:\/\/www.pmpf.rs.gov.br\/educacao\/2022\/10\/17\/prefeitura-entrega-titulo-de-professora-emerita-2022-a-daniela-brasil\/","og_site_name":"Secretaria de Educa\u00e7\u00e3o","article_published_time":"2022-10-17T19:56:22+00:00","author":"andressazorzetto07","twitter_card":"summary_large_image","twitter_misc":{"Escrito por":"andressazorzetto07","Est. tempo de leitura":"2 minutos"},"schema":{"@context":"https:\/\/schema.org","@graph":[{"@type":"WebPage","@id":"https:\/\/www.pmpf.rs.gov.br\/educacao\/2022\/10\/17\/prefeitura-entrega-titulo-de-professora-emerita-2022-a-daniela-brasil\/","url":"https:\/\/www.pmpf.rs.gov.br\/educacao\/2022\/10\/17\/prefeitura-entrega-titulo-de-professora-emerita-2022-a-daniela-brasil\/","name":"Prefeitura entrega t\u00edtulo de Professora Em\u00e9rita 2022 \u00e0 Daniela Brasil - Secretaria de Educa\u00e7\u00e3o","isPartOf":{"@id":"https:\/\/www.pmpf.rs.gov.br\/educacao\/#website"},"primaryImageOfPage":{"@id":"https:\/\/www.pmpf.rs.gov.br\/educacao\/2022\/10\/17\/prefeitura-entrega-titulo-de-professora-emerita-2022-a-daniela-brasil\/#primaryimage"},"image":{"@id":"https:\/\/www.pmpf.rs.gov.br\/educacao\/2022\/10\/17\/prefeitura-entrega-titulo-de-professora-emerita-2022-a-daniela-brasil\/#primaryimage"},"thumbnailUrl":"https:\/\/www.pmpf.rs.gov.br\/educacao\/wp-content\/uploads\/sites\/43\/2022\/10\/professora-emerita-2022.jpg","datePublished":"2022-10-17T19:56:22+00:00","dateModified":"2022-10-17T19:56:22+00:00","author":{"@id":"https:\/\/www.pmpf.rs.gov.br\/educacao\/#\/schema\/person\/30ee1d1bd74da1469b01fcf086e43351"},"inLanguage":"pt-BR","potentialAction":[{"@type":"ReadAction","target":["https:\/\/www.pmpf.rs.gov.br\/educacao\/2022\/10\/17\/prefeitura-entrega-titulo-de-professora-emerita-2022-a-daniela-brasil\/"]}]},{"@type":"ImageObject","inLanguage":"pt-BR","@id":"https:\/\/www.pmpf.rs.gov.br\/educacao\/2022\/10\/17\/prefeitura-entrega-titulo-de-professora-emerita-2022-a-daniela-brasil\/#primaryimage","url":"https:\/\/www.pmpf.rs.gov.br\/educacao\/wp-content\/uploads\/sites\/43\/2022\/10\/professora-emerita-2022.jpg","contentUrl":"https:\/\/www.pmpf.rs.gov.br\/educacao\/wp-content\/uploads\/sites\/43\/2022\/10\/professora-emerita-2022.jpg","width":926,"height":922},{"@type":"WebSite","@id":"https:\/\/www.pmpf.rs.gov.br\/educacao\/#website","url":"https:\/\/www.pmpf.rs.gov.br\/educacao\/","name":"Secretaria de Educa\u00e7\u00e3o","description":"Secretaria de Educa\u00e7\u00e3o da cidade de Passo Fundo","potentialAction":[{"@type":"SearchAction","target":{"@type":"EntryPoint","urlTemplate":"https:\/\/www.pmpf.rs.gov.br\/educacao\/?s={search_term_string}"},"query-input":{"@type":"PropertyValueSpecification","valueRequired":true,"valueName":"search_term_string"}}],"inLanguage":"pt-BR"},{"@type":"Person","@id":"https:\/\/www.pmpf.rs.gov.br\/educacao\/#\/schema\/person\/30ee1d1bd74da1469b01fcf086e43351","name":"andressazorzetto07","image":{"@type":"ImageObject","inLanguage":"pt-BR","@id":"https:\/\/www.pmpf.rs.gov.br\/educacao\/#\/schema\/person\/image\/","url":"https:\/\/secure.gravatar.com\/avatar\/14c5458ed79dc81da99a13b9ff5f9f19?s=96&d=mm&r=g","contentUrl":"https:\/\/secure.gravatar.com\/avatar\/14c5458ed79dc81da99a13b9ff5f9f19?s=96&d=mm&r=g","caption":"andressazorzetto07"},"url":"https:\/\/www.pmpf.rs.gov.br\/educacao\/author\/andressazorzetto07\/"}]}},"_links":{"self":[{"href":"https:\/\/www.pmpf.rs.gov.br\/educacao\/wp-json\/wp\/v2\/posts\/8739"}],"collection":[{"href":"https:\/\/www.pmpf.rs.gov.br\/educacao\/wp-json\/wp\/v2\/posts"}],"about":[{"href":"https:\/\/www.pmpf.rs.gov.br\/educacao\/wp-json\/wp\/v2\/types\/post"}],"author":[{"embeddable":true,"href":"https:\/\/www.pmpf.rs.gov.br\/educacao\/wp-json\/wp\/v2\/users\/6"}],"replies":[{"embeddable":true,"href":"https:\/\/www.pmpf.rs.gov.br\/educacao\/wp-json\/wp\/v2\/comments?post=8739"}],"version-history":[{"count":1,"href":"https:\/\/www.pmpf.rs.gov.br\/educacao\/wp-json\/wp\/v2\/posts\/8739\/revisions"}],"predecessor-version":[{"id":8741,"href":"https:\/\/www.pmpf.rs.gov.br\/educacao\/wp-json\/wp\/v2\/posts\/8739\/revisions\/8741"}],"wp:featuredmedia":[{"embeddable":true,"href":"https:\/\/www.pmpf.rs.gov.br\/educacao\/wp-json\/wp\/v2\/media\/8740"}],"wp:attachment":[{"href":"https:\/\/www.pmpf.rs.gov.br\/educacao\/wp-json\/wp\/v2\/media?parent=8739"}],"wp:term":[{"taxonomy":"category","embeddable":true,"href":"https:\/\/www.pmpf.rs.gov.br\/educacao\/wp-json\/wp\/v2\/categories?post=8739"},{"taxonomy":"post_tag","embeddable":true,"href":"https:\/\/www.pmpf.rs.gov.br\/educacao\/wp-json\/wp\/v2\/tags?post=8739"}],"curies":[{"name":"wp","href":"https:\/\/api.w.org\/{rel}","templated":true}]}}