{"id":8664,"date":"2022-09-12T14:47:36","date_gmt":"2022-09-12T17:47:36","guid":{"rendered":"https:\/\/www.pmpf.rs.gov.br\/educacao\/?p=8664"},"modified":"2022-09-12T14:48:45","modified_gmt":"2022-09-12T17:48:45","slug":"prefeitura-de-passo-fundo-abre-processo-seletivo-para-estagio","status":"publish","type":"post","link":"https:\/\/www.pmpf.rs.gov.br\/educacao\/2022\/09\/12\/prefeitura-de-passo-fundo-abre-processo-seletivo-para-estagio\/","title":{"rendered":"Prefeitura de Passo Fundo abre processo seletivo para est\u00e1gio"},"content":{"rendered":"\n<p><\/p>\n\n\n\n<p>A Prefeitura de Passo Fundo abriu, nesta segunda-feira (12), mais um processo seletivo para est\u00e1gio. As vagas e a composi\u00e7\u00e3o do cadastro reserva s\u00e3o destinadas aos n\u00edveis superior e m\u00e9dio (magist\u00e9rio). As inscri\u00e7\u00f5es poder\u00e3o ser realizadas at\u00e9 sexta-feira, 16 de setembro.<\/p>\n\n\n\n<p>O est\u00e1gio destina-se exclusivamente aos estudantes regularmente matriculados e com frequ\u00eancia efetiva nos cursos vinculados ao ensino p\u00fablico ou particular em institui\u00e7\u00f5es de Ensino reconhecidas pelo Minist\u00e9rio da Educa\u00e7\u00e3o. As inscri\u00e7\u00f5es podem ser feitas pelo site<strong>&nbsp;<a href=\"http:\/\/www.inqc.org.br\/\">www.inqc.org.br<\/a>,&nbsp;<\/strong>na aba concursos.<\/p>\n\n\n\n<p>A sele\u00e7\u00e3o ser\u00e1 feita a partir de uma prova on-line, que ser\u00e1 realizada no dia 25 de setembro. O edital do processo seletivo pode ser consultado em<strong> <a href=\"https:\/\/bit.ly\/editalpmpf\">https:\/\/bit.ly\/editalpmpf<\/a><\/strong>.<\/p>\n\n\n\n<p><strong>Vagas<\/strong><\/p>\n\n\n\n<p><em>Administra\u00e7\u00e3o de Empresas<\/em><\/p>\n\n\n\n<p>30 horas (manh\u00e3 e tarde)<\/p>\n\n\n\n<p>Cursando Administra\u00e7\u00e3o de Empresas at\u00e9 o 8\u00ba semestre<\/p>\n\n\n\n<p><\/p>\n\n\n\n<p><em>Administra\u00e7\u00e3o P\u00fablica<\/em><\/p>\n\n\n\n<p>30 horas (manh\u00e3 e tarde)<\/p>\n\n\n\n<p>Cursando Administra\u00e7\u00e3o P\u00fablica at\u00e9 o 8\u00ba semestre<\/p>\n\n\n\n<p><\/p>\n\n\n\n<p><em>Ci\u00eancias Biol\u00f3gicas \u2013 Bacharelado<\/em><\/p>\n\n\n\n<p>30 horas (manh\u00e3 e tarde)<\/p>\n\n\n\n<p>Cursando Ci\u00eancias Biol\u00f3gicas \u2013 Bacharelado at\u00e9 o 8\u00ba semestre<\/p>\n\n\n\n<p><\/p>\n\n\n\n<p><em>Ci\u00eancias Cont\u00e1beis<\/em><\/p>\n\n\n\n<p>30 horas (manh\u00e3 e tarde)<\/p>\n\n\n\n<p>Cursando Ci\u00eancias Cont\u00e1beis at\u00e9 o 8\u00ba semestre<\/p>\n\n\n\n<p><\/p>\n\n\n\n<p><em>Ci\u00eancias da Computa\u00e7\u00e3o<\/em><\/p>\n\n\n\n<p>30 horas (manh\u00e3 e tarde) ou 15 horas<\/p>\n\n\n\n<p>Cursando Ci\u00eancias da Computa\u00e7\u00e3o at\u00e9 o 8\u00ba semestre<\/p>\n\n\n\n<p><\/p>\n\n\n\n<p><em>Ci\u00eancias Econ\u00f4micas<\/em><\/p>\n\n\n\n<p>30 horas (manh\u00e3 e tarde)<\/p>\n\n\n\n<p>Cursando Ci\u00eancias Econ\u00f4micas at\u00e9 o 8\u00ba semestre<\/p>\n\n\n\n<p><\/p>\n\n\n\n<p><em>Design Gr\u00e1fico<\/em><\/p>\n\n\n\n<p>30 horas (manh\u00e3 e tarde)<\/p>\n\n\n\n<p>Cursando Design Gr\u00e1fico at\u00e9 o 8\u00ba semestre<\/p>\n\n\n\n<p><\/p>\n\n\n\n<p><em>Direito<\/em><\/p>\n\n\n\n<p>30 horas (manh\u00e3 e tarde)<\/p>\n\n\n\n<p>Cursando Direito at\u00e9 o 8\u00ba semestre<\/p>\n\n\n\n<p><\/p>\n\n\n\n<p><em>Direito \u2013 Procuradoria Geral do Munic\u00edpio<\/em><\/p>\n\n\n\n<p>30 horas (manh\u00e3 e tarde)<\/p>\n\n\n\n<p>Cursando Direito do 5\u00ba ao 8\u00ba semestre<\/p>\n\n\n\n<p><\/p>\n\n\n\n<p><em>Educa\u00e7\u00e3o F\u00edsica<\/em><\/p>\n\n\n\n<p>30 horas (manh\u00e3 e tarde)<\/p>\n\n\n\n<p>Cursando Educa\u00e7\u00e3o F\u00edsica \u2013 Bacharelado at\u00e9 o 8\u00ba semestre<\/p>\n\n\n\n<p><\/p>\n\n\n\n<p><em>Engenharia Ambiental<\/em><\/p>\n\n\n\n<p>30 horas (manh\u00e3 e tarde)<\/p>\n\n\n\n<p>Cursando Engenharia Ambiental at\u00e9 o 8\u00ba semestre<\/p>\n\n\n\n<p><\/p>\n\n\n\n<p><em>Fisioterapia<\/em><\/p>\n\n\n\n<p>30 horas (manh\u00e3 e tarde) ou 15 horas<\/p>\n\n\n\n<p>Cursando Fisioterapia at\u00e9 o 8\u00ba semestre<\/p>\n\n\n\n<p><\/p>\n\n\n\n<p><em>Fonoaudiologia \u2013 para acompanhamento de crian\u00e7as com defici\u00eancia nas escolas<\/em><\/p>\n\n\n\n<p>30 horas (manh\u00e3 e tarde) ou 15 horas<\/p>\n\n\n\n<p>Cursando Fonoaudiologia at\u00e9 o 8\u00ba semestre<\/p>\n\n\n\n<p><\/p>\n\n\n\n<p><em>Gest\u00e3o de Recursos Humanos<\/em><\/p>\n\n\n\n<p>30 horas (manh\u00e3 e tarde)<\/p>\n\n\n\n<p>Cursando Gest\u00e3o de Recursos Humanos at\u00e9 o 8\u00ba semestre<\/p>\n\n\n\n<p><\/p>\n\n\n\n<p><em>Jornalismo<\/em><\/p>\n\n\n\n<p>30 horas (manh\u00e3 e tarde)<\/p>\n\n\n\n<p>Cursando Jornalismo at\u00e9 o 8\u00ba semestre<\/p>\n\n\n\n<p><\/p>\n\n\n\n<p><em>Marketing<\/em><\/p>\n\n\n\n<p>30 horas (manh\u00e3 e tarde)<\/p>\n\n\n\n<p>Cursando Marketing at\u00e9 o 8\u00ba semestre<\/p>\n\n\n\n<p><\/p>\n\n\n\n<p><em>Nutri\u00e7\u00e3o<\/em><\/p>\n\n\n\n<p>30 horas (manh\u00e3 e tarde)<\/p>\n\n\n\n<p>Cursando Nutri\u00e7\u00e3o at\u00e9 o 8\u00ba semestre<\/p>\n\n\n\n<p><\/p>\n\n\n\n<p><em>Psicologia \u2013 para acompanhamento de crian\u00e7as com defici\u00eancia nas escolas ou programas sociais<\/em><\/p>\n\n\n\n<p>30 horas (manh\u00e3 e tarde) ou 15 horas<\/p>\n\n\n\n<p><\/p>\n\n\n\n<p><em>Publicidade e Propaganda<\/em><\/p>\n\n\n\n<p>30 horas (manh\u00e3 e tarde)<\/p>\n\n\n\n<p>Cursando Publicidade e Propaganda at\u00e9 o 8\u00ba semestre<\/p>\n\n\n\n<p><\/p>\n\n\n\n<p><em>Secretariado Executivo<\/em><\/p>\n\n\n\n<p>30 horas (manh\u00e3 e tarde)<\/p>\n\n\n\n<p>Cursando Secretariado Executivo at\u00e9 o 8\u00ba semestre<\/p>\n\n\n\n<p><\/p>\n\n\n\n<p><em>Servi\u00e7o Social \u2013 para acompanhamento de crian\u00e7as com defici\u00eancia nas escolas ou programas sociais<\/em><\/p>\n\n\n\n<p>30 horas (manh\u00e3 e tarde) ou 15 horas<\/p>\n\n\n\n<p><\/p>\n\n\n\n<p><em>Licenciatura Plena<\/em><\/p>\n\n\n\n<p>(Pedagogia, Letras, Matem\u00e1tica, Ci\u00eancias Biol\u00f3gicas, M\u00fasica, Qu\u00edmica, F\u00edsica, Geografia, Educa\u00e7\u00e3o F\u00edsica, Ci\u00eancias, Hist\u00f3ria, Filosofia, Artes Visuais, entre outros) \u2013 para acompanhamento de crian\u00e7as com defici\u00eancia nas escolas<\/p>\n\n\n\n<p>30 horas (manh\u00e3 e tarde) ou 15 horas<\/p>\n\n\n\n<p>Cursando Licenciatura Plena (Pedagogia, Letras, Matem\u00e1tica, Ci\u00eancias Biol\u00f3gicas, M\u00fasica, Qu\u00edmica, F\u00edsica, Geografia, Educa\u00e7\u00e3o F\u00edsica, Ci\u00eancias, Hist\u00f3ria, Filosofia, Artes Visuais, entre outros, at\u00e9 o 8\u00ba semestre<\/p>\n\n\n\n<p><\/p>\n\n\n\n<p><em>Ensino M\u00e9dio Normal (Magist\u00e9rio)<\/em><\/p>\n\n\n\n<p>15 horas (tarde)<\/p>\n\n\n\n<p>Cursando Ensino M\u00e9dio Normal (Magist\u00e9rio)&nbsp;&nbsp;<\/p>\n","protected":false},"excerpt":{"rendered":"<p>Inscri\u00e7\u00f5es poder\u00e3o ser realizadas at\u00e9 o dia 16 de setembro<\/p>\n","protected":false},"author":6,"featured_media":0,"comment_status":"closed","ping_status":"closed","sticky":true,"template":"","format":"standard","meta":{"footnotes":""},"categories":[1],"tags":[],"class_list":["post-8664","post","type-post","status-publish","format-standard","hentry","category-sem-categoria"],"yoast_head":"<!-- This site is optimized with the Yoast SEO plugin v23.8 - https:\/\/yoast.com\/wordpress\/plugins\/seo\/ -->\n<title>Prefeitura de Passo Fundo abre processo seletivo para est\u00e1gio - Secretaria de Educa\u00e7\u00e3o<\/title>\n<meta name=\"robots\" content=\"index, follow, max-snippet:-1, max-image-preview:large, max-video-preview:-1\" \/>\n<link rel=\"canonical\" href=\"https:\/\/www.pmpf.rs.gov.br\/educacao\/2022\/09\/12\/prefeitura-de-passo-fundo-abre-processo-seletivo-para-estagio\/\" \/>\n<meta property=\"og:locale\" content=\"pt_BR\" \/>\n<meta property=\"og:type\" content=\"article\" \/>\n<meta property=\"og:title\" content=\"Prefeitura de Passo Fundo abre processo seletivo para est\u00e1gio - Secretaria de Educa\u00e7\u00e3o\" \/>\n<meta property=\"og:description\" content=\"Inscri\u00e7\u00f5es poder\u00e3o ser realizadas at\u00e9 o dia 16 de setembro\" \/>\n<meta property=\"og:url\" content=\"https:\/\/www.pmpf.rs.gov.br\/educacao\/2022\/09\/12\/prefeitura-de-passo-fundo-abre-processo-seletivo-para-estagio\/\" \/>\n<meta property=\"og:site_name\" content=\"Secretaria de Educa\u00e7\u00e3o\" \/>\n<meta property=\"article:published_time\" content=\"2022-09-12T17:47:36+00:00\" \/>\n<meta property=\"article:modified_time\" content=\"2022-09-12T17:48:45+00:00\" \/>\n<meta name=\"author\" content=\"andressazorzetto07\" \/>\n<meta name=\"twitter:card\" content=\"summary_large_image\" \/>\n<meta name=\"twitter:label1\" content=\"Escrito por\" \/>\n\t<meta name=\"twitter:data1\" content=\"andressazorzetto07\" \/>\n\t<meta name=\"twitter:label2\" content=\"Est. tempo de leitura\" \/>\n\t<meta name=\"twitter:data2\" content=\"3 minutos\" \/>\n<script type=\"application\/ld+json\" class=\"yoast-schema-graph\">{\"@context\":\"https:\/\/schema.org\",\"@graph\":[{\"@type\":\"WebPage\",\"@id\":\"https:\/\/www.pmpf.rs.gov.br\/educacao\/2022\/09\/12\/prefeitura-de-passo-fundo-abre-processo-seletivo-para-estagio\/\",\"url\":\"https:\/\/www.pmpf.rs.gov.br\/educacao\/2022\/09\/12\/prefeitura-de-passo-fundo-abre-processo-seletivo-para-estagio\/\",\"name\":\"Prefeitura de Passo Fundo abre processo seletivo para est\u00e1gio - Secretaria de Educa\u00e7\u00e3o\",\"isPartOf\":{\"@id\":\"https:\/\/www.pmpf.rs.gov.br\/educacao\/#website\"},\"datePublished\":\"2022-09-12T17:47:36+00:00\",\"dateModified\":\"2022-09-12T17:48:45+00:00\",\"author\":{\"@id\":\"https:\/\/www.pmpf.rs.gov.br\/educacao\/#\/schema\/person\/30ee1d1bd74da1469b01fcf086e43351\"},\"inLanguage\":\"pt-BR\",\"potentialAction\":[{\"@type\":\"ReadAction\",\"target\":[\"https:\/\/www.pmpf.rs.gov.br\/educacao\/2022\/09\/12\/prefeitura-de-passo-fundo-abre-processo-seletivo-para-estagio\/\"]}]},{\"@type\":\"WebSite\",\"@id\":\"https:\/\/www.pmpf.rs.gov.br\/educacao\/#website\",\"url\":\"https:\/\/www.pmpf.rs.gov.br\/educacao\/\",\"name\":\"Secretaria de Educa\u00e7\u00e3o\",\"description\":\"Secretaria de Educa\u00e7\u00e3o da cidade de Passo Fundo\",\"potentialAction\":[{\"@type\":\"SearchAction\",\"target\":{\"@type\":\"EntryPoint\",\"urlTemplate\":\"https:\/\/www.pmpf.rs.gov.br\/educacao\/?s={search_term_string}\"},\"query-input\":{\"@type\":\"PropertyValueSpecification\",\"valueRequired\":true,\"valueName\":\"search_term_string\"}}],\"inLanguage\":\"pt-BR\"},{\"@type\":\"Person\",\"@id\":\"https:\/\/www.pmpf.rs.gov.br\/educacao\/#\/schema\/person\/30ee1d1bd74da1469b01fcf086e43351\",\"name\":\"andressazorzetto07\",\"image\":{\"@type\":\"ImageObject\",\"inLanguage\":\"pt-BR\",\"@id\":\"https:\/\/www.pmpf.rs.gov.br\/educacao\/#\/schema\/person\/image\/\",\"url\":\"https:\/\/secure.gravatar.com\/avatar\/14c5458ed79dc81da99a13b9ff5f9f19?s=96&d=mm&r=g\",\"contentUrl\":\"https:\/\/secure.gravatar.com\/avatar\/14c5458ed79dc81da99a13b9ff5f9f19?s=96&d=mm&r=g\",\"caption\":\"andressazorzetto07\"},\"url\":\"https:\/\/www.pmpf.rs.gov.br\/educacao\/author\/andressazorzetto07\/\"}]}<\/script>\n<!-- \/ Yoast SEO plugin. -->","yoast_head_json":{"title":"Prefeitura de Passo Fundo abre processo seletivo para est\u00e1gio - Secretaria de Educa\u00e7\u00e3o","robots":{"index":"index","follow":"follow","max-snippet":"max-snippet:-1","max-image-preview":"max-image-preview:large","max-video-preview":"max-video-preview:-1"},"canonical":"https:\/\/www.pmpf.rs.gov.br\/educacao\/2022\/09\/12\/prefeitura-de-passo-fundo-abre-processo-seletivo-para-estagio\/","og_locale":"pt_BR","og_type":"article","og_title":"Prefeitura de Passo Fundo abre processo seletivo para est\u00e1gio - Secretaria de Educa\u00e7\u00e3o","og_description":"Inscri\u00e7\u00f5es poder\u00e3o ser realizadas at\u00e9 o dia 16 de setembro","og_url":"https:\/\/www.pmpf.rs.gov.br\/educacao\/2022\/09\/12\/prefeitura-de-passo-fundo-abre-processo-seletivo-para-estagio\/","og_site_name":"Secretaria de Educa\u00e7\u00e3o","article_published_time":"2022-09-12T17:47:36+00:00","article_modified_time":"2022-09-12T17:48:45+00:00","author":"andressazorzetto07","twitter_card":"summary_large_image","twitter_misc":{"Escrito por":"andressazorzetto07","Est. tempo de leitura":"3 minutos"},"schema":{"@context":"https:\/\/schema.org","@graph":[{"@type":"WebPage","@id":"https:\/\/www.pmpf.rs.gov.br\/educacao\/2022\/09\/12\/prefeitura-de-passo-fundo-abre-processo-seletivo-para-estagio\/","url":"https:\/\/www.pmpf.rs.gov.br\/educacao\/2022\/09\/12\/prefeitura-de-passo-fundo-abre-processo-seletivo-para-estagio\/","name":"Prefeitura de Passo Fundo abre processo seletivo para est\u00e1gio - Secretaria de Educa\u00e7\u00e3o","isPartOf":{"@id":"https:\/\/www.pmpf.rs.gov.br\/educacao\/#website"},"datePublished":"2022-09-12T17:47:36+00:00","dateModified":"2022-09-12T17:48:45+00:00","author":{"@id":"https:\/\/www.pmpf.rs.gov.br\/educacao\/#\/schema\/person\/30ee1d1bd74da1469b01fcf086e43351"},"inLanguage":"pt-BR","potentialAction":[{"@type":"ReadAction","target":["https:\/\/www.pmpf.rs.gov.br\/educacao\/2022\/09\/12\/prefeitura-de-passo-fundo-abre-processo-seletivo-para-estagio\/"]}]},{"@type":"WebSite","@id":"https:\/\/www.pmpf.rs.gov.br\/educacao\/#website","url":"https:\/\/www.pmpf.rs.gov.br\/educacao\/","name":"Secretaria de Educa\u00e7\u00e3o","description":"Secretaria de Educa\u00e7\u00e3o da cidade de Passo Fundo","potentialAction":[{"@type":"SearchAction","target":{"@type":"EntryPoint","urlTemplate":"https:\/\/www.pmpf.rs.gov.br\/educacao\/?s={search_term_string}"},"query-input":{"@type":"PropertyValueSpecification","valueRequired":true,"valueName":"search_term_string"}}],"inLanguage":"pt-BR"},{"@type":"Person","@id":"https:\/\/www.pmpf.rs.gov.br\/educacao\/#\/schema\/person\/30ee1d1bd74da1469b01fcf086e43351","name":"andressazorzetto07","image":{"@type":"ImageObject","inLanguage":"pt-BR","@id":"https:\/\/www.pmpf.rs.gov.br\/educacao\/#\/schema\/person\/image\/","url":"https:\/\/secure.gravatar.com\/avatar\/14c5458ed79dc81da99a13b9ff5f9f19?s=96&d=mm&r=g","contentUrl":"https:\/\/secure.gravatar.com\/avatar\/14c5458ed79dc81da99a13b9ff5f9f19?s=96&d=mm&r=g","caption":"andressazorzetto07"},"url":"https:\/\/www.pmpf.rs.gov.br\/educacao\/author\/andressazorzetto07\/"}]}},"_links":{"self":[{"href":"https:\/\/www.pmpf.rs.gov.br\/educacao\/wp-json\/wp\/v2\/posts\/8664"}],"collection":[{"href":"https:\/\/www.pmpf.rs.gov.br\/educacao\/wp-json\/wp\/v2\/posts"}],"about":[{"href":"https:\/\/www.pmpf.rs.gov.br\/educacao\/wp-json\/wp\/v2\/types\/post"}],"author":[{"embeddable":true,"href":"https:\/\/www.pmpf.rs.gov.br\/educacao\/wp-json\/wp\/v2\/users\/6"}],"replies":[{"embeddable":true,"href":"https:\/\/www.pmpf.rs.gov.br\/educacao\/wp-json\/wp\/v2\/comments?post=8664"}],"version-history":[{"count":2,"href":"https:\/\/www.pmpf.rs.gov.br\/educacao\/wp-json\/wp\/v2\/posts\/8664\/revisions"}],"predecessor-version":[{"id":8666,"href":"https:\/\/www.pmpf.rs.gov.br\/educacao\/wp-json\/wp\/v2\/posts\/8664\/revisions\/8666"}],"wp:attachment":[{"href":"https:\/\/www.pmpf.rs.gov.br\/educacao\/wp-json\/wp\/v2\/media?parent=8664"}],"wp:term":[{"taxonomy":"category","embeddable":true,"href":"https:\/\/www.pmpf.rs.gov.br\/educacao\/wp-json\/wp\/v2\/categories?post=8664"},{"taxonomy":"post_tag","embeddable":true,"href":"https:\/\/www.pmpf.rs.gov.br\/educacao\/wp-json\/wp\/v2\/tags?post=8664"}],"curies":[{"name":"wp","href":"https:\/\/api.w.org\/{rel}","templated":true}]}}