{"id":8641,"date":"2022-09-05T14:42:25","date_gmt":"2022-09-05T17:42:25","guid":{"rendered":"https:\/\/www.pmpf.rs.gov.br\/educacao\/?p=8641"},"modified":"2022-09-08T09:34:20","modified_gmt":"2022-09-08T12:34:20","slug":"prefeitura-anuncia-abertura-de-inscricoes-para-18-novos-cursos-da-escola-das-profissoes","status":"publish","type":"post","link":"https:\/\/www.pmpf.rs.gov.br\/educacao\/2022\/09\/05\/prefeitura-anuncia-abertura-de-inscricoes-para-18-novos-cursos-da-escola-das-profissoes\/","title":{"rendered":"Prefeitura anuncia abertura de inscri\u00e7\u00f5es para 18 novos cursos da Escola das Profiss\u00f5es"},"content":{"rendered":"\n<p><br>A Prefeitura de Passo Fundo anunciou, nesta segunda-feira (5), a abertura das inscri\u00e7\u00f5es para 18 novos cursos da Escola das Profiss\u00f5es. Ser\u00e3o oferecidas 430 vagas para a profissionaliza\u00e7\u00e3o gratuita em diversas \u00e1reas. As inscri\u00e7\u00f5es ir\u00e3o de 8 a 11 de setembro pelo site <a href=\"http:\/\/eprof.educapf.org\">http:\/\/eprof.educapf.org<\/a>.<br><br>O prefeito, Pedro Almeida, destaca que a capacita\u00e7\u00e3o \u00e9 fundamental para o atendimento das demandas do mercado de trabalho e para a gera\u00e7\u00e3o de emprego e renda. \u201c\u00c9 para dar oportunidades que criamos a Escola das Profiss\u00f5es. Acredito no potencial do trabalho para melhorar vidas e, com as novas lacunas do mercado, precisamos estimular alternativas para que as pessoas se capacitem. Pelo segundo ano consecutivo, somos o quarto munic\u00edpio que mais empregou os cidad\u00e3os, e esse \u00e9 um dado que refor\u00e7a os resultados das pol\u00edticas p\u00fablicas municipais. J\u00e1 estamos com 17 cursos em funcionamento e, a partir deste m\u00eas, chegaremos a 35, totalmente gratuitos\u201d, considerou.<br><br>A Escola das Profiss\u00f5es amplia a capacidade do Caf\u00e9 com Emprego, que foi implementado pela Prefeitura para conectar pessoas a empresas com vagas dispon\u00edveis. Para o secret\u00e1rio de Desenvolvimento, Diorges Oliveira, essa associa\u00e7\u00e3o entre os dois programas visualiza o cen\u00e1rio atual do mercado de trabalho. \u201cUm dos desafios para o preenchimento dos postos de trabalho que identificamos nas quatro edi\u00e7\u00f5es do Caf\u00e9 com Emprego \u00e9 a qualifica\u00e7\u00e3o t\u00e9cnica. As empresas t\u00eam vagas abertas que n\u00e3o conseguem preencher pela falta de m\u00e3o de obra. E, muitas vezes, as pessoas n\u00e3o conseguem se profissionalizar. Dessa forma, a Escola das Profiss\u00f5es \u00e9 um alicerce para o mercado de trabalho\u201d, justificou.<br><br>As aulas dos cursos acontecem nas faculdades Ideau e Anhanguera, que s\u00e3o as esta\u00e7\u00f5es 1 e 2, respectivamente. Poder\u00e3o se inscrever todas as pessoas com mais de 15 anos e que residam em Passo Fundo.<\/p>\n\n\n\n<p>A sele\u00e7\u00e3o para os cursos ser\u00e1 por ordem de inscri\u00e7\u00e3o. Os selecionados ser\u00e3o informados pela equipe da Escola das Profiss\u00f5es por meio do WhatsApp informado no momento da inscri\u00e7\u00e3o. Os selecionados dever\u00e3o confirmar sua matr\u00edcula pessoalmente na Esta\u00e7\u00e3o 1 &#8211; Faculdade Ideau, munidos de seus documentos.<\/p>\n\n\n\n<p>Em cada curso, \u00e9 destinada por ordem de inscri\u00e7\u00e3o uma vaga para cada p\u00fablico priorit\u00e1rio: Cad\u00danico, imigrante, pessoa com defici\u00eancia, gestante ou m\u00e3e do Meu Beb\u00ea, Meu Tesouro, segurado do INSS, pessoa que participou do Caf\u00e9 com Emprego. O selecionado dever\u00e1 comprovar com c\u00f3pia ou foto do comprovante de cadastro.<br><br>A estimativa \u00e9 que, ainda neste segundo semestre de 2022, mais de 50 capacita\u00e7\u00f5es gratuitas sejam promovidas. Os cursos s\u00e3o divididos em tr\u00eas eixos: o \u201cProfissionais do Futuro\u201d, destinado ao desenvolvimento de habilidades como l\u00ednguas e o desenvolvimento de tecnologias sociais; o \u201cQualific@REE\u201d, que incentiva o empreendedorismo; e o \u201cUpdate&#8221;, que tem foco em atender a ind\u00fastria com m\u00e3o de obra qualificada.<\/p>\n\n\n\n<p><strong>18 novos cursos<\/strong><\/p>\n\n\n\n<p>Assistente administrativo (tarde)<\/p>\n\n\n\n<p>Assistente de contabilidade (manh\u00e3)<\/p>\n\n\n\n<p>Assistente de Recursos Humanos (manh\u00e3)<\/p>\n\n\n\n<p>Cabeleireiro n\u00edvel I (tarde)<\/p>\n\n\n\n<p>Design de sobrancelha (manh\u00e3)<\/p>\n\n\n\n<p>Elabora\u00e7\u00e3o de planilhas (tarde)<\/p>\n\n\n\n<p>Est\u00e9tica facial (manh\u00e3)<\/p>\n\n\n\n<p>Inform\u00e1tica b\u00e1sica (manh\u00e3)<\/p>\n\n\n\n<p>Manicure e pedicure (tarde)<\/p>\n\n\n\n<p>Atendente de farm\u00e1cia (noite)<\/p>\n\n\n\n<p>Atendimento ao cliente (noite)<\/p>\n\n\n\n<p>Barbearia (manh\u00e3)<\/p>\n\n\n\n<p>Cria\u00e7\u00e3o de jogos digitais I (tarde)<\/p>\n\n\n\n<p>Doces e salgados (manh\u00e3)<\/p>\n\n\n\n<p>Elabora\u00e7\u00e3o de apresenta\u00e7\u00f5es (manh\u00e3)<\/p>\n\n\n\n<p>Gastronomia I \u2013 iniciantes (tarde)<\/p>\n\n\n\n<p>Hotelaria (noite)<\/p>\n\n\n\n<p>Portugu\u00eas para estrangeiro (noite)<br><br><strong>Informa\u00e7\u00f5es<\/strong><br><strong>Inscri\u00e7\u00f5es no site<\/strong><br>08 a 11 de setembro<br><br><strong>Sele\u00e7\u00e3o<\/strong><br>12 de setembro<br><br><strong>Divulga\u00e7\u00e3o dos selecionados<\/strong><br>13 de setembro, atrav\u00e9s do WhatsApp informado na inscri\u00e7\u00e3o.<br><br><strong>Confirma\u00e7\u00e3o da matr\u00edcula dos selecionados<\/strong><br>14 a 19 de setembro<br><br><strong>In\u00edcio das aulas<\/strong><br>A partir de 21 de setembro<\/p>\n\n\n\n<p><em><strong>Documentos necess\u00e1rios para a inscri\u00e7\u00e3o<\/strong><\/em><\/p>\n\n\n\n<p>No preenchimento do formul\u00e1rio de inscri\u00e7\u00e3o, ser\u00e1 necess\u00e1rio anexar:<\/p>\n\n\n\n<p>\u2013 C\u00f3pia ou foto da carteira de identidade;<\/p>\n\n\n\n<p>\u2013 C\u00f3pia ou foto do comprovante de resid\u00eancia;<\/p>\n\n\n\n<p>\u2013 Caso o participante seja cadastrado no Caf\u00e9 com Emprego, Cad\u00danico ou programa Meu Beb\u00ea Meu Tesouro, Imigrante, PCD e ou Benefici\u00e1rio do INSS, uma c\u00f3pia ou foto do comprovante de cadastro.<\/p>\n\n\n\n<p><strong>Ajuda para a inscri\u00e7\u00e3o:<\/strong><\/p>\n\n\n\n<p>A equipe da Escola das Profiss\u00f5es estar\u00e1 \u00e0 disposi\u00e7\u00e3o da comunidade para auxiliar nas inscri\u00e7\u00f5es. Quem tiver d\u00favidas poder\u00e1 comparecer, de segunda a sexta-feira, das 8h \u00e0s 11h30 e das 13h30 \u00e0s 17h, na Esta\u00e7\u00e3o 1 &#8211; Faculdade Ideau (Av. Rui Barbosa N\u00b0 103 \u2013 Petr\u00f3polis), portando os documentos pessoais.<\/p>\n\n\n\n<p>Mais informa\u00e7\u00f5es podem ser obtidas pelo WhatsApp: (54)9.9976-5144 ou pelo e-mail: eprof@edu.pmpf.rs.gov.br.<\/p>\n","protected":false},"excerpt":{"rendered":"<p>Profiss\u00f5es. Ser\u00e3o oferecidas 430 vagas para a profissionaliza\u00e7\u00e3o gratuita em diversas \u00e1reas. As inscri\u00e7\u00f5es ir\u00e3o de 8 a 11 de setembro pelo site http:\/\/eprof.educapf.org<\/p>\n","protected":false},"author":6,"featured_media":8643,"comment_status":"closed","ping_status":"closed","sticky":true,"template":"","format":"standard","meta":{"footnotes":""},"categories":[34],"tags":[],"class_list":["post-8641","post","type-post","status-publish","format-standard","has-post-thumbnail","hentry","category-escola-das-profissoes"],"yoast_head":"<!-- This site is optimized with the Yoast SEO plugin v23.8 - https:\/\/yoast.com\/wordpress\/plugins\/seo\/ -->\n<title>Prefeitura anuncia abertura de inscri\u00e7\u00f5es para 18 novos cursos da Escola das Profiss\u00f5es - Secretaria de Educa\u00e7\u00e3o<\/title>\n<meta name=\"robots\" content=\"index, follow, max-snippet:-1, max-image-preview:large, max-video-preview:-1\" \/>\n<link rel=\"canonical\" href=\"https:\/\/www.pmpf.rs.gov.br\/educacao\/2022\/09\/05\/prefeitura-anuncia-abertura-de-inscricoes-para-18-novos-cursos-da-escola-das-profissoes\/\" \/>\n<meta property=\"og:locale\" content=\"pt_BR\" \/>\n<meta property=\"og:type\" content=\"article\" \/>\n<meta property=\"og:title\" content=\"Prefeitura anuncia abertura de inscri\u00e7\u00f5es para 18 novos cursos da Escola das Profiss\u00f5es - Secretaria de Educa\u00e7\u00e3o\" \/>\n<meta property=\"og:description\" content=\"Profiss\u00f5es. Ser\u00e3o oferecidas 430 vagas para a profissionaliza\u00e7\u00e3o gratuita em diversas \u00e1reas. As inscri\u00e7\u00f5es ir\u00e3o de 8 a 11 de setembro pelo site http:\/\/eprof.educapf.org\" \/>\n<meta property=\"og:url\" content=\"https:\/\/www.pmpf.rs.gov.br\/educacao\/2022\/09\/05\/prefeitura-anuncia-abertura-de-inscricoes-para-18-novos-cursos-da-escola-das-profissoes\/\" \/>\n<meta property=\"og:site_name\" content=\"Secretaria de Educa\u00e7\u00e3o\" \/>\n<meta property=\"article:published_time\" content=\"2022-09-05T17:42:25+00:00\" \/>\n<meta property=\"article:modified_time\" content=\"2022-09-08T12:34:20+00:00\" \/>\n<meta property=\"og:image\" content=\"https:\/\/www.pmpf.rs.gov.br\/educacao\/wp-content\/uploads\/sites\/43\/2022\/09\/IMG_8194-scaled.jpg\" \/>\n\t<meta property=\"og:image:width\" content=\"2560\" \/>\n\t<meta property=\"og:image:height\" content=\"1707\" \/>\n\t<meta property=\"og:image:type\" content=\"image\/jpeg\" \/>\n<meta name=\"author\" content=\"andressazorzetto07\" \/>\n<meta name=\"twitter:card\" content=\"summary_large_image\" \/>\n<meta name=\"twitter:label1\" content=\"Escrito por\" \/>\n\t<meta name=\"twitter:data1\" content=\"andressazorzetto07\" \/>\n\t<meta name=\"twitter:label2\" content=\"Est. tempo de leitura\" \/>\n\t<meta name=\"twitter:data2\" content=\"4 minutos\" \/>\n<script type=\"application\/ld+json\" class=\"yoast-schema-graph\">{\"@context\":\"https:\/\/schema.org\",\"@graph\":[{\"@type\":\"WebPage\",\"@id\":\"https:\/\/www.pmpf.rs.gov.br\/educacao\/2022\/09\/05\/prefeitura-anuncia-abertura-de-inscricoes-para-18-novos-cursos-da-escola-das-profissoes\/\",\"url\":\"https:\/\/www.pmpf.rs.gov.br\/educacao\/2022\/09\/05\/prefeitura-anuncia-abertura-de-inscricoes-para-18-novos-cursos-da-escola-das-profissoes\/\",\"name\":\"Prefeitura anuncia abertura de inscri\u00e7\u00f5es para 18 novos cursos da Escola das Profiss\u00f5es - Secretaria de Educa\u00e7\u00e3o\",\"isPartOf\":{\"@id\":\"https:\/\/www.pmpf.rs.gov.br\/educacao\/#website\"},\"primaryImageOfPage\":{\"@id\":\"https:\/\/www.pmpf.rs.gov.br\/educacao\/2022\/09\/05\/prefeitura-anuncia-abertura-de-inscricoes-para-18-novos-cursos-da-escola-das-profissoes\/#primaryimage\"},\"image\":{\"@id\":\"https:\/\/www.pmpf.rs.gov.br\/educacao\/2022\/09\/05\/prefeitura-anuncia-abertura-de-inscricoes-para-18-novos-cursos-da-escola-das-profissoes\/#primaryimage\"},\"thumbnailUrl\":\"https:\/\/www.pmpf.rs.gov.br\/educacao\/wp-content\/uploads\/sites\/43\/2022\/09\/IMG_8194-scaled.jpg\",\"datePublished\":\"2022-09-05T17:42:25+00:00\",\"dateModified\":\"2022-09-08T12:34:20+00:00\",\"author\":{\"@id\":\"https:\/\/www.pmpf.rs.gov.br\/educacao\/#\/schema\/person\/30ee1d1bd74da1469b01fcf086e43351\"},\"inLanguage\":\"pt-BR\",\"potentialAction\":[{\"@type\":\"ReadAction\",\"target\":[\"https:\/\/www.pmpf.rs.gov.br\/educacao\/2022\/09\/05\/prefeitura-anuncia-abertura-de-inscricoes-para-18-novos-cursos-da-escola-das-profissoes\/\"]}]},{\"@type\":\"ImageObject\",\"inLanguage\":\"pt-BR\",\"@id\":\"https:\/\/www.pmpf.rs.gov.br\/educacao\/2022\/09\/05\/prefeitura-anuncia-abertura-de-inscricoes-para-18-novos-cursos-da-escola-das-profissoes\/#primaryimage\",\"url\":\"https:\/\/www.pmpf.rs.gov.br\/educacao\/wp-content\/uploads\/sites\/43\/2022\/09\/IMG_8194-scaled.jpg\",\"contentUrl\":\"https:\/\/www.pmpf.rs.gov.br\/educacao\/wp-content\/uploads\/sites\/43\/2022\/09\/IMG_8194-scaled.jpg\",\"width\":2560,\"height\":1707},{\"@type\":\"WebSite\",\"@id\":\"https:\/\/www.pmpf.rs.gov.br\/educacao\/#website\",\"url\":\"https:\/\/www.pmpf.rs.gov.br\/educacao\/\",\"name\":\"Secretaria de Educa\u00e7\u00e3o\",\"description\":\"Secretaria de Educa\u00e7\u00e3o da cidade de Passo Fundo\",\"potentialAction\":[{\"@type\":\"SearchAction\",\"target\":{\"@type\":\"EntryPoint\",\"urlTemplate\":\"https:\/\/www.pmpf.rs.gov.br\/educacao\/?s={search_term_string}\"},\"query-input\":{\"@type\":\"PropertyValueSpecification\",\"valueRequired\":true,\"valueName\":\"search_term_string\"}}],\"inLanguage\":\"pt-BR\"},{\"@type\":\"Person\",\"@id\":\"https:\/\/www.pmpf.rs.gov.br\/educacao\/#\/schema\/person\/30ee1d1bd74da1469b01fcf086e43351\",\"name\":\"andressazorzetto07\",\"image\":{\"@type\":\"ImageObject\",\"inLanguage\":\"pt-BR\",\"@id\":\"https:\/\/www.pmpf.rs.gov.br\/educacao\/#\/schema\/person\/image\/\",\"url\":\"https:\/\/secure.gravatar.com\/avatar\/14c5458ed79dc81da99a13b9ff5f9f19?s=96&d=mm&r=g\",\"contentUrl\":\"https:\/\/secure.gravatar.com\/avatar\/14c5458ed79dc81da99a13b9ff5f9f19?s=96&d=mm&r=g\",\"caption\":\"andressazorzetto07\"},\"url\":\"https:\/\/www.pmpf.rs.gov.br\/educacao\/author\/andressazorzetto07\/\"}]}<\/script>\n<!-- \/ Yoast SEO plugin. -->","yoast_head_json":{"title":"Prefeitura anuncia abertura de inscri\u00e7\u00f5es para 18 novos cursos da Escola das Profiss\u00f5es - Secretaria de Educa\u00e7\u00e3o","robots":{"index":"index","follow":"follow","max-snippet":"max-snippet:-1","max-image-preview":"max-image-preview:large","max-video-preview":"max-video-preview:-1"},"canonical":"https:\/\/www.pmpf.rs.gov.br\/educacao\/2022\/09\/05\/prefeitura-anuncia-abertura-de-inscricoes-para-18-novos-cursos-da-escola-das-profissoes\/","og_locale":"pt_BR","og_type":"article","og_title":"Prefeitura anuncia abertura de inscri\u00e7\u00f5es para 18 novos cursos da Escola das Profiss\u00f5es - Secretaria de Educa\u00e7\u00e3o","og_description":"Profiss\u00f5es. Ser\u00e3o oferecidas 430 vagas para a profissionaliza\u00e7\u00e3o gratuita em diversas \u00e1reas. As inscri\u00e7\u00f5es ir\u00e3o de 8 a 11 de setembro pelo site http:\/\/eprof.educapf.org","og_url":"https:\/\/www.pmpf.rs.gov.br\/educacao\/2022\/09\/05\/prefeitura-anuncia-abertura-de-inscricoes-para-18-novos-cursos-da-escola-das-profissoes\/","og_site_name":"Secretaria de Educa\u00e7\u00e3o","article_published_time":"2022-09-05T17:42:25+00:00","article_modified_time":"2022-09-08T12:34:20+00:00","og_image":[{"width":2560,"height":1707,"url":"https:\/\/www.pmpf.rs.gov.br\/educacao\/wp-content\/uploads\/sites\/43\/2022\/09\/IMG_8194-scaled.jpg","type":"image\/jpeg"}],"author":"andressazorzetto07","twitter_card":"summary_large_image","twitter_misc":{"Escrito por":"andressazorzetto07","Est. tempo de leitura":"4 minutos"},"schema":{"@context":"https:\/\/schema.org","@graph":[{"@type":"WebPage","@id":"https:\/\/www.pmpf.rs.gov.br\/educacao\/2022\/09\/05\/prefeitura-anuncia-abertura-de-inscricoes-para-18-novos-cursos-da-escola-das-profissoes\/","url":"https:\/\/www.pmpf.rs.gov.br\/educacao\/2022\/09\/05\/prefeitura-anuncia-abertura-de-inscricoes-para-18-novos-cursos-da-escola-das-profissoes\/","name":"Prefeitura anuncia abertura de inscri\u00e7\u00f5es para 18 novos cursos da Escola das Profiss\u00f5es - Secretaria de Educa\u00e7\u00e3o","isPartOf":{"@id":"https:\/\/www.pmpf.rs.gov.br\/educacao\/#website"},"primaryImageOfPage":{"@id":"https:\/\/www.pmpf.rs.gov.br\/educacao\/2022\/09\/05\/prefeitura-anuncia-abertura-de-inscricoes-para-18-novos-cursos-da-escola-das-profissoes\/#primaryimage"},"image":{"@id":"https:\/\/www.pmpf.rs.gov.br\/educacao\/2022\/09\/05\/prefeitura-anuncia-abertura-de-inscricoes-para-18-novos-cursos-da-escola-das-profissoes\/#primaryimage"},"thumbnailUrl":"https:\/\/www.pmpf.rs.gov.br\/educacao\/wp-content\/uploads\/sites\/43\/2022\/09\/IMG_8194-scaled.jpg","datePublished":"2022-09-05T17:42:25+00:00","dateModified":"2022-09-08T12:34:20+00:00","author":{"@id":"https:\/\/www.pmpf.rs.gov.br\/educacao\/#\/schema\/person\/30ee1d1bd74da1469b01fcf086e43351"},"inLanguage":"pt-BR","potentialAction":[{"@type":"ReadAction","target":["https:\/\/www.pmpf.rs.gov.br\/educacao\/2022\/09\/05\/prefeitura-anuncia-abertura-de-inscricoes-para-18-novos-cursos-da-escola-das-profissoes\/"]}]},{"@type":"ImageObject","inLanguage":"pt-BR","@id":"https:\/\/www.pmpf.rs.gov.br\/educacao\/2022\/09\/05\/prefeitura-anuncia-abertura-de-inscricoes-para-18-novos-cursos-da-escola-das-profissoes\/#primaryimage","url":"https:\/\/www.pmpf.rs.gov.br\/educacao\/wp-content\/uploads\/sites\/43\/2022\/09\/IMG_8194-scaled.jpg","contentUrl":"https:\/\/www.pmpf.rs.gov.br\/educacao\/wp-content\/uploads\/sites\/43\/2022\/09\/IMG_8194-scaled.jpg","width":2560,"height":1707},{"@type":"WebSite","@id":"https:\/\/www.pmpf.rs.gov.br\/educacao\/#website","url":"https:\/\/www.pmpf.rs.gov.br\/educacao\/","name":"Secretaria de Educa\u00e7\u00e3o","description":"Secretaria de Educa\u00e7\u00e3o da cidade de Passo Fundo","potentialAction":[{"@type":"SearchAction","target":{"@type":"EntryPoint","urlTemplate":"https:\/\/www.pmpf.rs.gov.br\/educacao\/?s={search_term_string}"},"query-input":{"@type":"PropertyValueSpecification","valueRequired":true,"valueName":"search_term_string"}}],"inLanguage":"pt-BR"},{"@type":"Person","@id":"https:\/\/www.pmpf.rs.gov.br\/educacao\/#\/schema\/person\/30ee1d1bd74da1469b01fcf086e43351","name":"andressazorzetto07","image":{"@type":"ImageObject","inLanguage":"pt-BR","@id":"https:\/\/www.pmpf.rs.gov.br\/educacao\/#\/schema\/person\/image\/","url":"https:\/\/secure.gravatar.com\/avatar\/14c5458ed79dc81da99a13b9ff5f9f19?s=96&d=mm&r=g","contentUrl":"https:\/\/secure.gravatar.com\/avatar\/14c5458ed79dc81da99a13b9ff5f9f19?s=96&d=mm&r=g","caption":"andressazorzetto07"},"url":"https:\/\/www.pmpf.rs.gov.br\/educacao\/author\/andressazorzetto07\/"}]}},"_links":{"self":[{"href":"https:\/\/www.pmpf.rs.gov.br\/educacao\/wp-json\/wp\/v2\/posts\/8641"}],"collection":[{"href":"https:\/\/www.pmpf.rs.gov.br\/educacao\/wp-json\/wp\/v2\/posts"}],"about":[{"href":"https:\/\/www.pmpf.rs.gov.br\/educacao\/wp-json\/wp\/v2\/types\/post"}],"author":[{"embeddable":true,"href":"https:\/\/www.pmpf.rs.gov.br\/educacao\/wp-json\/wp\/v2\/users\/6"}],"replies":[{"embeddable":true,"href":"https:\/\/www.pmpf.rs.gov.br\/educacao\/wp-json\/wp\/v2\/comments?post=8641"}],"version-history":[{"count":3,"href":"https:\/\/www.pmpf.rs.gov.br\/educacao\/wp-json\/wp\/v2\/posts\/8641\/revisions"}],"predecessor-version":[{"id":8645,"href":"https:\/\/www.pmpf.rs.gov.br\/educacao\/wp-json\/wp\/v2\/posts\/8641\/revisions\/8645"}],"wp:featuredmedia":[{"embeddable":true,"href":"https:\/\/www.pmpf.rs.gov.br\/educacao\/wp-json\/wp\/v2\/media\/8643"}],"wp:attachment":[{"href":"https:\/\/www.pmpf.rs.gov.br\/educacao\/wp-json\/wp\/v2\/media?parent=8641"}],"wp:term":[{"taxonomy":"category","embeddable":true,"href":"https:\/\/www.pmpf.rs.gov.br\/educacao\/wp-json\/wp\/v2\/categories?post=8641"},{"taxonomy":"post_tag","embeddable":true,"href":"https:\/\/www.pmpf.rs.gov.br\/educacao\/wp-json\/wp\/v2\/tags?post=8641"}],"curies":[{"name":"wp","href":"https:\/\/api.w.org\/{rel}","templated":true}]}}