{"id":8624,"date":"2022-08-30T10:18:05","date_gmt":"2022-08-30T13:18:05","guid":{"rendered":"https:\/\/www.pmpf.rs.gov.br\/educacao\/?p=8624"},"modified":"2022-08-30T11:02:18","modified_gmt":"2022-08-30T14:02:18","slug":"escola-das-profissoes-prefeitura-da-inicio-aos-primeiros-cursos-gratuitos","status":"publish","type":"post","link":"https:\/\/www.pmpf.rs.gov.br\/educacao\/2022\/08\/30\/escola-das-profissoes-prefeitura-da-inicio-aos-primeiros-cursos-gratuitos\/","title":{"rendered":"Escola das Profiss\u00f5es: Prefeitura d\u00e1 in\u00edcio aos primeiros cursos gratuitos"},"content":{"rendered":"\n<p><\/p>\n\n\n\n<p>Oportunidade de coloca\u00e7\u00e3o no mercado de trabalho: foi isso que Marciele dos Santos, de 22 anos, viu na Escola das Profiss\u00f5es da Prefeitura de Passo Fundo. Nessa segunda-feira (29), os primeiros cursos gratuitos foram iniciados e, junto, ela come\u00e7ou uma trajet\u00f3ria para se tornar cabeleireira. \u201cA Escola das Profiss\u00f5es est\u00e1 sendo muito importante, pois deu uma chance para quem quer se qualificar em uma \u00e1rea e n\u00e3o tem condi\u00e7\u00f5es financeiras\u201d, disse.<br>Marciele teve prefer\u00eancia para ingressar no curso. M\u00e3e do Jo\u00e3o Gabriel, de oito meses, ela faz parte do programa Meu Beb\u00ea, Meu Tesouro. Priorizar as mulheres acompanhadas pela rede municipal de sa\u00fade foi uma iniciativa da Prefeitura a fim de criar possibilidades para que elas se profissionalizem e sejam emancipadas. \u201cFiquei sabendo do curso pelo grupo do WhatsApp do Meu Beb\u00ea, Meu Tesouro, que participo desde o s\u00e9timo m\u00eas de gesta\u00e7\u00e3o. Desde que entrei, tive ajuda com tudo: consultas, exames e orienta\u00e7\u00f5es. Agora, recebi mais esse suporte com a Escola das Profiss\u00f5es\u201d, contou.<br>Para os 17 primeiros cursos, foram abertas 410 vagas. Puderam se inscrever todas as pessoas com mais de 15 anos. Os alunos foram chamados por ordem de inscri\u00e7\u00e3o. Tiveram prioridade de acesso, al\u00e9m das mulheres do programa Meu Beb\u00ea, Meu Tesouro, pessoas benefici\u00e1rias do Cad\u00danico e participantes do programa Caf\u00e9 com Emprego. Os cursos s\u00e3o realizados dentro de um cronograma espec\u00edfico e as aulas acontecem nos espa\u00e7os das faculdades Anhanguera e Ideau.<br>Uma aula inaugural foi promovida durante a noite. O prefeito, Pedro Almeida, recepcionou os alunos e enfatizou a import\u00e2ncia da Escola das Profiss\u00f5es. &#8220;A Escola das Profiss\u00f5es representa futuro, oportunidade. \u00c9 muito bom ver tantas pessoas aproveitando a oportunidade de uma qualifica\u00e7\u00e3o e algo melhor para suas vidas e suas fam\u00edlias&#8221;, observou.&nbsp;<br><strong>Eixos dos cursos<\/strong>A Escola das Profiss\u00f5es est\u00e1 sintonizada com o Caf\u00e9 com Emprego, que foi criado pela Prefeitura para conectar pessoas a empresas com vagas dispon\u00edveis. Para o secret\u00e1rio de Desenvolvimento, Diorges Oliveira, essa associa\u00e7\u00e3o entre os dois programas visualiza o cen\u00e1rio atual do mercado de trabalho. \u201cUm dos desafios para o preenchimento dos postos de trabalho que identificamos nas quatro edi\u00e7\u00f5es do Caf\u00e9 com Emprego \u00e9 a qualifica\u00e7\u00e3o t\u00e9cnica. As empresas t\u00eam vagas abertas que n\u00e3o conseguem preencher pela falta de m\u00e3o de obra. E, muitas vezes, as pessoas n\u00e3o conseguem se profissionalizar. Dessa forma, a Escola das Profiss\u00f5es ser\u00e1 um alicerce para o mercado de trabalho\u201d, justificou.<br>Pensando nas v\u00e1rias \u00e1reas de capacita\u00e7\u00e3o, a Escola das Profiss\u00f5es foi dividida em tr\u00eas eixos. A estimativa \u00e9 que, ainda neste segundo semestre de 2022, mais de 50 capacita\u00e7\u00f5es gratuitas, nos tr\u00eas setores, estejam em opera\u00e7\u00e3o. O Eixo 1, chamado \u201cProfissionais do Futuro\u201d, \u00e9 destinado ao desenvolvimento de habilidades fundamentais aos profissionais do futuro. O ambiente criado tem como marca o aprendizado de l\u00ednguas, a utiliza\u00e7\u00e3o de m\u00e9todos \u00e1geis e o desenvolvimento de tecnologias sociais. O Eixo 2, que ganhou o nome \u201cQualific@REE\u201d, proporciona uma forma\u00e7\u00e3o de jovens e adultos na \u00e1rea da capacita\u00e7\u00e3o profissional, focando no desenvolvimento pessoal e social. Esses cursos buscam beneficiar pessoas que residem no Munic\u00edpio com mais de 15 anos com a profissionaliza\u00e7\u00e3o para que, assim, possam ingressar no mercado de trabalho ou se manter nele. Ainda, incentiva o empreendedorismo, e dessa forma, aumentar sua renda familiar.<br>J\u00e1 o Eixo 3, o \u201cUpdate\u201d, tem foco em atender a ind\u00fastria. A Prefeitura estabeleceu parcerias com as entidades representativas de classe e os setores produtivos para promover cursos t\u00e9cnicos de capacita\u00e7\u00e3o, atendendo a demandas por m\u00e3o de obra qualificada. O objetivo \u00e9 garantir que os trabalhadores tenham acesso facilitado a espa\u00e7os de forma\u00e7\u00e3o profissional, promovendo o crescimento individual e das empresas. Entre as entidades e institui\u00e7\u00f5es parceiras, est\u00e3o a Acisa, o Senai e o Senac.<br>O secret\u00e1rio de Educa\u00e7\u00e3o, Adriano Canabarro Teixeira, considera que a Escola das Profiss\u00f5es \u00e9 uma a\u00e7\u00e3o leg\u00edtima de Cidade Educadora. \u201cEla cria oportunidades de desenvolvimento profissional e promove a parceria entre o poder p\u00fablico e a iniciativa privada. A ideia \u00e9 que ela se adapte \u00e0s demandas do mercado e necessidades de forma\u00e7\u00e3o dos passo-fundenses\u201d, pontuou.<\/p>\n","protected":false},"excerpt":{"rendered":"<p>Tiveram prioridade para o ingresso pessoas benefici\u00e1rias do Cad\u00danico e participantes dos programas Meu Beb\u00ea, Meu Tesouro e Caf\u00e9 com Emprego. Ao todo, foram abertas 410 vagas<\/p>\n","protected":false},"author":6,"featured_media":8626,"comment_status":"closed","ping_status":"closed","sticky":true,"template":"","format":"standard","meta":{"footnotes":""},"categories":[34],"tags":[],"class_list":["post-8624","post","type-post","status-publish","format-standard","has-post-thumbnail","hentry","category-escola-das-profissoes"],"yoast_head":"<!-- This site is optimized with the Yoast SEO plugin v23.8 - https:\/\/yoast.com\/wordpress\/plugins\/seo\/ -->\n<title>Escola das Profiss\u00f5es: Prefeitura d\u00e1 in\u00edcio aos primeiros cursos gratuitos - Secretaria de Educa\u00e7\u00e3o<\/title>\n<meta name=\"robots\" content=\"index, follow, max-snippet:-1, max-image-preview:large, max-video-preview:-1\" \/>\n<link rel=\"canonical\" href=\"https:\/\/www.pmpf.rs.gov.br\/educacao\/2022\/08\/30\/escola-das-profissoes-prefeitura-da-inicio-aos-primeiros-cursos-gratuitos\/\" \/>\n<meta property=\"og:locale\" content=\"pt_BR\" \/>\n<meta property=\"og:type\" content=\"article\" \/>\n<meta property=\"og:title\" content=\"Escola das Profiss\u00f5es: Prefeitura d\u00e1 in\u00edcio aos primeiros cursos gratuitos - Secretaria de Educa\u00e7\u00e3o\" \/>\n<meta property=\"og:description\" content=\"Tiveram prioridade para o ingresso pessoas benefici\u00e1rias do Cad\u00danico e participantes dos programas Meu Beb\u00ea, Meu Tesouro e Caf\u00e9 com Emprego. Ao todo, foram abertas 410 vagas\" \/>\n<meta property=\"og:url\" content=\"https:\/\/www.pmpf.rs.gov.br\/educacao\/2022\/08\/30\/escola-das-profissoes-prefeitura-da-inicio-aos-primeiros-cursos-gratuitos\/\" \/>\n<meta property=\"og:site_name\" content=\"Secretaria de Educa\u00e7\u00e3o\" \/>\n<meta property=\"article:published_time\" content=\"2022-08-30T13:18:05+00:00\" \/>\n<meta property=\"article:modified_time\" content=\"2022-08-30T14:02:18+00:00\" \/>\n<meta name=\"author\" content=\"andressazorzetto07\" \/>\n<meta name=\"twitter:card\" content=\"summary_large_image\" \/>\n<meta name=\"twitter:label1\" content=\"Escrito por\" \/>\n\t<meta name=\"twitter:data1\" content=\"andressazorzetto07\" \/>\n\t<meta name=\"twitter:label2\" content=\"Est. tempo de leitura\" \/>\n\t<meta name=\"twitter:data2\" content=\"4 minutos\" \/>\n<script type=\"application\/ld+json\" class=\"yoast-schema-graph\">{\"@context\":\"https:\/\/schema.org\",\"@graph\":[{\"@type\":\"WebPage\",\"@id\":\"https:\/\/www.pmpf.rs.gov.br\/educacao\/2022\/08\/30\/escola-das-profissoes-prefeitura-da-inicio-aos-primeiros-cursos-gratuitos\/\",\"url\":\"https:\/\/www.pmpf.rs.gov.br\/educacao\/2022\/08\/30\/escola-das-profissoes-prefeitura-da-inicio-aos-primeiros-cursos-gratuitos\/\",\"name\":\"Escola das Profiss\u00f5es: Prefeitura d\u00e1 in\u00edcio aos primeiros cursos gratuitos - Secretaria de Educa\u00e7\u00e3o\",\"isPartOf\":{\"@id\":\"https:\/\/www.pmpf.rs.gov.br\/educacao\/#website\"},\"primaryImageOfPage\":{\"@id\":\"https:\/\/www.pmpf.rs.gov.br\/educacao\/2022\/08\/30\/escola-das-profissoes-prefeitura-da-inicio-aos-primeiros-cursos-gratuitos\/#primaryimage\"},\"image\":{\"@id\":\"https:\/\/www.pmpf.rs.gov.br\/educacao\/2022\/08\/30\/escola-das-profissoes-prefeitura-da-inicio-aos-primeiros-cursos-gratuitos\/#primaryimage\"},\"thumbnailUrl\":\"https:\/\/www.pmpf.rs.gov.br\/educacao\/wp-content\/uploads\/sites\/43\/2022\/08\/escola-das-profissoes-1.jpg\",\"datePublished\":\"2022-08-30T13:18:05+00:00\",\"dateModified\":\"2022-08-30T14:02:18+00:00\",\"author\":{\"@id\":\"https:\/\/www.pmpf.rs.gov.br\/educacao\/#\/schema\/person\/30ee1d1bd74da1469b01fcf086e43351\"},\"inLanguage\":\"pt-BR\",\"potentialAction\":[{\"@type\":\"ReadAction\",\"target\":[\"https:\/\/www.pmpf.rs.gov.br\/educacao\/2022\/08\/30\/escola-das-profissoes-prefeitura-da-inicio-aos-primeiros-cursos-gratuitos\/\"]}]},{\"@type\":\"ImageObject\",\"inLanguage\":\"pt-BR\",\"@id\":\"https:\/\/www.pmpf.rs.gov.br\/educacao\/2022\/08\/30\/escola-das-profissoes-prefeitura-da-inicio-aos-primeiros-cursos-gratuitos\/#primaryimage\",\"url\":\"https:\/\/www.pmpf.rs.gov.br\/educacao\/wp-content\/uploads\/sites\/43\/2022\/08\/escola-das-profissoes-1.jpg\",\"contentUrl\":\"https:\/\/www.pmpf.rs.gov.br\/educacao\/wp-content\/uploads\/sites\/43\/2022\/08\/escola-das-profissoes-1.jpg\",\"width\":1280,\"height\":853},{\"@type\":\"WebSite\",\"@id\":\"https:\/\/www.pmpf.rs.gov.br\/educacao\/#website\",\"url\":\"https:\/\/www.pmpf.rs.gov.br\/educacao\/\",\"name\":\"Secretaria de Educa\u00e7\u00e3o\",\"description\":\"Secretaria de Educa\u00e7\u00e3o da cidade de Passo Fundo\",\"potentialAction\":[{\"@type\":\"SearchAction\",\"target\":{\"@type\":\"EntryPoint\",\"urlTemplate\":\"https:\/\/www.pmpf.rs.gov.br\/educacao\/?s={search_term_string}\"},\"query-input\":{\"@type\":\"PropertyValueSpecification\",\"valueRequired\":true,\"valueName\":\"search_term_string\"}}],\"inLanguage\":\"pt-BR\"},{\"@type\":\"Person\",\"@id\":\"https:\/\/www.pmpf.rs.gov.br\/educacao\/#\/schema\/person\/30ee1d1bd74da1469b01fcf086e43351\",\"name\":\"andressazorzetto07\",\"image\":{\"@type\":\"ImageObject\",\"inLanguage\":\"pt-BR\",\"@id\":\"https:\/\/www.pmpf.rs.gov.br\/educacao\/#\/schema\/person\/image\/\",\"url\":\"https:\/\/secure.gravatar.com\/avatar\/14c5458ed79dc81da99a13b9ff5f9f19?s=96&d=mm&r=g\",\"contentUrl\":\"https:\/\/secure.gravatar.com\/avatar\/14c5458ed79dc81da99a13b9ff5f9f19?s=96&d=mm&r=g\",\"caption\":\"andressazorzetto07\"},\"url\":\"https:\/\/www.pmpf.rs.gov.br\/educacao\/author\/andressazorzetto07\/\"}]}<\/script>\n<!-- \/ Yoast SEO plugin. -->","yoast_head_json":{"title":"Escola das Profiss\u00f5es: Prefeitura d\u00e1 in\u00edcio aos primeiros cursos gratuitos - Secretaria de Educa\u00e7\u00e3o","robots":{"index":"index","follow":"follow","max-snippet":"max-snippet:-1","max-image-preview":"max-image-preview:large","max-video-preview":"max-video-preview:-1"},"canonical":"https:\/\/www.pmpf.rs.gov.br\/educacao\/2022\/08\/30\/escola-das-profissoes-prefeitura-da-inicio-aos-primeiros-cursos-gratuitos\/","og_locale":"pt_BR","og_type":"article","og_title":"Escola das Profiss\u00f5es: Prefeitura d\u00e1 in\u00edcio aos primeiros cursos gratuitos - Secretaria de Educa\u00e7\u00e3o","og_description":"Tiveram prioridade para o ingresso pessoas benefici\u00e1rias do Cad\u00danico e participantes dos programas Meu Beb\u00ea, Meu Tesouro e Caf\u00e9 com Emprego. Ao todo, foram abertas 410 vagas","og_url":"https:\/\/www.pmpf.rs.gov.br\/educacao\/2022\/08\/30\/escola-das-profissoes-prefeitura-da-inicio-aos-primeiros-cursos-gratuitos\/","og_site_name":"Secretaria de Educa\u00e7\u00e3o","article_published_time":"2022-08-30T13:18:05+00:00","article_modified_time":"2022-08-30T14:02:18+00:00","author":"andressazorzetto07","twitter_card":"summary_large_image","twitter_misc":{"Escrito por":"andressazorzetto07","Est. tempo de leitura":"4 minutos"},"schema":{"@context":"https:\/\/schema.org","@graph":[{"@type":"WebPage","@id":"https:\/\/www.pmpf.rs.gov.br\/educacao\/2022\/08\/30\/escola-das-profissoes-prefeitura-da-inicio-aos-primeiros-cursos-gratuitos\/","url":"https:\/\/www.pmpf.rs.gov.br\/educacao\/2022\/08\/30\/escola-das-profissoes-prefeitura-da-inicio-aos-primeiros-cursos-gratuitos\/","name":"Escola das Profiss\u00f5es: Prefeitura d\u00e1 in\u00edcio aos primeiros cursos gratuitos - Secretaria de Educa\u00e7\u00e3o","isPartOf":{"@id":"https:\/\/www.pmpf.rs.gov.br\/educacao\/#website"},"primaryImageOfPage":{"@id":"https:\/\/www.pmpf.rs.gov.br\/educacao\/2022\/08\/30\/escola-das-profissoes-prefeitura-da-inicio-aos-primeiros-cursos-gratuitos\/#primaryimage"},"image":{"@id":"https:\/\/www.pmpf.rs.gov.br\/educacao\/2022\/08\/30\/escola-das-profissoes-prefeitura-da-inicio-aos-primeiros-cursos-gratuitos\/#primaryimage"},"thumbnailUrl":"https:\/\/www.pmpf.rs.gov.br\/educacao\/wp-content\/uploads\/sites\/43\/2022\/08\/escola-das-profissoes-1.jpg","datePublished":"2022-08-30T13:18:05+00:00","dateModified":"2022-08-30T14:02:18+00:00","author":{"@id":"https:\/\/www.pmpf.rs.gov.br\/educacao\/#\/schema\/person\/30ee1d1bd74da1469b01fcf086e43351"},"inLanguage":"pt-BR","potentialAction":[{"@type":"ReadAction","target":["https:\/\/www.pmpf.rs.gov.br\/educacao\/2022\/08\/30\/escola-das-profissoes-prefeitura-da-inicio-aos-primeiros-cursos-gratuitos\/"]}]},{"@type":"ImageObject","inLanguage":"pt-BR","@id":"https:\/\/www.pmpf.rs.gov.br\/educacao\/2022\/08\/30\/escola-das-profissoes-prefeitura-da-inicio-aos-primeiros-cursos-gratuitos\/#primaryimage","url":"https:\/\/www.pmpf.rs.gov.br\/educacao\/wp-content\/uploads\/sites\/43\/2022\/08\/escola-das-profissoes-1.jpg","contentUrl":"https:\/\/www.pmpf.rs.gov.br\/educacao\/wp-content\/uploads\/sites\/43\/2022\/08\/escola-das-profissoes-1.jpg","width":1280,"height":853},{"@type":"WebSite","@id":"https:\/\/www.pmpf.rs.gov.br\/educacao\/#website","url":"https:\/\/www.pmpf.rs.gov.br\/educacao\/","name":"Secretaria de Educa\u00e7\u00e3o","description":"Secretaria de Educa\u00e7\u00e3o da cidade de Passo Fundo","potentialAction":[{"@type":"SearchAction","target":{"@type":"EntryPoint","urlTemplate":"https:\/\/www.pmpf.rs.gov.br\/educacao\/?s={search_term_string}"},"query-input":{"@type":"PropertyValueSpecification","valueRequired":true,"valueName":"search_term_string"}}],"inLanguage":"pt-BR"},{"@type":"Person","@id":"https:\/\/www.pmpf.rs.gov.br\/educacao\/#\/schema\/person\/30ee1d1bd74da1469b01fcf086e43351","name":"andressazorzetto07","image":{"@type":"ImageObject","inLanguage":"pt-BR","@id":"https:\/\/www.pmpf.rs.gov.br\/educacao\/#\/schema\/person\/image\/","url":"https:\/\/secure.gravatar.com\/avatar\/14c5458ed79dc81da99a13b9ff5f9f19?s=96&d=mm&r=g","contentUrl":"https:\/\/secure.gravatar.com\/avatar\/14c5458ed79dc81da99a13b9ff5f9f19?s=96&d=mm&r=g","caption":"andressazorzetto07"},"url":"https:\/\/www.pmpf.rs.gov.br\/educacao\/author\/andressazorzetto07\/"}]}},"_links":{"self":[{"href":"https:\/\/www.pmpf.rs.gov.br\/educacao\/wp-json\/wp\/v2\/posts\/8624"}],"collection":[{"href":"https:\/\/www.pmpf.rs.gov.br\/educacao\/wp-json\/wp\/v2\/posts"}],"about":[{"href":"https:\/\/www.pmpf.rs.gov.br\/educacao\/wp-json\/wp\/v2\/types\/post"}],"author":[{"embeddable":true,"href":"https:\/\/www.pmpf.rs.gov.br\/educacao\/wp-json\/wp\/v2\/users\/6"}],"replies":[{"embeddable":true,"href":"https:\/\/www.pmpf.rs.gov.br\/educacao\/wp-json\/wp\/v2\/comments?post=8624"}],"version-history":[{"count":1,"href":"https:\/\/www.pmpf.rs.gov.br\/educacao\/wp-json\/wp\/v2\/posts\/8624\/revisions"}],"predecessor-version":[{"id":8625,"href":"https:\/\/www.pmpf.rs.gov.br\/educacao\/wp-json\/wp\/v2\/posts\/8624\/revisions\/8625"}],"wp:featuredmedia":[{"embeddable":true,"href":"https:\/\/www.pmpf.rs.gov.br\/educacao\/wp-json\/wp\/v2\/media\/8626"}],"wp:attachment":[{"href":"https:\/\/www.pmpf.rs.gov.br\/educacao\/wp-json\/wp\/v2\/media?parent=8624"}],"wp:term":[{"taxonomy":"category","embeddable":true,"href":"https:\/\/www.pmpf.rs.gov.br\/educacao\/wp-json\/wp\/v2\/categories?post=8624"},{"taxonomy":"post_tag","embeddable":true,"href":"https:\/\/www.pmpf.rs.gov.br\/educacao\/wp-json\/wp\/v2\/tags?post=8624"}],"curies":[{"name":"wp","href":"https:\/\/api.w.org\/{rel}","templated":true}]}}