{"id":8542,"date":"2022-08-25T16:22:49","date_gmt":"2022-08-25T19:22:49","guid":{"rendered":"https:\/\/www.pmpf.rs.gov.br\/educacao\/?p=8542"},"modified":"2022-08-26T09:50:07","modified_gmt":"2022-08-26T12:50:07","slug":"prefeitura-conclui-instalacao-de-tvs-em-todas-as-salas-de-aula-das-emeis","status":"publish","type":"post","link":"https:\/\/www.pmpf.rs.gov.br\/educacao\/2022\/08\/25\/prefeitura-conclui-instalacao-de-tvs-em-todas-as-salas-de-aula-das-emeis\/","title":{"rendered":"Prefeitura conclui instala\u00e7\u00e3o de TV\u2019s em todas as salas de aula das EMEI\u2019s"},"content":{"rendered":"\n<p><br><br>Todas as salas de aula nas Escolas Municipais de Educa\u00e7\u00e3o Infantil (EMEI\u2019s) em Passo Fundo contam com aparelhos televisores de 50 polegadas \u00e0 disposi\u00e7\u00e3o de alunos e professores. A Prefeitura concluiu a instala\u00e7\u00e3o de 171 equipamentos em todas as institui\u00e7\u00f5es da rede de ensino infantil e, conforme o secret\u00e1rio de Educa\u00e7\u00e3o, Adriano Canabarro Teixeira, nas pr\u00f3ximas semanas o trabalho de instala\u00e7\u00e3o tamb\u00e9m ser\u00e1 finalizado nas escolas de Ensino Fundamental, encerrando o processo iniciado em mar\u00e7o deste ano.<br><br>De acordo com o prefeito Pedro Almeida, investimentos em tecnologia s\u00e3o fundamentais para qualificar o projeto pedag\u00f3gico implementado pelo Munic\u00edpio na educa\u00e7\u00e3o municipal. \u201cInvestimos mais de R$ 12 milh\u00f5es na aquisi\u00e7\u00e3o de 500 aparelhos de TV de 50 polegadas para que cada sala de aula das mais de 70 escolas municipais fossem contempladas. Al\u00e9m disso, com este recurso, tamb\u00e9m adquirimos 1.400 notebooks, tablets, projetores e computadores que est\u00e3o provocando avan\u00e7os na maneira como as nossas institui\u00e7\u00f5es de ensino interagem com a tecnologia. Isso \u00e9 importante para a educa\u00e7\u00e3o das nossas crian\u00e7as\u201d, afirmou Pedro.<br><br>Na manh\u00e3 desta quinta-feira (25), o prefeito visitou a EMEI Santa Isabel para conferir a finaliza\u00e7\u00e3o do processo de instala\u00e7\u00e3o dos aparelhos. \u201cEstes equipamentos se tornam ferramentas para a promo\u00e7\u00e3o de uma educa\u00e7\u00e3o mais ampla, que utiliza de recursos digitais em seu processo. Esta \u00e9 uma preocupa\u00e7\u00e3o constante do nosso governo, porque precisamos estimular o uso da tecnologia com responsabilidade\u201d, destacou Pedro.<\/p>\n\n\n\n<p>A professora Monique Bittencourt destacou a import\u00e2ncia de se pensar a tecnologia como uma ferramenta pedag\u00f3gica e n\u00e3o apenas de entretenimento. \u201cNeste momento estamos pesquisando com a turma sobre as tartarugas e os alunos usam os tablets e as TVs para aprenderem mais sobre as caracter\u00edsticas desse animal. A gente consegue ver o brilho nos olhos das crian\u00e7as, quando unimos os objetivos da aprendizagem com o que eles mais gostam: a tecnologia\u201d, afirmou a professora. Para a diretora da EMEI Santa Isabel, Bianca Arnold, os esfor\u00e7os da Prefeitura em aperfei\u00e7oar a infraestrutura tecnol\u00f3gica das escolas municipais&nbsp;tem&nbsp;gerado \u00f3timos resultados.<\/p>\n\n\n\n<p><br>Os recursos aplicados na aquisi\u00e7\u00e3o de equipamentos de tecnologia e inform\u00e1tica se somam aos investimentos feitos pela Prefeitura na moderniza\u00e7\u00e3o do sistema de seguran\u00e7a das escolas, com a instala\u00e7\u00e3o de c\u00e2meras de videomonitoramento nas mais de 70 institui\u00e7\u00f5es de ensino municipais. \u201cAs c\u00e2meras complementam esta a\u00e7\u00e3o, porque garantem mais seguran\u00e7a \u00e0s escolas. S\u00e3o investimentos importantes e que estruturam a nossa rede municipal de educa\u00e7\u00e3o\u201d, complementou o prefeito Pedro.<\/p>\n","protected":false},"excerpt":{"rendered":"<p>Equipamentos integram o investimento de mais de R$ 12 milh\u00f5es feito pelo Munic\u00edpio em tecnologia para a rede municipal de ensino. Nas pr\u00f3ximas semanas, a instala\u00e7\u00e3o tamb\u00e9m ser\u00e1 conclu\u00edda nas institui\u00e7\u00f5es de ensino fundamental<\/p>\n","protected":false},"author":6,"featured_media":8548,"comment_status":"closed","ping_status":"closed","sticky":true,"template":"","format":"standard","meta":{"footnotes":""},"categories":[35],"tags":[],"class_list":["post-8542","post","type-post","status-publish","format-standard","has-post-thumbnail","hentry","category-tvs-notebooks-e-tablets-nas-salas-de-aula"],"yoast_head":"<!-- This site is optimized with the Yoast SEO plugin v23.8 - https:\/\/yoast.com\/wordpress\/plugins\/seo\/ -->\n<title>Prefeitura conclui instala\u00e7\u00e3o de TV\u2019s em todas as salas de aula das EMEI\u2019s - Secretaria de Educa\u00e7\u00e3o<\/title>\n<meta name=\"robots\" content=\"index, follow, max-snippet:-1, max-image-preview:large, max-video-preview:-1\" \/>\n<link rel=\"canonical\" href=\"https:\/\/www.pmpf.rs.gov.br\/educacao\/2022\/08\/25\/prefeitura-conclui-instalacao-de-tvs-em-todas-as-salas-de-aula-das-emeis\/\" \/>\n<meta property=\"og:locale\" content=\"pt_BR\" \/>\n<meta property=\"og:type\" content=\"article\" \/>\n<meta property=\"og:title\" content=\"Prefeitura conclui instala\u00e7\u00e3o de TV\u2019s em todas as salas de aula das EMEI\u2019s - Secretaria de Educa\u00e7\u00e3o\" \/>\n<meta property=\"og:description\" content=\"Equipamentos integram o investimento de mais de R$ 12 milh\u00f5es feito pelo Munic\u00edpio em tecnologia para a rede municipal de ensino. Nas pr\u00f3ximas semanas, a instala\u00e7\u00e3o tamb\u00e9m ser\u00e1 conclu\u00edda nas institui\u00e7\u00f5es de ensino fundamental\" \/>\n<meta property=\"og:url\" content=\"https:\/\/www.pmpf.rs.gov.br\/educacao\/2022\/08\/25\/prefeitura-conclui-instalacao-de-tvs-em-todas-as-salas-de-aula-das-emeis\/\" \/>\n<meta property=\"og:site_name\" content=\"Secretaria de Educa\u00e7\u00e3o\" \/>\n<meta property=\"article:published_time\" content=\"2022-08-25T19:22:49+00:00\" \/>\n<meta property=\"article:modified_time\" content=\"2022-08-26T12:50:07+00:00\" \/>\n<meta name=\"author\" content=\"andressazorzetto07\" \/>\n<meta name=\"twitter:card\" content=\"summary_large_image\" \/>\n<meta name=\"twitter:label1\" content=\"Escrito por\" \/>\n\t<meta name=\"twitter:data1\" content=\"andressazorzetto07\" \/>\n\t<meta name=\"twitter:label2\" content=\"Est. tempo de leitura\" \/>\n\t<meta name=\"twitter:data2\" content=\"2 minutos\" \/>\n<script type=\"application\/ld+json\" class=\"yoast-schema-graph\">{\"@context\":\"https:\/\/schema.org\",\"@graph\":[{\"@type\":\"WebPage\",\"@id\":\"https:\/\/www.pmpf.rs.gov.br\/educacao\/2022\/08\/25\/prefeitura-conclui-instalacao-de-tvs-em-todas-as-salas-de-aula-das-emeis\/\",\"url\":\"https:\/\/www.pmpf.rs.gov.br\/educacao\/2022\/08\/25\/prefeitura-conclui-instalacao-de-tvs-em-todas-as-salas-de-aula-das-emeis\/\",\"name\":\"Prefeitura conclui instala\u00e7\u00e3o de TV\u2019s em todas as salas de aula das EMEI\u2019s - Secretaria de Educa\u00e7\u00e3o\",\"isPartOf\":{\"@id\":\"https:\/\/www.pmpf.rs.gov.br\/educacao\/#website\"},\"primaryImageOfPage\":{\"@id\":\"https:\/\/www.pmpf.rs.gov.br\/educacao\/2022\/08\/25\/prefeitura-conclui-instalacao-de-tvs-em-todas-as-salas-de-aula-das-emeis\/#primaryimage\"},\"image\":{\"@id\":\"https:\/\/www.pmpf.rs.gov.br\/educacao\/2022\/08\/25\/prefeitura-conclui-instalacao-de-tvs-em-todas-as-salas-de-aula-das-emeis\/#primaryimage\"},\"thumbnailUrl\":\"https:\/\/www.pmpf.rs.gov.br\/educacao\/wp-content\/uploads\/sites\/43\/2022\/08\/2791de1f-de83-4c5e-84d2-da45712c93a7-1.jpg\",\"datePublished\":\"2022-08-25T19:22:49+00:00\",\"dateModified\":\"2022-08-26T12:50:07+00:00\",\"author\":{\"@id\":\"https:\/\/www.pmpf.rs.gov.br\/educacao\/#\/schema\/person\/30ee1d1bd74da1469b01fcf086e43351\"},\"inLanguage\":\"pt-BR\",\"potentialAction\":[{\"@type\":\"ReadAction\",\"target\":[\"https:\/\/www.pmpf.rs.gov.br\/educacao\/2022\/08\/25\/prefeitura-conclui-instalacao-de-tvs-em-todas-as-salas-de-aula-das-emeis\/\"]}]},{\"@type\":\"ImageObject\",\"inLanguage\":\"pt-BR\",\"@id\":\"https:\/\/www.pmpf.rs.gov.br\/educacao\/2022\/08\/25\/prefeitura-conclui-instalacao-de-tvs-em-todas-as-salas-de-aula-das-emeis\/#primaryimage\",\"url\":\"https:\/\/www.pmpf.rs.gov.br\/educacao\/wp-content\/uploads\/sites\/43\/2022\/08\/2791de1f-de83-4c5e-84d2-da45712c93a7-1.jpg\",\"contentUrl\":\"https:\/\/www.pmpf.rs.gov.br\/educacao\/wp-content\/uploads\/sites\/43\/2022\/08\/2791de1f-de83-4c5e-84d2-da45712c93a7-1.jpg\",\"width\":1128,\"height\":1600},{\"@type\":\"WebSite\",\"@id\":\"https:\/\/www.pmpf.rs.gov.br\/educacao\/#website\",\"url\":\"https:\/\/www.pmpf.rs.gov.br\/educacao\/\",\"name\":\"Secretaria de Educa\u00e7\u00e3o\",\"description\":\"Secretaria de Educa\u00e7\u00e3o da cidade de Passo Fundo\",\"potentialAction\":[{\"@type\":\"SearchAction\",\"target\":{\"@type\":\"EntryPoint\",\"urlTemplate\":\"https:\/\/www.pmpf.rs.gov.br\/educacao\/?s={search_term_string}\"},\"query-input\":{\"@type\":\"PropertyValueSpecification\",\"valueRequired\":true,\"valueName\":\"search_term_string\"}}],\"inLanguage\":\"pt-BR\"},{\"@type\":\"Person\",\"@id\":\"https:\/\/www.pmpf.rs.gov.br\/educacao\/#\/schema\/person\/30ee1d1bd74da1469b01fcf086e43351\",\"name\":\"andressazorzetto07\",\"image\":{\"@type\":\"ImageObject\",\"inLanguage\":\"pt-BR\",\"@id\":\"https:\/\/www.pmpf.rs.gov.br\/educacao\/#\/schema\/person\/image\/\",\"url\":\"https:\/\/secure.gravatar.com\/avatar\/14c5458ed79dc81da99a13b9ff5f9f19?s=96&d=mm&r=g\",\"contentUrl\":\"https:\/\/secure.gravatar.com\/avatar\/14c5458ed79dc81da99a13b9ff5f9f19?s=96&d=mm&r=g\",\"caption\":\"andressazorzetto07\"},\"url\":\"https:\/\/www.pmpf.rs.gov.br\/educacao\/author\/andressazorzetto07\/\"}]}<\/script>\n<!-- \/ Yoast SEO plugin. -->","yoast_head_json":{"title":"Prefeitura conclui instala\u00e7\u00e3o de TV\u2019s em todas as salas de aula das EMEI\u2019s - Secretaria de Educa\u00e7\u00e3o","robots":{"index":"index","follow":"follow","max-snippet":"max-snippet:-1","max-image-preview":"max-image-preview:large","max-video-preview":"max-video-preview:-1"},"canonical":"https:\/\/www.pmpf.rs.gov.br\/educacao\/2022\/08\/25\/prefeitura-conclui-instalacao-de-tvs-em-todas-as-salas-de-aula-das-emeis\/","og_locale":"pt_BR","og_type":"article","og_title":"Prefeitura conclui instala\u00e7\u00e3o de TV\u2019s em todas as salas de aula das EMEI\u2019s - Secretaria de Educa\u00e7\u00e3o","og_description":"Equipamentos integram o investimento de mais de R$ 12 milh\u00f5es feito pelo Munic\u00edpio em tecnologia para a rede municipal de ensino. Nas pr\u00f3ximas semanas, a instala\u00e7\u00e3o tamb\u00e9m ser\u00e1 conclu\u00edda nas institui\u00e7\u00f5es de ensino fundamental","og_url":"https:\/\/www.pmpf.rs.gov.br\/educacao\/2022\/08\/25\/prefeitura-conclui-instalacao-de-tvs-em-todas-as-salas-de-aula-das-emeis\/","og_site_name":"Secretaria de Educa\u00e7\u00e3o","article_published_time":"2022-08-25T19:22:49+00:00","article_modified_time":"2022-08-26T12:50:07+00:00","author":"andressazorzetto07","twitter_card":"summary_large_image","twitter_misc":{"Escrito por":"andressazorzetto07","Est. tempo de leitura":"2 minutos"},"schema":{"@context":"https:\/\/schema.org","@graph":[{"@type":"WebPage","@id":"https:\/\/www.pmpf.rs.gov.br\/educacao\/2022\/08\/25\/prefeitura-conclui-instalacao-de-tvs-em-todas-as-salas-de-aula-das-emeis\/","url":"https:\/\/www.pmpf.rs.gov.br\/educacao\/2022\/08\/25\/prefeitura-conclui-instalacao-de-tvs-em-todas-as-salas-de-aula-das-emeis\/","name":"Prefeitura conclui instala\u00e7\u00e3o de TV\u2019s em todas as salas de aula das EMEI\u2019s - Secretaria de Educa\u00e7\u00e3o","isPartOf":{"@id":"https:\/\/www.pmpf.rs.gov.br\/educacao\/#website"},"primaryImageOfPage":{"@id":"https:\/\/www.pmpf.rs.gov.br\/educacao\/2022\/08\/25\/prefeitura-conclui-instalacao-de-tvs-em-todas-as-salas-de-aula-das-emeis\/#primaryimage"},"image":{"@id":"https:\/\/www.pmpf.rs.gov.br\/educacao\/2022\/08\/25\/prefeitura-conclui-instalacao-de-tvs-em-todas-as-salas-de-aula-das-emeis\/#primaryimage"},"thumbnailUrl":"https:\/\/www.pmpf.rs.gov.br\/educacao\/wp-content\/uploads\/sites\/43\/2022\/08\/2791de1f-de83-4c5e-84d2-da45712c93a7-1.jpg","datePublished":"2022-08-25T19:22:49+00:00","dateModified":"2022-08-26T12:50:07+00:00","author":{"@id":"https:\/\/www.pmpf.rs.gov.br\/educacao\/#\/schema\/person\/30ee1d1bd74da1469b01fcf086e43351"},"inLanguage":"pt-BR","potentialAction":[{"@type":"ReadAction","target":["https:\/\/www.pmpf.rs.gov.br\/educacao\/2022\/08\/25\/prefeitura-conclui-instalacao-de-tvs-em-todas-as-salas-de-aula-das-emeis\/"]}]},{"@type":"ImageObject","inLanguage":"pt-BR","@id":"https:\/\/www.pmpf.rs.gov.br\/educacao\/2022\/08\/25\/prefeitura-conclui-instalacao-de-tvs-em-todas-as-salas-de-aula-das-emeis\/#primaryimage","url":"https:\/\/www.pmpf.rs.gov.br\/educacao\/wp-content\/uploads\/sites\/43\/2022\/08\/2791de1f-de83-4c5e-84d2-da45712c93a7-1.jpg","contentUrl":"https:\/\/www.pmpf.rs.gov.br\/educacao\/wp-content\/uploads\/sites\/43\/2022\/08\/2791de1f-de83-4c5e-84d2-da45712c93a7-1.jpg","width":1128,"height":1600},{"@type":"WebSite","@id":"https:\/\/www.pmpf.rs.gov.br\/educacao\/#website","url":"https:\/\/www.pmpf.rs.gov.br\/educacao\/","name":"Secretaria de Educa\u00e7\u00e3o","description":"Secretaria de Educa\u00e7\u00e3o da cidade de Passo Fundo","potentialAction":[{"@type":"SearchAction","target":{"@type":"EntryPoint","urlTemplate":"https:\/\/www.pmpf.rs.gov.br\/educacao\/?s={search_term_string}"},"query-input":{"@type":"PropertyValueSpecification","valueRequired":true,"valueName":"search_term_string"}}],"inLanguage":"pt-BR"},{"@type":"Person","@id":"https:\/\/www.pmpf.rs.gov.br\/educacao\/#\/schema\/person\/30ee1d1bd74da1469b01fcf086e43351","name":"andressazorzetto07","image":{"@type":"ImageObject","inLanguage":"pt-BR","@id":"https:\/\/www.pmpf.rs.gov.br\/educacao\/#\/schema\/person\/image\/","url":"https:\/\/secure.gravatar.com\/avatar\/14c5458ed79dc81da99a13b9ff5f9f19?s=96&d=mm&r=g","contentUrl":"https:\/\/secure.gravatar.com\/avatar\/14c5458ed79dc81da99a13b9ff5f9f19?s=96&d=mm&r=g","caption":"andressazorzetto07"},"url":"https:\/\/www.pmpf.rs.gov.br\/educacao\/author\/andressazorzetto07\/"}]}},"_links":{"self":[{"href":"https:\/\/www.pmpf.rs.gov.br\/educacao\/wp-json\/wp\/v2\/posts\/8542"}],"collection":[{"href":"https:\/\/www.pmpf.rs.gov.br\/educacao\/wp-json\/wp\/v2\/posts"}],"about":[{"href":"https:\/\/www.pmpf.rs.gov.br\/educacao\/wp-json\/wp\/v2\/types\/post"}],"author":[{"embeddable":true,"href":"https:\/\/www.pmpf.rs.gov.br\/educacao\/wp-json\/wp\/v2\/users\/6"}],"replies":[{"embeddable":true,"href":"https:\/\/www.pmpf.rs.gov.br\/educacao\/wp-json\/wp\/v2\/comments?post=8542"}],"version-history":[{"count":2,"href":"https:\/\/www.pmpf.rs.gov.br\/educacao\/wp-json\/wp\/v2\/posts\/8542\/revisions"}],"predecessor-version":[{"id":8550,"href":"https:\/\/www.pmpf.rs.gov.br\/educacao\/wp-json\/wp\/v2\/posts\/8542\/revisions\/8550"}],"wp:featuredmedia":[{"embeddable":true,"href":"https:\/\/www.pmpf.rs.gov.br\/educacao\/wp-json\/wp\/v2\/media\/8548"}],"wp:attachment":[{"href":"https:\/\/www.pmpf.rs.gov.br\/educacao\/wp-json\/wp\/v2\/media?parent=8542"}],"wp:term":[{"taxonomy":"category","embeddable":true,"href":"https:\/\/www.pmpf.rs.gov.br\/educacao\/wp-json\/wp\/v2\/categories?post=8542"},{"taxonomy":"post_tag","embeddable":true,"href":"https:\/\/www.pmpf.rs.gov.br\/educacao\/wp-json\/wp\/v2\/tags?post=8542"}],"curies":[{"name":"wp","href":"https:\/\/api.w.org\/{rel}","templated":true}]}}