{"id":8518,"date":"2022-08-22T14:15:22","date_gmt":"2022-08-22T17:15:22","guid":{"rendered":"https:\/\/www.pmpf.rs.gov.br\/educacao\/?p=8518"},"modified":"2022-08-22T14:15:23","modified_gmt":"2022-08-22T17:15:23","slug":"prefeitura-amplia-numero-de-vagas-para-primeiros-cursos-da-escola-das-profissoes","status":"publish","type":"post","link":"https:\/\/www.pmpf.rs.gov.br\/educacao\/2022\/08\/22\/prefeitura-amplia-numero-de-vagas-para-primeiros-cursos-da-escola-das-profissoes\/","title":{"rendered":"Prefeitura amplia n\u00famero de vagas para primeiros cursos da Escola das Profiss\u00f5es"},"content":{"rendered":"\n<p><\/p>\n\n\n\n<p><\/p>\n\n\n\n<p>A Prefeitura de Passo Fundo confirmou nesta segunda-feira (22), a amplia\u00e7\u00e3o do n\u00famero de vagas para os primeiros 17 cursos de qualifica\u00e7\u00e3o oferecidos no lan\u00e7amento do programa Escola das Profiss\u00f5es. Com as inscri\u00e7\u00f5es finalizadas no domingo (21), a Administra\u00e7\u00e3o Municipal reestruturou as turmas para atender um n\u00famero maior de pessoas em cada capacita\u00e7\u00e3o. \u201cFicamos bastante satisfeitos com o interesse dos passo-fundenses em se qualificarem profissionalmente atrav\u00e9s da nossa Escola das Profiss\u00f5es. Diante do n\u00famero expressivo de pessoas que se inscreveram, trabalhamos para aumentar o n\u00famero de vagas nos diferentes cursos\u201d, destacou o prefeito, Pedro Almeida.<\/p>\n\n\n\n<p>Conforme a coordenadora da Escola das Profiss\u00f5es, M\u00e1rcia Leida, os 17 cursos atender\u00e3o, a partir de agora, 410 pessoas. Anteriormente, o projeto inicial previa 340 vagas. \u201cEsse aumento mostra o quanto a qualifica\u00e7\u00e3o \u00e9 uma demanda importante para as pessoas e tamb\u00e9m o quanto a Prefeitura est\u00e1 comprometida em garantir mais acesso a todos\u201d, observou M\u00e1rcia.<\/p>\n\n\n\n<p>Ainda de acordo com ela, foram ampliadas as vagas nos cursos de Assistente Administrativo, Assistente de Log\u00edstica e Recepcionista, que passaram de 20 para 40; e Vendas e Negocia\u00e7\u00e3o, que passou a ter 30 vagas. Os demais cursos tiveram as vagas ampliadas para 20. \u201cRecebemos mais de 960 inscri\u00e7\u00f5es para estes cursos oferecidos na primeira etapa da Escola. Agora, com a amplia\u00e7\u00e3o das vagas, vamos conseguir atender mais pessoas e garantir oportunidade de capacita\u00e7\u00e3o a mais passo-fundenses\u201d, refor\u00e7ou M\u00e1rcia.<\/p>\n\n\n\n<p>A Escola das Profiss\u00f5es potencializa as a\u00e7\u00f5es da Prefeitura na gera\u00e7\u00e3o de empregos, atrav\u00e9s da qualifica\u00e7\u00e3o profissional, e se conecta com programas como o Caf\u00e9 com Emprego, criado pela gest\u00e3o para aproximar as pessoas das empresas com vagas dispon\u00edveis. Para o secret\u00e1rio de Desenvolvimento, Diorges Oliveira, essa associa\u00e7\u00e3o entre os dois programas visualiza o cen\u00e1rio atual do mercado de trabalho. \u201cUm dos desafios para o preenchimento dos postos de trabalho que identificamos nas quatro edi\u00e7\u00f5es do Caf\u00e9 com Emprego \u00e9 a qualifica\u00e7\u00e3o t\u00e9cnica. As empresas t\u00eam vagas abertas que n\u00e3o conseguem preencher pela falta de m\u00e3o de obra. E, muitas vezes, as pessoas n\u00e3o conseguem se profissionalizar. Dessa forma, a Escola das Profiss\u00f5es ser\u00e1 um alicerce para o mercado de trabalho\u201d, justificou.<\/p>\n","protected":false},"excerpt":{"rendered":"<p>Mais de 950 pessoas se inscreveram para as 17 capacita\u00e7\u00f5es oferecidas no lan\u00e7amento do programa<\/p>\n","protected":false},"author":6,"featured_media":0,"comment_status":"closed","ping_status":"closed","sticky":true,"template":"","format":"standard","meta":{"footnotes":""},"categories":[34],"tags":[],"class_list":["post-8518","post","type-post","status-publish","format-standard","hentry","category-escola-das-profissoes"],"yoast_head":"<!-- This site is optimized with the Yoast SEO plugin v23.8 - https:\/\/yoast.com\/wordpress\/plugins\/seo\/ -->\n<title>Prefeitura amplia n\u00famero de vagas para primeiros cursos da Escola das Profiss\u00f5es - Secretaria de Educa\u00e7\u00e3o<\/title>\n<meta name=\"robots\" content=\"index, follow, max-snippet:-1, max-image-preview:large, max-video-preview:-1\" \/>\n<link rel=\"canonical\" href=\"https:\/\/www.pmpf.rs.gov.br\/educacao\/2022\/08\/22\/prefeitura-amplia-numero-de-vagas-para-primeiros-cursos-da-escola-das-profissoes\/\" \/>\n<meta property=\"og:locale\" content=\"pt_BR\" \/>\n<meta property=\"og:type\" content=\"article\" \/>\n<meta property=\"og:title\" content=\"Prefeitura amplia n\u00famero de vagas para primeiros cursos da Escola das Profiss\u00f5es - Secretaria de Educa\u00e7\u00e3o\" \/>\n<meta property=\"og:description\" content=\"Mais de 950 pessoas se inscreveram para as 17 capacita\u00e7\u00f5es oferecidas no lan\u00e7amento do programa\" \/>\n<meta property=\"og:url\" content=\"https:\/\/www.pmpf.rs.gov.br\/educacao\/2022\/08\/22\/prefeitura-amplia-numero-de-vagas-para-primeiros-cursos-da-escola-das-profissoes\/\" \/>\n<meta property=\"og:site_name\" content=\"Secretaria de Educa\u00e7\u00e3o\" \/>\n<meta property=\"article:published_time\" content=\"2022-08-22T17:15:22+00:00\" \/>\n<meta property=\"article:modified_time\" content=\"2022-08-22T17:15:23+00:00\" \/>\n<meta name=\"author\" content=\"andressazorzetto07\" \/>\n<meta name=\"twitter:card\" content=\"summary_large_image\" \/>\n<meta name=\"twitter:label1\" content=\"Escrito por\" \/>\n\t<meta name=\"twitter:data1\" content=\"andressazorzetto07\" \/>\n\t<meta name=\"twitter:label2\" content=\"Est. tempo de leitura\" \/>\n\t<meta name=\"twitter:data2\" content=\"2 minutos\" \/>\n<script type=\"application\/ld+json\" class=\"yoast-schema-graph\">{\"@context\":\"https:\/\/schema.org\",\"@graph\":[{\"@type\":\"WebPage\",\"@id\":\"https:\/\/www.pmpf.rs.gov.br\/educacao\/2022\/08\/22\/prefeitura-amplia-numero-de-vagas-para-primeiros-cursos-da-escola-das-profissoes\/\",\"url\":\"https:\/\/www.pmpf.rs.gov.br\/educacao\/2022\/08\/22\/prefeitura-amplia-numero-de-vagas-para-primeiros-cursos-da-escola-das-profissoes\/\",\"name\":\"Prefeitura amplia n\u00famero de vagas para primeiros cursos da Escola das Profiss\u00f5es - Secretaria de Educa\u00e7\u00e3o\",\"isPartOf\":{\"@id\":\"https:\/\/www.pmpf.rs.gov.br\/educacao\/#website\"},\"datePublished\":\"2022-08-22T17:15:22+00:00\",\"dateModified\":\"2022-08-22T17:15:23+00:00\",\"author\":{\"@id\":\"https:\/\/www.pmpf.rs.gov.br\/educacao\/#\/schema\/person\/30ee1d1bd74da1469b01fcf086e43351\"},\"inLanguage\":\"pt-BR\",\"potentialAction\":[{\"@type\":\"ReadAction\",\"target\":[\"https:\/\/www.pmpf.rs.gov.br\/educacao\/2022\/08\/22\/prefeitura-amplia-numero-de-vagas-para-primeiros-cursos-da-escola-das-profissoes\/\"]}]},{\"@type\":\"WebSite\",\"@id\":\"https:\/\/www.pmpf.rs.gov.br\/educacao\/#website\",\"url\":\"https:\/\/www.pmpf.rs.gov.br\/educacao\/\",\"name\":\"Secretaria de Educa\u00e7\u00e3o\",\"description\":\"Secretaria de Educa\u00e7\u00e3o da cidade de Passo Fundo\",\"potentialAction\":[{\"@type\":\"SearchAction\",\"target\":{\"@type\":\"EntryPoint\",\"urlTemplate\":\"https:\/\/www.pmpf.rs.gov.br\/educacao\/?s={search_term_string}\"},\"query-input\":{\"@type\":\"PropertyValueSpecification\",\"valueRequired\":true,\"valueName\":\"search_term_string\"}}],\"inLanguage\":\"pt-BR\"},{\"@type\":\"Person\",\"@id\":\"https:\/\/www.pmpf.rs.gov.br\/educacao\/#\/schema\/person\/30ee1d1bd74da1469b01fcf086e43351\",\"name\":\"andressazorzetto07\",\"image\":{\"@type\":\"ImageObject\",\"inLanguage\":\"pt-BR\",\"@id\":\"https:\/\/www.pmpf.rs.gov.br\/educacao\/#\/schema\/person\/image\/\",\"url\":\"https:\/\/secure.gravatar.com\/avatar\/14c5458ed79dc81da99a13b9ff5f9f19?s=96&d=mm&r=g\",\"contentUrl\":\"https:\/\/secure.gravatar.com\/avatar\/14c5458ed79dc81da99a13b9ff5f9f19?s=96&d=mm&r=g\",\"caption\":\"andressazorzetto07\"},\"url\":\"https:\/\/www.pmpf.rs.gov.br\/educacao\/author\/andressazorzetto07\/\"}]}<\/script>\n<!-- \/ Yoast SEO plugin. -->","yoast_head_json":{"title":"Prefeitura amplia n\u00famero de vagas para primeiros cursos da Escola das Profiss\u00f5es - Secretaria de Educa\u00e7\u00e3o","robots":{"index":"index","follow":"follow","max-snippet":"max-snippet:-1","max-image-preview":"max-image-preview:large","max-video-preview":"max-video-preview:-1"},"canonical":"https:\/\/www.pmpf.rs.gov.br\/educacao\/2022\/08\/22\/prefeitura-amplia-numero-de-vagas-para-primeiros-cursos-da-escola-das-profissoes\/","og_locale":"pt_BR","og_type":"article","og_title":"Prefeitura amplia n\u00famero de vagas para primeiros cursos da Escola das Profiss\u00f5es - Secretaria de Educa\u00e7\u00e3o","og_description":"Mais de 950 pessoas se inscreveram para as 17 capacita\u00e7\u00f5es oferecidas no lan\u00e7amento do programa","og_url":"https:\/\/www.pmpf.rs.gov.br\/educacao\/2022\/08\/22\/prefeitura-amplia-numero-de-vagas-para-primeiros-cursos-da-escola-das-profissoes\/","og_site_name":"Secretaria de Educa\u00e7\u00e3o","article_published_time":"2022-08-22T17:15:22+00:00","article_modified_time":"2022-08-22T17:15:23+00:00","author":"andressazorzetto07","twitter_card":"summary_large_image","twitter_misc":{"Escrito por":"andressazorzetto07","Est. tempo de leitura":"2 minutos"},"schema":{"@context":"https:\/\/schema.org","@graph":[{"@type":"WebPage","@id":"https:\/\/www.pmpf.rs.gov.br\/educacao\/2022\/08\/22\/prefeitura-amplia-numero-de-vagas-para-primeiros-cursos-da-escola-das-profissoes\/","url":"https:\/\/www.pmpf.rs.gov.br\/educacao\/2022\/08\/22\/prefeitura-amplia-numero-de-vagas-para-primeiros-cursos-da-escola-das-profissoes\/","name":"Prefeitura amplia n\u00famero de vagas para primeiros cursos da Escola das Profiss\u00f5es - Secretaria de Educa\u00e7\u00e3o","isPartOf":{"@id":"https:\/\/www.pmpf.rs.gov.br\/educacao\/#website"},"datePublished":"2022-08-22T17:15:22+00:00","dateModified":"2022-08-22T17:15:23+00:00","author":{"@id":"https:\/\/www.pmpf.rs.gov.br\/educacao\/#\/schema\/person\/30ee1d1bd74da1469b01fcf086e43351"},"inLanguage":"pt-BR","potentialAction":[{"@type":"ReadAction","target":["https:\/\/www.pmpf.rs.gov.br\/educacao\/2022\/08\/22\/prefeitura-amplia-numero-de-vagas-para-primeiros-cursos-da-escola-das-profissoes\/"]}]},{"@type":"WebSite","@id":"https:\/\/www.pmpf.rs.gov.br\/educacao\/#website","url":"https:\/\/www.pmpf.rs.gov.br\/educacao\/","name":"Secretaria de Educa\u00e7\u00e3o","description":"Secretaria de Educa\u00e7\u00e3o da cidade de Passo Fundo","potentialAction":[{"@type":"SearchAction","target":{"@type":"EntryPoint","urlTemplate":"https:\/\/www.pmpf.rs.gov.br\/educacao\/?s={search_term_string}"},"query-input":{"@type":"PropertyValueSpecification","valueRequired":true,"valueName":"search_term_string"}}],"inLanguage":"pt-BR"},{"@type":"Person","@id":"https:\/\/www.pmpf.rs.gov.br\/educacao\/#\/schema\/person\/30ee1d1bd74da1469b01fcf086e43351","name":"andressazorzetto07","image":{"@type":"ImageObject","inLanguage":"pt-BR","@id":"https:\/\/www.pmpf.rs.gov.br\/educacao\/#\/schema\/person\/image\/","url":"https:\/\/secure.gravatar.com\/avatar\/14c5458ed79dc81da99a13b9ff5f9f19?s=96&d=mm&r=g","contentUrl":"https:\/\/secure.gravatar.com\/avatar\/14c5458ed79dc81da99a13b9ff5f9f19?s=96&d=mm&r=g","caption":"andressazorzetto07"},"url":"https:\/\/www.pmpf.rs.gov.br\/educacao\/author\/andressazorzetto07\/"}]}},"_links":{"self":[{"href":"https:\/\/www.pmpf.rs.gov.br\/educacao\/wp-json\/wp\/v2\/posts\/8518"}],"collection":[{"href":"https:\/\/www.pmpf.rs.gov.br\/educacao\/wp-json\/wp\/v2\/posts"}],"about":[{"href":"https:\/\/www.pmpf.rs.gov.br\/educacao\/wp-json\/wp\/v2\/types\/post"}],"author":[{"embeddable":true,"href":"https:\/\/www.pmpf.rs.gov.br\/educacao\/wp-json\/wp\/v2\/users\/6"}],"replies":[{"embeddable":true,"href":"https:\/\/www.pmpf.rs.gov.br\/educacao\/wp-json\/wp\/v2\/comments?post=8518"}],"version-history":[{"count":1,"href":"https:\/\/www.pmpf.rs.gov.br\/educacao\/wp-json\/wp\/v2\/posts\/8518\/revisions"}],"predecessor-version":[{"id":8519,"href":"https:\/\/www.pmpf.rs.gov.br\/educacao\/wp-json\/wp\/v2\/posts\/8518\/revisions\/8519"}],"wp:attachment":[{"href":"https:\/\/www.pmpf.rs.gov.br\/educacao\/wp-json\/wp\/v2\/media?parent=8518"}],"wp:term":[{"taxonomy":"category","embeddable":true,"href":"https:\/\/www.pmpf.rs.gov.br\/educacao\/wp-json\/wp\/v2\/categories?post=8518"},{"taxonomy":"post_tag","embeddable":true,"href":"https:\/\/www.pmpf.rs.gov.br\/educacao\/wp-json\/wp\/v2\/tags?post=8518"}],"curies":[{"name":"wp","href":"https:\/\/api.w.org\/{rel}","templated":true}]}}