{"id":8508,"date":"2022-08-18T12:44:30","date_gmt":"2022-08-18T15:44:30","guid":{"rendered":"https:\/\/www.pmpf.rs.gov.br\/educacao\/?p=8508"},"modified":"2022-08-18T12:46:39","modified_gmt":"2022-08-18T15:46:39","slug":"centro-pos-covid-de-combate-a-desigualdade-educacional-ja-realizou-mais-de-2-mil-atendimentos","status":"publish","type":"post","link":"https:\/\/www.pmpf.rs.gov.br\/educacao\/2022\/08\/18\/centro-pos-covid-de-combate-a-desigualdade-educacional-ja-realizou-mais-de-2-mil-atendimentos\/","title":{"rendered":"Centro P\u00f3s-covid de Combate \u00e0 Desigualdade Educacional j\u00e1 realizou mais de 2 mil atendimentos"},"content":{"rendered":"\n<p><\/p>\n\n\n\n<p><\/p>\n\n\n\n<p>\u201cPra n\u00f3s, \u00e9 uma b\u00ean\u00e7\u00e3o, \u00e9 tudo de bom\u201d, disse Simone da Silva, de 48 anos, sobre o Centro P\u00f3s-covid de Combate \u00e0 Desigualdade Educacional. Ela \u00e9 av\u00f3 da pequena Beatriz, de 3 anos, uma das primeiras crian\u00e7as a frequentarem o espa\u00e7o, que foi inaugurado pela Prefeitura no m\u00eas de maio e j\u00e1 realizou mais de 2 mil atendimentos.<\/p>\n\n\n\n<p>Pioneiro no Estado, o centro recebe alunos de toda a rede municipal que tiveram perdas no processo de ensino-aprendizagem devido \u00e0 pandemia e ao distanciamento social. A partir de um trabalho multidisciplinar, com profissionais da educa\u00e7\u00e3o, da sa\u00fade e da assist\u00eancia social, o objetivo \u00e9 promover o desenvolvimento de todos com ganhos, sobretudo, na qualidade de vida.<\/p>\n\n\n\n<p>A Beatriz \u00e9 autista e, desde que come\u00e7ou a ir at\u00e9 o local, com o encaminhamento da EMEI Nossa Senhora das Gra\u00e7as, teve resultados significativos. \u201cDescobrimos o autismo ao um ano e meio. Ela, praticamente, inaugurou o centro. Aqui, faz acompanhamento com o neurologista e em outras \u00e1reas e teve uma melhora de 100%. Ela adora vir, fica curiosa com as novidades, reconhece as salas e se sente muito bem\u201d, contou a av\u00f3.<\/p>\n\n\n\n<p>O Centro P\u00f3s-covid de Combate \u00e0 Desigualdade Educacional conta com professores, pedagogos, assistentes sociais e profissionais de neurologia, fisioterapia, fonoaudiologia, psicologia e enfermagem. Todas as suas salas foram feitas para acolher os estudantes encaminhados pelas escolas da rede municipal.<\/p>\n\n\n\n<p>A coordenadora do espa\u00e7o, Rochele Tondello da Silva, destaca que \u00e9 esse modelo multidisciplinar que amplia a capacidade do centro em auxiliar as crian\u00e7as e tamb\u00e9m o torna refer\u00eancia. \u201cTem situa\u00e7\u00f5es que as escolas n\u00e3o d\u00e3o conta. E s\u00e3o essas que vem para c\u00e1. O aluno pode entrar por qualquer especialidade e, aqui, vai migrar pelas que forem necess\u00e1rias ao seu caso\u201d, afirmou.<\/p>\n\n\n\n<p>Para Rochele, todos os profissionais est\u00e3o focados em fazer o melhor para que os estudantes que passam pelo local tenham ganhos na aprendizagem e no desenvolvimento. \u201cO Centro P\u00f3s-covid de Combate \u00e0 Desigualdade Educacional vem num momento de extrema import\u00e2ncia para o estudante que passou por in\u00fameras dificuldades nesse per\u00edodo, onde n\u00e3o teve presencialmente a intera\u00e7\u00e3o e a estimula\u00e7\u00e3o da escola. Neste sentido, contribui com estrat\u00e9gias de forma integrada e multidisciplinar, apoiando as escolas e os alunos nos processos de estimula\u00e7\u00e3o e aprendizagens\u201d, pontuou.<\/p>\n\n\n\n<p>O prefeito, Pedro Almeida, considera que a iniciativa \u00e9 fundamental para criar as condi\u00e7\u00f5es de avan\u00e7os aos estudantes. \u201cAs desigualdades educacionais foram aumentadas pela pandemia, e, a partir de projetos coletivos, trabalhamos intensivamente para superar obst\u00e1culos. Aqui neste Centro, buscamos fortalecer cada vez mais a educa\u00e7\u00e3o da nossa rede com um acolhimento integral. Ficamos felizes por ver que as fam\u00edlias est\u00e3o gostando dos atendimentos e percebendo os resultados no dia a dia das crian\u00e7as\u201d, avaliou.<\/p>\n\n\n\n<p>Ainda conforme o prefeito, o espa\u00e7o se tornou uma refer\u00eancia para o estado. \u201cMais de 10 munic\u00edpios vieram conhecer presencialmente o centro. Alguns j\u00e1 possuem os servi\u00e7os de forma separada e buscam entender essa nova log\u00edstica que temos aqui para poder implementar. Sa\u00edmos de uma estrutura tradicional para um trabalho em equipe que tem se evidenciado muito efetivo\u201d, enfatizou,<\/p>\n\n\n\n<p><strong>Metodologia <\/strong><strong>do centro<\/strong><\/p>\n\n\n\n<p>O secret\u00e1rio de Educa\u00e7\u00e3o, Adriano Canabarro Teixeira, explica que a perspectiva do novo espa\u00e7o \u00e9 assegurar uma pol\u00edtica p\u00fablica educacional diante dos desafios apresentados durante e ap\u00f3s a pandemia, visando um sistema de ensino que contemple todas as crian\u00e7as e adolescentes e fortalecendo o protagonismo de Passo Fundo como uma Cidade Educadora. \u201cNa pr\u00e1tica, o Centro amplia significativamente o servi\u00e7o oferecido pelo Centro Municipal de Atendimento ao Educando (CEMAE), aproxima os diferentes \u00f3rg\u00e3os da Rede de Apoio \u00e0 Escola (RAE) e potencializa o atendimento oferecido aos estudantes da Educa\u00e7\u00e3o Especial nas salas de recursos, principalmente, os da Educa\u00e7\u00e3o Infantil\u201d, afirmou.<\/p>\n\n\n\n<p>O secret\u00e1rio de Educa\u00e7\u00e3o explica como \u00e9 o fluxo de atendimento. \u201cOs estudantes que apresentam dificuldades no processo de ensino e aprendizagem mesmo ap\u00f3s passarem pelo Projeto Apoiar ou pelas Salas de Recursos s\u00e3o encaminhados para o Centro P\u00f3s-covid de Combate \u00e0 Desigualdade Educacional, onde passam por triagem e avalia\u00e7\u00e3o para o melhor encaminhamento \u00e0 equipe multiprofissional do pr\u00f3prio do centro\u201d, enfatiza.<\/p>\n\n\n\n<p>Os atendimentos s\u00e3o exclusivamente para os alunos das 72 escolas municipais, sendo 35 institui\u00e7\u00f5es de Ensino Fundamental e 37 de Educa\u00e7\u00e3o Infantil. Ao todo, a rede contempla mais de 17 mil estudantes.<\/p>\n\n\n\n<p><strong>Localiza\u00e7\u00e3o<\/strong><\/p>\n\n\n\n<p>O Centro P\u00f3s-covid de Combate \u00e0 Desigualdade Educacional fica na Rua Ant\u00f4nio Ara\u00fajo, 1151, Centro.<\/p>\n\n\n\n<p><strong>Fotos: Cristian Puhl<\/strong><\/p>\n","protected":false},"excerpt":{"rendered":"<p>Inaugurado em maio pela Prefeitura, o espa\u00e7o promove aux\u00edlio multidisciplinar, com profissionais da educa\u00e7\u00e3o, sa\u00fade e assist\u00eancia social<\/p>\n","protected":false},"author":6,"featured_media":8512,"comment_status":"closed","ping_status":"closed","sticky":true,"template":"","format":"standard","meta":{"footnotes":""},"categories":[26],"tags":[],"class_list":["post-8508","post","type-post","status-publish","format-standard","has-post-thumbnail","hentry","category-centro-pos-covid-de-combate-a-desigualdade-educacional"],"yoast_head":"<!-- This site is optimized with the Yoast SEO plugin v23.8 - https:\/\/yoast.com\/wordpress\/plugins\/seo\/ -->\n<title>Centro P\u00f3s-covid de Combate \u00e0 Desigualdade Educacional j\u00e1 realizou mais de 2 mil atendimentos - Secretaria de Educa\u00e7\u00e3o<\/title>\n<meta name=\"robots\" content=\"index, follow, max-snippet:-1, max-image-preview:large, max-video-preview:-1\" \/>\n<link rel=\"canonical\" href=\"https:\/\/www.pmpf.rs.gov.br\/educacao\/2022\/08\/18\/centro-pos-covid-de-combate-a-desigualdade-educacional-ja-realizou-mais-de-2-mil-atendimentos\/\" \/>\n<meta property=\"og:locale\" content=\"pt_BR\" \/>\n<meta property=\"og:type\" content=\"article\" \/>\n<meta property=\"og:title\" content=\"Centro P\u00f3s-covid de Combate \u00e0 Desigualdade Educacional j\u00e1 realizou mais de 2 mil atendimentos - Secretaria de Educa\u00e7\u00e3o\" \/>\n<meta property=\"og:description\" content=\"Inaugurado em maio pela Prefeitura, o espa\u00e7o promove aux\u00edlio multidisciplinar, com profissionais da educa\u00e7\u00e3o, sa\u00fade e assist\u00eancia social\" \/>\n<meta property=\"og:url\" content=\"https:\/\/www.pmpf.rs.gov.br\/educacao\/2022\/08\/18\/centro-pos-covid-de-combate-a-desigualdade-educacional-ja-realizou-mais-de-2-mil-atendimentos\/\" \/>\n<meta property=\"og:site_name\" content=\"Secretaria de Educa\u00e7\u00e3o\" \/>\n<meta property=\"article:published_time\" content=\"2022-08-18T15:44:30+00:00\" \/>\n<meta property=\"article:modified_time\" content=\"2022-08-18T15:46:39+00:00\" \/>\n<meta property=\"og:image\" content=\"https:\/\/www.pmpf.rs.gov.br\/educacao\/wp-content\/uploads\/sites\/43\/2022\/08\/centro-pos-covid-beatriz-1-scaled.jpg\" \/>\n\t<meta property=\"og:image:width\" content=\"2560\" \/>\n\t<meta property=\"og:image:height\" content=\"1511\" \/>\n\t<meta property=\"og:image:type\" content=\"image\/jpeg\" \/>\n<meta name=\"author\" content=\"andressazorzetto07\" \/>\n<meta name=\"twitter:card\" content=\"summary_large_image\" \/>\n<meta name=\"twitter:label1\" content=\"Escrito por\" \/>\n\t<meta name=\"twitter:data1\" content=\"andressazorzetto07\" \/>\n\t<meta name=\"twitter:label2\" content=\"Est. tempo de leitura\" \/>\n\t<meta name=\"twitter:data2\" content=\"4 minutos\" \/>\n<script type=\"application\/ld+json\" class=\"yoast-schema-graph\">{\"@context\":\"https:\/\/schema.org\",\"@graph\":[{\"@type\":\"WebPage\",\"@id\":\"https:\/\/www.pmpf.rs.gov.br\/educacao\/2022\/08\/18\/centro-pos-covid-de-combate-a-desigualdade-educacional-ja-realizou-mais-de-2-mil-atendimentos\/\",\"url\":\"https:\/\/www.pmpf.rs.gov.br\/educacao\/2022\/08\/18\/centro-pos-covid-de-combate-a-desigualdade-educacional-ja-realizou-mais-de-2-mil-atendimentos\/\",\"name\":\"Centro P\u00f3s-covid de Combate \u00e0 Desigualdade Educacional j\u00e1 realizou mais de 2 mil atendimentos - Secretaria de Educa\u00e7\u00e3o\",\"isPartOf\":{\"@id\":\"https:\/\/www.pmpf.rs.gov.br\/educacao\/#website\"},\"primaryImageOfPage\":{\"@id\":\"https:\/\/www.pmpf.rs.gov.br\/educacao\/2022\/08\/18\/centro-pos-covid-de-combate-a-desigualdade-educacional-ja-realizou-mais-de-2-mil-atendimentos\/#primaryimage\"},\"image\":{\"@id\":\"https:\/\/www.pmpf.rs.gov.br\/educacao\/2022\/08\/18\/centro-pos-covid-de-combate-a-desigualdade-educacional-ja-realizou-mais-de-2-mil-atendimentos\/#primaryimage\"},\"thumbnailUrl\":\"https:\/\/www.pmpf.rs.gov.br\/educacao\/wp-content\/uploads\/sites\/43\/2022\/08\/centro-pos-covid-beatriz-1-scaled.jpg\",\"datePublished\":\"2022-08-18T15:44:30+00:00\",\"dateModified\":\"2022-08-18T15:46:39+00:00\",\"author\":{\"@id\":\"https:\/\/www.pmpf.rs.gov.br\/educacao\/#\/schema\/person\/30ee1d1bd74da1469b01fcf086e43351\"},\"inLanguage\":\"pt-BR\",\"potentialAction\":[{\"@type\":\"ReadAction\",\"target\":[\"https:\/\/www.pmpf.rs.gov.br\/educacao\/2022\/08\/18\/centro-pos-covid-de-combate-a-desigualdade-educacional-ja-realizou-mais-de-2-mil-atendimentos\/\"]}]},{\"@type\":\"ImageObject\",\"inLanguage\":\"pt-BR\",\"@id\":\"https:\/\/www.pmpf.rs.gov.br\/educacao\/2022\/08\/18\/centro-pos-covid-de-combate-a-desigualdade-educacional-ja-realizou-mais-de-2-mil-atendimentos\/#primaryimage\",\"url\":\"https:\/\/www.pmpf.rs.gov.br\/educacao\/wp-content\/uploads\/sites\/43\/2022\/08\/centro-pos-covid-beatriz-1-scaled.jpg\",\"contentUrl\":\"https:\/\/www.pmpf.rs.gov.br\/educacao\/wp-content\/uploads\/sites\/43\/2022\/08\/centro-pos-covid-beatriz-1-scaled.jpg\",\"width\":2560,\"height\":1511,\"caption\":\"Beatriz, de 3 anos\"},{\"@type\":\"WebSite\",\"@id\":\"https:\/\/www.pmpf.rs.gov.br\/educacao\/#website\",\"url\":\"https:\/\/www.pmpf.rs.gov.br\/educacao\/\",\"name\":\"Secretaria de Educa\u00e7\u00e3o\",\"description\":\"Secretaria de Educa\u00e7\u00e3o da cidade de Passo Fundo\",\"potentialAction\":[{\"@type\":\"SearchAction\",\"target\":{\"@type\":\"EntryPoint\",\"urlTemplate\":\"https:\/\/www.pmpf.rs.gov.br\/educacao\/?s={search_term_string}\"},\"query-input\":{\"@type\":\"PropertyValueSpecification\",\"valueRequired\":true,\"valueName\":\"search_term_string\"}}],\"inLanguage\":\"pt-BR\"},{\"@type\":\"Person\",\"@id\":\"https:\/\/www.pmpf.rs.gov.br\/educacao\/#\/schema\/person\/30ee1d1bd74da1469b01fcf086e43351\",\"name\":\"andressazorzetto07\",\"image\":{\"@type\":\"ImageObject\",\"inLanguage\":\"pt-BR\",\"@id\":\"https:\/\/www.pmpf.rs.gov.br\/educacao\/#\/schema\/person\/image\/\",\"url\":\"https:\/\/secure.gravatar.com\/avatar\/14c5458ed79dc81da99a13b9ff5f9f19?s=96&d=mm&r=g\",\"contentUrl\":\"https:\/\/secure.gravatar.com\/avatar\/14c5458ed79dc81da99a13b9ff5f9f19?s=96&d=mm&r=g\",\"caption\":\"andressazorzetto07\"},\"url\":\"https:\/\/www.pmpf.rs.gov.br\/educacao\/author\/andressazorzetto07\/\"}]}<\/script>\n<!-- \/ Yoast SEO plugin. -->","yoast_head_json":{"title":"Centro P\u00f3s-covid de Combate \u00e0 Desigualdade Educacional j\u00e1 realizou mais de 2 mil atendimentos - Secretaria de Educa\u00e7\u00e3o","robots":{"index":"index","follow":"follow","max-snippet":"max-snippet:-1","max-image-preview":"max-image-preview:large","max-video-preview":"max-video-preview:-1"},"canonical":"https:\/\/www.pmpf.rs.gov.br\/educacao\/2022\/08\/18\/centro-pos-covid-de-combate-a-desigualdade-educacional-ja-realizou-mais-de-2-mil-atendimentos\/","og_locale":"pt_BR","og_type":"article","og_title":"Centro P\u00f3s-covid de Combate \u00e0 Desigualdade Educacional j\u00e1 realizou mais de 2 mil atendimentos - Secretaria de Educa\u00e7\u00e3o","og_description":"Inaugurado em maio pela Prefeitura, o espa\u00e7o promove aux\u00edlio multidisciplinar, com profissionais da educa\u00e7\u00e3o, sa\u00fade e assist\u00eancia social","og_url":"https:\/\/www.pmpf.rs.gov.br\/educacao\/2022\/08\/18\/centro-pos-covid-de-combate-a-desigualdade-educacional-ja-realizou-mais-de-2-mil-atendimentos\/","og_site_name":"Secretaria de Educa\u00e7\u00e3o","article_published_time":"2022-08-18T15:44:30+00:00","article_modified_time":"2022-08-18T15:46:39+00:00","og_image":[{"width":2560,"height":1511,"url":"https:\/\/www.pmpf.rs.gov.br\/educacao\/wp-content\/uploads\/sites\/43\/2022\/08\/centro-pos-covid-beatriz-1-scaled.jpg","type":"image\/jpeg"}],"author":"andressazorzetto07","twitter_card":"summary_large_image","twitter_misc":{"Escrito por":"andressazorzetto07","Est. tempo de leitura":"4 minutos"},"schema":{"@context":"https:\/\/schema.org","@graph":[{"@type":"WebPage","@id":"https:\/\/www.pmpf.rs.gov.br\/educacao\/2022\/08\/18\/centro-pos-covid-de-combate-a-desigualdade-educacional-ja-realizou-mais-de-2-mil-atendimentos\/","url":"https:\/\/www.pmpf.rs.gov.br\/educacao\/2022\/08\/18\/centro-pos-covid-de-combate-a-desigualdade-educacional-ja-realizou-mais-de-2-mil-atendimentos\/","name":"Centro P\u00f3s-covid de Combate \u00e0 Desigualdade Educacional j\u00e1 realizou mais de 2 mil atendimentos - Secretaria de Educa\u00e7\u00e3o","isPartOf":{"@id":"https:\/\/www.pmpf.rs.gov.br\/educacao\/#website"},"primaryImageOfPage":{"@id":"https:\/\/www.pmpf.rs.gov.br\/educacao\/2022\/08\/18\/centro-pos-covid-de-combate-a-desigualdade-educacional-ja-realizou-mais-de-2-mil-atendimentos\/#primaryimage"},"image":{"@id":"https:\/\/www.pmpf.rs.gov.br\/educacao\/2022\/08\/18\/centro-pos-covid-de-combate-a-desigualdade-educacional-ja-realizou-mais-de-2-mil-atendimentos\/#primaryimage"},"thumbnailUrl":"https:\/\/www.pmpf.rs.gov.br\/educacao\/wp-content\/uploads\/sites\/43\/2022\/08\/centro-pos-covid-beatriz-1-scaled.jpg","datePublished":"2022-08-18T15:44:30+00:00","dateModified":"2022-08-18T15:46:39+00:00","author":{"@id":"https:\/\/www.pmpf.rs.gov.br\/educacao\/#\/schema\/person\/30ee1d1bd74da1469b01fcf086e43351"},"inLanguage":"pt-BR","potentialAction":[{"@type":"ReadAction","target":["https:\/\/www.pmpf.rs.gov.br\/educacao\/2022\/08\/18\/centro-pos-covid-de-combate-a-desigualdade-educacional-ja-realizou-mais-de-2-mil-atendimentos\/"]}]},{"@type":"ImageObject","inLanguage":"pt-BR","@id":"https:\/\/www.pmpf.rs.gov.br\/educacao\/2022\/08\/18\/centro-pos-covid-de-combate-a-desigualdade-educacional-ja-realizou-mais-de-2-mil-atendimentos\/#primaryimage","url":"https:\/\/www.pmpf.rs.gov.br\/educacao\/wp-content\/uploads\/sites\/43\/2022\/08\/centro-pos-covid-beatriz-1-scaled.jpg","contentUrl":"https:\/\/www.pmpf.rs.gov.br\/educacao\/wp-content\/uploads\/sites\/43\/2022\/08\/centro-pos-covid-beatriz-1-scaled.jpg","width":2560,"height":1511,"caption":"Beatriz, de 3 anos"},{"@type":"WebSite","@id":"https:\/\/www.pmpf.rs.gov.br\/educacao\/#website","url":"https:\/\/www.pmpf.rs.gov.br\/educacao\/","name":"Secretaria de Educa\u00e7\u00e3o","description":"Secretaria de Educa\u00e7\u00e3o da cidade de Passo Fundo","potentialAction":[{"@type":"SearchAction","target":{"@type":"EntryPoint","urlTemplate":"https:\/\/www.pmpf.rs.gov.br\/educacao\/?s={search_term_string}"},"query-input":{"@type":"PropertyValueSpecification","valueRequired":true,"valueName":"search_term_string"}}],"inLanguage":"pt-BR"},{"@type":"Person","@id":"https:\/\/www.pmpf.rs.gov.br\/educacao\/#\/schema\/person\/30ee1d1bd74da1469b01fcf086e43351","name":"andressazorzetto07","image":{"@type":"ImageObject","inLanguage":"pt-BR","@id":"https:\/\/www.pmpf.rs.gov.br\/educacao\/#\/schema\/person\/image\/","url":"https:\/\/secure.gravatar.com\/avatar\/14c5458ed79dc81da99a13b9ff5f9f19?s=96&d=mm&r=g","contentUrl":"https:\/\/secure.gravatar.com\/avatar\/14c5458ed79dc81da99a13b9ff5f9f19?s=96&d=mm&r=g","caption":"andressazorzetto07"},"url":"https:\/\/www.pmpf.rs.gov.br\/educacao\/author\/andressazorzetto07\/"}]}},"_links":{"self":[{"href":"https:\/\/www.pmpf.rs.gov.br\/educacao\/wp-json\/wp\/v2\/posts\/8508"}],"collection":[{"href":"https:\/\/www.pmpf.rs.gov.br\/educacao\/wp-json\/wp\/v2\/posts"}],"about":[{"href":"https:\/\/www.pmpf.rs.gov.br\/educacao\/wp-json\/wp\/v2\/types\/post"}],"author":[{"embeddable":true,"href":"https:\/\/www.pmpf.rs.gov.br\/educacao\/wp-json\/wp\/v2\/users\/6"}],"replies":[{"embeddable":true,"href":"https:\/\/www.pmpf.rs.gov.br\/educacao\/wp-json\/wp\/v2\/comments?post=8508"}],"version-history":[{"count":2,"href":"https:\/\/www.pmpf.rs.gov.br\/educacao\/wp-json\/wp\/v2\/posts\/8508\/revisions"}],"predecessor-version":[{"id":8513,"href":"https:\/\/www.pmpf.rs.gov.br\/educacao\/wp-json\/wp\/v2\/posts\/8508\/revisions\/8513"}],"wp:featuredmedia":[{"embeddable":true,"href":"https:\/\/www.pmpf.rs.gov.br\/educacao\/wp-json\/wp\/v2\/media\/8512"}],"wp:attachment":[{"href":"https:\/\/www.pmpf.rs.gov.br\/educacao\/wp-json\/wp\/v2\/media?parent=8508"}],"wp:term":[{"taxonomy":"category","embeddable":true,"href":"https:\/\/www.pmpf.rs.gov.br\/educacao\/wp-json\/wp\/v2\/categories?post=8508"},{"taxonomy":"post_tag","embeddable":true,"href":"https:\/\/www.pmpf.rs.gov.br\/educacao\/wp-json\/wp\/v2\/tags?post=8508"}],"curies":[{"name":"wp","href":"https:\/\/api.w.org\/{rel}","templated":true}]}}