{"id":8503,"date":"2022-08-16T14:34:28","date_gmt":"2022-08-16T17:34:28","guid":{"rendered":"https:\/\/www.pmpf.rs.gov.br\/educacao\/?p=8503"},"modified":"2022-08-16T14:34:29","modified_gmt":"2022-08-16T17:34:29","slug":"prefeitura-leva-alunos-com-autismo-para-o-cinema","status":"publish","type":"post","link":"https:\/\/www.pmpf.rs.gov.br\/educacao\/2022\/08\/16\/prefeitura-leva-alunos-com-autismo-para-o-cinema\/","title":{"rendered":"Prefeitura leva alunos com autismo para o cinema"},"content":{"rendered":"\n<p><em><br><\/em><br>Olhar atento a uma nova experi\u00eancia! Nesta ter\u00e7a-feira, a Prefeitura levou os alunos da Escola Olga Caetano Dias para o cinema. A iniciativa faz parte do projeto \u201cLuz, C\u00e2mera e EducA\u00c7\u00c3O\u201d, que acontece em parceria com o Cinelaser Cinemas do Passo Fundo Shopping para fomentar a cultura, o entretenimento e um universo de aprendizados que ultrapassa as barreiras das salas de aula.<\/p>\n\n\n\n<p>A professora Eniz Webber enfatizou a import\u00e2ncia da iniciativa. \u201cEssa vinda ao cinema vai contribuir muito com eles para que se tornem cada vez mais interessados em estar na sociedade. Indo e conhecendo lugares diferentes, eles se sentir\u00e3o mais \u00e0 vontade\u201d, pontuou.<br>Os alunos foram divididos em quatro sess\u00f5es e assistiram ao filme Liga dos Super Pets. O Henrique, de 13 anos, estava animado. Ele contou que j\u00e1 foi ao local outra vez para ver Como Treinar o Seu Drag\u00e3o. \u201cFoi muito legal e eu estou ansioso para ver os novos filmes aqui no cinema\u201d, disse.<\/p>\n\n\n\n<p>O secret\u00e1rio de Educa\u00e7\u00e3o, Adriano Canabarro Teixeira, justifica a relev\u00e2ncia do projeto para a vida dos estudantes. \u201cO objetivo \u00e9 proporcionar a eles uma experi\u00eancia \u2013 na maioria dos casos, a primeira \u2013 de acesso \u00e0 7\u00aa arte. Adicionalmente, busca-se o fortalecimento do gosto pela arte e o despertar a criatividade\u201d, enfatizou.<\/p>\n\n\n\n<p>A partir da iniciativa, as fam\u00edlias pagam R$ 8 por ingresso, valor que compreende tamb\u00e9m a pipoca e o refrigerante para o acompanhamento da sess\u00e3o. Al\u00e9m disso, os alunos recebem o transporte escolar, n\u00e3o havendo nenhum custo para o deslocamento.<\/p>\n\n\n\n<p>O Luz, C\u00e2mera, EducA\u00c7\u00c3O leva aos estudantes a expans\u00e3o de experi\u00eancias com o mundo. \u201cPasso Fundo, enquanto Cidade Educadora, une a educa\u00e7\u00e3o, a cultura e a cidadania para formar pessoas que reconhe\u00e7am o meio em que vivem e possam construir transforma\u00e7\u00f5es\u201d, afirmou o secret\u00e1rio de Educa\u00e7\u00e3o.<\/p>\n","protected":false},"excerpt":{"rendered":"<p>Iniciativa faz parte do projeto Luz, C\u00e2mera, EducA\u00c7\u00c3O, que oportuniza aos estudantes da rede o acesso \u00e0 7\u00aa arte<\/p>\n","protected":false},"author":6,"featured_media":8504,"comment_status":"closed","ping_status":"closed","sticky":true,"template":"","format":"standard","meta":{"footnotes":""},"categories":[1],"tags":[],"class_list":["post-8503","post","type-post","status-publish","format-standard","has-post-thumbnail","hentry","category-sem-categoria"],"yoast_head":"<!-- This site is optimized with the Yoast SEO plugin v23.8 - https:\/\/yoast.com\/wordpress\/plugins\/seo\/ -->\n<title>Prefeitura leva alunos com autismo para o cinema - Secretaria de Educa\u00e7\u00e3o<\/title>\n<meta name=\"robots\" content=\"index, follow, max-snippet:-1, max-image-preview:large, max-video-preview:-1\" \/>\n<link rel=\"canonical\" href=\"https:\/\/www.pmpf.rs.gov.br\/educacao\/2022\/08\/16\/prefeitura-leva-alunos-com-autismo-para-o-cinema\/\" \/>\n<meta property=\"og:locale\" content=\"pt_BR\" \/>\n<meta property=\"og:type\" content=\"article\" \/>\n<meta property=\"og:title\" content=\"Prefeitura leva alunos com autismo para o cinema - Secretaria de Educa\u00e7\u00e3o\" \/>\n<meta property=\"og:description\" content=\"Iniciativa faz parte do projeto Luz, C\u00e2mera, EducA\u00c7\u00c3O, que oportuniza aos estudantes da rede o acesso \u00e0 7\u00aa arte\" \/>\n<meta property=\"og:url\" content=\"https:\/\/www.pmpf.rs.gov.br\/educacao\/2022\/08\/16\/prefeitura-leva-alunos-com-autismo-para-o-cinema\/\" \/>\n<meta property=\"og:site_name\" content=\"Secretaria de Educa\u00e7\u00e3o\" \/>\n<meta property=\"article:published_time\" content=\"2022-08-16T17:34:28+00:00\" \/>\n<meta property=\"article:modified_time\" content=\"2022-08-16T17:34:29+00:00\" \/>\n<meta name=\"author\" content=\"andressazorzetto07\" \/>\n<meta name=\"twitter:card\" content=\"summary_large_image\" \/>\n<meta name=\"twitter:label1\" content=\"Escrito por\" \/>\n\t<meta name=\"twitter:data1\" content=\"andressazorzetto07\" \/>\n\t<meta name=\"twitter:label2\" content=\"Est. tempo de leitura\" \/>\n\t<meta name=\"twitter:data2\" content=\"2 minutos\" \/>\n<script type=\"application\/ld+json\" class=\"yoast-schema-graph\">{\"@context\":\"https:\/\/schema.org\",\"@graph\":[{\"@type\":\"WebPage\",\"@id\":\"https:\/\/www.pmpf.rs.gov.br\/educacao\/2022\/08\/16\/prefeitura-leva-alunos-com-autismo-para-o-cinema\/\",\"url\":\"https:\/\/www.pmpf.rs.gov.br\/educacao\/2022\/08\/16\/prefeitura-leva-alunos-com-autismo-para-o-cinema\/\",\"name\":\"Prefeitura leva alunos com autismo para o cinema - Secretaria de Educa\u00e7\u00e3o\",\"isPartOf\":{\"@id\":\"https:\/\/www.pmpf.rs.gov.br\/educacao\/#website\"},\"primaryImageOfPage\":{\"@id\":\"https:\/\/www.pmpf.rs.gov.br\/educacao\/2022\/08\/16\/prefeitura-leva-alunos-com-autismo-para-o-cinema\/#primaryimage\"},\"image\":{\"@id\":\"https:\/\/www.pmpf.rs.gov.br\/educacao\/2022\/08\/16\/prefeitura-leva-alunos-com-autismo-para-o-cinema\/#primaryimage\"},\"thumbnailUrl\":\"https:\/\/www.pmpf.rs.gov.br\/educacao\/wp-content\/uploads\/sites\/43\/2022\/08\/luz-camera-educacao.jpg\",\"datePublished\":\"2022-08-16T17:34:28+00:00\",\"dateModified\":\"2022-08-16T17:34:29+00:00\",\"author\":{\"@id\":\"https:\/\/www.pmpf.rs.gov.br\/educacao\/#\/schema\/person\/30ee1d1bd74da1469b01fcf086e43351\"},\"inLanguage\":\"pt-BR\",\"potentialAction\":[{\"@type\":\"ReadAction\",\"target\":[\"https:\/\/www.pmpf.rs.gov.br\/educacao\/2022\/08\/16\/prefeitura-leva-alunos-com-autismo-para-o-cinema\/\"]}]},{\"@type\":\"ImageObject\",\"inLanguage\":\"pt-BR\",\"@id\":\"https:\/\/www.pmpf.rs.gov.br\/educacao\/2022\/08\/16\/prefeitura-leva-alunos-com-autismo-para-o-cinema\/#primaryimage\",\"url\":\"https:\/\/www.pmpf.rs.gov.br\/educacao\/wp-content\/uploads\/sites\/43\/2022\/08\/luz-camera-educacao.jpg\",\"contentUrl\":\"https:\/\/www.pmpf.rs.gov.br\/educacao\/wp-content\/uploads\/sites\/43\/2022\/08\/luz-camera-educacao.jpg\",\"width\":1280,\"height\":853},{\"@type\":\"WebSite\",\"@id\":\"https:\/\/www.pmpf.rs.gov.br\/educacao\/#website\",\"url\":\"https:\/\/www.pmpf.rs.gov.br\/educacao\/\",\"name\":\"Secretaria de Educa\u00e7\u00e3o\",\"description\":\"Secretaria de Educa\u00e7\u00e3o da cidade de Passo Fundo\",\"potentialAction\":[{\"@type\":\"SearchAction\",\"target\":{\"@type\":\"EntryPoint\",\"urlTemplate\":\"https:\/\/www.pmpf.rs.gov.br\/educacao\/?s={search_term_string}\"},\"query-input\":{\"@type\":\"PropertyValueSpecification\",\"valueRequired\":true,\"valueName\":\"search_term_string\"}}],\"inLanguage\":\"pt-BR\"},{\"@type\":\"Person\",\"@id\":\"https:\/\/www.pmpf.rs.gov.br\/educacao\/#\/schema\/person\/30ee1d1bd74da1469b01fcf086e43351\",\"name\":\"andressazorzetto07\",\"image\":{\"@type\":\"ImageObject\",\"inLanguage\":\"pt-BR\",\"@id\":\"https:\/\/www.pmpf.rs.gov.br\/educacao\/#\/schema\/person\/image\/\",\"url\":\"https:\/\/secure.gravatar.com\/avatar\/14c5458ed79dc81da99a13b9ff5f9f19?s=96&d=mm&r=g\",\"contentUrl\":\"https:\/\/secure.gravatar.com\/avatar\/14c5458ed79dc81da99a13b9ff5f9f19?s=96&d=mm&r=g\",\"caption\":\"andressazorzetto07\"},\"url\":\"https:\/\/www.pmpf.rs.gov.br\/educacao\/author\/andressazorzetto07\/\"}]}<\/script>\n<!-- \/ Yoast SEO plugin. -->","yoast_head_json":{"title":"Prefeitura leva alunos com autismo para o cinema - Secretaria de Educa\u00e7\u00e3o","robots":{"index":"index","follow":"follow","max-snippet":"max-snippet:-1","max-image-preview":"max-image-preview:large","max-video-preview":"max-video-preview:-1"},"canonical":"https:\/\/www.pmpf.rs.gov.br\/educacao\/2022\/08\/16\/prefeitura-leva-alunos-com-autismo-para-o-cinema\/","og_locale":"pt_BR","og_type":"article","og_title":"Prefeitura leva alunos com autismo para o cinema - Secretaria de Educa\u00e7\u00e3o","og_description":"Iniciativa faz parte do projeto Luz, C\u00e2mera, EducA\u00c7\u00c3O, que oportuniza aos estudantes da rede o acesso \u00e0 7\u00aa arte","og_url":"https:\/\/www.pmpf.rs.gov.br\/educacao\/2022\/08\/16\/prefeitura-leva-alunos-com-autismo-para-o-cinema\/","og_site_name":"Secretaria de Educa\u00e7\u00e3o","article_published_time":"2022-08-16T17:34:28+00:00","article_modified_time":"2022-08-16T17:34:29+00:00","author":"andressazorzetto07","twitter_card":"summary_large_image","twitter_misc":{"Escrito por":"andressazorzetto07","Est. tempo de leitura":"2 minutos"},"schema":{"@context":"https:\/\/schema.org","@graph":[{"@type":"WebPage","@id":"https:\/\/www.pmpf.rs.gov.br\/educacao\/2022\/08\/16\/prefeitura-leva-alunos-com-autismo-para-o-cinema\/","url":"https:\/\/www.pmpf.rs.gov.br\/educacao\/2022\/08\/16\/prefeitura-leva-alunos-com-autismo-para-o-cinema\/","name":"Prefeitura leva alunos com autismo para o cinema - Secretaria de Educa\u00e7\u00e3o","isPartOf":{"@id":"https:\/\/www.pmpf.rs.gov.br\/educacao\/#website"},"primaryImageOfPage":{"@id":"https:\/\/www.pmpf.rs.gov.br\/educacao\/2022\/08\/16\/prefeitura-leva-alunos-com-autismo-para-o-cinema\/#primaryimage"},"image":{"@id":"https:\/\/www.pmpf.rs.gov.br\/educacao\/2022\/08\/16\/prefeitura-leva-alunos-com-autismo-para-o-cinema\/#primaryimage"},"thumbnailUrl":"https:\/\/www.pmpf.rs.gov.br\/educacao\/wp-content\/uploads\/sites\/43\/2022\/08\/luz-camera-educacao.jpg","datePublished":"2022-08-16T17:34:28+00:00","dateModified":"2022-08-16T17:34:29+00:00","author":{"@id":"https:\/\/www.pmpf.rs.gov.br\/educacao\/#\/schema\/person\/30ee1d1bd74da1469b01fcf086e43351"},"inLanguage":"pt-BR","potentialAction":[{"@type":"ReadAction","target":["https:\/\/www.pmpf.rs.gov.br\/educacao\/2022\/08\/16\/prefeitura-leva-alunos-com-autismo-para-o-cinema\/"]}]},{"@type":"ImageObject","inLanguage":"pt-BR","@id":"https:\/\/www.pmpf.rs.gov.br\/educacao\/2022\/08\/16\/prefeitura-leva-alunos-com-autismo-para-o-cinema\/#primaryimage","url":"https:\/\/www.pmpf.rs.gov.br\/educacao\/wp-content\/uploads\/sites\/43\/2022\/08\/luz-camera-educacao.jpg","contentUrl":"https:\/\/www.pmpf.rs.gov.br\/educacao\/wp-content\/uploads\/sites\/43\/2022\/08\/luz-camera-educacao.jpg","width":1280,"height":853},{"@type":"WebSite","@id":"https:\/\/www.pmpf.rs.gov.br\/educacao\/#website","url":"https:\/\/www.pmpf.rs.gov.br\/educacao\/","name":"Secretaria de Educa\u00e7\u00e3o","description":"Secretaria de Educa\u00e7\u00e3o da cidade de Passo Fundo","potentialAction":[{"@type":"SearchAction","target":{"@type":"EntryPoint","urlTemplate":"https:\/\/www.pmpf.rs.gov.br\/educacao\/?s={search_term_string}"},"query-input":{"@type":"PropertyValueSpecification","valueRequired":true,"valueName":"search_term_string"}}],"inLanguage":"pt-BR"},{"@type":"Person","@id":"https:\/\/www.pmpf.rs.gov.br\/educacao\/#\/schema\/person\/30ee1d1bd74da1469b01fcf086e43351","name":"andressazorzetto07","image":{"@type":"ImageObject","inLanguage":"pt-BR","@id":"https:\/\/www.pmpf.rs.gov.br\/educacao\/#\/schema\/person\/image\/","url":"https:\/\/secure.gravatar.com\/avatar\/14c5458ed79dc81da99a13b9ff5f9f19?s=96&d=mm&r=g","contentUrl":"https:\/\/secure.gravatar.com\/avatar\/14c5458ed79dc81da99a13b9ff5f9f19?s=96&d=mm&r=g","caption":"andressazorzetto07"},"url":"https:\/\/www.pmpf.rs.gov.br\/educacao\/author\/andressazorzetto07\/"}]}},"_links":{"self":[{"href":"https:\/\/www.pmpf.rs.gov.br\/educacao\/wp-json\/wp\/v2\/posts\/8503"}],"collection":[{"href":"https:\/\/www.pmpf.rs.gov.br\/educacao\/wp-json\/wp\/v2\/posts"}],"about":[{"href":"https:\/\/www.pmpf.rs.gov.br\/educacao\/wp-json\/wp\/v2\/types\/post"}],"author":[{"embeddable":true,"href":"https:\/\/www.pmpf.rs.gov.br\/educacao\/wp-json\/wp\/v2\/users\/6"}],"replies":[{"embeddable":true,"href":"https:\/\/www.pmpf.rs.gov.br\/educacao\/wp-json\/wp\/v2\/comments?post=8503"}],"version-history":[{"count":1,"href":"https:\/\/www.pmpf.rs.gov.br\/educacao\/wp-json\/wp\/v2\/posts\/8503\/revisions"}],"predecessor-version":[{"id":8505,"href":"https:\/\/www.pmpf.rs.gov.br\/educacao\/wp-json\/wp\/v2\/posts\/8503\/revisions\/8505"}],"wp:featuredmedia":[{"embeddable":true,"href":"https:\/\/www.pmpf.rs.gov.br\/educacao\/wp-json\/wp\/v2\/media\/8504"}],"wp:attachment":[{"href":"https:\/\/www.pmpf.rs.gov.br\/educacao\/wp-json\/wp\/v2\/media?parent=8503"}],"wp:term":[{"taxonomy":"category","embeddable":true,"href":"https:\/\/www.pmpf.rs.gov.br\/educacao\/wp-json\/wp\/v2\/categories?post=8503"},{"taxonomy":"post_tag","embeddable":true,"href":"https:\/\/www.pmpf.rs.gov.br\/educacao\/wp-json\/wp\/v2\/tags?post=8503"}],"curies":[{"name":"wp","href":"https:\/\/api.w.org\/{rel}","templated":true}]}}