{"id":8456,"date":"2022-07-18T09:01:08","date_gmt":"2022-07-18T12:01:08","guid":{"rendered":"https:\/\/www.pmpf.rs.gov.br\/educacao\/?p=8456"},"modified":"2022-07-18T09:01:08","modified_gmt":"2022-07-18T12:01:08","slug":"projeto-da-prefeitura-leva-alunos-da-rede-municipal-ao-cinema","status":"publish","type":"post","link":"https:\/\/www.pmpf.rs.gov.br\/educacao\/2022\/07\/18\/projeto-da-prefeitura-leva-alunos-da-rede-municipal-ao-cinema\/","title":{"rendered":"Projeto da Prefeitura leva alunos da rede municipal ao cinema"},"content":{"rendered":"\n<p><\/p>\n\n\n\n<p>A Prefeitura deu in\u00edcio a um projeto chamado Luz, C\u00e2mera e EducA\u00c7\u00c3O e est\u00e1 levando os alunos da rede municipal ao cinema. A iniciativa acontece em parceria com o Cinelaser Cinemas do Passo Fundo Shopping, fomentando a cultura, o entretenimento e um universo de aprendizados que ultrapassa as barreiras das salas de aula.<\/p>\n\n\n\n<p>Levar possibilidades aos estudantes e expandir as experi\u00eancias com o mundo, segundo o prefeito Pedro Almeida, pautam as a\u00e7\u00f5es na \u00e1rea da educa\u00e7\u00e3o. &#8220;Passo Fundo, enquanto Cidade Educadora, une a educa\u00e7\u00e3o, a cultura e a cidadania para formar pessoas que reconhe\u00e7am o meio em que vivem e possam construir transforma\u00e7\u00f5es&#8221;, declarou.<\/p>\n\n\n\n<p>O secret\u00e1rio de Educa\u00e7\u00e3o, Adriano Canabarro Teixeira, justifica a import\u00e2ncia do projeto para a vida dos estudantes. \u201cO objetivo \u00e9 proporcionar a eles uma experi\u00eancia \u2013 na maioria dos casos, a primeira \u2013 de acesso \u00e0 7\u00aa arte. Adicionalmente, busca-se o fortalecimento do gosto pela arte e o despertar a criatividade\u201d, enfatizou.<\/p>\n\n\n\n<p>Para a efetiva\u00e7\u00e3o da iniciativa, as escolas de Ensino Fundamental foram divididas em grupos. No m\u00eas de julho, oito institui\u00e7\u00f5es participaram dos projetos: Arlindo de Souza Mattos, Cohab Secchi, Frederico Ferri, Fredolino Chimango, Georgina Rosado, Helena Salton, S\u00e3o Luiz Gonzaga e Senador Pasqualini. As demais ser\u00e3o organizadas nos meses subsequentes.<\/p>\n\n\n\n<p>A partir do projeto, as fam\u00edlias pagam R$ 8 por ingresso, valor que compreende tamb\u00e9m a pipoca e o refrigerante para a sess\u00e3o. Al\u00e9m disso, os alunos recebem o transporte escolar, n\u00e3o havendo nenhum custo para o deslocamento.<\/p>\n\n\n\n<p>Na manh\u00e3 desta sexta-feira (15), as turmas do sexto ao nono ano assistiram ao filme Top Gun \u2013 Maverick. J\u00e1 durante a tarde, os estudantes do terceiro ao quinto ano puderam ver Minions 2 \u2013 a Origem do Gru. Ao todo, compareceram ao cinema cerca de 450 alunos.<\/p>\n\n\n\n<p>Para muitos, ir ao cinema pela primeira vez s\u00f3 foi poss\u00edvel com o projeto. Esse \u00e9 o caso da estudante J\u00falia Eduarda Weiss de Oliveira, de 15 anos, que estuda na EMEF Cohab Secchi. &#8220;Eu adorei vir e gostei muito do filme&#8221;, contou.<\/p>\n\n\n\n<p>A diretora da EMEF Helena Salton, Desire de F\u00e1tima Soares de Meira, que acompanhou os alunos pela manh\u00e3, falou sobre a import\u00e2ncia da iniciativa. \u201c\u00c9 excelente! As crian\u00e7as das comunidades, muitas vezes, n\u00e3o t\u00eam a oportunidade de vir ao cinema. Foi maravilhoso v\u00ea-las com os olhinhos brilhando e felizes por sa\u00edrem juntas ap\u00f3s a pandemia. \u00c9 um momento \u00edmpar de emo\u00e7\u00e3o e coleguismo\u201d, disse.<\/p>\n","protected":false},"excerpt":{"rendered":"<p>A iniciativa, chamada &#8220;Luz, C\u00e2mera, EducA\u00c7\u00c3O&#8221;, proporciona aos estudantes o contato com a cultura, a arte, o entretenimento e novos aprendizados<\/p>\n","protected":false},"author":6,"featured_media":8457,"comment_status":"closed","ping_status":"closed","sticky":true,"template":"","format":"standard","meta":{"footnotes":""},"categories":[32],"tags":[],"class_list":["post-8456","post","type-post","status-publish","format-standard","has-post-thumbnail","hentry","category-luz-camera-educacao"],"yoast_head":"<!-- This site is optimized with the Yoast SEO plugin v23.8 - https:\/\/yoast.com\/wordpress\/plugins\/seo\/ -->\n<title>Projeto da Prefeitura leva alunos da rede municipal ao cinema - Secretaria de Educa\u00e7\u00e3o<\/title>\n<meta name=\"robots\" content=\"index, follow, max-snippet:-1, max-image-preview:large, max-video-preview:-1\" \/>\n<link rel=\"canonical\" href=\"https:\/\/www.pmpf.rs.gov.br\/educacao\/2022\/07\/18\/projeto-da-prefeitura-leva-alunos-da-rede-municipal-ao-cinema\/\" \/>\n<meta property=\"og:locale\" content=\"pt_BR\" \/>\n<meta property=\"og:type\" content=\"article\" \/>\n<meta property=\"og:title\" content=\"Projeto da Prefeitura leva alunos da rede municipal ao cinema - Secretaria de Educa\u00e7\u00e3o\" \/>\n<meta property=\"og:description\" content=\"A iniciativa, chamada &quot;Luz, C\u00e2mera, EducA\u00c7\u00c3O&quot;, proporciona aos estudantes o contato com a cultura, a arte, o entretenimento e novos aprendizados\" \/>\n<meta property=\"og:url\" content=\"https:\/\/www.pmpf.rs.gov.br\/educacao\/2022\/07\/18\/projeto-da-prefeitura-leva-alunos-da-rede-municipal-ao-cinema\/\" \/>\n<meta property=\"og:site_name\" content=\"Secretaria de Educa\u00e7\u00e3o\" \/>\n<meta property=\"article:published_time\" content=\"2022-07-18T12:01:08+00:00\" \/>\n<meta name=\"author\" content=\"andressazorzetto07\" \/>\n<meta name=\"twitter:card\" content=\"summary_large_image\" \/>\n<meta name=\"twitter:label1\" content=\"Escrito por\" \/>\n\t<meta name=\"twitter:data1\" content=\"andressazorzetto07\" \/>\n\t<meta name=\"twitter:label2\" content=\"Est. tempo de leitura\" \/>\n\t<meta name=\"twitter:data2\" content=\"2 minutos\" \/>\n<script type=\"application\/ld+json\" class=\"yoast-schema-graph\">{\"@context\":\"https:\/\/schema.org\",\"@graph\":[{\"@type\":\"WebPage\",\"@id\":\"https:\/\/www.pmpf.rs.gov.br\/educacao\/2022\/07\/18\/projeto-da-prefeitura-leva-alunos-da-rede-municipal-ao-cinema\/\",\"url\":\"https:\/\/www.pmpf.rs.gov.br\/educacao\/2022\/07\/18\/projeto-da-prefeitura-leva-alunos-da-rede-municipal-ao-cinema\/\",\"name\":\"Projeto da Prefeitura leva alunos da rede municipal ao cinema - Secretaria de Educa\u00e7\u00e3o\",\"isPartOf\":{\"@id\":\"https:\/\/www.pmpf.rs.gov.br\/educacao\/#website\"},\"primaryImageOfPage\":{\"@id\":\"https:\/\/www.pmpf.rs.gov.br\/educacao\/2022\/07\/18\/projeto-da-prefeitura-leva-alunos-da-rede-municipal-ao-cinema\/#primaryimage\"},\"image\":{\"@id\":\"https:\/\/www.pmpf.rs.gov.br\/educacao\/2022\/07\/18\/projeto-da-prefeitura-leva-alunos-da-rede-municipal-ao-cinema\/#primaryimage\"},\"thumbnailUrl\":\"https:\/\/www.pmpf.rs.gov.br\/educacao\/wp-content\/uploads\/sites\/43\/2022\/07\/luz-camera-educacao.jpg\",\"datePublished\":\"2022-07-18T12:01:08+00:00\",\"dateModified\":\"2022-07-18T12:01:08+00:00\",\"author\":{\"@id\":\"https:\/\/www.pmpf.rs.gov.br\/educacao\/#\/schema\/person\/30ee1d1bd74da1469b01fcf086e43351\"},\"inLanguage\":\"pt-BR\",\"potentialAction\":[{\"@type\":\"ReadAction\",\"target\":[\"https:\/\/www.pmpf.rs.gov.br\/educacao\/2022\/07\/18\/projeto-da-prefeitura-leva-alunos-da-rede-municipal-ao-cinema\/\"]}]},{\"@type\":\"ImageObject\",\"inLanguage\":\"pt-BR\",\"@id\":\"https:\/\/www.pmpf.rs.gov.br\/educacao\/2022\/07\/18\/projeto-da-prefeitura-leva-alunos-da-rede-municipal-ao-cinema\/#primaryimage\",\"url\":\"https:\/\/www.pmpf.rs.gov.br\/educacao\/wp-content\/uploads\/sites\/43\/2022\/07\/luz-camera-educacao.jpg\",\"contentUrl\":\"https:\/\/www.pmpf.rs.gov.br\/educacao\/wp-content\/uploads\/sites\/43\/2022\/07\/luz-camera-educacao.jpg\",\"width\":1280,\"height\":854},{\"@type\":\"WebSite\",\"@id\":\"https:\/\/www.pmpf.rs.gov.br\/educacao\/#website\",\"url\":\"https:\/\/www.pmpf.rs.gov.br\/educacao\/\",\"name\":\"Secretaria de Educa\u00e7\u00e3o\",\"description\":\"Secretaria de Educa\u00e7\u00e3o da cidade de Passo Fundo\",\"potentialAction\":[{\"@type\":\"SearchAction\",\"target\":{\"@type\":\"EntryPoint\",\"urlTemplate\":\"https:\/\/www.pmpf.rs.gov.br\/educacao\/?s={search_term_string}\"},\"query-input\":{\"@type\":\"PropertyValueSpecification\",\"valueRequired\":true,\"valueName\":\"search_term_string\"}}],\"inLanguage\":\"pt-BR\"},{\"@type\":\"Person\",\"@id\":\"https:\/\/www.pmpf.rs.gov.br\/educacao\/#\/schema\/person\/30ee1d1bd74da1469b01fcf086e43351\",\"name\":\"andressazorzetto07\",\"image\":{\"@type\":\"ImageObject\",\"inLanguage\":\"pt-BR\",\"@id\":\"https:\/\/www.pmpf.rs.gov.br\/educacao\/#\/schema\/person\/image\/\",\"url\":\"https:\/\/secure.gravatar.com\/avatar\/14c5458ed79dc81da99a13b9ff5f9f19?s=96&d=mm&r=g\",\"contentUrl\":\"https:\/\/secure.gravatar.com\/avatar\/14c5458ed79dc81da99a13b9ff5f9f19?s=96&d=mm&r=g\",\"caption\":\"andressazorzetto07\"},\"url\":\"https:\/\/www.pmpf.rs.gov.br\/educacao\/author\/andressazorzetto07\/\"}]}<\/script>\n<!-- \/ Yoast SEO plugin. -->","yoast_head_json":{"title":"Projeto da Prefeitura leva alunos da rede municipal ao cinema - Secretaria de Educa\u00e7\u00e3o","robots":{"index":"index","follow":"follow","max-snippet":"max-snippet:-1","max-image-preview":"max-image-preview:large","max-video-preview":"max-video-preview:-1"},"canonical":"https:\/\/www.pmpf.rs.gov.br\/educacao\/2022\/07\/18\/projeto-da-prefeitura-leva-alunos-da-rede-municipal-ao-cinema\/","og_locale":"pt_BR","og_type":"article","og_title":"Projeto da Prefeitura leva alunos da rede municipal ao cinema - Secretaria de Educa\u00e7\u00e3o","og_description":"A iniciativa, chamada \"Luz, C\u00e2mera, EducA\u00c7\u00c3O\", proporciona aos estudantes o contato com a cultura, a arte, o entretenimento e novos aprendizados","og_url":"https:\/\/www.pmpf.rs.gov.br\/educacao\/2022\/07\/18\/projeto-da-prefeitura-leva-alunos-da-rede-municipal-ao-cinema\/","og_site_name":"Secretaria de Educa\u00e7\u00e3o","article_published_time":"2022-07-18T12:01:08+00:00","author":"andressazorzetto07","twitter_card":"summary_large_image","twitter_misc":{"Escrito por":"andressazorzetto07","Est. tempo de leitura":"2 minutos"},"schema":{"@context":"https:\/\/schema.org","@graph":[{"@type":"WebPage","@id":"https:\/\/www.pmpf.rs.gov.br\/educacao\/2022\/07\/18\/projeto-da-prefeitura-leva-alunos-da-rede-municipal-ao-cinema\/","url":"https:\/\/www.pmpf.rs.gov.br\/educacao\/2022\/07\/18\/projeto-da-prefeitura-leva-alunos-da-rede-municipal-ao-cinema\/","name":"Projeto da Prefeitura leva alunos da rede municipal ao cinema - Secretaria de Educa\u00e7\u00e3o","isPartOf":{"@id":"https:\/\/www.pmpf.rs.gov.br\/educacao\/#website"},"primaryImageOfPage":{"@id":"https:\/\/www.pmpf.rs.gov.br\/educacao\/2022\/07\/18\/projeto-da-prefeitura-leva-alunos-da-rede-municipal-ao-cinema\/#primaryimage"},"image":{"@id":"https:\/\/www.pmpf.rs.gov.br\/educacao\/2022\/07\/18\/projeto-da-prefeitura-leva-alunos-da-rede-municipal-ao-cinema\/#primaryimage"},"thumbnailUrl":"https:\/\/www.pmpf.rs.gov.br\/educacao\/wp-content\/uploads\/sites\/43\/2022\/07\/luz-camera-educacao.jpg","datePublished":"2022-07-18T12:01:08+00:00","dateModified":"2022-07-18T12:01:08+00:00","author":{"@id":"https:\/\/www.pmpf.rs.gov.br\/educacao\/#\/schema\/person\/30ee1d1bd74da1469b01fcf086e43351"},"inLanguage":"pt-BR","potentialAction":[{"@type":"ReadAction","target":["https:\/\/www.pmpf.rs.gov.br\/educacao\/2022\/07\/18\/projeto-da-prefeitura-leva-alunos-da-rede-municipal-ao-cinema\/"]}]},{"@type":"ImageObject","inLanguage":"pt-BR","@id":"https:\/\/www.pmpf.rs.gov.br\/educacao\/2022\/07\/18\/projeto-da-prefeitura-leva-alunos-da-rede-municipal-ao-cinema\/#primaryimage","url":"https:\/\/www.pmpf.rs.gov.br\/educacao\/wp-content\/uploads\/sites\/43\/2022\/07\/luz-camera-educacao.jpg","contentUrl":"https:\/\/www.pmpf.rs.gov.br\/educacao\/wp-content\/uploads\/sites\/43\/2022\/07\/luz-camera-educacao.jpg","width":1280,"height":854},{"@type":"WebSite","@id":"https:\/\/www.pmpf.rs.gov.br\/educacao\/#website","url":"https:\/\/www.pmpf.rs.gov.br\/educacao\/","name":"Secretaria de Educa\u00e7\u00e3o","description":"Secretaria de Educa\u00e7\u00e3o da cidade de Passo Fundo","potentialAction":[{"@type":"SearchAction","target":{"@type":"EntryPoint","urlTemplate":"https:\/\/www.pmpf.rs.gov.br\/educacao\/?s={search_term_string}"},"query-input":{"@type":"PropertyValueSpecification","valueRequired":true,"valueName":"search_term_string"}}],"inLanguage":"pt-BR"},{"@type":"Person","@id":"https:\/\/www.pmpf.rs.gov.br\/educacao\/#\/schema\/person\/30ee1d1bd74da1469b01fcf086e43351","name":"andressazorzetto07","image":{"@type":"ImageObject","inLanguage":"pt-BR","@id":"https:\/\/www.pmpf.rs.gov.br\/educacao\/#\/schema\/person\/image\/","url":"https:\/\/secure.gravatar.com\/avatar\/14c5458ed79dc81da99a13b9ff5f9f19?s=96&d=mm&r=g","contentUrl":"https:\/\/secure.gravatar.com\/avatar\/14c5458ed79dc81da99a13b9ff5f9f19?s=96&d=mm&r=g","caption":"andressazorzetto07"},"url":"https:\/\/www.pmpf.rs.gov.br\/educacao\/author\/andressazorzetto07\/"}]}},"_links":{"self":[{"href":"https:\/\/www.pmpf.rs.gov.br\/educacao\/wp-json\/wp\/v2\/posts\/8456"}],"collection":[{"href":"https:\/\/www.pmpf.rs.gov.br\/educacao\/wp-json\/wp\/v2\/posts"}],"about":[{"href":"https:\/\/www.pmpf.rs.gov.br\/educacao\/wp-json\/wp\/v2\/types\/post"}],"author":[{"embeddable":true,"href":"https:\/\/www.pmpf.rs.gov.br\/educacao\/wp-json\/wp\/v2\/users\/6"}],"replies":[{"embeddable":true,"href":"https:\/\/www.pmpf.rs.gov.br\/educacao\/wp-json\/wp\/v2\/comments?post=8456"}],"version-history":[{"count":1,"href":"https:\/\/www.pmpf.rs.gov.br\/educacao\/wp-json\/wp\/v2\/posts\/8456\/revisions"}],"predecessor-version":[{"id":8458,"href":"https:\/\/www.pmpf.rs.gov.br\/educacao\/wp-json\/wp\/v2\/posts\/8456\/revisions\/8458"}],"wp:featuredmedia":[{"embeddable":true,"href":"https:\/\/www.pmpf.rs.gov.br\/educacao\/wp-json\/wp\/v2\/media\/8457"}],"wp:attachment":[{"href":"https:\/\/www.pmpf.rs.gov.br\/educacao\/wp-json\/wp\/v2\/media?parent=8456"}],"wp:term":[{"taxonomy":"category","embeddable":true,"href":"https:\/\/www.pmpf.rs.gov.br\/educacao\/wp-json\/wp\/v2\/categories?post=8456"},{"taxonomy":"post_tag","embeddable":true,"href":"https:\/\/www.pmpf.rs.gov.br\/educacao\/wp-json\/wp\/v2\/tags?post=8456"}],"curies":[{"name":"wp","href":"https:\/\/api.w.org\/{rel}","templated":true}]}}