{"id":8453,"date":"2022-07-11T16:27:00","date_gmt":"2022-07-11T19:27:00","guid":{"rendered":"https:\/\/www.pmpf.rs.gov.br\/educacao\/?p=8453"},"modified":"2022-07-11T16:27:01","modified_gmt":"2022-07-11T19:27:01","slug":"olhar-de-crianca-prefeito-pedro-almeida-entrega-oculos-a-criancas-da-rede-municipal","status":"publish","type":"post","link":"https:\/\/www.pmpf.rs.gov.br\/educacao\/2022\/07\/11\/olhar-de-crianca-prefeito-pedro-almeida-entrega-oculos-a-criancas-da-rede-municipal\/","title":{"rendered":"Olhar de Crian\u00e7a: prefeito Pedro Almeida entrega \u00f3culos a crian\u00e7as da rede municipal"},"content":{"rendered":"\n<p><em><br><\/em><br>Ver bem para aprender melhor: foi pensando nisso que a Prefeitura de Passo Fundo criou o programa Olhar de Crian\u00e7a. A iniciativa promove a acuidade visual para os alunos das escolas municipais de educa\u00e7\u00e3o por meio de avalia\u00e7\u00f5es, testes e o fornecimento de \u00f3culos sem nenhum custo \u00e0s fam\u00edlias.<\/p>\n\n\n\n<p>Nesta segunda-feira (11), na Escola Municipal de Educa\u00e7\u00e3o Infantil (EMEI), o prefeito Pedro Almeida realizou a entrega de \u00f3culos a cerca de 40 crian\u00e7as atendidas pela iniciativa, que tamb\u00e9m s\u00e3o oriundas das escolas Jos\u00e9 Ant\u00f4nio Falc\u00e3o, Helena Salton, Cantinho Feliz, Toquinho de Gente, Arlindo de Souza Mattos, Andr\u00e9 Zaffari, Menino Deus e Rita Sirotsky. \u201cToda vez que a gente investe em uma crian\u00e7a est\u00e1 fazendo um gesto concreto pelo futuro da cidade. Se o aluno n\u00e3o enxerga bem, ter\u00e1 mais dificuldades para aprender e ser alfabetizado. Por isso, o programa Olhar de Crian\u00e7a \u00e9 essencial para a educa\u00e7\u00e3o e para criarmos condi\u00e7\u00f5es para que as crian\u00e7as se desenvolvam na escola\u201d, enfatizou.<\/p>\n\n\n\n<p>O programa atende alunos na faixa dos tr\u00eas aos seis anos de idade e funciona em tr\u00eas diferentes etapas: na primeira, as crian\u00e7as fazem um teste de vis\u00e3o nas escolas; caso seja detectado alguma dificuldade, um novo teste \u00e9 feito no Hospital de Olhos; as crian\u00e7as com indica\u00e7\u00e3o de \u00f3culos recebem um encaminhamento para escolha da arma\u00e7\u00e3o e, posteriormente, os \u00f3culos s\u00e3o entregues nas institui\u00e7\u00f5es. As que precisam de tratamento seguem em acompanhamento por mais tempo.<\/p>\n\n\n\n<p>Conforme a secret\u00e1ria de Sa\u00fade, Cristine Pilati, no \u00faltimo ano, 1,5 mil crian\u00e7as passaram pela triagem na pr\u00f3pria escola, 518 foram encaminhadas para consulta no Hospital de Olhos, 117 j\u00e1 foram atendidas e 50 precisaram do \u00f3culos. \u201cEstamos muito felizes por fazer essa entrega aqui. Sabemos a diferen\u00e7a que enxergar bem faz para a aprendizagem das crian\u00e7as. Com os \u00f3culos, conseguimos combater desigualdades e uma defici\u00eancia que, \u00e0s vezes, os pais nem sabem que elas t\u00eam\u201d, destacou.<\/p>\n\n\n\n<p>Durante a entrega, o secret\u00e1rio de Educa\u00e7\u00e3o, Adriano Canabarro Teixeira, conversou com os alunos e explicou a import\u00e2ncia de eles usarem os \u00f3culos. \u201cQuando eu era pequeno, tinha uma dificuldade para aprender e n\u00e3o sabia o porqu\u00ea at\u00e9 ir ao oftalmologista. Quando eu passei a usar \u00f3culos, parece que tudo melhorou. Tenho certeza que, a partir do \u00f3culos, voc\u00eas ser\u00e3o alunos e alunas ainda melhores\u201d, disse.<\/p>\n\n\n\n<p>Maria Cec\u00edlia, de 4 anos, foi uma das crian\u00e7as que receberam os \u00f3culos nesta segunda-feira. A m\u00e3e, Alice de Oliveira dos Santos, comentou como a iniciativa contribui com as fam\u00edlias. \u201cN\u00f3s percebemos que ela tinha alguma dificuldade porque costumava ficar muito pr\u00f3xima das coisas. Para n\u00f3s, o programa \u00e9 muito bom, pois os \u00f3culos s\u00e3o caros e n\u00e3o cabem no or\u00e7amento de muitas pessoas\u201d, contou.<\/p>\n\n\n\n<p><strong>Sons do Mundo<br><\/strong>Foi com a mesma perspectiva do Olhar de Crian\u00e7a que a Prefeitura criou, em abril deste ano, o programa Sons do Mundo, que busca identificar crian\u00e7as com defici\u00eancias auditivas na rede municipal e assegurar que recebam o acompanhamento necess\u00e1rio. O p\u00fablico-alvo s\u00e3o as crian\u00e7as de 3 a 8 anos que estudam na rede municipal.<\/p>\n\n\n\n<p>O prefeito, Pedro Almeida, enfatizou que problemas auditivos e visuais est\u00e3o entre os motivos que podem dificultar o processo de aprendizagem dos alunos. \u201cEstamos dando mais um passo para enfrentar esses fatores que podem prejudicar o desempenho dos alunos em sala de aula. Temos certeza de que o programa Sons do Mundo, assim como o Olhar de Crian\u00e7a, far\u00e1 a diferen\u00e7a na vida de muitas crian\u00e7as\u201d, afirmou.<\/p>\n\n\n\n<p>Conforme explica a secret\u00e1ria de Sa\u00fade, Cristine Pilati, \u201co programa Sons do Mundo tem o objetivo de preencher a lacuna que possa existir entre crian\u00e7as que realizaram o Teste da Orelhinha quando nasceram e crian\u00e7as que est\u00e3o em idade escolar e que, por algum motivo, possam ter desenvolvido d\u00e9ficit auditivo\u201d.<\/p>\n\n\n\n<p>Os alunos ser\u00e3o triados nas escolas por uma fonoaudi\u00f3loga, com avalia\u00e7\u00e3o cl\u00ednica, otoscopia e aplica\u00e7\u00e3o do teste de emiss\u00f5es otoac\u00fasticas. Em caso de detec\u00e7\u00e3o de altera\u00e7\u00f5es, a crian\u00e7a ser\u00e1 encaminhada para atendimento especializado e realiza\u00e7\u00e3o de audiometria convencional. O programa est\u00e1 recebendo os \u00faltimos ajustes para que entre em funcionamento.<\/p>\n\n\n\n<p><strong>Fotos: Michel Sanderi<\/strong><\/p>\n","protected":false},"excerpt":{"rendered":"<p>Sem custo nenhum \u00e0s fam\u00edlias, os \u00f3culos promover\u00e3o condi\u00e7\u00f5es para a aprendizagem e a alfabetiza\u00e7\u00e3o. Entrega foi realizada na Escola Municipal de Educa\u00e7\u00e3o Infantil Maria Elizabeth<\/p>\n","protected":false},"author":6,"featured_media":8454,"comment_status":"closed","ping_status":"closed","sticky":true,"template":"","format":"standard","meta":{"footnotes":""},"categories":[31],"tags":[],"class_list":["post-8453","post","type-post","status-publish","format-standard","has-post-thumbnail","hentry","category-olhar-de-crianca"],"yoast_head":"<!-- This site is optimized with the Yoast SEO plugin v23.8 - https:\/\/yoast.com\/wordpress\/plugins\/seo\/ -->\n<title>Olhar de Crian\u00e7a: prefeito Pedro Almeida entrega \u00f3culos a crian\u00e7as da rede municipal - Secretaria de Educa\u00e7\u00e3o<\/title>\n<meta name=\"robots\" content=\"index, follow, max-snippet:-1, max-image-preview:large, max-video-preview:-1\" \/>\n<link rel=\"canonical\" href=\"https:\/\/www.pmpf.rs.gov.br\/educacao\/2022\/07\/11\/olhar-de-crianca-prefeito-pedro-almeida-entrega-oculos-a-criancas-da-rede-municipal\/\" \/>\n<meta property=\"og:locale\" content=\"pt_BR\" \/>\n<meta property=\"og:type\" content=\"article\" \/>\n<meta property=\"og:title\" content=\"Olhar de Crian\u00e7a: prefeito Pedro Almeida entrega \u00f3culos a crian\u00e7as da rede municipal - Secretaria de Educa\u00e7\u00e3o\" \/>\n<meta property=\"og:description\" content=\"Sem custo nenhum \u00e0s fam\u00edlias, os \u00f3culos promover\u00e3o condi\u00e7\u00f5es para a aprendizagem e a alfabetiza\u00e7\u00e3o. Entrega foi realizada na Escola Municipal de Educa\u00e7\u00e3o Infantil Maria Elizabeth\" \/>\n<meta property=\"og:url\" content=\"https:\/\/www.pmpf.rs.gov.br\/educacao\/2022\/07\/11\/olhar-de-crianca-prefeito-pedro-almeida-entrega-oculos-a-criancas-da-rede-municipal\/\" \/>\n<meta property=\"og:site_name\" content=\"Secretaria de Educa\u00e7\u00e3o\" \/>\n<meta property=\"article:published_time\" content=\"2022-07-11T19:27:00+00:00\" \/>\n<meta property=\"article:modified_time\" content=\"2022-07-11T19:27:01+00:00\" \/>\n<meta name=\"author\" content=\"andressazorzetto07\" \/>\n<meta name=\"twitter:card\" content=\"summary_large_image\" \/>\n<meta name=\"twitter:label1\" content=\"Escrito por\" \/>\n\t<meta name=\"twitter:data1\" content=\"andressazorzetto07\" \/>\n\t<meta name=\"twitter:label2\" content=\"Est. tempo de leitura\" \/>\n\t<meta name=\"twitter:data2\" content=\"4 minutos\" \/>\n<script type=\"application\/ld+json\" class=\"yoast-schema-graph\">{\"@context\":\"https:\/\/schema.org\",\"@graph\":[{\"@type\":\"WebPage\",\"@id\":\"https:\/\/www.pmpf.rs.gov.br\/educacao\/2022\/07\/11\/olhar-de-crianca-prefeito-pedro-almeida-entrega-oculos-a-criancas-da-rede-municipal\/\",\"url\":\"https:\/\/www.pmpf.rs.gov.br\/educacao\/2022\/07\/11\/olhar-de-crianca-prefeito-pedro-almeida-entrega-oculos-a-criancas-da-rede-municipal\/\",\"name\":\"Olhar de Crian\u00e7a: prefeito Pedro Almeida entrega \u00f3culos a crian\u00e7as da rede municipal - Secretaria de Educa\u00e7\u00e3o\",\"isPartOf\":{\"@id\":\"https:\/\/www.pmpf.rs.gov.br\/educacao\/#website\"},\"primaryImageOfPage\":{\"@id\":\"https:\/\/www.pmpf.rs.gov.br\/educacao\/2022\/07\/11\/olhar-de-crianca-prefeito-pedro-almeida-entrega-oculos-a-criancas-da-rede-municipal\/#primaryimage\"},\"image\":{\"@id\":\"https:\/\/www.pmpf.rs.gov.br\/educacao\/2022\/07\/11\/olhar-de-crianca-prefeito-pedro-almeida-entrega-oculos-a-criancas-da-rede-municipal\/#primaryimage\"},\"thumbnailUrl\":\"https:\/\/www.pmpf.rs.gov.br\/educacao\/wp-content\/uploads\/sites\/43\/2022\/07\/olhar-de-crianca.jpg\",\"datePublished\":\"2022-07-11T19:27:00+00:00\",\"dateModified\":\"2022-07-11T19:27:01+00:00\",\"author\":{\"@id\":\"https:\/\/www.pmpf.rs.gov.br\/educacao\/#\/schema\/person\/30ee1d1bd74da1469b01fcf086e43351\"},\"inLanguage\":\"pt-BR\",\"potentialAction\":[{\"@type\":\"ReadAction\",\"target\":[\"https:\/\/www.pmpf.rs.gov.br\/educacao\/2022\/07\/11\/olhar-de-crianca-prefeito-pedro-almeida-entrega-oculos-a-criancas-da-rede-municipal\/\"]}]},{\"@type\":\"ImageObject\",\"inLanguage\":\"pt-BR\",\"@id\":\"https:\/\/www.pmpf.rs.gov.br\/educacao\/2022\/07\/11\/olhar-de-crianca-prefeito-pedro-almeida-entrega-oculos-a-criancas-da-rede-municipal\/#primaryimage\",\"url\":\"https:\/\/www.pmpf.rs.gov.br\/educacao\/wp-content\/uploads\/sites\/43\/2022\/07\/olhar-de-crianca.jpg\",\"contentUrl\":\"https:\/\/www.pmpf.rs.gov.br\/educacao\/wp-content\/uploads\/sites\/43\/2022\/07\/olhar-de-crianca.jpg\",\"width\":1280,\"height\":718},{\"@type\":\"WebSite\",\"@id\":\"https:\/\/www.pmpf.rs.gov.br\/educacao\/#website\",\"url\":\"https:\/\/www.pmpf.rs.gov.br\/educacao\/\",\"name\":\"Secretaria de Educa\u00e7\u00e3o\",\"description\":\"Secretaria de Educa\u00e7\u00e3o da cidade de Passo Fundo\",\"potentialAction\":[{\"@type\":\"SearchAction\",\"target\":{\"@type\":\"EntryPoint\",\"urlTemplate\":\"https:\/\/www.pmpf.rs.gov.br\/educacao\/?s={search_term_string}\"},\"query-input\":{\"@type\":\"PropertyValueSpecification\",\"valueRequired\":true,\"valueName\":\"search_term_string\"}}],\"inLanguage\":\"pt-BR\"},{\"@type\":\"Person\",\"@id\":\"https:\/\/www.pmpf.rs.gov.br\/educacao\/#\/schema\/person\/30ee1d1bd74da1469b01fcf086e43351\",\"name\":\"andressazorzetto07\",\"image\":{\"@type\":\"ImageObject\",\"inLanguage\":\"pt-BR\",\"@id\":\"https:\/\/www.pmpf.rs.gov.br\/educacao\/#\/schema\/person\/image\/\",\"url\":\"https:\/\/secure.gravatar.com\/avatar\/14c5458ed79dc81da99a13b9ff5f9f19?s=96&d=mm&r=g\",\"contentUrl\":\"https:\/\/secure.gravatar.com\/avatar\/14c5458ed79dc81da99a13b9ff5f9f19?s=96&d=mm&r=g\",\"caption\":\"andressazorzetto07\"},\"url\":\"https:\/\/www.pmpf.rs.gov.br\/educacao\/author\/andressazorzetto07\/\"}]}<\/script>\n<!-- \/ Yoast SEO plugin. -->","yoast_head_json":{"title":"Olhar de Crian\u00e7a: prefeito Pedro Almeida entrega \u00f3culos a crian\u00e7as da rede municipal - Secretaria de Educa\u00e7\u00e3o","robots":{"index":"index","follow":"follow","max-snippet":"max-snippet:-1","max-image-preview":"max-image-preview:large","max-video-preview":"max-video-preview:-1"},"canonical":"https:\/\/www.pmpf.rs.gov.br\/educacao\/2022\/07\/11\/olhar-de-crianca-prefeito-pedro-almeida-entrega-oculos-a-criancas-da-rede-municipal\/","og_locale":"pt_BR","og_type":"article","og_title":"Olhar de Crian\u00e7a: prefeito Pedro Almeida entrega \u00f3culos a crian\u00e7as da rede municipal - Secretaria de Educa\u00e7\u00e3o","og_description":"Sem custo nenhum \u00e0s fam\u00edlias, os \u00f3culos promover\u00e3o condi\u00e7\u00f5es para a aprendizagem e a alfabetiza\u00e7\u00e3o. Entrega foi realizada na Escola Municipal de Educa\u00e7\u00e3o Infantil Maria Elizabeth","og_url":"https:\/\/www.pmpf.rs.gov.br\/educacao\/2022\/07\/11\/olhar-de-crianca-prefeito-pedro-almeida-entrega-oculos-a-criancas-da-rede-municipal\/","og_site_name":"Secretaria de Educa\u00e7\u00e3o","article_published_time":"2022-07-11T19:27:00+00:00","article_modified_time":"2022-07-11T19:27:01+00:00","author":"andressazorzetto07","twitter_card":"summary_large_image","twitter_misc":{"Escrito por":"andressazorzetto07","Est. tempo de leitura":"4 minutos"},"schema":{"@context":"https:\/\/schema.org","@graph":[{"@type":"WebPage","@id":"https:\/\/www.pmpf.rs.gov.br\/educacao\/2022\/07\/11\/olhar-de-crianca-prefeito-pedro-almeida-entrega-oculos-a-criancas-da-rede-municipal\/","url":"https:\/\/www.pmpf.rs.gov.br\/educacao\/2022\/07\/11\/olhar-de-crianca-prefeito-pedro-almeida-entrega-oculos-a-criancas-da-rede-municipal\/","name":"Olhar de Crian\u00e7a: prefeito Pedro Almeida entrega \u00f3culos a crian\u00e7as da rede municipal - Secretaria de Educa\u00e7\u00e3o","isPartOf":{"@id":"https:\/\/www.pmpf.rs.gov.br\/educacao\/#website"},"primaryImageOfPage":{"@id":"https:\/\/www.pmpf.rs.gov.br\/educacao\/2022\/07\/11\/olhar-de-crianca-prefeito-pedro-almeida-entrega-oculos-a-criancas-da-rede-municipal\/#primaryimage"},"image":{"@id":"https:\/\/www.pmpf.rs.gov.br\/educacao\/2022\/07\/11\/olhar-de-crianca-prefeito-pedro-almeida-entrega-oculos-a-criancas-da-rede-municipal\/#primaryimage"},"thumbnailUrl":"https:\/\/www.pmpf.rs.gov.br\/educacao\/wp-content\/uploads\/sites\/43\/2022\/07\/olhar-de-crianca.jpg","datePublished":"2022-07-11T19:27:00+00:00","dateModified":"2022-07-11T19:27:01+00:00","author":{"@id":"https:\/\/www.pmpf.rs.gov.br\/educacao\/#\/schema\/person\/30ee1d1bd74da1469b01fcf086e43351"},"inLanguage":"pt-BR","potentialAction":[{"@type":"ReadAction","target":["https:\/\/www.pmpf.rs.gov.br\/educacao\/2022\/07\/11\/olhar-de-crianca-prefeito-pedro-almeida-entrega-oculos-a-criancas-da-rede-municipal\/"]}]},{"@type":"ImageObject","inLanguage":"pt-BR","@id":"https:\/\/www.pmpf.rs.gov.br\/educacao\/2022\/07\/11\/olhar-de-crianca-prefeito-pedro-almeida-entrega-oculos-a-criancas-da-rede-municipal\/#primaryimage","url":"https:\/\/www.pmpf.rs.gov.br\/educacao\/wp-content\/uploads\/sites\/43\/2022\/07\/olhar-de-crianca.jpg","contentUrl":"https:\/\/www.pmpf.rs.gov.br\/educacao\/wp-content\/uploads\/sites\/43\/2022\/07\/olhar-de-crianca.jpg","width":1280,"height":718},{"@type":"WebSite","@id":"https:\/\/www.pmpf.rs.gov.br\/educacao\/#website","url":"https:\/\/www.pmpf.rs.gov.br\/educacao\/","name":"Secretaria de Educa\u00e7\u00e3o","description":"Secretaria de Educa\u00e7\u00e3o da cidade de Passo Fundo","potentialAction":[{"@type":"SearchAction","target":{"@type":"EntryPoint","urlTemplate":"https:\/\/www.pmpf.rs.gov.br\/educacao\/?s={search_term_string}"},"query-input":{"@type":"PropertyValueSpecification","valueRequired":true,"valueName":"search_term_string"}}],"inLanguage":"pt-BR"},{"@type":"Person","@id":"https:\/\/www.pmpf.rs.gov.br\/educacao\/#\/schema\/person\/30ee1d1bd74da1469b01fcf086e43351","name":"andressazorzetto07","image":{"@type":"ImageObject","inLanguage":"pt-BR","@id":"https:\/\/www.pmpf.rs.gov.br\/educacao\/#\/schema\/person\/image\/","url":"https:\/\/secure.gravatar.com\/avatar\/14c5458ed79dc81da99a13b9ff5f9f19?s=96&d=mm&r=g","contentUrl":"https:\/\/secure.gravatar.com\/avatar\/14c5458ed79dc81da99a13b9ff5f9f19?s=96&d=mm&r=g","caption":"andressazorzetto07"},"url":"https:\/\/www.pmpf.rs.gov.br\/educacao\/author\/andressazorzetto07\/"}]}},"_links":{"self":[{"href":"https:\/\/www.pmpf.rs.gov.br\/educacao\/wp-json\/wp\/v2\/posts\/8453"}],"collection":[{"href":"https:\/\/www.pmpf.rs.gov.br\/educacao\/wp-json\/wp\/v2\/posts"}],"about":[{"href":"https:\/\/www.pmpf.rs.gov.br\/educacao\/wp-json\/wp\/v2\/types\/post"}],"author":[{"embeddable":true,"href":"https:\/\/www.pmpf.rs.gov.br\/educacao\/wp-json\/wp\/v2\/users\/6"}],"replies":[{"embeddable":true,"href":"https:\/\/www.pmpf.rs.gov.br\/educacao\/wp-json\/wp\/v2\/comments?post=8453"}],"version-history":[{"count":1,"href":"https:\/\/www.pmpf.rs.gov.br\/educacao\/wp-json\/wp\/v2\/posts\/8453\/revisions"}],"predecessor-version":[{"id":8455,"href":"https:\/\/www.pmpf.rs.gov.br\/educacao\/wp-json\/wp\/v2\/posts\/8453\/revisions\/8455"}],"wp:featuredmedia":[{"embeddable":true,"href":"https:\/\/www.pmpf.rs.gov.br\/educacao\/wp-json\/wp\/v2\/media\/8454"}],"wp:attachment":[{"href":"https:\/\/www.pmpf.rs.gov.br\/educacao\/wp-json\/wp\/v2\/media?parent=8453"}],"wp:term":[{"taxonomy":"category","embeddable":true,"href":"https:\/\/www.pmpf.rs.gov.br\/educacao\/wp-json\/wp\/v2\/categories?post=8453"},{"taxonomy":"post_tag","embeddable":true,"href":"https:\/\/www.pmpf.rs.gov.br\/educacao\/wp-json\/wp\/v2\/tags?post=8453"}],"curies":[{"name":"wp","href":"https:\/\/api.w.org\/{rel}","templated":true}]}}