{"id":8406,"date":"2022-05-09T17:02:57","date_gmt":"2022-05-09T20:02:57","guid":{"rendered":"https:\/\/www.pmpf.rs.gov.br\/educacao\/?p=8406"},"modified":"2022-05-09T17:02:58","modified_gmt":"2022-05-09T20:02:58","slug":"centro-pos-covid-de-combate-a-desigualdade-educacional-ja-esta-atendendo-os-alunos","status":"publish","type":"post","link":"https:\/\/www.pmpf.rs.gov.br\/educacao\/2022\/05\/09\/centro-pos-covid-de-combate-a-desigualdade-educacional-ja-esta-atendendo-os-alunos\/","title":{"rendered":"Centro P\u00f3s-covid de Combate \u00e0 Desigualdade Educacional j\u00e1 est\u00e1 atendendo os alunos"},"content":{"rendered":"\n<p><br>Na \u00faltima semana, a Prefeitura de Passo Fundo entregou o Centro P\u00f3s-covid de Combate \u00e0 Desigualdade Educacional. Pioneiro no Estado, o espa\u00e7o j\u00e1 est\u00e1 atendendo alunos da rede municipal que enfrentam dificuldades para a aprendizagem.<br>Um dos alunos atendidos nesta segunda-feira (9) foi Gabriel, de 13 anos. Aluno do 7\u00ba ano da Escola Municipal de Ensino Fundamental Santo Ant\u00f4nio, ele foi diagnosticado com dislexia e hoje recebe suporte do Munic\u00edpio para desenvolver a leitura e a escrita. A m\u00e3e, Suzana Farias, comenta a import\u00e2ncia deste acolhimento, que foi ampliado com o centro. &#8220;O Gabriel foi diagnosticado com dislexia h\u00e1 cerca de quatro anos. Ele \u00e9 bom na matem\u00e1tica, mas tem muita dificuldade no portugu\u00eas. Faz\u00edamos os atendimentos particulares para que ele se desenvolvesse at\u00e9 que fomos chamados pela Prefeitura. Primeiro, ele ia no CEMAE, na Biblioteca Municipal, e, agora, est\u00e1 aqui. Acredito que o Centro vai contribuir ainda mais, pois tem um espa\u00e7o e uma equipe acolhedores&#8221;, disse.<br>O Centro P\u00f3s-covid de Combate \u00e0 Desigualdade Educacional conta com professores de diversas \u00e1reas, pedagogo, neurologista, fisioterapeuta, fonoaudi\u00f3logo, psic\u00f3logo e assistente social. Todas as suas salas foram feitas para receber os estudantes encaminhados pelas escolas da rede municipal.<br>Ao realizar a entrega do local, o prefeito, Pedro Almeida, destaca que o Munic\u00edpio v\u00ea a \u00a0iniciativa como fundamental, sobretudo, para assegurar a recupera\u00e7\u00e3o dos conte\u00fados letivos, fortalecer os projetos pedag\u00f3gicos da Secretaria de Educa\u00e7\u00e3o e criar as condi\u00e7\u00f5es para que os estudantes avancem no processo de aprendizagem. \u201cAs desigualdades educacionais foram aumentadas pela pandemia, e, a partir de projetos coletivos, estamos trabalhando para superar obst\u00e1culos. No Centro P\u00f3s-covid, reunimos profissionais da educa\u00e7\u00e3o e da sa\u00fade em um \u00fanico local para atender os alunos que necessitam dos servi\u00e7os espec\u00edficos para fortalecer cada vez mais a educa\u00e7\u00e3o da nossa rede, que \u00e9 refer\u00eancia em todo o pa\u00eds\u201d, afirmou.<br>O secret\u00e1rio de Educa\u00e7\u00e3o, Adriano Canabarro Teixeira, explica que a perspectiva do novo espa\u00e7o \u00e9 assegurar uma pol\u00edtica p\u00fablica educacional diante dos desafios apresentados durante e ap\u00f3s a pandemia, visando um sistema de ensino que contemple todas as crian\u00e7as e adolescentes e fortalecendo o protagonismo de Passo Fundo como uma Cidade Educadora. \u201cNa pr\u00e1tica, o Centro ampliar\u00e1 significativamente o servi\u00e7o oferecido pelo Centro Municipal de Atendimento ao Educando (CEMAE), aproximar\u00e1 os diferentes \u00f3rg\u00e3os da Rede de Apoio \u00e0 Escola (RAE) e potencializar\u00e1 o atendimento oferecido aos estudantes da Educa\u00e7\u00e3o Especial nas salas de recursos, principalmente, os da Educa\u00e7\u00e3o Infantil\u201d, afirmou.<br>A professora Rochele Tondello da Silva, que coordena o espa\u00e7o, reafirmou a import\u00e2ncia do espa\u00e7o para os alunos e suas fam\u00edlias. \u201cO Centro P\u00f3s-covid de Combate \u00e0 Desigualdade Educacional vem num momento de extrema import\u00e2ncia para o estudante que passou por in\u00fameras dificuldades nesse per\u00edodo em que n\u00e3o houve presencialmente a intera\u00e7\u00e3o e a estimula\u00e7\u00e3o da escola. Neste sentido, o Centro vai contribuir desenvolvendo estrat\u00e9gias de forma integrada e multidisciplinar e apoiando as escolas e os estudantes \u00e0s suas necessidades nos processos de aprendizagens\u201d, pontuou.<\/p>\n\n\n\n<p><strong>Metodologia<br><\/strong>O secret\u00e1rio de Educa\u00e7\u00e3o explica como funciona o fluxo de atendimento. \u201cOs estudantes que apresentarem dificuldades no processo de ensino e aprendizagem mesmo ap\u00f3s passarem pelo Projeto Apoiar ou pelas Salas de Recursos, ser\u00e3o encaminhados para o Centro P\u00f3s-covid de Combate \u00e0 Desigualdade Educacional, onde passar\u00e3o por triagem e avalia\u00e7\u00e3o para o melhor encaminhamento \u00e0 equipe multiprofissional do pr\u00f3prio do centro\u201d, enfatiza.<br>No local, s\u00e3o oferecidos servi\u00e7os especializados. Os atendimentos ser\u00e3o exclusivamente para os alunos das 72 escolas municipais, sendo 35 institui\u00e7\u00f5es de Ensino Fundamental e 37 de Educa\u00e7\u00e3o Infantil. Ao todo, a rede contempla mais de 17 mil estudantes.<br>O Centro P\u00f3s-covid de Combate \u00e0 Desigualdade Educacional fica na Rua Ant\u00f4nio Ara\u00fajo, 1151, Centro.<\/p>\n\n\n\n<p><strong>Foto: Michel Sanderi<\/strong><\/p>\n","protected":false},"excerpt":{"rendered":"<p>Entregue pela Prefeitura na \u00faltima semana, o centro recebe alunos encaminhados pelas escolas municipais com dificuldades para a aprendizagem<\/p>\n","protected":false},"author":6,"featured_media":8407,"comment_status":"closed","ping_status":"closed","sticky":true,"template":"","format":"standard","meta":{"footnotes":""},"categories":[26],"tags":[],"class_list":["post-8406","post","type-post","status-publish","format-standard","has-post-thumbnail","hentry","category-centro-pos-covid-de-combate-a-desigualdade-educacional"],"yoast_head":"<!-- This site is optimized with the Yoast SEO plugin v23.8 - https:\/\/yoast.com\/wordpress\/plugins\/seo\/ -->\n<title>Centro P\u00f3s-covid de Combate \u00e0 Desigualdade Educacional j\u00e1 est\u00e1 atendendo os alunos - Secretaria de Educa\u00e7\u00e3o<\/title>\n<meta name=\"robots\" content=\"index, follow, max-snippet:-1, max-image-preview:large, max-video-preview:-1\" \/>\n<link rel=\"canonical\" href=\"https:\/\/www.pmpf.rs.gov.br\/educacao\/2022\/05\/09\/centro-pos-covid-de-combate-a-desigualdade-educacional-ja-esta-atendendo-os-alunos\/\" \/>\n<meta property=\"og:locale\" content=\"pt_BR\" \/>\n<meta property=\"og:type\" content=\"article\" \/>\n<meta property=\"og:title\" content=\"Centro P\u00f3s-covid de Combate \u00e0 Desigualdade Educacional j\u00e1 est\u00e1 atendendo os alunos - Secretaria de Educa\u00e7\u00e3o\" \/>\n<meta property=\"og:description\" content=\"Entregue pela Prefeitura na \u00faltima semana, o centro recebe alunos encaminhados pelas escolas municipais com dificuldades para a aprendizagem\" \/>\n<meta property=\"og:url\" content=\"https:\/\/www.pmpf.rs.gov.br\/educacao\/2022\/05\/09\/centro-pos-covid-de-combate-a-desigualdade-educacional-ja-esta-atendendo-os-alunos\/\" \/>\n<meta property=\"og:site_name\" content=\"Secretaria de Educa\u00e7\u00e3o\" \/>\n<meta property=\"article:published_time\" content=\"2022-05-09T20:02:57+00:00\" \/>\n<meta property=\"article:modified_time\" content=\"2022-05-09T20:02:58+00:00\" \/>\n<meta name=\"author\" content=\"andressazorzetto07\" \/>\n<meta name=\"twitter:card\" content=\"summary_large_image\" \/>\n<meta name=\"twitter:label1\" content=\"Escrito por\" \/>\n\t<meta name=\"twitter:data1\" content=\"andressazorzetto07\" \/>\n\t<meta name=\"twitter:label2\" content=\"Est. tempo de leitura\" \/>\n\t<meta name=\"twitter:data2\" content=\"3 minutos\" \/>\n<script type=\"application\/ld+json\" class=\"yoast-schema-graph\">{\"@context\":\"https:\/\/schema.org\",\"@graph\":[{\"@type\":\"WebPage\",\"@id\":\"https:\/\/www.pmpf.rs.gov.br\/educacao\/2022\/05\/09\/centro-pos-covid-de-combate-a-desigualdade-educacional-ja-esta-atendendo-os-alunos\/\",\"url\":\"https:\/\/www.pmpf.rs.gov.br\/educacao\/2022\/05\/09\/centro-pos-covid-de-combate-a-desigualdade-educacional-ja-esta-atendendo-os-alunos\/\",\"name\":\"Centro P\u00f3s-covid de Combate \u00e0 Desigualdade Educacional j\u00e1 est\u00e1 atendendo os alunos - Secretaria de Educa\u00e7\u00e3o\",\"isPartOf\":{\"@id\":\"https:\/\/www.pmpf.rs.gov.br\/educacao\/#website\"},\"primaryImageOfPage\":{\"@id\":\"https:\/\/www.pmpf.rs.gov.br\/educacao\/2022\/05\/09\/centro-pos-covid-de-combate-a-desigualdade-educacional-ja-esta-atendendo-os-alunos\/#primaryimage\"},\"image\":{\"@id\":\"https:\/\/www.pmpf.rs.gov.br\/educacao\/2022\/05\/09\/centro-pos-covid-de-combate-a-desigualdade-educacional-ja-esta-atendendo-os-alunos\/#primaryimage\"},\"thumbnailUrl\":\"https:\/\/www.pmpf.rs.gov.br\/educacao\/wp-content\/uploads\/sites\/43\/2022\/05\/centro-pos-covid-1.jpg\",\"datePublished\":\"2022-05-09T20:02:57+00:00\",\"dateModified\":\"2022-05-09T20:02:58+00:00\",\"author\":{\"@id\":\"https:\/\/www.pmpf.rs.gov.br\/educacao\/#\/schema\/person\/30ee1d1bd74da1469b01fcf086e43351\"},\"inLanguage\":\"pt-BR\",\"potentialAction\":[{\"@type\":\"ReadAction\",\"target\":[\"https:\/\/www.pmpf.rs.gov.br\/educacao\/2022\/05\/09\/centro-pos-covid-de-combate-a-desigualdade-educacional-ja-esta-atendendo-os-alunos\/\"]}]},{\"@type\":\"ImageObject\",\"inLanguage\":\"pt-BR\",\"@id\":\"https:\/\/www.pmpf.rs.gov.br\/educacao\/2022\/05\/09\/centro-pos-covid-de-combate-a-desigualdade-educacional-ja-esta-atendendo-os-alunos\/#primaryimage\",\"url\":\"https:\/\/www.pmpf.rs.gov.br\/educacao\/wp-content\/uploads\/sites\/43\/2022\/05\/centro-pos-covid-1.jpg\",\"contentUrl\":\"https:\/\/www.pmpf.rs.gov.br\/educacao\/wp-content\/uploads\/sites\/43\/2022\/05\/centro-pos-covid-1.jpg\",\"width\":1280,\"height\":720},{\"@type\":\"WebSite\",\"@id\":\"https:\/\/www.pmpf.rs.gov.br\/educacao\/#website\",\"url\":\"https:\/\/www.pmpf.rs.gov.br\/educacao\/\",\"name\":\"Secretaria de Educa\u00e7\u00e3o\",\"description\":\"Secretaria de Educa\u00e7\u00e3o da cidade de Passo Fundo\",\"potentialAction\":[{\"@type\":\"SearchAction\",\"target\":{\"@type\":\"EntryPoint\",\"urlTemplate\":\"https:\/\/www.pmpf.rs.gov.br\/educacao\/?s={search_term_string}\"},\"query-input\":{\"@type\":\"PropertyValueSpecification\",\"valueRequired\":true,\"valueName\":\"search_term_string\"}}],\"inLanguage\":\"pt-BR\"},{\"@type\":\"Person\",\"@id\":\"https:\/\/www.pmpf.rs.gov.br\/educacao\/#\/schema\/person\/30ee1d1bd74da1469b01fcf086e43351\",\"name\":\"andressazorzetto07\",\"image\":{\"@type\":\"ImageObject\",\"inLanguage\":\"pt-BR\",\"@id\":\"https:\/\/www.pmpf.rs.gov.br\/educacao\/#\/schema\/person\/image\/\",\"url\":\"https:\/\/secure.gravatar.com\/avatar\/14c5458ed79dc81da99a13b9ff5f9f19?s=96&d=mm&r=g\",\"contentUrl\":\"https:\/\/secure.gravatar.com\/avatar\/14c5458ed79dc81da99a13b9ff5f9f19?s=96&d=mm&r=g\",\"caption\":\"andressazorzetto07\"},\"url\":\"https:\/\/www.pmpf.rs.gov.br\/educacao\/author\/andressazorzetto07\/\"}]}<\/script>\n<!-- \/ Yoast SEO plugin. -->","yoast_head_json":{"title":"Centro P\u00f3s-covid de Combate \u00e0 Desigualdade Educacional j\u00e1 est\u00e1 atendendo os alunos - Secretaria de Educa\u00e7\u00e3o","robots":{"index":"index","follow":"follow","max-snippet":"max-snippet:-1","max-image-preview":"max-image-preview:large","max-video-preview":"max-video-preview:-1"},"canonical":"https:\/\/www.pmpf.rs.gov.br\/educacao\/2022\/05\/09\/centro-pos-covid-de-combate-a-desigualdade-educacional-ja-esta-atendendo-os-alunos\/","og_locale":"pt_BR","og_type":"article","og_title":"Centro P\u00f3s-covid de Combate \u00e0 Desigualdade Educacional j\u00e1 est\u00e1 atendendo os alunos - Secretaria de Educa\u00e7\u00e3o","og_description":"Entregue pela Prefeitura na \u00faltima semana, o centro recebe alunos encaminhados pelas escolas municipais com dificuldades para a aprendizagem","og_url":"https:\/\/www.pmpf.rs.gov.br\/educacao\/2022\/05\/09\/centro-pos-covid-de-combate-a-desigualdade-educacional-ja-esta-atendendo-os-alunos\/","og_site_name":"Secretaria de Educa\u00e7\u00e3o","article_published_time":"2022-05-09T20:02:57+00:00","article_modified_time":"2022-05-09T20:02:58+00:00","author":"andressazorzetto07","twitter_card":"summary_large_image","twitter_misc":{"Escrito por":"andressazorzetto07","Est. tempo de leitura":"3 minutos"},"schema":{"@context":"https:\/\/schema.org","@graph":[{"@type":"WebPage","@id":"https:\/\/www.pmpf.rs.gov.br\/educacao\/2022\/05\/09\/centro-pos-covid-de-combate-a-desigualdade-educacional-ja-esta-atendendo-os-alunos\/","url":"https:\/\/www.pmpf.rs.gov.br\/educacao\/2022\/05\/09\/centro-pos-covid-de-combate-a-desigualdade-educacional-ja-esta-atendendo-os-alunos\/","name":"Centro P\u00f3s-covid de Combate \u00e0 Desigualdade Educacional j\u00e1 est\u00e1 atendendo os alunos - Secretaria de Educa\u00e7\u00e3o","isPartOf":{"@id":"https:\/\/www.pmpf.rs.gov.br\/educacao\/#website"},"primaryImageOfPage":{"@id":"https:\/\/www.pmpf.rs.gov.br\/educacao\/2022\/05\/09\/centro-pos-covid-de-combate-a-desigualdade-educacional-ja-esta-atendendo-os-alunos\/#primaryimage"},"image":{"@id":"https:\/\/www.pmpf.rs.gov.br\/educacao\/2022\/05\/09\/centro-pos-covid-de-combate-a-desigualdade-educacional-ja-esta-atendendo-os-alunos\/#primaryimage"},"thumbnailUrl":"https:\/\/www.pmpf.rs.gov.br\/educacao\/wp-content\/uploads\/sites\/43\/2022\/05\/centro-pos-covid-1.jpg","datePublished":"2022-05-09T20:02:57+00:00","dateModified":"2022-05-09T20:02:58+00:00","author":{"@id":"https:\/\/www.pmpf.rs.gov.br\/educacao\/#\/schema\/person\/30ee1d1bd74da1469b01fcf086e43351"},"inLanguage":"pt-BR","potentialAction":[{"@type":"ReadAction","target":["https:\/\/www.pmpf.rs.gov.br\/educacao\/2022\/05\/09\/centro-pos-covid-de-combate-a-desigualdade-educacional-ja-esta-atendendo-os-alunos\/"]}]},{"@type":"ImageObject","inLanguage":"pt-BR","@id":"https:\/\/www.pmpf.rs.gov.br\/educacao\/2022\/05\/09\/centro-pos-covid-de-combate-a-desigualdade-educacional-ja-esta-atendendo-os-alunos\/#primaryimage","url":"https:\/\/www.pmpf.rs.gov.br\/educacao\/wp-content\/uploads\/sites\/43\/2022\/05\/centro-pos-covid-1.jpg","contentUrl":"https:\/\/www.pmpf.rs.gov.br\/educacao\/wp-content\/uploads\/sites\/43\/2022\/05\/centro-pos-covid-1.jpg","width":1280,"height":720},{"@type":"WebSite","@id":"https:\/\/www.pmpf.rs.gov.br\/educacao\/#website","url":"https:\/\/www.pmpf.rs.gov.br\/educacao\/","name":"Secretaria de Educa\u00e7\u00e3o","description":"Secretaria de Educa\u00e7\u00e3o da cidade de Passo Fundo","potentialAction":[{"@type":"SearchAction","target":{"@type":"EntryPoint","urlTemplate":"https:\/\/www.pmpf.rs.gov.br\/educacao\/?s={search_term_string}"},"query-input":{"@type":"PropertyValueSpecification","valueRequired":true,"valueName":"search_term_string"}}],"inLanguage":"pt-BR"},{"@type":"Person","@id":"https:\/\/www.pmpf.rs.gov.br\/educacao\/#\/schema\/person\/30ee1d1bd74da1469b01fcf086e43351","name":"andressazorzetto07","image":{"@type":"ImageObject","inLanguage":"pt-BR","@id":"https:\/\/www.pmpf.rs.gov.br\/educacao\/#\/schema\/person\/image\/","url":"https:\/\/secure.gravatar.com\/avatar\/14c5458ed79dc81da99a13b9ff5f9f19?s=96&d=mm&r=g","contentUrl":"https:\/\/secure.gravatar.com\/avatar\/14c5458ed79dc81da99a13b9ff5f9f19?s=96&d=mm&r=g","caption":"andressazorzetto07"},"url":"https:\/\/www.pmpf.rs.gov.br\/educacao\/author\/andressazorzetto07\/"}]}},"_links":{"self":[{"href":"https:\/\/www.pmpf.rs.gov.br\/educacao\/wp-json\/wp\/v2\/posts\/8406"}],"collection":[{"href":"https:\/\/www.pmpf.rs.gov.br\/educacao\/wp-json\/wp\/v2\/posts"}],"about":[{"href":"https:\/\/www.pmpf.rs.gov.br\/educacao\/wp-json\/wp\/v2\/types\/post"}],"author":[{"embeddable":true,"href":"https:\/\/www.pmpf.rs.gov.br\/educacao\/wp-json\/wp\/v2\/users\/6"}],"replies":[{"embeddable":true,"href":"https:\/\/www.pmpf.rs.gov.br\/educacao\/wp-json\/wp\/v2\/comments?post=8406"}],"version-history":[{"count":1,"href":"https:\/\/www.pmpf.rs.gov.br\/educacao\/wp-json\/wp\/v2\/posts\/8406\/revisions"}],"predecessor-version":[{"id":8408,"href":"https:\/\/www.pmpf.rs.gov.br\/educacao\/wp-json\/wp\/v2\/posts\/8406\/revisions\/8408"}],"wp:featuredmedia":[{"embeddable":true,"href":"https:\/\/www.pmpf.rs.gov.br\/educacao\/wp-json\/wp\/v2\/media\/8407"}],"wp:attachment":[{"href":"https:\/\/www.pmpf.rs.gov.br\/educacao\/wp-json\/wp\/v2\/media?parent=8406"}],"wp:term":[{"taxonomy":"category","embeddable":true,"href":"https:\/\/www.pmpf.rs.gov.br\/educacao\/wp-json\/wp\/v2\/categories?post=8406"},{"taxonomy":"post_tag","embeddable":true,"href":"https:\/\/www.pmpf.rs.gov.br\/educacao\/wp-json\/wp\/v2\/tags?post=8406"}],"curies":[{"name":"wp","href":"https:\/\/api.w.org\/{rel}","templated":true}]}}