{"id":8331,"date":"2022-04-12T14:03:01","date_gmt":"2022-04-12T17:03:01","guid":{"rendered":"https:\/\/www.pmpf.rs.gov.br\/educacao\/?p=8331"},"modified":"2022-04-12T14:03:02","modified_gmt":"2022-04-12T17:03:02","slug":"prefeito-pedro-confirma-entrega-da-mochila-escolar-para-os-alunos-da-rede-municipal","status":"publish","type":"post","link":"https:\/\/www.pmpf.rs.gov.br\/educacao\/2022\/04\/12\/prefeito-pedro-confirma-entrega-da-mochila-escolar-para-os-alunos-da-rede-municipal\/","title":{"rendered":"Prefeito Pedro confirma entrega da mochila escolar para os alunos da rede municipal"},"content":{"rendered":"\n<p><\/p>\n\n\n\n<p>Os alunos da rede municipal de Passo Fundo ter\u00e3o, neste ano letivo, uma novidade: al\u00e9m do uniforme escolar, que \u00e9 fornecido pela Prefeitura todos os anos, eles receber\u00e3o uma mochila. O an\u00fancio foi feito pelo Prefeito, Pedro Almeida, nesta ter\u00e7a-feira (12), durante um desfile que contou com a participa\u00e7\u00e3o dos estudantes.<\/p>\n\n\n\n<p>Conforme o prefeito, o novo investimento do Munic\u00edpio tem como objetivos principais trazer economia para as fam\u00edlias e amenizar as diferen\u00e7as sociais. \u201cEstamos efetivando mais uma das metas para a educa\u00e7\u00e3o. Os alunos, desde 2014, s\u00e3o uniformizados e, agora, eles tamb\u00e9m ter\u00e3o a mochila para levar os seus materiais. Sabemos o quanto isso significa para as fam\u00edlias\u201d, disse o prefeito.<\/p>\n\n\n\n<p>Tajin Akter, de 13 anos, estuda na Escola Municipal de Ensino Fundamental Arlindo de Souza Mattos. Ela veio de Bangladesh h\u00e1 oito anos com a fam\u00edlia e contou ter ficado feliz com mais esse item para ir \u00e0s aulas. \u201cEu amei. Achei tudo muito lindo. O que mais gosto em Passo Fundo \u00e9 a minha escola, pois, no pa\u00eds de onde vim, tudo \u00e9 diferente\u201d, comentou.<\/p>\n\n\n\n<p>O secret\u00e1rio de Educa\u00e7\u00e3o, Adriano Canabarro Teixeira, explica que a mochila foi pensada para atender \u00e0s necessidades do dia a dia. \u201cBuscamos criar um modelo mais moderno e que vai ao encontro do gosto das crian\u00e7as e dos jovens, al\u00e9m de possuir um material de qualidade e dur\u00e1vel. A mochila do Ensino Fundamental comporta os materiais e um notebook. J\u00e1 a da Educa\u00e7\u00e3o Infantil \u00e9 menor, ajustada ao tamanho das crian\u00e7as\u201d, mencionou.<\/p>\n\n\n\n<p>As mochilas ser\u00e3o entregues aos mais de 17 mil alunos da rede, entre os da Educa\u00e7\u00e3o Infantil e os do Ensino Fundamental, por meio das escolas. Da mesma forma, ser\u00e1 realizada a destina\u00e7\u00e3o do kit de uniforme escolar. Enquanto o do Ensino Fundamental inclui moletom, duas camisetas de manga curta e duas de manga longa, o da Educa\u00e7\u00e3o Infantil, al\u00e9m dessas pe\u00e7as, conta com casaco, leggings e cors\u00e1rios. J\u00e1 a jaqueta \u00e9 entregue a cada dois anos e fez parte do kit de 2021.<\/p>\n\n\n\n<p>Para o prefeito, al\u00e9m de levar economia \u00e0s fam\u00edlias, o uniforme promove a seguran\u00e7a das crian\u00e7as e amplia a sensa\u00e7\u00e3o de pertencimento \u201cQuando um estudante est\u00e1 de uniforme, ele \u00e9 facilmente identificado dentro e fora das escolas. Por isso, \u00e9 muito importante que ele utilize as pe\u00e7as todos os dias\u201d, disse.<\/p>\n\n\n\n<p>Os pais ficaram satisfeitos com o an\u00fancio e com a programa\u00e7\u00e3o de entrega para este m\u00eas. Jaqueline de Assis \u00e9 m\u00e3e da Ester, de 4 anos, que desfilou para apresentar o uniforme, e do Emanuel, de 10. \u201cO uniforme iguala todos os alunos. Ningu\u00e9m vai com roupa melhor e n\u00e3o precisamos gastar. Foi emocionante ver a Ester participar deste momento t\u00e3o especial de apresenta\u00e7\u00e3o\u201d, relatou.<\/p>\n\n\n\n<p><\/p>\n\n\n\n<p><strong>Uma<\/strong> <strong>Cidade Educadora<\/strong><\/p>\n\n\n\n<p>A mochila que ser\u00e1 entregue aos alunos traz o bras\u00e3o do munic\u00edpio e a logo de Passo Fundo Cidade Educadora, simbolizando um novo momento da educa\u00e7\u00e3o municipal. Em abril do ano passado, o munic\u00edpio ingressou na Associa\u00e7\u00e3o Internacional das Cidades Educadoras (AICE), que re\u00fane mais de 500 cidades em todo o mundo e auxilia governos, prefeituras, secretarias e cidades a implementarem medidas voltadas ao desenvolvimento integral de seus habitantes com base na educa\u00e7\u00e3o, equidade e direitos humanos.<\/p>\n\n\n\n<p>De acordo com o secret\u00e1rio de Educa\u00e7\u00e3o, os princ\u00edpios da Associa\u00e7\u00e3o \u201cdevem ajudar o munic\u00edpio, no m\u00e9dio prazo, a ter n\u00e3o somente uma cidade que educa, mas, principalmente, estabelecer premissas sobre as quais ser\u00e1 poss\u00edvel construir um projeto maior de desenvolvimento da cidade, formando pessoas que possam impactar positivamente no mundo\u201d. Dessa forma, todas as a\u00e7\u00f5es desenvolvidas na \u00e1rea da Educa\u00e7\u00e3o possuem uma perspectiva integral.<\/p>\n","protected":false},"excerpt":{"rendered":"<p>Al\u00e9m do uniforme escolar, os 17 mil alunos da rede municipal receber\u00e3o da Prefeitura uma mochila para levar os materiais. Itens ser\u00e3o entregues ainda neste m\u00eas<\/p>\n","protected":false},"author":6,"featured_media":8332,"comment_status":"closed","ping_status":"closed","sticky":true,"template":"","format":"standard","meta":{"footnotes":""},"categories":[24],"tags":[],"class_list":["post-8331","post","type-post","status-publish","format-standard","has-post-thumbnail","hentry","category-uniforme-e-mochila"],"yoast_head":"<!-- This site is optimized with the Yoast SEO plugin v23.8 - https:\/\/yoast.com\/wordpress\/plugins\/seo\/ -->\n<title>Prefeito Pedro confirma entrega da mochila escolar para os alunos da rede municipal - Secretaria de Educa\u00e7\u00e3o<\/title>\n<meta name=\"robots\" content=\"index, follow, max-snippet:-1, max-image-preview:large, max-video-preview:-1\" \/>\n<link rel=\"canonical\" href=\"https:\/\/www.pmpf.rs.gov.br\/educacao\/2022\/04\/12\/prefeito-pedro-confirma-entrega-da-mochila-escolar-para-os-alunos-da-rede-municipal\/\" \/>\n<meta property=\"og:locale\" content=\"pt_BR\" \/>\n<meta property=\"og:type\" content=\"article\" \/>\n<meta property=\"og:title\" content=\"Prefeito Pedro confirma entrega da mochila escolar para os alunos da rede municipal - Secretaria de Educa\u00e7\u00e3o\" \/>\n<meta property=\"og:description\" content=\"Al\u00e9m do uniforme escolar, os 17 mil alunos da rede municipal receber\u00e3o da Prefeitura uma mochila para levar os materiais. Itens ser\u00e3o entregues ainda neste m\u00eas\" \/>\n<meta property=\"og:url\" content=\"https:\/\/www.pmpf.rs.gov.br\/educacao\/2022\/04\/12\/prefeito-pedro-confirma-entrega-da-mochila-escolar-para-os-alunos-da-rede-municipal\/\" \/>\n<meta property=\"og:site_name\" content=\"Secretaria de Educa\u00e7\u00e3o\" \/>\n<meta property=\"article:published_time\" content=\"2022-04-12T17:03:01+00:00\" \/>\n<meta property=\"article:modified_time\" content=\"2022-04-12T17:03:02+00:00\" \/>\n<meta name=\"author\" content=\"andressazorzetto07\" \/>\n<meta name=\"twitter:card\" content=\"summary_large_image\" \/>\n<meta name=\"twitter:label1\" content=\"Escrito por\" \/>\n\t<meta name=\"twitter:data1\" content=\"andressazorzetto07\" \/>\n\t<meta name=\"twitter:label2\" content=\"Est. tempo de leitura\" \/>\n\t<meta name=\"twitter:data2\" content=\"3 minutos\" \/>\n<script type=\"application\/ld+json\" class=\"yoast-schema-graph\">{\"@context\":\"https:\/\/schema.org\",\"@graph\":[{\"@type\":\"WebPage\",\"@id\":\"https:\/\/www.pmpf.rs.gov.br\/educacao\/2022\/04\/12\/prefeito-pedro-confirma-entrega-da-mochila-escolar-para-os-alunos-da-rede-municipal\/\",\"url\":\"https:\/\/www.pmpf.rs.gov.br\/educacao\/2022\/04\/12\/prefeito-pedro-confirma-entrega-da-mochila-escolar-para-os-alunos-da-rede-municipal\/\",\"name\":\"Prefeito Pedro confirma entrega da mochila escolar para os alunos da rede municipal - Secretaria de Educa\u00e7\u00e3o\",\"isPartOf\":{\"@id\":\"https:\/\/www.pmpf.rs.gov.br\/educacao\/#website\"},\"primaryImageOfPage\":{\"@id\":\"https:\/\/www.pmpf.rs.gov.br\/educacao\/2022\/04\/12\/prefeito-pedro-confirma-entrega-da-mochila-escolar-para-os-alunos-da-rede-municipal\/#primaryimage\"},\"image\":{\"@id\":\"https:\/\/www.pmpf.rs.gov.br\/educacao\/2022\/04\/12\/prefeito-pedro-confirma-entrega-da-mochila-escolar-para-os-alunos-da-rede-municipal\/#primaryimage\"},\"thumbnailUrl\":\"https:\/\/www.pmpf.rs.gov.br\/educacao\/wp-content\/uploads\/sites\/43\/2022\/04\/mochila.jpg\",\"datePublished\":\"2022-04-12T17:03:01+00:00\",\"dateModified\":\"2022-04-12T17:03:02+00:00\",\"author\":{\"@id\":\"https:\/\/www.pmpf.rs.gov.br\/educacao\/#\/schema\/person\/30ee1d1bd74da1469b01fcf086e43351\"},\"inLanguage\":\"pt-BR\",\"potentialAction\":[{\"@type\":\"ReadAction\",\"target\":[\"https:\/\/www.pmpf.rs.gov.br\/educacao\/2022\/04\/12\/prefeito-pedro-confirma-entrega-da-mochila-escolar-para-os-alunos-da-rede-municipal\/\"]}]},{\"@type\":\"ImageObject\",\"inLanguage\":\"pt-BR\",\"@id\":\"https:\/\/www.pmpf.rs.gov.br\/educacao\/2022\/04\/12\/prefeito-pedro-confirma-entrega-da-mochila-escolar-para-os-alunos-da-rede-municipal\/#primaryimage\",\"url\":\"https:\/\/www.pmpf.rs.gov.br\/educacao\/wp-content\/uploads\/sites\/43\/2022\/04\/mochila.jpg\",\"contentUrl\":\"https:\/\/www.pmpf.rs.gov.br\/educacao\/wp-content\/uploads\/sites\/43\/2022\/04\/mochila.jpg\",\"width\":1280,\"height\":853},{\"@type\":\"WebSite\",\"@id\":\"https:\/\/www.pmpf.rs.gov.br\/educacao\/#website\",\"url\":\"https:\/\/www.pmpf.rs.gov.br\/educacao\/\",\"name\":\"Secretaria de Educa\u00e7\u00e3o\",\"description\":\"Secretaria de Educa\u00e7\u00e3o da cidade de Passo Fundo\",\"potentialAction\":[{\"@type\":\"SearchAction\",\"target\":{\"@type\":\"EntryPoint\",\"urlTemplate\":\"https:\/\/www.pmpf.rs.gov.br\/educacao\/?s={search_term_string}\"},\"query-input\":{\"@type\":\"PropertyValueSpecification\",\"valueRequired\":true,\"valueName\":\"search_term_string\"}}],\"inLanguage\":\"pt-BR\"},{\"@type\":\"Person\",\"@id\":\"https:\/\/www.pmpf.rs.gov.br\/educacao\/#\/schema\/person\/30ee1d1bd74da1469b01fcf086e43351\",\"name\":\"andressazorzetto07\",\"image\":{\"@type\":\"ImageObject\",\"inLanguage\":\"pt-BR\",\"@id\":\"https:\/\/www.pmpf.rs.gov.br\/educacao\/#\/schema\/person\/image\/\",\"url\":\"https:\/\/secure.gravatar.com\/avatar\/14c5458ed79dc81da99a13b9ff5f9f19?s=96&d=mm&r=g\",\"contentUrl\":\"https:\/\/secure.gravatar.com\/avatar\/14c5458ed79dc81da99a13b9ff5f9f19?s=96&d=mm&r=g\",\"caption\":\"andressazorzetto07\"},\"url\":\"https:\/\/www.pmpf.rs.gov.br\/educacao\/author\/andressazorzetto07\/\"}]}<\/script>\n<!-- \/ Yoast SEO plugin. -->","yoast_head_json":{"title":"Prefeito Pedro confirma entrega da mochila escolar para os alunos da rede municipal - Secretaria de Educa\u00e7\u00e3o","robots":{"index":"index","follow":"follow","max-snippet":"max-snippet:-1","max-image-preview":"max-image-preview:large","max-video-preview":"max-video-preview:-1"},"canonical":"https:\/\/www.pmpf.rs.gov.br\/educacao\/2022\/04\/12\/prefeito-pedro-confirma-entrega-da-mochila-escolar-para-os-alunos-da-rede-municipal\/","og_locale":"pt_BR","og_type":"article","og_title":"Prefeito Pedro confirma entrega da mochila escolar para os alunos da rede municipal - Secretaria de Educa\u00e7\u00e3o","og_description":"Al\u00e9m do uniforme escolar, os 17 mil alunos da rede municipal receber\u00e3o da Prefeitura uma mochila para levar os materiais. Itens ser\u00e3o entregues ainda neste m\u00eas","og_url":"https:\/\/www.pmpf.rs.gov.br\/educacao\/2022\/04\/12\/prefeito-pedro-confirma-entrega-da-mochila-escolar-para-os-alunos-da-rede-municipal\/","og_site_name":"Secretaria de Educa\u00e7\u00e3o","article_published_time":"2022-04-12T17:03:01+00:00","article_modified_time":"2022-04-12T17:03:02+00:00","author":"andressazorzetto07","twitter_card":"summary_large_image","twitter_misc":{"Escrito por":"andressazorzetto07","Est. tempo de leitura":"3 minutos"},"schema":{"@context":"https:\/\/schema.org","@graph":[{"@type":"WebPage","@id":"https:\/\/www.pmpf.rs.gov.br\/educacao\/2022\/04\/12\/prefeito-pedro-confirma-entrega-da-mochila-escolar-para-os-alunos-da-rede-municipal\/","url":"https:\/\/www.pmpf.rs.gov.br\/educacao\/2022\/04\/12\/prefeito-pedro-confirma-entrega-da-mochila-escolar-para-os-alunos-da-rede-municipal\/","name":"Prefeito Pedro confirma entrega da mochila escolar para os alunos da rede municipal - Secretaria de Educa\u00e7\u00e3o","isPartOf":{"@id":"https:\/\/www.pmpf.rs.gov.br\/educacao\/#website"},"primaryImageOfPage":{"@id":"https:\/\/www.pmpf.rs.gov.br\/educacao\/2022\/04\/12\/prefeito-pedro-confirma-entrega-da-mochila-escolar-para-os-alunos-da-rede-municipal\/#primaryimage"},"image":{"@id":"https:\/\/www.pmpf.rs.gov.br\/educacao\/2022\/04\/12\/prefeito-pedro-confirma-entrega-da-mochila-escolar-para-os-alunos-da-rede-municipal\/#primaryimage"},"thumbnailUrl":"https:\/\/www.pmpf.rs.gov.br\/educacao\/wp-content\/uploads\/sites\/43\/2022\/04\/mochila.jpg","datePublished":"2022-04-12T17:03:01+00:00","dateModified":"2022-04-12T17:03:02+00:00","author":{"@id":"https:\/\/www.pmpf.rs.gov.br\/educacao\/#\/schema\/person\/30ee1d1bd74da1469b01fcf086e43351"},"inLanguage":"pt-BR","potentialAction":[{"@type":"ReadAction","target":["https:\/\/www.pmpf.rs.gov.br\/educacao\/2022\/04\/12\/prefeito-pedro-confirma-entrega-da-mochila-escolar-para-os-alunos-da-rede-municipal\/"]}]},{"@type":"ImageObject","inLanguage":"pt-BR","@id":"https:\/\/www.pmpf.rs.gov.br\/educacao\/2022\/04\/12\/prefeito-pedro-confirma-entrega-da-mochila-escolar-para-os-alunos-da-rede-municipal\/#primaryimage","url":"https:\/\/www.pmpf.rs.gov.br\/educacao\/wp-content\/uploads\/sites\/43\/2022\/04\/mochila.jpg","contentUrl":"https:\/\/www.pmpf.rs.gov.br\/educacao\/wp-content\/uploads\/sites\/43\/2022\/04\/mochila.jpg","width":1280,"height":853},{"@type":"WebSite","@id":"https:\/\/www.pmpf.rs.gov.br\/educacao\/#website","url":"https:\/\/www.pmpf.rs.gov.br\/educacao\/","name":"Secretaria de Educa\u00e7\u00e3o","description":"Secretaria de Educa\u00e7\u00e3o da cidade de Passo Fundo","potentialAction":[{"@type":"SearchAction","target":{"@type":"EntryPoint","urlTemplate":"https:\/\/www.pmpf.rs.gov.br\/educacao\/?s={search_term_string}"},"query-input":{"@type":"PropertyValueSpecification","valueRequired":true,"valueName":"search_term_string"}}],"inLanguage":"pt-BR"},{"@type":"Person","@id":"https:\/\/www.pmpf.rs.gov.br\/educacao\/#\/schema\/person\/30ee1d1bd74da1469b01fcf086e43351","name":"andressazorzetto07","image":{"@type":"ImageObject","inLanguage":"pt-BR","@id":"https:\/\/www.pmpf.rs.gov.br\/educacao\/#\/schema\/person\/image\/","url":"https:\/\/secure.gravatar.com\/avatar\/14c5458ed79dc81da99a13b9ff5f9f19?s=96&d=mm&r=g","contentUrl":"https:\/\/secure.gravatar.com\/avatar\/14c5458ed79dc81da99a13b9ff5f9f19?s=96&d=mm&r=g","caption":"andressazorzetto07"},"url":"https:\/\/www.pmpf.rs.gov.br\/educacao\/author\/andressazorzetto07\/"}]}},"_links":{"self":[{"href":"https:\/\/www.pmpf.rs.gov.br\/educacao\/wp-json\/wp\/v2\/posts\/8331"}],"collection":[{"href":"https:\/\/www.pmpf.rs.gov.br\/educacao\/wp-json\/wp\/v2\/posts"}],"about":[{"href":"https:\/\/www.pmpf.rs.gov.br\/educacao\/wp-json\/wp\/v2\/types\/post"}],"author":[{"embeddable":true,"href":"https:\/\/www.pmpf.rs.gov.br\/educacao\/wp-json\/wp\/v2\/users\/6"}],"replies":[{"embeddable":true,"href":"https:\/\/www.pmpf.rs.gov.br\/educacao\/wp-json\/wp\/v2\/comments?post=8331"}],"version-history":[{"count":1,"href":"https:\/\/www.pmpf.rs.gov.br\/educacao\/wp-json\/wp\/v2\/posts\/8331\/revisions"}],"predecessor-version":[{"id":8333,"href":"https:\/\/www.pmpf.rs.gov.br\/educacao\/wp-json\/wp\/v2\/posts\/8331\/revisions\/8333"}],"wp:featuredmedia":[{"embeddable":true,"href":"https:\/\/www.pmpf.rs.gov.br\/educacao\/wp-json\/wp\/v2\/media\/8332"}],"wp:attachment":[{"href":"https:\/\/www.pmpf.rs.gov.br\/educacao\/wp-json\/wp\/v2\/media?parent=8331"}],"wp:term":[{"taxonomy":"category","embeddable":true,"href":"https:\/\/www.pmpf.rs.gov.br\/educacao\/wp-json\/wp\/v2\/categories?post=8331"},{"taxonomy":"post_tag","embeddable":true,"href":"https:\/\/www.pmpf.rs.gov.br\/educacao\/wp-json\/wp\/v2\/tags?post=8331"}],"curies":[{"name":"wp","href":"https:\/\/api.w.org\/{rel}","templated":true}]}}