{"id":8316,"date":"2022-03-14T17:06:04","date_gmt":"2022-03-14T20:06:04","guid":{"rendered":"https:\/\/www.pmpf.rs.gov.br\/educacao\/?p=8316"},"modified":"2022-03-14T17:06:05","modified_gmt":"2022-03-14T20:06:05","slug":"prefeitura-presta-homenagem-a-professores-aposentados","status":"publish","type":"post","link":"https:\/\/www.pmpf.rs.gov.br\/educacao\/2022\/03\/14\/prefeitura-presta-homenagem-a-professores-aposentados\/","title":{"rendered":"Prefeitura presta homenagem a professores aposentados"},"content":{"rendered":"\n<p><\/p>\n\n\n\n<p><\/p>\n\n\n\n<p>Valorizar a trajet\u00f3ria de quem dedicou parte de sua vida \u00e0 educa\u00e7\u00e3o na rede municipal. Esse foi o objetivo do ato realizado nesta segunda-feira (14) pela Prefeitura de Passo Fundo, atrav\u00e9s da Secretaria Municipal de Educa\u00e7\u00e3o. No total, 42 professores que se aposentaram no ano passado receberam uma homenagem do Munic\u00edpio pela sua hist\u00f3ria dentro das escolas municipais.<\/p>\n\n\n\n<p>\u201cVoc\u00eas s\u00e3o um grande exemplo para os professores que est\u00e3o atuando na rede municipal e merecem o reconhecimento da cidade por tudo o que realizaram. O trabalho do professor deixa muitas marcas, impactando no futuro das fam\u00edlias. Passo Fundo tem o privil\u00e9gio de contar com uma rede t\u00e3o qualificada e professores que contribuem para a excel\u00eancia da Educa\u00e7\u00e3o\u201d, afirmou o prefeito Pedro Almeida, durante o ato.<\/p>\n\n\n\n<p>O secret\u00e1rio de Educa\u00e7\u00e3o, Adriano Canabarro Teixeira, ressaltou a import\u00e2ncia de reconhecer o trabalho daqueles que j\u00e1 fizeram muito pela Educa\u00e7\u00e3o de Passo Fundo. \u201cSer professor traz um contexto em que passamos mais tempo com os filhos dos outros do que com os nossos e mais tempo na escola do que na nossa pr\u00f3pria casa. Reconhecemos que todo o trabalho \u00e9 um somat\u00f3rio do que cada um fez. Este \u00e9 um momento para valorizar a contribui\u00e7\u00e3o de cada um para a vida das pessoas e para a realidade de uma cidade\u201d, observou o secret\u00e1rio.<\/p>\n\n\n\n<p>Ao falar em nome dos homenageados, a professora Elvira Parnow lembrou que a vida \u00e9 cheia de ciclos. \u201cUma etapa foi conclu\u00edda em nossas vidas. Quando algu\u00e9m se dedica ao trabalho de forma integral, quer fazer o melhor para toda a comunidade. Recebemos essa homenagem com muito carinho, pois sabemos que todo mundo agrega e contribui de alguma forma para que tenhamos uma educa\u00e7\u00e3o cada vez mais qualificada\u201d, disse Elvira. Todos os homenageados receberam um certificado do Munic\u00edpio pela trajet\u00f3ria em prol da Educa\u00e7\u00e3o.<\/p>\n","protected":false},"excerpt":{"rendered":"<p>Em ato realizado nesta segunda-feira, o Munic\u00edpio valorizou a trajet\u00f3ria de 42 professores que se aposentaram em 2021<\/p>\n","protected":false},"author":6,"featured_media":8317,"comment_status":"closed","ping_status":"closed","sticky":true,"template":"","format":"standard","meta":{"footnotes":""},"categories":[14],"tags":[],"class_list":["post-8316","post","type-post","status-publish","format-standard","has-post-thumbnail","hentry","category-educacao"],"yoast_head":"<!-- This site is optimized with the Yoast SEO plugin v23.8 - https:\/\/yoast.com\/wordpress\/plugins\/seo\/ -->\n<title>Prefeitura presta homenagem a professores aposentados - Secretaria de Educa\u00e7\u00e3o<\/title>\n<meta name=\"robots\" content=\"index, follow, max-snippet:-1, max-image-preview:large, max-video-preview:-1\" \/>\n<link rel=\"canonical\" href=\"https:\/\/www.pmpf.rs.gov.br\/educacao\/2022\/03\/14\/prefeitura-presta-homenagem-a-professores-aposentados\/\" \/>\n<meta property=\"og:locale\" content=\"pt_BR\" \/>\n<meta property=\"og:type\" content=\"article\" \/>\n<meta property=\"og:title\" content=\"Prefeitura presta homenagem a professores aposentados - Secretaria de Educa\u00e7\u00e3o\" \/>\n<meta property=\"og:description\" content=\"Em ato realizado nesta segunda-feira, o Munic\u00edpio valorizou a trajet\u00f3ria de 42 professores que se aposentaram em 2021\" \/>\n<meta property=\"og:url\" content=\"https:\/\/www.pmpf.rs.gov.br\/educacao\/2022\/03\/14\/prefeitura-presta-homenagem-a-professores-aposentados\/\" \/>\n<meta property=\"og:site_name\" content=\"Secretaria de Educa\u00e7\u00e3o\" \/>\n<meta property=\"article:published_time\" content=\"2022-03-14T20:06:04+00:00\" \/>\n<meta property=\"article:modified_time\" content=\"2022-03-14T20:06:05+00:00\" \/>\n<meta name=\"author\" content=\"andressazorzetto07\" \/>\n<meta name=\"twitter:card\" content=\"summary_large_image\" \/>\n<meta name=\"twitter:label1\" content=\"Escrito por\" \/>\n\t<meta name=\"twitter:data1\" content=\"andressazorzetto07\" \/>\n\t<meta name=\"twitter:label2\" content=\"Est. tempo de leitura\" \/>\n\t<meta name=\"twitter:data2\" content=\"2 minutos\" \/>\n<script type=\"application\/ld+json\" class=\"yoast-schema-graph\">{\"@context\":\"https:\/\/schema.org\",\"@graph\":[{\"@type\":\"WebPage\",\"@id\":\"https:\/\/www.pmpf.rs.gov.br\/educacao\/2022\/03\/14\/prefeitura-presta-homenagem-a-professores-aposentados\/\",\"url\":\"https:\/\/www.pmpf.rs.gov.br\/educacao\/2022\/03\/14\/prefeitura-presta-homenagem-a-professores-aposentados\/\",\"name\":\"Prefeitura presta homenagem a professores aposentados - Secretaria de Educa\u00e7\u00e3o\",\"isPartOf\":{\"@id\":\"https:\/\/www.pmpf.rs.gov.br\/educacao\/#website\"},\"primaryImageOfPage\":{\"@id\":\"https:\/\/www.pmpf.rs.gov.br\/educacao\/2022\/03\/14\/prefeitura-presta-homenagem-a-professores-aposentados\/#primaryimage\"},\"image\":{\"@id\":\"https:\/\/www.pmpf.rs.gov.br\/educacao\/2022\/03\/14\/prefeitura-presta-homenagem-a-professores-aposentados\/#primaryimage\"},\"thumbnailUrl\":\"https:\/\/www.pmpf.rs.gov.br\/educacao\/wp-content\/uploads\/sites\/43\/2022\/03\/professores-1.jpg\",\"datePublished\":\"2022-03-14T20:06:04+00:00\",\"dateModified\":\"2022-03-14T20:06:05+00:00\",\"author\":{\"@id\":\"https:\/\/www.pmpf.rs.gov.br\/educacao\/#\/schema\/person\/30ee1d1bd74da1469b01fcf086e43351\"},\"inLanguage\":\"pt-BR\",\"potentialAction\":[{\"@type\":\"ReadAction\",\"target\":[\"https:\/\/www.pmpf.rs.gov.br\/educacao\/2022\/03\/14\/prefeitura-presta-homenagem-a-professores-aposentados\/\"]}]},{\"@type\":\"ImageObject\",\"inLanguage\":\"pt-BR\",\"@id\":\"https:\/\/www.pmpf.rs.gov.br\/educacao\/2022\/03\/14\/prefeitura-presta-homenagem-a-professores-aposentados\/#primaryimage\",\"url\":\"https:\/\/www.pmpf.rs.gov.br\/educacao\/wp-content\/uploads\/sites\/43\/2022\/03\/professores-1.jpg\",\"contentUrl\":\"https:\/\/www.pmpf.rs.gov.br\/educacao\/wp-content\/uploads\/sites\/43\/2022\/03\/professores-1.jpg\",\"width\":1280,\"height\":853},{\"@type\":\"WebSite\",\"@id\":\"https:\/\/www.pmpf.rs.gov.br\/educacao\/#website\",\"url\":\"https:\/\/www.pmpf.rs.gov.br\/educacao\/\",\"name\":\"Secretaria de Educa\u00e7\u00e3o\",\"description\":\"Secretaria de Educa\u00e7\u00e3o da cidade de Passo Fundo\",\"potentialAction\":[{\"@type\":\"SearchAction\",\"target\":{\"@type\":\"EntryPoint\",\"urlTemplate\":\"https:\/\/www.pmpf.rs.gov.br\/educacao\/?s={search_term_string}\"},\"query-input\":{\"@type\":\"PropertyValueSpecification\",\"valueRequired\":true,\"valueName\":\"search_term_string\"}}],\"inLanguage\":\"pt-BR\"},{\"@type\":\"Person\",\"@id\":\"https:\/\/www.pmpf.rs.gov.br\/educacao\/#\/schema\/person\/30ee1d1bd74da1469b01fcf086e43351\",\"name\":\"andressazorzetto07\",\"image\":{\"@type\":\"ImageObject\",\"inLanguage\":\"pt-BR\",\"@id\":\"https:\/\/www.pmpf.rs.gov.br\/educacao\/#\/schema\/person\/image\/\",\"url\":\"https:\/\/secure.gravatar.com\/avatar\/14c5458ed79dc81da99a13b9ff5f9f19?s=96&d=mm&r=g\",\"contentUrl\":\"https:\/\/secure.gravatar.com\/avatar\/14c5458ed79dc81da99a13b9ff5f9f19?s=96&d=mm&r=g\",\"caption\":\"andressazorzetto07\"},\"url\":\"https:\/\/www.pmpf.rs.gov.br\/educacao\/author\/andressazorzetto07\/\"}]}<\/script>\n<!-- \/ Yoast SEO plugin. -->","yoast_head_json":{"title":"Prefeitura presta homenagem a professores aposentados - Secretaria de Educa\u00e7\u00e3o","robots":{"index":"index","follow":"follow","max-snippet":"max-snippet:-1","max-image-preview":"max-image-preview:large","max-video-preview":"max-video-preview:-1"},"canonical":"https:\/\/www.pmpf.rs.gov.br\/educacao\/2022\/03\/14\/prefeitura-presta-homenagem-a-professores-aposentados\/","og_locale":"pt_BR","og_type":"article","og_title":"Prefeitura presta homenagem a professores aposentados - Secretaria de Educa\u00e7\u00e3o","og_description":"Em ato realizado nesta segunda-feira, o Munic\u00edpio valorizou a trajet\u00f3ria de 42 professores que se aposentaram em 2021","og_url":"https:\/\/www.pmpf.rs.gov.br\/educacao\/2022\/03\/14\/prefeitura-presta-homenagem-a-professores-aposentados\/","og_site_name":"Secretaria de Educa\u00e7\u00e3o","article_published_time":"2022-03-14T20:06:04+00:00","article_modified_time":"2022-03-14T20:06:05+00:00","author":"andressazorzetto07","twitter_card":"summary_large_image","twitter_misc":{"Escrito por":"andressazorzetto07","Est. tempo de leitura":"2 minutos"},"schema":{"@context":"https:\/\/schema.org","@graph":[{"@type":"WebPage","@id":"https:\/\/www.pmpf.rs.gov.br\/educacao\/2022\/03\/14\/prefeitura-presta-homenagem-a-professores-aposentados\/","url":"https:\/\/www.pmpf.rs.gov.br\/educacao\/2022\/03\/14\/prefeitura-presta-homenagem-a-professores-aposentados\/","name":"Prefeitura presta homenagem a professores aposentados - Secretaria de Educa\u00e7\u00e3o","isPartOf":{"@id":"https:\/\/www.pmpf.rs.gov.br\/educacao\/#website"},"primaryImageOfPage":{"@id":"https:\/\/www.pmpf.rs.gov.br\/educacao\/2022\/03\/14\/prefeitura-presta-homenagem-a-professores-aposentados\/#primaryimage"},"image":{"@id":"https:\/\/www.pmpf.rs.gov.br\/educacao\/2022\/03\/14\/prefeitura-presta-homenagem-a-professores-aposentados\/#primaryimage"},"thumbnailUrl":"https:\/\/www.pmpf.rs.gov.br\/educacao\/wp-content\/uploads\/sites\/43\/2022\/03\/professores-1.jpg","datePublished":"2022-03-14T20:06:04+00:00","dateModified":"2022-03-14T20:06:05+00:00","author":{"@id":"https:\/\/www.pmpf.rs.gov.br\/educacao\/#\/schema\/person\/30ee1d1bd74da1469b01fcf086e43351"},"inLanguage":"pt-BR","potentialAction":[{"@type":"ReadAction","target":["https:\/\/www.pmpf.rs.gov.br\/educacao\/2022\/03\/14\/prefeitura-presta-homenagem-a-professores-aposentados\/"]}]},{"@type":"ImageObject","inLanguage":"pt-BR","@id":"https:\/\/www.pmpf.rs.gov.br\/educacao\/2022\/03\/14\/prefeitura-presta-homenagem-a-professores-aposentados\/#primaryimage","url":"https:\/\/www.pmpf.rs.gov.br\/educacao\/wp-content\/uploads\/sites\/43\/2022\/03\/professores-1.jpg","contentUrl":"https:\/\/www.pmpf.rs.gov.br\/educacao\/wp-content\/uploads\/sites\/43\/2022\/03\/professores-1.jpg","width":1280,"height":853},{"@type":"WebSite","@id":"https:\/\/www.pmpf.rs.gov.br\/educacao\/#website","url":"https:\/\/www.pmpf.rs.gov.br\/educacao\/","name":"Secretaria de Educa\u00e7\u00e3o","description":"Secretaria de Educa\u00e7\u00e3o da cidade de Passo Fundo","potentialAction":[{"@type":"SearchAction","target":{"@type":"EntryPoint","urlTemplate":"https:\/\/www.pmpf.rs.gov.br\/educacao\/?s={search_term_string}"},"query-input":{"@type":"PropertyValueSpecification","valueRequired":true,"valueName":"search_term_string"}}],"inLanguage":"pt-BR"},{"@type":"Person","@id":"https:\/\/www.pmpf.rs.gov.br\/educacao\/#\/schema\/person\/30ee1d1bd74da1469b01fcf086e43351","name":"andressazorzetto07","image":{"@type":"ImageObject","inLanguage":"pt-BR","@id":"https:\/\/www.pmpf.rs.gov.br\/educacao\/#\/schema\/person\/image\/","url":"https:\/\/secure.gravatar.com\/avatar\/14c5458ed79dc81da99a13b9ff5f9f19?s=96&d=mm&r=g","contentUrl":"https:\/\/secure.gravatar.com\/avatar\/14c5458ed79dc81da99a13b9ff5f9f19?s=96&d=mm&r=g","caption":"andressazorzetto07"},"url":"https:\/\/www.pmpf.rs.gov.br\/educacao\/author\/andressazorzetto07\/"}]}},"_links":{"self":[{"href":"https:\/\/www.pmpf.rs.gov.br\/educacao\/wp-json\/wp\/v2\/posts\/8316"}],"collection":[{"href":"https:\/\/www.pmpf.rs.gov.br\/educacao\/wp-json\/wp\/v2\/posts"}],"about":[{"href":"https:\/\/www.pmpf.rs.gov.br\/educacao\/wp-json\/wp\/v2\/types\/post"}],"author":[{"embeddable":true,"href":"https:\/\/www.pmpf.rs.gov.br\/educacao\/wp-json\/wp\/v2\/users\/6"}],"replies":[{"embeddable":true,"href":"https:\/\/www.pmpf.rs.gov.br\/educacao\/wp-json\/wp\/v2\/comments?post=8316"}],"version-history":[{"count":1,"href":"https:\/\/www.pmpf.rs.gov.br\/educacao\/wp-json\/wp\/v2\/posts\/8316\/revisions"}],"predecessor-version":[{"id":8318,"href":"https:\/\/www.pmpf.rs.gov.br\/educacao\/wp-json\/wp\/v2\/posts\/8316\/revisions\/8318"}],"wp:featuredmedia":[{"embeddable":true,"href":"https:\/\/www.pmpf.rs.gov.br\/educacao\/wp-json\/wp\/v2\/media\/8317"}],"wp:attachment":[{"href":"https:\/\/www.pmpf.rs.gov.br\/educacao\/wp-json\/wp\/v2\/media?parent=8316"}],"wp:term":[{"taxonomy":"category","embeddable":true,"href":"https:\/\/www.pmpf.rs.gov.br\/educacao\/wp-json\/wp\/v2\/categories?post=8316"},{"taxonomy":"post_tag","embeddable":true,"href":"https:\/\/www.pmpf.rs.gov.br\/educacao\/wp-json\/wp\/v2\/tags?post=8316"}],"curies":[{"name":"wp","href":"https:\/\/api.w.org\/{rel}","templated":true}]}}