{"id":8281,"date":"2022-03-11T14:29:30","date_gmt":"2022-03-11T17:29:30","guid":{"rendered":"https:\/\/www.pmpf.rs.gov.br\/educacao\/?p=8281"},"modified":"2022-03-11T14:29:31","modified_gmt":"2022-03-11T17:29:31","slug":"projetos-da-educacao-em-passo-fundo-servem-de-exemplo-para-outros-municipios-do-estado","status":"publish","type":"post","link":"https:\/\/www.pmpf.rs.gov.br\/educacao\/2022\/03\/11\/projetos-da-educacao-em-passo-fundo-servem-de-exemplo-para-outros-municipios-do-estado\/","title":{"rendered":"Projetos da Educa\u00e7\u00e3o em Passo Fundo servem de exemplo para outros munic\u00edpios do Estado"},"content":{"rendered":"\n<p><br>Os projetos inovadores desenvolvidos pela Prefeitura de Passo Fundo na \u00e1rea de Educa\u00e7\u00e3o t\u00eam despertado o interesse de outros munic\u00edpios, que pretendem reproduzir as experi\u00eancias positivas nas suas redes p\u00fablicas. Nesta semana, uma equipe da Prefeitura de Porto Alegre esteve reunida, de forma on-line, com o secret\u00e1rio de Educa\u00e7\u00e3o, Adriano Canabarro Teixeira, para conhecer detalhes de a\u00e7\u00f5es ligadas \u00e0 tecnologia e \u00e0 inova\u00e7\u00e3o, e tamb\u00e9m os projetos com foco no per\u00edodo p\u00f3s-pandemia.<br>Uma das iniciativas que chamou a aten\u00e7\u00e3o dos gestores da Capital foi o Centro P\u00f3s-Covid, que ser\u00e1 inaugurado pela Prefeitura de Passo Fundo nas pr\u00f3ximas semanas. O espa\u00e7o especializado contar\u00e1 com equipe multidisciplinar dedicada ao tratamento de quest\u00f5es psicopedag\u00f3gicas decorrentes do processo de isolamento social, que tenham efeito direto sobre a aprendizagem dos estudantes.<br>O secret\u00e1rio Adriano destacou o esfor\u00e7o do Munic\u00edpio para a redu\u00e7\u00e3o dos impactos causados pela pandemia na aprendizagem dos alunos. Ele explicou o funcionamento da avalia\u00e7\u00e3o diagn\u00f3stica, uma ferramenta digital constru\u00edda pela Secretaria para identificar as habilidades e compet\u00eancias que n\u00e3o foram desenvolvidas entre os alunos e, a partir disso, criar um plano de a\u00e7\u00e3o pedag\u00f3gica espec\u00edfico para cada escola.\u00a0<br>Uma das a\u00e7\u00f5es que ajudar\u00e1 nesse processo de retomada \u00e9 o projeto dos professores YouTubers. Quatro professores da rede municipal nas \u00e1reas de Linguagens, Matem\u00e1tica, Ci\u00eancias e Ci\u00eancias Humanas dever\u00e3o gerar conte\u00fado para tratar essas habilidades n\u00e3o desenvolvidas durante a pandemia. Adriano explica que, como os alunos est\u00e3o dispersos nas escolas da rede, a op\u00e7\u00e3o por professores que trabalham no ambiente digital possibilita maior agilidade e cria possibilidades reais de acelera\u00e7\u00e3o daqueles elementos que n\u00e3o foram devidamente desenvolvidos no per\u00edodo de pandemia.\u00a0<br>O secret\u00e1rio Adriano tamb\u00e9m destacou os investimentos feitos pelo Munic\u00edpio em tecnologia, com a compra de c\u00e2meras de videomonitoramento, notebooks, tablets, computadores e TVs 50 polegadas para as escolas da rede municipal. Esse esfor\u00e7o, conforme o secret\u00e1rio, vai ao encontro do trip\u00e9 pensado pela gest\u00e3o do prefeito Pedro Almeida para a educa\u00e7\u00e3o: ci\u00eancia, tecnologia e inova\u00e7\u00e3o. Inclui, ainda, projetos como os Learning Spaces, espa\u00e7os de aprendizagem que substituem os antigos laborat\u00f3rios de inform\u00e1tica com estruturas f\u00edsicas diferenciadas.\u00a0<br>Jonas Machado, Coordenador de Planejamento Estrat\u00e9gico na Prefeitura de Porto Alegre, lembrou que as duas cidades fazem parte da rede brasileira de Cidades Educadoras, o que aproxima ainda mais as gest\u00f5es. \u201c\u00c9 muito bom poder trocar experi\u00eancias sobre Educa\u00e7\u00e3o, ainda mais quando o trabalho \u00e9 feito por pessoas apaixonadas pelo tema. A Prefeitura de Passo Fundo est\u00e1 de parab\u00e9ns pelas iniciativas inovadoras e Porto Alegre fica \u00e0 disposi\u00e7\u00e3o para discutir n\u00e3o apenas educa\u00e7\u00e3o, mas qualquer assunto de interesse da comunidade\u201d, afirmou.<\/p>\n\n\n\n<p><strong>Foto: Michel Sanderi<\/strong><\/p>\n","protected":false},"excerpt":{"rendered":"<p>Os projetos inovadores desenvolvidos pela Prefeitura de Passo Fundo na \u00e1rea de Educa\u00e7\u00e3o t\u00eam despertado o interesse de outros munic\u00edpios<\/p>\n","protected":false},"author":6,"featured_media":8283,"comment_status":"closed","ping_status":"closed","sticky":true,"template":"","format":"standard","meta":{"footnotes":""},"categories":[14],"tags":[16,9,20],"class_list":["post-8281","post","type-post","status-publish","format-standard","has-post-thumbnail","hentry","category-educacao","tag-cultura-digital","tag-educacao","tag-inovacao"],"yoast_head":"<!-- This site is optimized with the Yoast SEO plugin v23.8 - https:\/\/yoast.com\/wordpress\/plugins\/seo\/ -->\n<title>Projetos da Educa\u00e7\u00e3o em Passo Fundo servem de exemplo para outros munic\u00edpios do Estado - Secretaria de Educa\u00e7\u00e3o<\/title>\n<meta name=\"robots\" content=\"index, follow, max-snippet:-1, max-image-preview:large, max-video-preview:-1\" \/>\n<link rel=\"canonical\" href=\"https:\/\/www.pmpf.rs.gov.br\/educacao\/2022\/03\/11\/projetos-da-educacao-em-passo-fundo-servem-de-exemplo-para-outros-municipios-do-estado\/\" \/>\n<meta property=\"og:locale\" content=\"pt_BR\" \/>\n<meta property=\"og:type\" content=\"article\" \/>\n<meta property=\"og:title\" content=\"Projetos da Educa\u00e7\u00e3o em Passo Fundo servem de exemplo para outros munic\u00edpios do Estado - Secretaria de Educa\u00e7\u00e3o\" \/>\n<meta property=\"og:description\" content=\"Os projetos inovadores desenvolvidos pela Prefeitura de Passo Fundo na \u00e1rea de Educa\u00e7\u00e3o t\u00eam despertado o interesse de outros munic\u00edpios\" \/>\n<meta property=\"og:url\" content=\"https:\/\/www.pmpf.rs.gov.br\/educacao\/2022\/03\/11\/projetos-da-educacao-em-passo-fundo-servem-de-exemplo-para-outros-municipios-do-estado\/\" \/>\n<meta property=\"og:site_name\" content=\"Secretaria de Educa\u00e7\u00e3o\" \/>\n<meta property=\"article:published_time\" content=\"2022-03-11T17:29:30+00:00\" \/>\n<meta property=\"article:modified_time\" content=\"2022-03-11T17:29:31+00:00\" \/>\n<meta property=\"og:image\" content=\"https:\/\/www.pmpf.rs.gov.br\/educacao\/wp-content\/uploads\/sites\/43\/2022\/03\/Educacao-modelo.jpg\" \/>\n\t<meta property=\"og:image:width\" content=\"1280\" \/>\n\t<meta property=\"og:image:height\" content=\"853\" \/>\n\t<meta property=\"og:image:type\" content=\"image\/jpeg\" \/>\n<meta name=\"author\" content=\"andressazorzetto07\" \/>\n<meta name=\"twitter:card\" content=\"summary_large_image\" \/>\n<meta name=\"twitter:label1\" content=\"Escrito por\" \/>\n\t<meta name=\"twitter:data1\" content=\"andressazorzetto07\" \/>\n\t<meta name=\"twitter:label2\" content=\"Est. tempo de leitura\" \/>\n\t<meta name=\"twitter:data2\" content=\"2 minutos\" \/>\n<script type=\"application\/ld+json\" class=\"yoast-schema-graph\">{\"@context\":\"https:\/\/schema.org\",\"@graph\":[{\"@type\":\"WebPage\",\"@id\":\"https:\/\/www.pmpf.rs.gov.br\/educacao\/2022\/03\/11\/projetos-da-educacao-em-passo-fundo-servem-de-exemplo-para-outros-municipios-do-estado\/\",\"url\":\"https:\/\/www.pmpf.rs.gov.br\/educacao\/2022\/03\/11\/projetos-da-educacao-em-passo-fundo-servem-de-exemplo-para-outros-municipios-do-estado\/\",\"name\":\"Projetos da Educa\u00e7\u00e3o em Passo Fundo servem de exemplo para outros munic\u00edpios do Estado - Secretaria de Educa\u00e7\u00e3o\",\"isPartOf\":{\"@id\":\"https:\/\/www.pmpf.rs.gov.br\/educacao\/#website\"},\"primaryImageOfPage\":{\"@id\":\"https:\/\/www.pmpf.rs.gov.br\/educacao\/2022\/03\/11\/projetos-da-educacao-em-passo-fundo-servem-de-exemplo-para-outros-municipios-do-estado\/#primaryimage\"},\"image\":{\"@id\":\"https:\/\/www.pmpf.rs.gov.br\/educacao\/2022\/03\/11\/projetos-da-educacao-em-passo-fundo-servem-de-exemplo-para-outros-municipios-do-estado\/#primaryimage\"},\"thumbnailUrl\":\"https:\/\/www.pmpf.rs.gov.br\/educacao\/wp-content\/uploads\/sites\/43\/2022\/03\/Educacao-modelo.jpg\",\"datePublished\":\"2022-03-11T17:29:30+00:00\",\"dateModified\":\"2022-03-11T17:29:31+00:00\",\"author\":{\"@id\":\"https:\/\/www.pmpf.rs.gov.br\/educacao\/#\/schema\/person\/30ee1d1bd74da1469b01fcf086e43351\"},\"inLanguage\":\"pt-BR\",\"potentialAction\":[{\"@type\":\"ReadAction\",\"target\":[\"https:\/\/www.pmpf.rs.gov.br\/educacao\/2022\/03\/11\/projetos-da-educacao-em-passo-fundo-servem-de-exemplo-para-outros-municipios-do-estado\/\"]}]},{\"@type\":\"ImageObject\",\"inLanguage\":\"pt-BR\",\"@id\":\"https:\/\/www.pmpf.rs.gov.br\/educacao\/2022\/03\/11\/projetos-da-educacao-em-passo-fundo-servem-de-exemplo-para-outros-municipios-do-estado\/#primaryimage\",\"url\":\"https:\/\/www.pmpf.rs.gov.br\/educacao\/wp-content\/uploads\/sites\/43\/2022\/03\/Educacao-modelo.jpg\",\"contentUrl\":\"https:\/\/www.pmpf.rs.gov.br\/educacao\/wp-content\/uploads\/sites\/43\/2022\/03\/Educacao-modelo.jpg\",\"width\":1280,\"height\":853},{\"@type\":\"WebSite\",\"@id\":\"https:\/\/www.pmpf.rs.gov.br\/educacao\/#website\",\"url\":\"https:\/\/www.pmpf.rs.gov.br\/educacao\/\",\"name\":\"Secretaria de Educa\u00e7\u00e3o\",\"description\":\"Secretaria de Educa\u00e7\u00e3o da cidade de Passo Fundo\",\"potentialAction\":[{\"@type\":\"SearchAction\",\"target\":{\"@type\":\"EntryPoint\",\"urlTemplate\":\"https:\/\/www.pmpf.rs.gov.br\/educacao\/?s={search_term_string}\"},\"query-input\":{\"@type\":\"PropertyValueSpecification\",\"valueRequired\":true,\"valueName\":\"search_term_string\"}}],\"inLanguage\":\"pt-BR\"},{\"@type\":\"Person\",\"@id\":\"https:\/\/www.pmpf.rs.gov.br\/educacao\/#\/schema\/person\/30ee1d1bd74da1469b01fcf086e43351\",\"name\":\"andressazorzetto07\",\"image\":{\"@type\":\"ImageObject\",\"inLanguage\":\"pt-BR\",\"@id\":\"https:\/\/www.pmpf.rs.gov.br\/educacao\/#\/schema\/person\/image\/\",\"url\":\"https:\/\/secure.gravatar.com\/avatar\/14c5458ed79dc81da99a13b9ff5f9f19?s=96&d=mm&r=g\",\"contentUrl\":\"https:\/\/secure.gravatar.com\/avatar\/14c5458ed79dc81da99a13b9ff5f9f19?s=96&d=mm&r=g\",\"caption\":\"andressazorzetto07\"},\"url\":\"https:\/\/www.pmpf.rs.gov.br\/educacao\/author\/andressazorzetto07\/\"}]}<\/script>\n<!-- \/ Yoast SEO plugin. -->","yoast_head_json":{"title":"Projetos da Educa\u00e7\u00e3o em Passo Fundo servem de exemplo para outros munic\u00edpios do Estado - Secretaria de Educa\u00e7\u00e3o","robots":{"index":"index","follow":"follow","max-snippet":"max-snippet:-1","max-image-preview":"max-image-preview:large","max-video-preview":"max-video-preview:-1"},"canonical":"https:\/\/www.pmpf.rs.gov.br\/educacao\/2022\/03\/11\/projetos-da-educacao-em-passo-fundo-servem-de-exemplo-para-outros-municipios-do-estado\/","og_locale":"pt_BR","og_type":"article","og_title":"Projetos da Educa\u00e7\u00e3o em Passo Fundo servem de exemplo para outros munic\u00edpios do Estado - Secretaria de Educa\u00e7\u00e3o","og_description":"Os projetos inovadores desenvolvidos pela Prefeitura de Passo Fundo na \u00e1rea de Educa\u00e7\u00e3o t\u00eam despertado o interesse de outros munic\u00edpios","og_url":"https:\/\/www.pmpf.rs.gov.br\/educacao\/2022\/03\/11\/projetos-da-educacao-em-passo-fundo-servem-de-exemplo-para-outros-municipios-do-estado\/","og_site_name":"Secretaria de Educa\u00e7\u00e3o","article_published_time":"2022-03-11T17:29:30+00:00","article_modified_time":"2022-03-11T17:29:31+00:00","og_image":[{"width":1280,"height":853,"url":"https:\/\/www.pmpf.rs.gov.br\/educacao\/wp-content\/uploads\/sites\/43\/2022\/03\/Educacao-modelo.jpg","type":"image\/jpeg"}],"author":"andressazorzetto07","twitter_card":"summary_large_image","twitter_misc":{"Escrito por":"andressazorzetto07","Est. tempo de leitura":"2 minutos"},"schema":{"@context":"https:\/\/schema.org","@graph":[{"@type":"WebPage","@id":"https:\/\/www.pmpf.rs.gov.br\/educacao\/2022\/03\/11\/projetos-da-educacao-em-passo-fundo-servem-de-exemplo-para-outros-municipios-do-estado\/","url":"https:\/\/www.pmpf.rs.gov.br\/educacao\/2022\/03\/11\/projetos-da-educacao-em-passo-fundo-servem-de-exemplo-para-outros-municipios-do-estado\/","name":"Projetos da Educa\u00e7\u00e3o em Passo Fundo servem de exemplo para outros munic\u00edpios do Estado - Secretaria de Educa\u00e7\u00e3o","isPartOf":{"@id":"https:\/\/www.pmpf.rs.gov.br\/educacao\/#website"},"primaryImageOfPage":{"@id":"https:\/\/www.pmpf.rs.gov.br\/educacao\/2022\/03\/11\/projetos-da-educacao-em-passo-fundo-servem-de-exemplo-para-outros-municipios-do-estado\/#primaryimage"},"image":{"@id":"https:\/\/www.pmpf.rs.gov.br\/educacao\/2022\/03\/11\/projetos-da-educacao-em-passo-fundo-servem-de-exemplo-para-outros-municipios-do-estado\/#primaryimage"},"thumbnailUrl":"https:\/\/www.pmpf.rs.gov.br\/educacao\/wp-content\/uploads\/sites\/43\/2022\/03\/Educacao-modelo.jpg","datePublished":"2022-03-11T17:29:30+00:00","dateModified":"2022-03-11T17:29:31+00:00","author":{"@id":"https:\/\/www.pmpf.rs.gov.br\/educacao\/#\/schema\/person\/30ee1d1bd74da1469b01fcf086e43351"},"inLanguage":"pt-BR","potentialAction":[{"@type":"ReadAction","target":["https:\/\/www.pmpf.rs.gov.br\/educacao\/2022\/03\/11\/projetos-da-educacao-em-passo-fundo-servem-de-exemplo-para-outros-municipios-do-estado\/"]}]},{"@type":"ImageObject","inLanguage":"pt-BR","@id":"https:\/\/www.pmpf.rs.gov.br\/educacao\/2022\/03\/11\/projetos-da-educacao-em-passo-fundo-servem-de-exemplo-para-outros-municipios-do-estado\/#primaryimage","url":"https:\/\/www.pmpf.rs.gov.br\/educacao\/wp-content\/uploads\/sites\/43\/2022\/03\/Educacao-modelo.jpg","contentUrl":"https:\/\/www.pmpf.rs.gov.br\/educacao\/wp-content\/uploads\/sites\/43\/2022\/03\/Educacao-modelo.jpg","width":1280,"height":853},{"@type":"WebSite","@id":"https:\/\/www.pmpf.rs.gov.br\/educacao\/#website","url":"https:\/\/www.pmpf.rs.gov.br\/educacao\/","name":"Secretaria de Educa\u00e7\u00e3o","description":"Secretaria de Educa\u00e7\u00e3o da cidade de Passo Fundo","potentialAction":[{"@type":"SearchAction","target":{"@type":"EntryPoint","urlTemplate":"https:\/\/www.pmpf.rs.gov.br\/educacao\/?s={search_term_string}"},"query-input":{"@type":"PropertyValueSpecification","valueRequired":true,"valueName":"search_term_string"}}],"inLanguage":"pt-BR"},{"@type":"Person","@id":"https:\/\/www.pmpf.rs.gov.br\/educacao\/#\/schema\/person\/30ee1d1bd74da1469b01fcf086e43351","name":"andressazorzetto07","image":{"@type":"ImageObject","inLanguage":"pt-BR","@id":"https:\/\/www.pmpf.rs.gov.br\/educacao\/#\/schema\/person\/image\/","url":"https:\/\/secure.gravatar.com\/avatar\/14c5458ed79dc81da99a13b9ff5f9f19?s=96&d=mm&r=g","contentUrl":"https:\/\/secure.gravatar.com\/avatar\/14c5458ed79dc81da99a13b9ff5f9f19?s=96&d=mm&r=g","caption":"andressazorzetto07"},"url":"https:\/\/www.pmpf.rs.gov.br\/educacao\/author\/andressazorzetto07\/"}]}},"_links":{"self":[{"href":"https:\/\/www.pmpf.rs.gov.br\/educacao\/wp-json\/wp\/v2\/posts\/8281"}],"collection":[{"href":"https:\/\/www.pmpf.rs.gov.br\/educacao\/wp-json\/wp\/v2\/posts"}],"about":[{"href":"https:\/\/www.pmpf.rs.gov.br\/educacao\/wp-json\/wp\/v2\/types\/post"}],"author":[{"embeddable":true,"href":"https:\/\/www.pmpf.rs.gov.br\/educacao\/wp-json\/wp\/v2\/users\/6"}],"replies":[{"embeddable":true,"href":"https:\/\/www.pmpf.rs.gov.br\/educacao\/wp-json\/wp\/v2\/comments?post=8281"}],"version-history":[{"count":1,"href":"https:\/\/www.pmpf.rs.gov.br\/educacao\/wp-json\/wp\/v2\/posts\/8281\/revisions"}],"predecessor-version":[{"id":8284,"href":"https:\/\/www.pmpf.rs.gov.br\/educacao\/wp-json\/wp\/v2\/posts\/8281\/revisions\/8284"}],"wp:featuredmedia":[{"embeddable":true,"href":"https:\/\/www.pmpf.rs.gov.br\/educacao\/wp-json\/wp\/v2\/media\/8283"}],"wp:attachment":[{"href":"https:\/\/www.pmpf.rs.gov.br\/educacao\/wp-json\/wp\/v2\/media?parent=8281"}],"wp:term":[{"taxonomy":"category","embeddable":true,"href":"https:\/\/www.pmpf.rs.gov.br\/educacao\/wp-json\/wp\/v2\/categories?post=8281"},{"taxonomy":"post_tag","embeddable":true,"href":"https:\/\/www.pmpf.rs.gov.br\/educacao\/wp-json\/wp\/v2\/tags?post=8281"}],"curies":[{"name":"wp","href":"https:\/\/api.w.org\/{rel}","templated":true}]}}