{"id":8276,"date":"2022-03-11T14:05:43","date_gmt":"2022-03-11T17:05:43","guid":{"rendered":"https:\/\/www.pmpf.rs.gov.br\/educacao\/?p=8276"},"modified":"2022-03-11T14:10:13","modified_gmt":"2022-03-11T17:10:13","slug":"projetos-pedagogicos-da-rede-municipal-preparam-os-alunos-para-o-futuro","status":"publish","type":"post","link":"https:\/\/www.pmpf.rs.gov.br\/educacao\/2022\/03\/11\/projetos-pedagogicos-da-rede-municipal-preparam-os-alunos-para-o-futuro\/","title":{"rendered":"Projetos pedag\u00f3gicos da rede municipal preparam os alunos para o futuro"},"content":{"rendered":"\n<p><br>Os projetos pedag\u00f3gicos criam oportunidades de promo\u00e7\u00e3o de uma educa\u00e7\u00e3o voltada ao futuro, transversal aos conte\u00fados curriculares e com potencial para transformar o olhar dos alunos. Visando qualificar ainda mais a Rede Municipal de Ensino, a Prefeitura traz para o ano letivo de 2022 a inser\u00e7\u00e3o de projetos pedag\u00f3gicos que criam aos estudantes condi\u00e7\u00f5es para que ampliem as suas possibilidades de a\u00e7\u00e3o no mundo.<br><br>O prefeito, Pedro Almeida, pontua que o Munic\u00edpio vem aplicando investimentos que permitem que as escolas sejam laborat\u00f3rios e locais de experimenta\u00e7\u00e3o. \u201cAo encontro da concep\u00e7\u00e3o de educa\u00e7\u00e3o que o governo municipal desenvolveu a partir dos par\u00e2metros globais, a Prefeitura tem proporcionado a execu\u00e7\u00e3o de iniciativas com recursos. Nesta semana, entregamos o maior investimento em tecnologia, que contempla novos equipamentos para alunos e professores: s\u00e3o 1400 notebooks, 760 tablets e 500 televis\u00f5es, que chegar\u00e3o a todas as escolas nos pr\u00f3ximos dias. Al\u00e9m disso, fizemos a reforma da rede l\u00f3gica e do sistema de informa\u00e7\u00e3o das institui\u00e7\u00f5es. Qualificando a educa\u00e7\u00e3o, queremos que as crian\u00e7as sejam parte das solu\u00e7\u00f5es do mundo\u201d, menciona.<br><br>Conforme explica o secret\u00e1rio de Educa\u00e7\u00e3o, Adriano Canabarro Teixeira, a sele\u00e7\u00e3o dos projetos observa as grandes demandas e tend\u00eancias globais da educa\u00e7\u00e3o. \u201cOs projetos trazem para a grade curricular oportunidades para o desenvolvimento de habilidades que v\u00e3o al\u00e9m das convencionais, como Matem\u00e1tica, Portugu\u00eas e Ci\u00eancias Naturais. Eles antecipam quest\u00f5es fundamentais dentro de um contexto de forma\u00e7\u00e3o dos cidad\u00e3os no s\u00e9culo XXI e s\u00e3o trabalhados de forma interdisciplinar, estruturada e integrada com os alunos\u201d, afirma.<\/p>\n\n\n\n<p><br><br><strong>Projetos e n\u00edveis de ensino<\/strong><br><br>O projeto pedag\u00f3gico que pautar\u00e1 todo o Ensino Fundamental \u00e9 o da Cultura Digital, que envolve um conjunto de pr\u00e1ticas, costumes e formas de intera\u00e7\u00e3o social a partir da tecnologia. \u201cCem porcento dos alunos v\u00e3o trabalhar com quest\u00f5es relacionadas \u00e0 tecnologia, com pensamento cr\u00edtico, responsabilidades, seguran\u00e7a e programa\u00e7\u00e3o de computadores. Esse \u00e9 um dado importante: estamos entre os 10 primeiros munic\u00edpios do Brasil que desenvolvem a Cultura Digital para todos os seus alunos, culminando na programa\u00e7\u00e3o de computadores, uma habilidade essencial para os profissionais de qualquer \u00e1rea no s\u00e9culo XXI\u201d, considera o secret\u00e1rio.<br><br>Al\u00e9m disso, segundo ele, outros projetos foram pensados por n\u00edvel de ensino: os anos iniciais do Ensino Fundamental tamb\u00e9m trabalhar\u00e3o a Cidadania Global. \u201cA Cidadania Global prop\u00f5e reflex\u00f5es de que todos n\u00f3s fazemos parte de um mundo muito maior do que aquele que est\u00e1 ao nosso redor e que isso, antes de ser uma amea\u00e7a, \u00e9 uma oportunidade. Os alunos poder\u00e3o conhecer outras culturas e identificar como elas podem qualificar a nossa pr\u00f3pria cultura, em um processo avalia\u00e7\u00e3o da constitui\u00e7\u00e3o cultural de povos baseado em empatia, respeito e toler\u00e2ncia. Na nossa rede, temos quase 200 alunos imigrantes, e isso evidencia aos estudantes que todos n\u00f3s somos cidad\u00e3os do mundo\u201d, destaca.<br><br>J\u00e1 os estudantes dos anos finais ter\u00e3o atividades dentro do projeto de Pensamento Cient\u00edfico. \u201cAqui, eles poder\u00e3o verificar problemas que existem, por exemplo, na comunidade e propor solu\u00e7\u00f5es. Ainda, desenvolver prot\u00f3tipos para tirar as solu\u00e7\u00f5es do mundo das ideias e colocar em pr\u00e1tica para entregar \u00e0 sociedade. Essa \u00e9 uma iniciativa que extrapola os muros da escola, conectando os alunos com o mundo\u201d, aponta.<br><br>Mais um projeto que ser\u00e1 levado aos alunos do primeiro ao quinto ano \u00e9 o da Leitura. Seu objetivo, al\u00e9m de fomentar a leitura, buscar\u00e1 acelerar a alfabetiza\u00e7\u00e3o. Para isso, o Munic\u00edpio assinou a plataforma Arte dos Livros, com 30 mil t\u00edtulos que podem qualificar as oportunidades de leitura para as crian\u00e7as e jovens de nossas escolas.<br><br>\u00c9 poss\u00edvel apontar que estes projetos pedag\u00f3gicos criam um contexto educacional em Passo Fundo que, al\u00e9m de potencializar a utiliza\u00e7\u00e3o de toda a infraestrutura disponibilizada e considerar o processo intenso de forma\u00e7\u00e3o de professores em movimento desde 2021, antecipa e concretiza aquelas caracter\u00edsticas e demandas que, at\u00e9 ent\u00e3o, eram vistas como exclusivas de um futuro distante.<\/p>\n","protected":false},"excerpt":{"rendered":"<p>Entre os projetos trabalhados com os alunos, est\u00e1 o da Cultura Digital, que levar\u00e1 a todos a programa\u00e7\u00e3o de computadores<\/p>\n","protected":false},"author":6,"featured_media":8278,"comment_status":"closed","ping_status":"closed","sticky":true,"template":"","format":"standard","meta":{"footnotes":""},"categories":[14],"tags":[16,9,19,18],"class_list":["post-8276","post","type-post","status-publish","format-standard","has-post-thumbnail","hentry","category-educacao","tag-cultura-digital","tag-educacao","tag-projetos-pedagogicos","tag-tecnologia"],"yoast_head":"<!-- This site is optimized with the Yoast SEO plugin v23.8 - https:\/\/yoast.com\/wordpress\/plugins\/seo\/ -->\n<title>Projetos pedag\u00f3gicos da rede municipal preparam os alunos para o futuro - Secretaria de Educa\u00e7\u00e3o<\/title>\n<meta name=\"robots\" content=\"index, follow, max-snippet:-1, max-image-preview:large, max-video-preview:-1\" \/>\n<link rel=\"canonical\" href=\"https:\/\/www.pmpf.rs.gov.br\/educacao\/2022\/03\/11\/projetos-pedagogicos-da-rede-municipal-preparam-os-alunos-para-o-futuro\/\" \/>\n<meta property=\"og:locale\" content=\"pt_BR\" \/>\n<meta property=\"og:type\" content=\"article\" \/>\n<meta property=\"og:title\" content=\"Projetos pedag\u00f3gicos da rede municipal preparam os alunos para o futuro - Secretaria de Educa\u00e7\u00e3o\" \/>\n<meta property=\"og:description\" content=\"Entre os projetos trabalhados com os alunos, est\u00e1 o da Cultura Digital, que levar\u00e1 a todos a programa\u00e7\u00e3o de computadores\" \/>\n<meta property=\"og:url\" content=\"https:\/\/www.pmpf.rs.gov.br\/educacao\/2022\/03\/11\/projetos-pedagogicos-da-rede-municipal-preparam-os-alunos-para-o-futuro\/\" \/>\n<meta property=\"og:site_name\" content=\"Secretaria de Educa\u00e7\u00e3o\" \/>\n<meta property=\"article:published_time\" content=\"2022-03-11T17:05:43+00:00\" \/>\n<meta property=\"article:modified_time\" content=\"2022-03-11T17:10:13+00:00\" \/>\n<meta property=\"og:image\" content=\"https:\/\/www.pmpf.rs.gov.br\/educacao\/wp-content\/uploads\/sites\/43\/2022\/03\/programacao.jpg\" \/>\n\t<meta property=\"og:image:width\" content=\"1024\" \/>\n\t<meta property=\"og:image:height\" content=\"682\" \/>\n\t<meta property=\"og:image:type\" content=\"image\/jpeg\" \/>\n<meta name=\"author\" content=\"andressazorzetto07\" \/>\n<meta name=\"twitter:card\" content=\"summary_large_image\" \/>\n<meta name=\"twitter:label1\" content=\"Escrito por\" \/>\n\t<meta name=\"twitter:data1\" content=\"andressazorzetto07\" \/>\n\t<meta name=\"twitter:label2\" content=\"Est. tempo de leitura\" \/>\n\t<meta name=\"twitter:data2\" content=\"4 minutos\" \/>\n<script type=\"application\/ld+json\" class=\"yoast-schema-graph\">{\"@context\":\"https:\/\/schema.org\",\"@graph\":[{\"@type\":\"WebPage\",\"@id\":\"https:\/\/www.pmpf.rs.gov.br\/educacao\/2022\/03\/11\/projetos-pedagogicos-da-rede-municipal-preparam-os-alunos-para-o-futuro\/\",\"url\":\"https:\/\/www.pmpf.rs.gov.br\/educacao\/2022\/03\/11\/projetos-pedagogicos-da-rede-municipal-preparam-os-alunos-para-o-futuro\/\",\"name\":\"Projetos pedag\u00f3gicos da rede municipal preparam os alunos para o futuro - Secretaria de Educa\u00e7\u00e3o\",\"isPartOf\":{\"@id\":\"https:\/\/www.pmpf.rs.gov.br\/educacao\/#website\"},\"primaryImageOfPage\":{\"@id\":\"https:\/\/www.pmpf.rs.gov.br\/educacao\/2022\/03\/11\/projetos-pedagogicos-da-rede-municipal-preparam-os-alunos-para-o-futuro\/#primaryimage\"},\"image\":{\"@id\":\"https:\/\/www.pmpf.rs.gov.br\/educacao\/2022\/03\/11\/projetos-pedagogicos-da-rede-municipal-preparam-os-alunos-para-o-futuro\/#primaryimage\"},\"thumbnailUrl\":\"https:\/\/www.pmpf.rs.gov.br\/educacao\/wp-content\/uploads\/sites\/43\/2022\/03\/programacao.jpg\",\"datePublished\":\"2022-03-11T17:05:43+00:00\",\"dateModified\":\"2022-03-11T17:10:13+00:00\",\"author\":{\"@id\":\"https:\/\/www.pmpf.rs.gov.br\/educacao\/#\/schema\/person\/30ee1d1bd74da1469b01fcf086e43351\"},\"inLanguage\":\"pt-BR\",\"potentialAction\":[{\"@type\":\"ReadAction\",\"target\":[\"https:\/\/www.pmpf.rs.gov.br\/educacao\/2022\/03\/11\/projetos-pedagogicos-da-rede-municipal-preparam-os-alunos-para-o-futuro\/\"]}]},{\"@type\":\"ImageObject\",\"inLanguage\":\"pt-BR\",\"@id\":\"https:\/\/www.pmpf.rs.gov.br\/educacao\/2022\/03\/11\/projetos-pedagogicos-da-rede-municipal-preparam-os-alunos-para-o-futuro\/#primaryimage\",\"url\":\"https:\/\/www.pmpf.rs.gov.br\/educacao\/wp-content\/uploads\/sites\/43\/2022\/03\/programacao.jpg\",\"contentUrl\":\"https:\/\/www.pmpf.rs.gov.br\/educacao\/wp-content\/uploads\/sites\/43\/2022\/03\/programacao.jpg\",\"width\":1024,\"height\":682},{\"@type\":\"WebSite\",\"@id\":\"https:\/\/www.pmpf.rs.gov.br\/educacao\/#website\",\"url\":\"https:\/\/www.pmpf.rs.gov.br\/educacao\/\",\"name\":\"Secretaria de Educa\u00e7\u00e3o\",\"description\":\"Secretaria de Educa\u00e7\u00e3o da cidade de Passo Fundo\",\"potentialAction\":[{\"@type\":\"SearchAction\",\"target\":{\"@type\":\"EntryPoint\",\"urlTemplate\":\"https:\/\/www.pmpf.rs.gov.br\/educacao\/?s={search_term_string}\"},\"query-input\":{\"@type\":\"PropertyValueSpecification\",\"valueRequired\":true,\"valueName\":\"search_term_string\"}}],\"inLanguage\":\"pt-BR\"},{\"@type\":\"Person\",\"@id\":\"https:\/\/www.pmpf.rs.gov.br\/educacao\/#\/schema\/person\/30ee1d1bd74da1469b01fcf086e43351\",\"name\":\"andressazorzetto07\",\"image\":{\"@type\":\"ImageObject\",\"inLanguage\":\"pt-BR\",\"@id\":\"https:\/\/www.pmpf.rs.gov.br\/educacao\/#\/schema\/person\/image\/\",\"url\":\"https:\/\/secure.gravatar.com\/avatar\/14c5458ed79dc81da99a13b9ff5f9f19?s=96&d=mm&r=g\",\"contentUrl\":\"https:\/\/secure.gravatar.com\/avatar\/14c5458ed79dc81da99a13b9ff5f9f19?s=96&d=mm&r=g\",\"caption\":\"andressazorzetto07\"},\"url\":\"https:\/\/www.pmpf.rs.gov.br\/educacao\/author\/andressazorzetto07\/\"}]}<\/script>\n<!-- \/ Yoast SEO plugin. -->","yoast_head_json":{"title":"Projetos pedag\u00f3gicos da rede municipal preparam os alunos para o futuro - Secretaria de Educa\u00e7\u00e3o","robots":{"index":"index","follow":"follow","max-snippet":"max-snippet:-1","max-image-preview":"max-image-preview:large","max-video-preview":"max-video-preview:-1"},"canonical":"https:\/\/www.pmpf.rs.gov.br\/educacao\/2022\/03\/11\/projetos-pedagogicos-da-rede-municipal-preparam-os-alunos-para-o-futuro\/","og_locale":"pt_BR","og_type":"article","og_title":"Projetos pedag\u00f3gicos da rede municipal preparam os alunos para o futuro - Secretaria de Educa\u00e7\u00e3o","og_description":"Entre os projetos trabalhados com os alunos, est\u00e1 o da Cultura Digital, que levar\u00e1 a todos a programa\u00e7\u00e3o de computadores","og_url":"https:\/\/www.pmpf.rs.gov.br\/educacao\/2022\/03\/11\/projetos-pedagogicos-da-rede-municipal-preparam-os-alunos-para-o-futuro\/","og_site_name":"Secretaria de Educa\u00e7\u00e3o","article_published_time":"2022-03-11T17:05:43+00:00","article_modified_time":"2022-03-11T17:10:13+00:00","og_image":[{"width":1024,"height":682,"url":"https:\/\/www.pmpf.rs.gov.br\/educacao\/wp-content\/uploads\/sites\/43\/2022\/03\/programacao.jpg","type":"image\/jpeg"}],"author":"andressazorzetto07","twitter_card":"summary_large_image","twitter_misc":{"Escrito por":"andressazorzetto07","Est. tempo de leitura":"4 minutos"},"schema":{"@context":"https:\/\/schema.org","@graph":[{"@type":"WebPage","@id":"https:\/\/www.pmpf.rs.gov.br\/educacao\/2022\/03\/11\/projetos-pedagogicos-da-rede-municipal-preparam-os-alunos-para-o-futuro\/","url":"https:\/\/www.pmpf.rs.gov.br\/educacao\/2022\/03\/11\/projetos-pedagogicos-da-rede-municipal-preparam-os-alunos-para-o-futuro\/","name":"Projetos pedag\u00f3gicos da rede municipal preparam os alunos para o futuro - Secretaria de Educa\u00e7\u00e3o","isPartOf":{"@id":"https:\/\/www.pmpf.rs.gov.br\/educacao\/#website"},"primaryImageOfPage":{"@id":"https:\/\/www.pmpf.rs.gov.br\/educacao\/2022\/03\/11\/projetos-pedagogicos-da-rede-municipal-preparam-os-alunos-para-o-futuro\/#primaryimage"},"image":{"@id":"https:\/\/www.pmpf.rs.gov.br\/educacao\/2022\/03\/11\/projetos-pedagogicos-da-rede-municipal-preparam-os-alunos-para-o-futuro\/#primaryimage"},"thumbnailUrl":"https:\/\/www.pmpf.rs.gov.br\/educacao\/wp-content\/uploads\/sites\/43\/2022\/03\/programacao.jpg","datePublished":"2022-03-11T17:05:43+00:00","dateModified":"2022-03-11T17:10:13+00:00","author":{"@id":"https:\/\/www.pmpf.rs.gov.br\/educacao\/#\/schema\/person\/30ee1d1bd74da1469b01fcf086e43351"},"inLanguage":"pt-BR","potentialAction":[{"@type":"ReadAction","target":["https:\/\/www.pmpf.rs.gov.br\/educacao\/2022\/03\/11\/projetos-pedagogicos-da-rede-municipal-preparam-os-alunos-para-o-futuro\/"]}]},{"@type":"ImageObject","inLanguage":"pt-BR","@id":"https:\/\/www.pmpf.rs.gov.br\/educacao\/2022\/03\/11\/projetos-pedagogicos-da-rede-municipal-preparam-os-alunos-para-o-futuro\/#primaryimage","url":"https:\/\/www.pmpf.rs.gov.br\/educacao\/wp-content\/uploads\/sites\/43\/2022\/03\/programacao.jpg","contentUrl":"https:\/\/www.pmpf.rs.gov.br\/educacao\/wp-content\/uploads\/sites\/43\/2022\/03\/programacao.jpg","width":1024,"height":682},{"@type":"WebSite","@id":"https:\/\/www.pmpf.rs.gov.br\/educacao\/#website","url":"https:\/\/www.pmpf.rs.gov.br\/educacao\/","name":"Secretaria de Educa\u00e7\u00e3o","description":"Secretaria de Educa\u00e7\u00e3o da cidade de Passo Fundo","potentialAction":[{"@type":"SearchAction","target":{"@type":"EntryPoint","urlTemplate":"https:\/\/www.pmpf.rs.gov.br\/educacao\/?s={search_term_string}"},"query-input":{"@type":"PropertyValueSpecification","valueRequired":true,"valueName":"search_term_string"}}],"inLanguage":"pt-BR"},{"@type":"Person","@id":"https:\/\/www.pmpf.rs.gov.br\/educacao\/#\/schema\/person\/30ee1d1bd74da1469b01fcf086e43351","name":"andressazorzetto07","image":{"@type":"ImageObject","inLanguage":"pt-BR","@id":"https:\/\/www.pmpf.rs.gov.br\/educacao\/#\/schema\/person\/image\/","url":"https:\/\/secure.gravatar.com\/avatar\/14c5458ed79dc81da99a13b9ff5f9f19?s=96&d=mm&r=g","contentUrl":"https:\/\/secure.gravatar.com\/avatar\/14c5458ed79dc81da99a13b9ff5f9f19?s=96&d=mm&r=g","caption":"andressazorzetto07"},"url":"https:\/\/www.pmpf.rs.gov.br\/educacao\/author\/andressazorzetto07\/"}]}},"_links":{"self":[{"href":"https:\/\/www.pmpf.rs.gov.br\/educacao\/wp-json\/wp\/v2\/posts\/8276"}],"collection":[{"href":"https:\/\/www.pmpf.rs.gov.br\/educacao\/wp-json\/wp\/v2\/posts"}],"about":[{"href":"https:\/\/www.pmpf.rs.gov.br\/educacao\/wp-json\/wp\/v2\/types\/post"}],"author":[{"embeddable":true,"href":"https:\/\/www.pmpf.rs.gov.br\/educacao\/wp-json\/wp\/v2\/users\/6"}],"replies":[{"embeddable":true,"href":"https:\/\/www.pmpf.rs.gov.br\/educacao\/wp-json\/wp\/v2\/comments?post=8276"}],"version-history":[{"count":2,"href":"https:\/\/www.pmpf.rs.gov.br\/educacao\/wp-json\/wp\/v2\/posts\/8276\/revisions"}],"predecessor-version":[{"id":8280,"href":"https:\/\/www.pmpf.rs.gov.br\/educacao\/wp-json\/wp\/v2\/posts\/8276\/revisions\/8280"}],"wp:featuredmedia":[{"embeddable":true,"href":"https:\/\/www.pmpf.rs.gov.br\/educacao\/wp-json\/wp\/v2\/media\/8278"}],"wp:attachment":[{"href":"https:\/\/www.pmpf.rs.gov.br\/educacao\/wp-json\/wp\/v2\/media?parent=8276"}],"wp:term":[{"taxonomy":"category","embeddable":true,"href":"https:\/\/www.pmpf.rs.gov.br\/educacao\/wp-json\/wp\/v2\/categories?post=8276"},{"taxonomy":"post_tag","embeddable":true,"href":"https:\/\/www.pmpf.rs.gov.br\/educacao\/wp-json\/wp\/v2\/tags?post=8276"}],"curies":[{"name":"wp","href":"https:\/\/api.w.org\/{rel}","templated":true}]}}