{"id":7515,"date":"2016-03-18T19:51:43","date_gmt":"2016-03-18T22:51:43","guid":{"rendered":"https:\/\/www.pmpf.rs.gov.br\/educacao\/2016\/03\/18\/nova-secretaria-adjunta-de-educacao-10546\/"},"modified":"2016-03-18T19:51:43","modified_gmt":"2016-03-18T22:51:43","slug":"nova-secretaria-adjunta-de-educacao-10546","status":"publish","type":"post","link":"https:\/\/www.pmpf.rs.gov.br\/educacao\/2016\/03\/18\/nova-secretaria-adjunta-de-educacao-10546\/","title":{"rendered":"Nova secret\u00e1ria adjunta de Educa\u00e7\u00e3o"},"content":{"rendered":"<div>A professora municipal Jeanete Basso, que atua h\u00e1 27 anos na rede de ensino do munic\u00edpio, assumir\u00e1 a fun\u00e7\u00e3o de secret\u00e1ria-adjunta da Educa\u00e7\u00e3o. Ela ir\u00e1 substituir o advogado Roger Borges, que ficar\u00e1 respons\u00e1vel pela Secretaria de Cidadania e Assist\u00eancia Social a partir do m\u00eas de abril (em fun\u00e7\u00e3o da sa\u00edda do atual secret\u00e1rio, Saul Spinelli, que ir\u00e1 concorrer \u00e0 C\u00e2mara Municipal).<\/div>\n<div><\/div>\n<div>A professora diz sentir-se lisonjeada e muito feliz com o novo desafio. \u201cEncaro essa oportunidade como um reconhecimento do prefeito Luciano ao meu trabalho e \u00e0 minha capacidade. Estarei ao lado de pessoas de quem gosto muito e pretendo dar continuidade ao trabalho que vinha sendo feito. Vou me esfor\u00e7ar ao m\u00e1ximo para fazer o melhor\u201d, enfatizou a professora. Durante seis anos, Jeanete foi diretora da Escola Municipal de Ensino Fundamental Zeferino Dem\u00e9trio Costi, refer\u00eancia de ensino no munic\u00edpio. Dos 27 anos de atividade, 26 anos foram de trabalho na escola.<\/div>\n<div><\/div>\n<div>\u201cA escolha da professora Jeanete levou em considera\u00e7\u00e3o sua experi\u00eancia como gestora da Zeferino Dem\u00e9trio Costi, considerada uma das melhores escolas da rede municipal\u201d, observou o secret\u00e1rio municipal de Educa\u00e7\u00e3o, Edemilson Brand\u00e3o. Os alunos da Escola Zeferino Dem\u00e9trio Costi conquistaram em 2014 o 2\u00ba lugar no IDEB (\u00cdndice de Desenvolvimento da Educa\u00e7\u00e3o B\u00e1sica), dentre todas as escolas da rede municipal de Passo Fundo. A m\u00e9dia conquistada de 6,8 foi uma das mais altas do pa\u00eds.<\/div>\n","protected":false},"excerpt":{"rendered":"<p>A professora Jeanete Basso atua h\u00e1 27 anos na rede municipal<\/p>\n","protected":false},"author":1,"featured_media":2455,"comment_status":"open","ping_status":"open","sticky":false,"template":"","format":"standard","meta":{"footnotes":""},"categories":[],"tags":[],"class_list":["post-7515","post","type-post","status-publish","format-standard","has-post-thumbnail","hentry"],"yoast_head":"<!-- This site is optimized with the Yoast SEO plugin v23.8 - https:\/\/yoast.com\/wordpress\/plugins\/seo\/ -->\n<title>Nova secret\u00e1ria adjunta de Educa\u00e7\u00e3o - Secretaria de Educa\u00e7\u00e3o<\/title>\n<meta name=\"robots\" content=\"index, follow, max-snippet:-1, max-image-preview:large, max-video-preview:-1\" \/>\n<link rel=\"canonical\" href=\"https:\/\/www.pmpf.rs.gov.br\/educacao\/2016\/03\/18\/nova-secretaria-adjunta-de-educacao-10546\/\" \/>\n<meta property=\"og:locale\" content=\"pt_BR\" \/>\n<meta property=\"og:type\" content=\"article\" \/>\n<meta property=\"og:title\" content=\"Nova secret\u00e1ria adjunta de Educa\u00e7\u00e3o - Secretaria de Educa\u00e7\u00e3o\" \/>\n<meta property=\"og:description\" content=\"A professora Jeanete Basso atua h\u00e1 27 anos na rede municipal\" \/>\n<meta property=\"og:url\" content=\"https:\/\/www.pmpf.rs.gov.br\/educacao\/2016\/03\/18\/nova-secretaria-adjunta-de-educacao-10546\/\" \/>\n<meta property=\"og:site_name\" content=\"Secretaria de Educa\u00e7\u00e3o\" \/>\n<meta property=\"article:published_time\" content=\"2016-03-18T22:51:43+00:00\" \/>\n<meta property=\"og:image\" content=\"https:\/\/www.pmpf.rs.gov.br\/educacao\/wp-content\/uploads\/sites\/43\/2021\/12\/I2016-03-18_165306_339528.jpg\" \/>\n\t<meta property=\"og:image:width\" content=\"960\" \/>\n\t<meta property=\"og:image:height\" content=\"770\" \/>\n\t<meta property=\"og:image:type\" content=\"image\/jpeg\" \/>\n<meta name=\"author\" content=\"mosite\" \/>\n<meta name=\"twitter:card\" content=\"summary_large_image\" \/>\n<meta name=\"twitter:label1\" content=\"Escrito por\" \/>\n\t<meta name=\"twitter:data1\" content=\"mosite\" \/>\n\t<meta name=\"twitter:label2\" content=\"Est. tempo de leitura\" \/>\n\t<meta name=\"twitter:data2\" content=\"1 minuto\" \/>\n<script type=\"application\/ld+json\" class=\"yoast-schema-graph\">{\"@context\":\"https:\/\/schema.org\",\"@graph\":[{\"@type\":\"WebPage\",\"@id\":\"https:\/\/www.pmpf.rs.gov.br\/educacao\/2016\/03\/18\/nova-secretaria-adjunta-de-educacao-10546\/\",\"url\":\"https:\/\/www.pmpf.rs.gov.br\/educacao\/2016\/03\/18\/nova-secretaria-adjunta-de-educacao-10546\/\",\"name\":\"Nova secret\u00e1ria adjunta de Educa\u00e7\u00e3o - Secretaria de Educa\u00e7\u00e3o\",\"isPartOf\":{\"@id\":\"https:\/\/www.pmpf.rs.gov.br\/educacao\/#website\"},\"primaryImageOfPage\":{\"@id\":\"https:\/\/www.pmpf.rs.gov.br\/educacao\/2016\/03\/18\/nova-secretaria-adjunta-de-educacao-10546\/#primaryimage\"},\"image\":{\"@id\":\"https:\/\/www.pmpf.rs.gov.br\/educacao\/2016\/03\/18\/nova-secretaria-adjunta-de-educacao-10546\/#primaryimage\"},\"thumbnailUrl\":\"https:\/\/www.pmpf.rs.gov.br\/educacao\/wp-content\/uploads\/sites\/43\/2021\/12\/I2016-03-18_165306_339528.jpg\",\"datePublished\":\"2016-03-18T22:51:43+00:00\",\"dateModified\":\"2016-03-18T22:51:43+00:00\",\"author\":{\"@id\":\"https:\/\/www.pmpf.rs.gov.br\/educacao\/#\/schema\/person\/0c355b0fa68a7aa986c8594f7a60a2d7\"},\"inLanguage\":\"pt-BR\",\"potentialAction\":[{\"@type\":\"ReadAction\",\"target\":[\"https:\/\/www.pmpf.rs.gov.br\/educacao\/2016\/03\/18\/nova-secretaria-adjunta-de-educacao-10546\/\"]}]},{\"@type\":\"ImageObject\",\"inLanguage\":\"pt-BR\",\"@id\":\"https:\/\/www.pmpf.rs.gov.br\/educacao\/2016\/03\/18\/nova-secretaria-adjunta-de-educacao-10546\/#primaryimage\",\"url\":\"https:\/\/www.pmpf.rs.gov.br\/educacao\/wp-content\/uploads\/sites\/43\/2021\/12\/I2016-03-18_165306_339528.jpg\",\"contentUrl\":\"https:\/\/www.pmpf.rs.gov.br\/educacao\/wp-content\/uploads\/sites\/43\/2021\/12\/I2016-03-18_165306_339528.jpg\",\"width\":960,\"height\":770},{\"@type\":\"WebSite\",\"@id\":\"https:\/\/www.pmpf.rs.gov.br\/educacao\/#website\",\"url\":\"https:\/\/www.pmpf.rs.gov.br\/educacao\/\",\"name\":\"Secretaria de Educa\u00e7\u00e3o\",\"description\":\"Secretaria de Educa\u00e7\u00e3o da cidade de Passo Fundo\",\"potentialAction\":[{\"@type\":\"SearchAction\",\"target\":{\"@type\":\"EntryPoint\",\"urlTemplate\":\"https:\/\/www.pmpf.rs.gov.br\/educacao\/?s={search_term_string}\"},\"query-input\":{\"@type\":\"PropertyValueSpecification\",\"valueRequired\":true,\"valueName\":\"search_term_string\"}}],\"inLanguage\":\"pt-BR\"},{\"@type\":\"Person\",\"@id\":\"https:\/\/www.pmpf.rs.gov.br\/educacao\/#\/schema\/person\/0c355b0fa68a7aa986c8594f7a60a2d7\",\"name\":\"mosite\",\"image\":{\"@type\":\"ImageObject\",\"inLanguage\":\"pt-BR\",\"@id\":\"https:\/\/www.pmpf.rs.gov.br\/educacao\/#\/schema\/person\/image\/\",\"url\":\"https:\/\/secure.gravatar.com\/avatar\/63d72595d6cecfe12bd8a94829d5a26c?s=96&d=mm&r=g\",\"contentUrl\":\"https:\/\/secure.gravatar.com\/avatar\/63d72595d6cecfe12bd8a94829d5a26c?s=96&d=mm&r=g\",\"caption\":\"mosite\"},\"sameAs\":[\"http:\/\/example.com\"],\"url\":\"https:\/\/www.pmpf.rs.gov.br\/educacao\/author\/mosite\/\"}]}<\/script>\n<!-- \/ Yoast SEO plugin. -->","yoast_head_json":{"title":"Nova secret\u00e1ria adjunta de Educa\u00e7\u00e3o - Secretaria de Educa\u00e7\u00e3o","robots":{"index":"index","follow":"follow","max-snippet":"max-snippet:-1","max-image-preview":"max-image-preview:large","max-video-preview":"max-video-preview:-1"},"canonical":"https:\/\/www.pmpf.rs.gov.br\/educacao\/2016\/03\/18\/nova-secretaria-adjunta-de-educacao-10546\/","og_locale":"pt_BR","og_type":"article","og_title":"Nova secret\u00e1ria adjunta de Educa\u00e7\u00e3o - Secretaria de Educa\u00e7\u00e3o","og_description":"A professora Jeanete Basso atua h\u00e1 27 anos na rede municipal","og_url":"https:\/\/www.pmpf.rs.gov.br\/educacao\/2016\/03\/18\/nova-secretaria-adjunta-de-educacao-10546\/","og_site_name":"Secretaria de Educa\u00e7\u00e3o","article_published_time":"2016-03-18T22:51:43+00:00","og_image":[{"width":960,"height":770,"url":"https:\/\/www.pmpf.rs.gov.br\/educacao\/wp-content\/uploads\/sites\/43\/2021\/12\/I2016-03-18_165306_339528.jpg","type":"image\/jpeg"}],"author":"mosite","twitter_card":"summary_large_image","twitter_misc":{"Escrito por":"mosite","Est. tempo de leitura":"1 minuto"},"schema":{"@context":"https:\/\/schema.org","@graph":[{"@type":"WebPage","@id":"https:\/\/www.pmpf.rs.gov.br\/educacao\/2016\/03\/18\/nova-secretaria-adjunta-de-educacao-10546\/","url":"https:\/\/www.pmpf.rs.gov.br\/educacao\/2016\/03\/18\/nova-secretaria-adjunta-de-educacao-10546\/","name":"Nova secret\u00e1ria adjunta de Educa\u00e7\u00e3o - Secretaria de Educa\u00e7\u00e3o","isPartOf":{"@id":"https:\/\/www.pmpf.rs.gov.br\/educacao\/#website"},"primaryImageOfPage":{"@id":"https:\/\/www.pmpf.rs.gov.br\/educacao\/2016\/03\/18\/nova-secretaria-adjunta-de-educacao-10546\/#primaryimage"},"image":{"@id":"https:\/\/www.pmpf.rs.gov.br\/educacao\/2016\/03\/18\/nova-secretaria-adjunta-de-educacao-10546\/#primaryimage"},"thumbnailUrl":"https:\/\/www.pmpf.rs.gov.br\/educacao\/wp-content\/uploads\/sites\/43\/2021\/12\/I2016-03-18_165306_339528.jpg","datePublished":"2016-03-18T22:51:43+00:00","dateModified":"2016-03-18T22:51:43+00:00","author":{"@id":"https:\/\/www.pmpf.rs.gov.br\/educacao\/#\/schema\/person\/0c355b0fa68a7aa986c8594f7a60a2d7"},"inLanguage":"pt-BR","potentialAction":[{"@type":"ReadAction","target":["https:\/\/www.pmpf.rs.gov.br\/educacao\/2016\/03\/18\/nova-secretaria-adjunta-de-educacao-10546\/"]}]},{"@type":"ImageObject","inLanguage":"pt-BR","@id":"https:\/\/www.pmpf.rs.gov.br\/educacao\/2016\/03\/18\/nova-secretaria-adjunta-de-educacao-10546\/#primaryimage","url":"https:\/\/www.pmpf.rs.gov.br\/educacao\/wp-content\/uploads\/sites\/43\/2021\/12\/I2016-03-18_165306_339528.jpg","contentUrl":"https:\/\/www.pmpf.rs.gov.br\/educacao\/wp-content\/uploads\/sites\/43\/2021\/12\/I2016-03-18_165306_339528.jpg","width":960,"height":770},{"@type":"WebSite","@id":"https:\/\/www.pmpf.rs.gov.br\/educacao\/#website","url":"https:\/\/www.pmpf.rs.gov.br\/educacao\/","name":"Secretaria de Educa\u00e7\u00e3o","description":"Secretaria de Educa\u00e7\u00e3o da cidade de Passo Fundo","potentialAction":[{"@type":"SearchAction","target":{"@type":"EntryPoint","urlTemplate":"https:\/\/www.pmpf.rs.gov.br\/educacao\/?s={search_term_string}"},"query-input":{"@type":"PropertyValueSpecification","valueRequired":true,"valueName":"search_term_string"}}],"inLanguage":"pt-BR"},{"@type":"Person","@id":"https:\/\/www.pmpf.rs.gov.br\/educacao\/#\/schema\/person\/0c355b0fa68a7aa986c8594f7a60a2d7","name":"mosite","image":{"@type":"ImageObject","inLanguage":"pt-BR","@id":"https:\/\/www.pmpf.rs.gov.br\/educacao\/#\/schema\/person\/image\/","url":"https:\/\/secure.gravatar.com\/avatar\/63d72595d6cecfe12bd8a94829d5a26c?s=96&d=mm&r=g","contentUrl":"https:\/\/secure.gravatar.com\/avatar\/63d72595d6cecfe12bd8a94829d5a26c?s=96&d=mm&r=g","caption":"mosite"},"sameAs":["http:\/\/example.com"],"url":"https:\/\/www.pmpf.rs.gov.br\/educacao\/author\/mosite\/"}]}},"_links":{"self":[{"href":"https:\/\/www.pmpf.rs.gov.br\/educacao\/wp-json\/wp\/v2\/posts\/7515"}],"collection":[{"href":"https:\/\/www.pmpf.rs.gov.br\/educacao\/wp-json\/wp\/v2\/posts"}],"about":[{"href":"https:\/\/www.pmpf.rs.gov.br\/educacao\/wp-json\/wp\/v2\/types\/post"}],"author":[{"embeddable":true,"href":"https:\/\/www.pmpf.rs.gov.br\/educacao\/wp-json\/wp\/v2\/users\/1"}],"replies":[{"embeddable":true,"href":"https:\/\/www.pmpf.rs.gov.br\/educacao\/wp-json\/wp\/v2\/comments?post=7515"}],"version-history":[{"count":0,"href":"https:\/\/www.pmpf.rs.gov.br\/educacao\/wp-json\/wp\/v2\/posts\/7515\/revisions"}],"wp:featuredmedia":[{"embeddable":true,"href":"https:\/\/www.pmpf.rs.gov.br\/educacao\/wp-json\/wp\/v2\/media\/2455"}],"wp:attachment":[{"href":"https:\/\/www.pmpf.rs.gov.br\/educacao\/wp-json\/wp\/v2\/media?parent=7515"}],"wp:term":[{"taxonomy":"category","embeddable":true,"href":"https:\/\/www.pmpf.rs.gov.br\/educacao\/wp-json\/wp\/v2\/categories?post=7515"},{"taxonomy":"post_tag","embeddable":true,"href":"https:\/\/www.pmpf.rs.gov.br\/educacao\/wp-json\/wp\/v2\/tags?post=7515"}],"curies":[{"name":"wp","href":"https:\/\/api.w.org\/{rel}","templated":true}]}}