{"id":7465,"date":"2015-11-13T16:37:40","date_gmt":"2015-11-13T18:37:40","guid":{"rendered":"https:\/\/www.pmpf.rs.gov.br\/educacao\/2015\/11\/13\/programa-recebe-o-premio-lideres-vencedores-10211\/"},"modified":"2015-11-13T16:37:40","modified_gmt":"2015-11-13T18:37:40","slug":"programa-recebe-o-premio-lideres-vencedores-10211","status":"publish","type":"post","link":"https:\/\/www.pmpf.rs.gov.br\/educacao\/2015\/11\/13\/programa-recebe-o-premio-lideres-vencedores-10211\/","title":{"rendered":"Programa recebe o Pr\u00eamio L\u00edderes &#038; Vencedores"},"content":{"rendered":"<p>A semana da Prefeitura de Passo Fundo encerra com mais uma importante premia\u00e7\u00e3o. Na noite dessa quinta-feira (12), o Programa Escola de Hackers recebeu o Pr\u00eamio L\u00edderes &amp; Vencedores 2015, na categoria Refer\u00eancia Educacional. O reconhecimento \u00e9 dado \u00e0s iniciativas educacionais que impactam de forma expressiva no conhecimento e humaniza\u00e7\u00e3o do povo ga\u00facho.<\/p>\n<p>Ap\u00f3s receber o trof\u00e9u, o prefeito de Passo Fundo, Luciano Azevedo, destacou o Programa Escola de Hackers como uma inicia\u00e7\u00e3o aos alunos da rede municipal \u00e0 programa\u00e7\u00e3o de computadores. \u201c\u00c9 o\u00a0 reconhecimento estadual sobre um dos 25 programas lan\u00e7ados pelo nosso governo com participa\u00e7\u00e3o decisiva dos parceiros institucionais e servidores em sua realiza\u00e7\u00e3o\u201d, afirmou Luciano. <\/p>\n<p>O pr\u00eamio L\u00edderes &amp; Vencedores \u00e9 promovido pela Federasul em parceria com a Assembleia Legislativa. Para o secret\u00e1rio de Educa\u00e7\u00e3o, Edemilson Brand\u00e3o, o reconhecimento refor\u00e7a e amplia o trabalho que est\u00e1 sendo feito em sala de aula. \u201c\u00c9 o aparecimento de novas ideias para serem desenvolvidas e aplicadas. O programa atua de maneira interdisciplinar e diversos benef\u00edcios aos alunos como: melhor interpreta\u00e7\u00e3o textos \u2013 para programar \u00e9 preciso compreender o contexto; autonomia; corresponsabiliza\u00e7\u00e3o \u2013 em rela\u00e7\u00e3o ao que acontece na escola e o envolvimento enquanto aluno; e o empoderamento pessoal\u201d, disse.<\/p>\n<p>O presidente da Federasul, Ricardo Russowsky, disse que a premia\u00e7\u00e3o valoriza o empreendedorismo e os valores da livre iniciativa. \u201cEste ano, ampliamos a abrang\u00eancia do Pr\u00eamio ficou maior com os destaques do interior do Estado e, consolidou a liga\u00e7\u00e3o da entidade e a sociedade\u201d.<\/p>\n<p><strong>Programa Escola de Hackers<\/strong> <br \/>O Programa Escola de Hackers tem a inten\u00e7\u00e3o de oportunizar um espa\u00e7o para o desenvolvimento de compet\u00eancias na \u00e1rea de programa\u00e7\u00e3o de computadores e de racioc\u00ednio l\u00f3gico-matem\u00e1tico para estudantes do Ensino Fundamental e da Educa\u00e7\u00e3o Infantil das escolas p\u00fablicas municipais. <\/p>\n<p>A Prefeitura de Passo Fundo conta com apoio de tr\u00eas institui\u00e7\u00f5es de Ensino Superior do munic\u00edpio para realizar o programa: Universidade de Passo Fundo (UPF), Faculdade Meridional (IMED) e Instituto Federal de Educa\u00e7\u00e3o, Ci\u00eancia e Tecnologia Sul-rio-grandense (IFSul). <\/p>\n<p>Foto \u2013 Alex Borgmann <\/p>\n","protected":false},"excerpt":{"rendered":"<p>Escola de Hackers, programa da Prefeitura de Passo Fundo, ganhou na categoria Refer\u00eancia Educacional<\/p>\n","protected":false},"author":1,"featured_media":2354,"comment_status":"open","ping_status":"open","sticky":false,"template":"","format":"standard","meta":{"footnotes":""},"categories":[],"tags":[],"class_list":["post-7465","post","type-post","status-publish","format-standard","has-post-thumbnail","hentry"],"yoast_head":"<!-- This site is optimized with the Yoast SEO plugin v23.8 - https:\/\/yoast.com\/wordpress\/plugins\/seo\/ -->\n<title>Programa recebe o Pr\u00eamio L\u00edderes &amp; Vencedores - Secretaria de Educa\u00e7\u00e3o<\/title>\n<meta name=\"robots\" content=\"index, follow, max-snippet:-1, max-image-preview:large, max-video-preview:-1\" \/>\n<link rel=\"canonical\" href=\"https:\/\/www.pmpf.rs.gov.br\/educacao\/2015\/11\/13\/programa-recebe-o-premio-lideres-vencedores-10211\/\" \/>\n<meta property=\"og:locale\" content=\"pt_BR\" \/>\n<meta property=\"og:type\" content=\"article\" \/>\n<meta property=\"og:title\" content=\"Programa recebe o Pr\u00eamio L\u00edderes &amp; Vencedores - Secretaria de Educa\u00e7\u00e3o\" \/>\n<meta property=\"og:description\" content=\"Escola de Hackers, programa da Prefeitura de Passo Fundo, ganhou na categoria Refer\u00eancia Educacional\" \/>\n<meta property=\"og:url\" content=\"https:\/\/www.pmpf.rs.gov.br\/educacao\/2015\/11\/13\/programa-recebe-o-premio-lideres-vencedores-10211\/\" \/>\n<meta property=\"og:site_name\" content=\"Secretaria de Educa\u00e7\u00e3o\" \/>\n<meta property=\"article:published_time\" content=\"2015-11-13T18:37:40+00:00\" \/>\n<meta property=\"og:image\" content=\"https:\/\/www.pmpf.rs.gov.br\/educacao\/wp-content\/uploads\/sites\/43\/2021\/12\/I2015-11-13_144015_339528.jpg\" \/>\n\t<meta property=\"og:image:width\" content=\"960\" \/>\n\t<meta property=\"og:image:height\" content=\"635\" \/>\n\t<meta property=\"og:image:type\" content=\"image\/jpeg\" \/>\n<meta name=\"author\" content=\"mosite\" \/>\n<meta name=\"twitter:card\" content=\"summary_large_image\" \/>\n<meta name=\"twitter:label1\" content=\"Escrito por\" \/>\n\t<meta name=\"twitter:data1\" content=\"mosite\" \/>\n\t<meta name=\"twitter:label2\" content=\"Est. tempo de leitura\" \/>\n\t<meta name=\"twitter:data2\" content=\"2 minutos\" \/>\n<script type=\"application\/ld+json\" class=\"yoast-schema-graph\">{\"@context\":\"https:\/\/schema.org\",\"@graph\":[{\"@type\":\"WebPage\",\"@id\":\"https:\/\/www.pmpf.rs.gov.br\/educacao\/2015\/11\/13\/programa-recebe-o-premio-lideres-vencedores-10211\/\",\"url\":\"https:\/\/www.pmpf.rs.gov.br\/educacao\/2015\/11\/13\/programa-recebe-o-premio-lideres-vencedores-10211\/\",\"name\":\"Programa recebe o Pr\u00eamio L\u00edderes & Vencedores - Secretaria de Educa\u00e7\u00e3o\",\"isPartOf\":{\"@id\":\"https:\/\/www.pmpf.rs.gov.br\/educacao\/#website\"},\"primaryImageOfPage\":{\"@id\":\"https:\/\/www.pmpf.rs.gov.br\/educacao\/2015\/11\/13\/programa-recebe-o-premio-lideres-vencedores-10211\/#primaryimage\"},\"image\":{\"@id\":\"https:\/\/www.pmpf.rs.gov.br\/educacao\/2015\/11\/13\/programa-recebe-o-premio-lideres-vencedores-10211\/#primaryimage\"},\"thumbnailUrl\":\"https:\/\/www.pmpf.rs.gov.br\/educacao\/wp-content\/uploads\/sites\/43\/2021\/12\/I2015-11-13_144015_339528.jpg\",\"datePublished\":\"2015-11-13T18:37:40+00:00\",\"dateModified\":\"2015-11-13T18:37:40+00:00\",\"author\":{\"@id\":\"https:\/\/www.pmpf.rs.gov.br\/educacao\/#\/schema\/person\/0c355b0fa68a7aa986c8594f7a60a2d7\"},\"inLanguage\":\"pt-BR\",\"potentialAction\":[{\"@type\":\"ReadAction\",\"target\":[\"https:\/\/www.pmpf.rs.gov.br\/educacao\/2015\/11\/13\/programa-recebe-o-premio-lideres-vencedores-10211\/\"]}]},{\"@type\":\"ImageObject\",\"inLanguage\":\"pt-BR\",\"@id\":\"https:\/\/www.pmpf.rs.gov.br\/educacao\/2015\/11\/13\/programa-recebe-o-premio-lideres-vencedores-10211\/#primaryimage\",\"url\":\"https:\/\/www.pmpf.rs.gov.br\/educacao\/wp-content\/uploads\/sites\/43\/2021\/12\/I2015-11-13_144015_339528.jpg\",\"contentUrl\":\"https:\/\/www.pmpf.rs.gov.br\/educacao\/wp-content\/uploads\/sites\/43\/2021\/12\/I2015-11-13_144015_339528.jpg\",\"width\":960,\"height\":635},{\"@type\":\"WebSite\",\"@id\":\"https:\/\/www.pmpf.rs.gov.br\/educacao\/#website\",\"url\":\"https:\/\/www.pmpf.rs.gov.br\/educacao\/\",\"name\":\"Secretaria de Educa\u00e7\u00e3o\",\"description\":\"Secretaria de Educa\u00e7\u00e3o da cidade de Passo Fundo\",\"potentialAction\":[{\"@type\":\"SearchAction\",\"target\":{\"@type\":\"EntryPoint\",\"urlTemplate\":\"https:\/\/www.pmpf.rs.gov.br\/educacao\/?s={search_term_string}\"},\"query-input\":{\"@type\":\"PropertyValueSpecification\",\"valueRequired\":true,\"valueName\":\"search_term_string\"}}],\"inLanguage\":\"pt-BR\"},{\"@type\":\"Person\",\"@id\":\"https:\/\/www.pmpf.rs.gov.br\/educacao\/#\/schema\/person\/0c355b0fa68a7aa986c8594f7a60a2d7\",\"name\":\"mosite\",\"image\":{\"@type\":\"ImageObject\",\"inLanguage\":\"pt-BR\",\"@id\":\"https:\/\/www.pmpf.rs.gov.br\/educacao\/#\/schema\/person\/image\/\",\"url\":\"https:\/\/secure.gravatar.com\/avatar\/63d72595d6cecfe12bd8a94829d5a26c?s=96&d=mm&r=g\",\"contentUrl\":\"https:\/\/secure.gravatar.com\/avatar\/63d72595d6cecfe12bd8a94829d5a26c?s=96&d=mm&r=g\",\"caption\":\"mosite\"},\"sameAs\":[\"http:\/\/example.com\"],\"url\":\"https:\/\/www.pmpf.rs.gov.br\/educacao\/author\/mosite\/\"}]}<\/script>\n<!-- \/ Yoast SEO plugin. -->","yoast_head_json":{"title":"Programa recebe o Pr\u00eamio L\u00edderes & Vencedores - Secretaria de Educa\u00e7\u00e3o","robots":{"index":"index","follow":"follow","max-snippet":"max-snippet:-1","max-image-preview":"max-image-preview:large","max-video-preview":"max-video-preview:-1"},"canonical":"https:\/\/www.pmpf.rs.gov.br\/educacao\/2015\/11\/13\/programa-recebe-o-premio-lideres-vencedores-10211\/","og_locale":"pt_BR","og_type":"article","og_title":"Programa recebe o Pr\u00eamio L\u00edderes & Vencedores - Secretaria de Educa\u00e7\u00e3o","og_description":"Escola de Hackers, programa da Prefeitura de Passo Fundo, ganhou na categoria Refer\u00eancia Educacional","og_url":"https:\/\/www.pmpf.rs.gov.br\/educacao\/2015\/11\/13\/programa-recebe-o-premio-lideres-vencedores-10211\/","og_site_name":"Secretaria de Educa\u00e7\u00e3o","article_published_time":"2015-11-13T18:37:40+00:00","og_image":[{"width":960,"height":635,"url":"https:\/\/www.pmpf.rs.gov.br\/educacao\/wp-content\/uploads\/sites\/43\/2021\/12\/I2015-11-13_144015_339528.jpg","type":"image\/jpeg"}],"author":"mosite","twitter_card":"summary_large_image","twitter_misc":{"Escrito por":"mosite","Est. tempo de leitura":"2 minutos"},"schema":{"@context":"https:\/\/schema.org","@graph":[{"@type":"WebPage","@id":"https:\/\/www.pmpf.rs.gov.br\/educacao\/2015\/11\/13\/programa-recebe-o-premio-lideres-vencedores-10211\/","url":"https:\/\/www.pmpf.rs.gov.br\/educacao\/2015\/11\/13\/programa-recebe-o-premio-lideres-vencedores-10211\/","name":"Programa recebe o Pr\u00eamio L\u00edderes & Vencedores - Secretaria de Educa\u00e7\u00e3o","isPartOf":{"@id":"https:\/\/www.pmpf.rs.gov.br\/educacao\/#website"},"primaryImageOfPage":{"@id":"https:\/\/www.pmpf.rs.gov.br\/educacao\/2015\/11\/13\/programa-recebe-o-premio-lideres-vencedores-10211\/#primaryimage"},"image":{"@id":"https:\/\/www.pmpf.rs.gov.br\/educacao\/2015\/11\/13\/programa-recebe-o-premio-lideres-vencedores-10211\/#primaryimage"},"thumbnailUrl":"https:\/\/www.pmpf.rs.gov.br\/educacao\/wp-content\/uploads\/sites\/43\/2021\/12\/I2015-11-13_144015_339528.jpg","datePublished":"2015-11-13T18:37:40+00:00","dateModified":"2015-11-13T18:37:40+00:00","author":{"@id":"https:\/\/www.pmpf.rs.gov.br\/educacao\/#\/schema\/person\/0c355b0fa68a7aa986c8594f7a60a2d7"},"inLanguage":"pt-BR","potentialAction":[{"@type":"ReadAction","target":["https:\/\/www.pmpf.rs.gov.br\/educacao\/2015\/11\/13\/programa-recebe-o-premio-lideres-vencedores-10211\/"]}]},{"@type":"ImageObject","inLanguage":"pt-BR","@id":"https:\/\/www.pmpf.rs.gov.br\/educacao\/2015\/11\/13\/programa-recebe-o-premio-lideres-vencedores-10211\/#primaryimage","url":"https:\/\/www.pmpf.rs.gov.br\/educacao\/wp-content\/uploads\/sites\/43\/2021\/12\/I2015-11-13_144015_339528.jpg","contentUrl":"https:\/\/www.pmpf.rs.gov.br\/educacao\/wp-content\/uploads\/sites\/43\/2021\/12\/I2015-11-13_144015_339528.jpg","width":960,"height":635},{"@type":"WebSite","@id":"https:\/\/www.pmpf.rs.gov.br\/educacao\/#website","url":"https:\/\/www.pmpf.rs.gov.br\/educacao\/","name":"Secretaria de Educa\u00e7\u00e3o","description":"Secretaria de Educa\u00e7\u00e3o da cidade de Passo Fundo","potentialAction":[{"@type":"SearchAction","target":{"@type":"EntryPoint","urlTemplate":"https:\/\/www.pmpf.rs.gov.br\/educacao\/?s={search_term_string}"},"query-input":{"@type":"PropertyValueSpecification","valueRequired":true,"valueName":"search_term_string"}}],"inLanguage":"pt-BR"},{"@type":"Person","@id":"https:\/\/www.pmpf.rs.gov.br\/educacao\/#\/schema\/person\/0c355b0fa68a7aa986c8594f7a60a2d7","name":"mosite","image":{"@type":"ImageObject","inLanguage":"pt-BR","@id":"https:\/\/www.pmpf.rs.gov.br\/educacao\/#\/schema\/person\/image\/","url":"https:\/\/secure.gravatar.com\/avatar\/63d72595d6cecfe12bd8a94829d5a26c?s=96&d=mm&r=g","contentUrl":"https:\/\/secure.gravatar.com\/avatar\/63d72595d6cecfe12bd8a94829d5a26c?s=96&d=mm&r=g","caption":"mosite"},"sameAs":["http:\/\/example.com"],"url":"https:\/\/www.pmpf.rs.gov.br\/educacao\/author\/mosite\/"}]}},"_links":{"self":[{"href":"https:\/\/www.pmpf.rs.gov.br\/educacao\/wp-json\/wp\/v2\/posts\/7465"}],"collection":[{"href":"https:\/\/www.pmpf.rs.gov.br\/educacao\/wp-json\/wp\/v2\/posts"}],"about":[{"href":"https:\/\/www.pmpf.rs.gov.br\/educacao\/wp-json\/wp\/v2\/types\/post"}],"author":[{"embeddable":true,"href":"https:\/\/www.pmpf.rs.gov.br\/educacao\/wp-json\/wp\/v2\/users\/1"}],"replies":[{"embeddable":true,"href":"https:\/\/www.pmpf.rs.gov.br\/educacao\/wp-json\/wp\/v2\/comments?post=7465"}],"version-history":[{"count":0,"href":"https:\/\/www.pmpf.rs.gov.br\/educacao\/wp-json\/wp\/v2\/posts\/7465\/revisions"}],"wp:featuredmedia":[{"embeddable":true,"href":"https:\/\/www.pmpf.rs.gov.br\/educacao\/wp-json\/wp\/v2\/media\/2354"}],"wp:attachment":[{"href":"https:\/\/www.pmpf.rs.gov.br\/educacao\/wp-json\/wp\/v2\/media?parent=7465"}],"wp:term":[{"taxonomy":"category","embeddable":true,"href":"https:\/\/www.pmpf.rs.gov.br\/educacao\/wp-json\/wp\/v2\/categories?post=7465"},{"taxonomy":"post_tag","embeddable":true,"href":"https:\/\/www.pmpf.rs.gov.br\/educacao\/wp-json\/wp\/v2\/tags?post=7465"}],"curies":[{"name":"wp","href":"https:\/\/api.w.org\/{rel}","templated":true}]}}