{"id":6950,"date":"2005-02-17T02:00:00","date_gmt":"2005-02-17T04:00:00","guid":{"rendered":"https:\/\/www.pmpf.rs.gov.br\/educacao\/2005\/02\/17\/encontro-abre-ano-letivo-das-escolas-do-municipio-3325\/"},"modified":"2005-02-17T02:00:00","modified_gmt":"2005-02-17T04:00:00","slug":"encontro-abre-ano-letivo-das-escolas-do-municipio-3325","status":"publish","type":"post","link":"https:\/\/www.pmpf.rs.gov.br\/educacao\/2005\/02\/17\/encontro-abre-ano-letivo-das-escolas-do-municipio-3325\/","title":{"rendered":"Encontro abre ano letivo das Escolas do Munic\u00edpio"},"content":{"rendered":"<p style=\"text-align: justify;\"><span style=\"\"> Quinta-feira pela manh\u00e3, 17, a Prefeitura Municipal de Passo Fundo, atrav\u00e9s da Secretaria Municipal de Educa\u00e7\u00e3o (SME), realizou nas depend\u00eancias do Cine Teatro Pampa um Encontro de abertura do ano letivo das escolas municipais.<\/span><\/p>\n<p style=\"text-align: justify;\"><span style=\"\"> Este encontro proporcionou momentos de reflex\u00e3o sobre a a\u00e7\u00e3o pedag\u00f3gica, no processo ensino-aprendizagem. &#8220;;Qualidade a servi\u00e7o do aluno \u2013 Um Projeto de todos&#8221;;. Ap\u00f3s uma apresenta\u00e7\u00e3o musical do Coral das Escolas Municipais, o secret\u00e1rio municipal de Educa\u00e7\u00e3o, Elydo Alcides Guareschi, apresentou aos professores dados da Rede Municipal de Ensino e as metas do Poder P\u00fablico Municipal em rela\u00e7\u00e3o \u00e0 educa\u00e7\u00e3o. <\/span><\/p>\n<p style=\"text-align: justify;\"><span style=\"\"> Tamb\u00e9m presente, o Prefeito Municipal, Airton L\u00e2ngaro Dipp (PDT), ressaltou que das tr\u00eas principais prioridades em seu governo, uma \u00e9 a educa\u00e7\u00e3o. Um dos objetivos \u00e9 a inclus\u00e3o digital, que vir\u00e1 beneficiar os alunos e suas respectivas comunidades. Segundo ele, nos pr\u00f3ximos dias ser\u00e3o nomeados 51 professores concursados para atender necessidades do quadro docente das escolas do ensino fundamental. Dipp tamb\u00e9m anunciou, que recursos financeiros ser\u00e3o repassados bimestralmente \u00e0s escolas municipais, permitindo que os diretores atendam pequenas despesas de manuten\u00e7\u00e3o. Outra novidade \u00e9 o aux\u00edlio aos professores, para a realiza\u00e7\u00e3o de cursos de especializa\u00e7\u00e3o e um projeto de lei para contrata\u00e7\u00e3o tempor\u00e1ria de professores para a educa\u00e7\u00e3o infantil, e ainda um plano para a expans\u00e3o da educa\u00e7\u00e3o infantil.  <\/span><\/p>\n<p style=\"text-align: justify;\"><span style=\"\">   Possuindo grande experi\u00eancia e uma longa trajet\u00f3ria no magist\u00e9rio p\u00fablico, a Dr\u00aa Wrana Maria Panizzi, palestrou para os professores, abordando aspectos da educa\u00e7\u00e3o brasileira e o papel do professor. &#8220;;Para que o resto do mundo reconhe\u00e7a o Brasil internacionalmente, nosso pa\u00eds precisa valorizar o que \u00e9 capaz de gerar riqueza moral, a Educa\u00e7\u00e3o&#8221;;. Palavras da Dr\u00aa Wrana Maria Panizzi.<\/span><\/p>\n<p style=\"text-align: justify;\"><span style=\"\"> Encerrando o encontro, o secret\u00e1rio de Educa\u00e7\u00e3o, apresentou alguns projetos: a cole\u00e7\u00e3o do programa Mundo da Leitura na TV, fazendo parte do conv\u00eanio firmado entre a Prefeitura Municipal e a Universidade de Passo Fundo (UPF), que viabiliza a apresenta\u00e7\u00e3o do programa produzido pela UPF-TV para os estudantes da rede Municipal de Ensino. E logo ap\u00f3s um v\u00eddeo, sobre Paz, tema a ser desenvolvido nas escolas municipais.<\/span><\/p>\n","protected":false},"excerpt":{"rendered":"<p>Encontro abre ano letivo das Escolas do Munic\u00edpio<\/p>\n","protected":false},"author":1,"featured_media":0,"comment_status":"open","ping_status":"open","sticky":false,"template":"","format":"standard","meta":{"footnotes":""},"categories":[],"tags":[],"class_list":["post-6950","post","type-post","status-publish","format-standard","hentry"],"yoast_head":"<!-- This site is optimized with the Yoast SEO plugin v23.8 - https:\/\/yoast.com\/wordpress\/plugins\/seo\/ -->\n<title>Encontro abre ano letivo das Escolas do Munic\u00edpio - Secretaria de Educa\u00e7\u00e3o<\/title>\n<meta name=\"robots\" content=\"index, follow, max-snippet:-1, max-image-preview:large, max-video-preview:-1\" \/>\n<link rel=\"canonical\" href=\"https:\/\/www.pmpf.rs.gov.br\/educacao\/2005\/02\/17\/encontro-abre-ano-letivo-das-escolas-do-municipio-3325\/\" \/>\n<meta property=\"og:locale\" content=\"pt_BR\" \/>\n<meta property=\"og:type\" content=\"article\" \/>\n<meta property=\"og:title\" content=\"Encontro abre ano letivo das Escolas do Munic\u00edpio - Secretaria de Educa\u00e7\u00e3o\" \/>\n<meta property=\"og:description\" content=\"Encontro abre ano letivo das Escolas do Munic\u00edpio\" \/>\n<meta property=\"og:url\" content=\"https:\/\/www.pmpf.rs.gov.br\/educacao\/2005\/02\/17\/encontro-abre-ano-letivo-das-escolas-do-municipio-3325\/\" \/>\n<meta property=\"og:site_name\" content=\"Secretaria de Educa\u00e7\u00e3o\" \/>\n<meta property=\"article:published_time\" content=\"2005-02-17T04:00:00+00:00\" \/>\n<meta name=\"author\" content=\"mosite\" \/>\n<meta name=\"twitter:card\" content=\"summary_large_image\" \/>\n<meta name=\"twitter:label1\" content=\"Escrito por\" \/>\n\t<meta name=\"twitter:data1\" content=\"mosite\" \/>\n\t<meta name=\"twitter:label2\" content=\"Est. tempo de leitura\" \/>\n\t<meta name=\"twitter:data2\" content=\"2 minutos\" \/>\n<script type=\"application\/ld+json\" class=\"yoast-schema-graph\">{\"@context\":\"https:\/\/schema.org\",\"@graph\":[{\"@type\":\"WebPage\",\"@id\":\"https:\/\/www.pmpf.rs.gov.br\/educacao\/2005\/02\/17\/encontro-abre-ano-letivo-das-escolas-do-municipio-3325\/\",\"url\":\"https:\/\/www.pmpf.rs.gov.br\/educacao\/2005\/02\/17\/encontro-abre-ano-letivo-das-escolas-do-municipio-3325\/\",\"name\":\"Encontro abre ano letivo das Escolas do Munic\u00edpio - Secretaria de Educa\u00e7\u00e3o\",\"isPartOf\":{\"@id\":\"https:\/\/www.pmpf.rs.gov.br\/educacao\/#website\"},\"datePublished\":\"2005-02-17T04:00:00+00:00\",\"dateModified\":\"2005-02-17T04:00:00+00:00\",\"author\":{\"@id\":\"https:\/\/www.pmpf.rs.gov.br\/educacao\/#\/schema\/person\/0c355b0fa68a7aa986c8594f7a60a2d7\"},\"inLanguage\":\"pt-BR\",\"potentialAction\":[{\"@type\":\"ReadAction\",\"target\":[\"https:\/\/www.pmpf.rs.gov.br\/educacao\/2005\/02\/17\/encontro-abre-ano-letivo-das-escolas-do-municipio-3325\/\"]}]},{\"@type\":\"WebSite\",\"@id\":\"https:\/\/www.pmpf.rs.gov.br\/educacao\/#website\",\"url\":\"https:\/\/www.pmpf.rs.gov.br\/educacao\/\",\"name\":\"Secretaria de Educa\u00e7\u00e3o\",\"description\":\"Secretaria de Educa\u00e7\u00e3o da cidade de Passo Fundo\",\"potentialAction\":[{\"@type\":\"SearchAction\",\"target\":{\"@type\":\"EntryPoint\",\"urlTemplate\":\"https:\/\/www.pmpf.rs.gov.br\/educacao\/?s={search_term_string}\"},\"query-input\":{\"@type\":\"PropertyValueSpecification\",\"valueRequired\":true,\"valueName\":\"search_term_string\"}}],\"inLanguage\":\"pt-BR\"},{\"@type\":\"Person\",\"@id\":\"https:\/\/www.pmpf.rs.gov.br\/educacao\/#\/schema\/person\/0c355b0fa68a7aa986c8594f7a60a2d7\",\"name\":\"mosite\",\"image\":{\"@type\":\"ImageObject\",\"inLanguage\":\"pt-BR\",\"@id\":\"https:\/\/www.pmpf.rs.gov.br\/educacao\/#\/schema\/person\/image\/\",\"url\":\"https:\/\/secure.gravatar.com\/avatar\/63d72595d6cecfe12bd8a94829d5a26c?s=96&d=mm&r=g\",\"contentUrl\":\"https:\/\/secure.gravatar.com\/avatar\/63d72595d6cecfe12bd8a94829d5a26c?s=96&d=mm&r=g\",\"caption\":\"mosite\"},\"sameAs\":[\"http:\/\/example.com\"],\"url\":\"https:\/\/www.pmpf.rs.gov.br\/educacao\/author\/mosite\/\"}]}<\/script>\n<!-- \/ Yoast SEO plugin. -->","yoast_head_json":{"title":"Encontro abre ano letivo das Escolas do Munic\u00edpio - Secretaria de Educa\u00e7\u00e3o","robots":{"index":"index","follow":"follow","max-snippet":"max-snippet:-1","max-image-preview":"max-image-preview:large","max-video-preview":"max-video-preview:-1"},"canonical":"https:\/\/www.pmpf.rs.gov.br\/educacao\/2005\/02\/17\/encontro-abre-ano-letivo-das-escolas-do-municipio-3325\/","og_locale":"pt_BR","og_type":"article","og_title":"Encontro abre ano letivo das Escolas do Munic\u00edpio - Secretaria de Educa\u00e7\u00e3o","og_description":"Encontro abre ano letivo das Escolas do Munic\u00edpio","og_url":"https:\/\/www.pmpf.rs.gov.br\/educacao\/2005\/02\/17\/encontro-abre-ano-letivo-das-escolas-do-municipio-3325\/","og_site_name":"Secretaria de Educa\u00e7\u00e3o","article_published_time":"2005-02-17T04:00:00+00:00","author":"mosite","twitter_card":"summary_large_image","twitter_misc":{"Escrito por":"mosite","Est. tempo de leitura":"2 minutos"},"schema":{"@context":"https:\/\/schema.org","@graph":[{"@type":"WebPage","@id":"https:\/\/www.pmpf.rs.gov.br\/educacao\/2005\/02\/17\/encontro-abre-ano-letivo-das-escolas-do-municipio-3325\/","url":"https:\/\/www.pmpf.rs.gov.br\/educacao\/2005\/02\/17\/encontro-abre-ano-letivo-das-escolas-do-municipio-3325\/","name":"Encontro abre ano letivo das Escolas do Munic\u00edpio - Secretaria de Educa\u00e7\u00e3o","isPartOf":{"@id":"https:\/\/www.pmpf.rs.gov.br\/educacao\/#website"},"datePublished":"2005-02-17T04:00:00+00:00","dateModified":"2005-02-17T04:00:00+00:00","author":{"@id":"https:\/\/www.pmpf.rs.gov.br\/educacao\/#\/schema\/person\/0c355b0fa68a7aa986c8594f7a60a2d7"},"inLanguage":"pt-BR","potentialAction":[{"@type":"ReadAction","target":["https:\/\/www.pmpf.rs.gov.br\/educacao\/2005\/02\/17\/encontro-abre-ano-letivo-das-escolas-do-municipio-3325\/"]}]},{"@type":"WebSite","@id":"https:\/\/www.pmpf.rs.gov.br\/educacao\/#website","url":"https:\/\/www.pmpf.rs.gov.br\/educacao\/","name":"Secretaria de Educa\u00e7\u00e3o","description":"Secretaria de Educa\u00e7\u00e3o da cidade de Passo Fundo","potentialAction":[{"@type":"SearchAction","target":{"@type":"EntryPoint","urlTemplate":"https:\/\/www.pmpf.rs.gov.br\/educacao\/?s={search_term_string}"},"query-input":{"@type":"PropertyValueSpecification","valueRequired":true,"valueName":"search_term_string"}}],"inLanguage":"pt-BR"},{"@type":"Person","@id":"https:\/\/www.pmpf.rs.gov.br\/educacao\/#\/schema\/person\/0c355b0fa68a7aa986c8594f7a60a2d7","name":"mosite","image":{"@type":"ImageObject","inLanguage":"pt-BR","@id":"https:\/\/www.pmpf.rs.gov.br\/educacao\/#\/schema\/person\/image\/","url":"https:\/\/secure.gravatar.com\/avatar\/63d72595d6cecfe12bd8a94829d5a26c?s=96&d=mm&r=g","contentUrl":"https:\/\/secure.gravatar.com\/avatar\/63d72595d6cecfe12bd8a94829d5a26c?s=96&d=mm&r=g","caption":"mosite"},"sameAs":["http:\/\/example.com"],"url":"https:\/\/www.pmpf.rs.gov.br\/educacao\/author\/mosite\/"}]}},"_links":{"self":[{"href":"https:\/\/www.pmpf.rs.gov.br\/educacao\/wp-json\/wp\/v2\/posts\/6950"}],"collection":[{"href":"https:\/\/www.pmpf.rs.gov.br\/educacao\/wp-json\/wp\/v2\/posts"}],"about":[{"href":"https:\/\/www.pmpf.rs.gov.br\/educacao\/wp-json\/wp\/v2\/types\/post"}],"author":[{"embeddable":true,"href":"https:\/\/www.pmpf.rs.gov.br\/educacao\/wp-json\/wp\/v2\/users\/1"}],"replies":[{"embeddable":true,"href":"https:\/\/www.pmpf.rs.gov.br\/educacao\/wp-json\/wp\/v2\/comments?post=6950"}],"version-history":[{"count":0,"href":"https:\/\/www.pmpf.rs.gov.br\/educacao\/wp-json\/wp\/v2\/posts\/6950\/revisions"}],"wp:attachment":[{"href":"https:\/\/www.pmpf.rs.gov.br\/educacao\/wp-json\/wp\/v2\/media?parent=6950"}],"wp:term":[{"taxonomy":"category","embeddable":true,"href":"https:\/\/www.pmpf.rs.gov.br\/educacao\/wp-json\/wp\/v2\/categories?post=6950"},{"taxonomy":"post_tag","embeddable":true,"href":"https:\/\/www.pmpf.rs.gov.br\/educacao\/wp-json\/wp\/v2\/tags?post=6950"}],"curies":[{"name":"wp","href":"https:\/\/api.w.org\/{rel}","templated":true}]}}