{"id":6946,"date":"2005-03-07T03:00:00","date_gmt":"2005-03-07T06:00:00","guid":{"rendered":"https:\/\/www.pmpf.rs.gov.br\/educacao\/2005\/03\/07\/inicia-projeto-hortas-e-pomar-domestico-3339\/"},"modified":"2005-03-07T03:00:00","modified_gmt":"2005-03-07T06:00:00","slug":"inicia-projeto-hortas-e-pomar-domestico-3339","status":"publish","type":"post","link":"https:\/\/www.pmpf.rs.gov.br\/educacao\/2005\/03\/07\/inicia-projeto-hortas-e-pomar-domestico-3339\/","title":{"rendered":"Inicia Projeto Hortas e Pomar Dom\u00e9stico"},"content":{"rendered":"<p style=\"text-align: justify;\"><span style=\"\">No s\u00e1bado, 05, iniciou na Escola Municipal de Ensino Fundamental Arlindo de Souza Mattos os trabalhos do Projeto Hortas e Pomar Dom\u00e9stico, com a constru\u00e7\u00e3o da primeira horta.<\/span><\/p>\n<p style=\"text-align: justify;\"><span style=\"\"> O Projeto \u2013 uma iniciativa da Secretaria Municipal de Educa\u00e7\u00e3o com o apoio de seus parceiros \u2013  busca transformar \u00e1reas ociosas ou utilizadas indevidamente em espa\u00e7os ambientalmente \u00fateis, principalmente \u00e0s comunidades escolares. Inicialmente o projeto vai atender as Escolas Municipais de Ensino Fundamental Pe. Jos\u00e9 de Anchieta, Arlindo de Souza Mattos bem como a Escola de Educa\u00e7\u00e3o Infantil Santa Luzia. Os produtos obtidos ser\u00e3o utilizados no enriquecimento da merenda escolar. <\/span><\/p>\n<p style=\"text-align: justify;\"><span style=\"\"> A comunidade da Vila Mattos se fez presente, contribuindo e auxiliando nos trabalhos de preparo de parte do terreno destinado a constru\u00e7\u00e3o da horta. <\/span><\/p>\n","protected":false},"excerpt":{"rendered":"<p>Inicia Projeto Hortas e Pomar Dom\u00e9stico<\/p>\n","protected":false},"author":1,"featured_media":0,"comment_status":"open","ping_status":"open","sticky":false,"template":"","format":"standard","meta":{"footnotes":""},"categories":[],"tags":[],"class_list":["post-6946","post","type-post","status-publish","format-standard","hentry"],"yoast_head":"<!-- This site is optimized with the Yoast SEO plugin v23.8 - https:\/\/yoast.com\/wordpress\/plugins\/seo\/ -->\n<title>Inicia Projeto Hortas e Pomar Dom\u00e9stico - Secretaria de Educa\u00e7\u00e3o<\/title>\n<meta name=\"robots\" content=\"index, follow, max-snippet:-1, max-image-preview:large, max-video-preview:-1\" \/>\n<link rel=\"canonical\" href=\"https:\/\/www.pmpf.rs.gov.br\/educacao\/2005\/03\/07\/inicia-projeto-hortas-e-pomar-domestico-3339\/\" \/>\n<meta property=\"og:locale\" content=\"pt_BR\" \/>\n<meta property=\"og:type\" content=\"article\" \/>\n<meta property=\"og:title\" content=\"Inicia Projeto Hortas e Pomar Dom\u00e9stico - Secretaria de Educa\u00e7\u00e3o\" \/>\n<meta property=\"og:description\" content=\"Inicia Projeto Hortas e Pomar Dom\u00e9stico\" \/>\n<meta property=\"og:url\" content=\"https:\/\/www.pmpf.rs.gov.br\/educacao\/2005\/03\/07\/inicia-projeto-hortas-e-pomar-domestico-3339\/\" \/>\n<meta property=\"og:site_name\" content=\"Secretaria de Educa\u00e7\u00e3o\" \/>\n<meta property=\"article:published_time\" content=\"2005-03-07T06:00:00+00:00\" \/>\n<meta name=\"author\" content=\"mosite\" \/>\n<meta name=\"twitter:card\" content=\"summary_large_image\" \/>\n<meta name=\"twitter:label1\" content=\"Escrito por\" \/>\n\t<meta name=\"twitter:data1\" content=\"mosite\" \/>\n\t<meta name=\"twitter:label2\" content=\"Est. tempo de leitura\" \/>\n\t<meta name=\"twitter:data2\" content=\"1 minuto\" \/>\n<script type=\"application\/ld+json\" class=\"yoast-schema-graph\">{\"@context\":\"https:\/\/schema.org\",\"@graph\":[{\"@type\":\"WebPage\",\"@id\":\"https:\/\/www.pmpf.rs.gov.br\/educacao\/2005\/03\/07\/inicia-projeto-hortas-e-pomar-domestico-3339\/\",\"url\":\"https:\/\/www.pmpf.rs.gov.br\/educacao\/2005\/03\/07\/inicia-projeto-hortas-e-pomar-domestico-3339\/\",\"name\":\"Inicia Projeto Hortas e Pomar Dom\u00e9stico - Secretaria de Educa\u00e7\u00e3o\",\"isPartOf\":{\"@id\":\"https:\/\/www.pmpf.rs.gov.br\/educacao\/#website\"},\"datePublished\":\"2005-03-07T06:00:00+00:00\",\"dateModified\":\"2005-03-07T06:00:00+00:00\",\"author\":{\"@id\":\"https:\/\/www.pmpf.rs.gov.br\/educacao\/#\/schema\/person\/0c355b0fa68a7aa986c8594f7a60a2d7\"},\"inLanguage\":\"pt-BR\",\"potentialAction\":[{\"@type\":\"ReadAction\",\"target\":[\"https:\/\/www.pmpf.rs.gov.br\/educacao\/2005\/03\/07\/inicia-projeto-hortas-e-pomar-domestico-3339\/\"]}]},{\"@type\":\"WebSite\",\"@id\":\"https:\/\/www.pmpf.rs.gov.br\/educacao\/#website\",\"url\":\"https:\/\/www.pmpf.rs.gov.br\/educacao\/\",\"name\":\"Secretaria de Educa\u00e7\u00e3o\",\"description\":\"Secretaria de Educa\u00e7\u00e3o da cidade de Passo Fundo\",\"potentialAction\":[{\"@type\":\"SearchAction\",\"target\":{\"@type\":\"EntryPoint\",\"urlTemplate\":\"https:\/\/www.pmpf.rs.gov.br\/educacao\/?s={search_term_string}\"},\"query-input\":{\"@type\":\"PropertyValueSpecification\",\"valueRequired\":true,\"valueName\":\"search_term_string\"}}],\"inLanguage\":\"pt-BR\"},{\"@type\":\"Person\",\"@id\":\"https:\/\/www.pmpf.rs.gov.br\/educacao\/#\/schema\/person\/0c355b0fa68a7aa986c8594f7a60a2d7\",\"name\":\"mosite\",\"image\":{\"@type\":\"ImageObject\",\"inLanguage\":\"pt-BR\",\"@id\":\"https:\/\/www.pmpf.rs.gov.br\/educacao\/#\/schema\/person\/image\/\",\"url\":\"https:\/\/secure.gravatar.com\/avatar\/63d72595d6cecfe12bd8a94829d5a26c?s=96&d=mm&r=g\",\"contentUrl\":\"https:\/\/secure.gravatar.com\/avatar\/63d72595d6cecfe12bd8a94829d5a26c?s=96&d=mm&r=g\",\"caption\":\"mosite\"},\"sameAs\":[\"http:\/\/example.com\"],\"url\":\"https:\/\/www.pmpf.rs.gov.br\/educacao\/author\/mosite\/\"}]}<\/script>\n<!-- \/ Yoast SEO plugin. -->","yoast_head_json":{"title":"Inicia Projeto Hortas e Pomar Dom\u00e9stico - Secretaria de Educa\u00e7\u00e3o","robots":{"index":"index","follow":"follow","max-snippet":"max-snippet:-1","max-image-preview":"max-image-preview:large","max-video-preview":"max-video-preview:-1"},"canonical":"https:\/\/www.pmpf.rs.gov.br\/educacao\/2005\/03\/07\/inicia-projeto-hortas-e-pomar-domestico-3339\/","og_locale":"pt_BR","og_type":"article","og_title":"Inicia Projeto Hortas e Pomar Dom\u00e9stico - Secretaria de Educa\u00e7\u00e3o","og_description":"Inicia Projeto Hortas e Pomar Dom\u00e9stico","og_url":"https:\/\/www.pmpf.rs.gov.br\/educacao\/2005\/03\/07\/inicia-projeto-hortas-e-pomar-domestico-3339\/","og_site_name":"Secretaria de Educa\u00e7\u00e3o","article_published_time":"2005-03-07T06:00:00+00:00","author":"mosite","twitter_card":"summary_large_image","twitter_misc":{"Escrito por":"mosite","Est. tempo de leitura":"1 minuto"},"schema":{"@context":"https:\/\/schema.org","@graph":[{"@type":"WebPage","@id":"https:\/\/www.pmpf.rs.gov.br\/educacao\/2005\/03\/07\/inicia-projeto-hortas-e-pomar-domestico-3339\/","url":"https:\/\/www.pmpf.rs.gov.br\/educacao\/2005\/03\/07\/inicia-projeto-hortas-e-pomar-domestico-3339\/","name":"Inicia Projeto Hortas e Pomar Dom\u00e9stico - Secretaria de Educa\u00e7\u00e3o","isPartOf":{"@id":"https:\/\/www.pmpf.rs.gov.br\/educacao\/#website"},"datePublished":"2005-03-07T06:00:00+00:00","dateModified":"2005-03-07T06:00:00+00:00","author":{"@id":"https:\/\/www.pmpf.rs.gov.br\/educacao\/#\/schema\/person\/0c355b0fa68a7aa986c8594f7a60a2d7"},"inLanguage":"pt-BR","potentialAction":[{"@type":"ReadAction","target":["https:\/\/www.pmpf.rs.gov.br\/educacao\/2005\/03\/07\/inicia-projeto-hortas-e-pomar-domestico-3339\/"]}]},{"@type":"WebSite","@id":"https:\/\/www.pmpf.rs.gov.br\/educacao\/#website","url":"https:\/\/www.pmpf.rs.gov.br\/educacao\/","name":"Secretaria de Educa\u00e7\u00e3o","description":"Secretaria de Educa\u00e7\u00e3o da cidade de Passo Fundo","potentialAction":[{"@type":"SearchAction","target":{"@type":"EntryPoint","urlTemplate":"https:\/\/www.pmpf.rs.gov.br\/educacao\/?s={search_term_string}"},"query-input":{"@type":"PropertyValueSpecification","valueRequired":true,"valueName":"search_term_string"}}],"inLanguage":"pt-BR"},{"@type":"Person","@id":"https:\/\/www.pmpf.rs.gov.br\/educacao\/#\/schema\/person\/0c355b0fa68a7aa986c8594f7a60a2d7","name":"mosite","image":{"@type":"ImageObject","inLanguage":"pt-BR","@id":"https:\/\/www.pmpf.rs.gov.br\/educacao\/#\/schema\/person\/image\/","url":"https:\/\/secure.gravatar.com\/avatar\/63d72595d6cecfe12bd8a94829d5a26c?s=96&d=mm&r=g","contentUrl":"https:\/\/secure.gravatar.com\/avatar\/63d72595d6cecfe12bd8a94829d5a26c?s=96&d=mm&r=g","caption":"mosite"},"sameAs":["http:\/\/example.com"],"url":"https:\/\/www.pmpf.rs.gov.br\/educacao\/author\/mosite\/"}]}},"_links":{"self":[{"href":"https:\/\/www.pmpf.rs.gov.br\/educacao\/wp-json\/wp\/v2\/posts\/6946"}],"collection":[{"href":"https:\/\/www.pmpf.rs.gov.br\/educacao\/wp-json\/wp\/v2\/posts"}],"about":[{"href":"https:\/\/www.pmpf.rs.gov.br\/educacao\/wp-json\/wp\/v2\/types\/post"}],"author":[{"embeddable":true,"href":"https:\/\/www.pmpf.rs.gov.br\/educacao\/wp-json\/wp\/v2\/users\/1"}],"replies":[{"embeddable":true,"href":"https:\/\/www.pmpf.rs.gov.br\/educacao\/wp-json\/wp\/v2\/comments?post=6946"}],"version-history":[{"count":0,"href":"https:\/\/www.pmpf.rs.gov.br\/educacao\/wp-json\/wp\/v2\/posts\/6946\/revisions"}],"wp:attachment":[{"href":"https:\/\/www.pmpf.rs.gov.br\/educacao\/wp-json\/wp\/v2\/media?parent=6946"}],"wp:term":[{"taxonomy":"category","embeddable":true,"href":"https:\/\/www.pmpf.rs.gov.br\/educacao\/wp-json\/wp\/v2\/categories?post=6946"},{"taxonomy":"post_tag","embeddable":true,"href":"https:\/\/www.pmpf.rs.gov.br\/educacao\/wp-json\/wp\/v2\/tags?post=6946"}],"curies":[{"name":"wp","href":"https:\/\/api.w.org\/{rel}","templated":true}]}}