{"id":6945,"date":"2005-03-07T03:00:00","date_gmt":"2005-03-07T06:00:00","guid":{"rendered":"https:\/\/www.pmpf.rs.gov.br\/educacao\/2005\/03\/07\/secretario-de-educacao-agiliza-nomeacoes-e-contratacoes-3338\/"},"modified":"2005-03-07T03:00:00","modified_gmt":"2005-03-07T06:00:00","slug":"secretario-de-educacao-agiliza-nomeacoes-e-contratacoes-3338","status":"publish","type":"post","link":"https:\/\/www.pmpf.rs.gov.br\/educacao\/2005\/03\/07\/secretario-de-educacao-agiliza-nomeacoes-e-contratacoes-3338\/","title":{"rendered":"Secret\u00e1rio de Educa\u00e7\u00e3o agiliza nomea\u00e7\u00f5es e contrata\u00e7\u00f5es"},"content":{"rendered":"<p style=\"text-align: justify;\"><span style=\"\">As aulas recome\u00e7aram, em todas as escolas municipais, em 21 de fevereiro. Mais de 15.000 alunos est\u00e3o matriculados na rede municipal.<\/span><\/p>\n<p style=\"text-align: justify;\"><span style=\"\"> Em face das necessidades da rede e aprova\u00e7\u00e3o do Prefeito Airton Dipp, neste momento est\u00e3o sendo agilizadas as nomea\u00e7\u00f5es e contrata\u00e7\u00f5es de professores. \u201cEsperamos que at\u00e9 o final do m\u00eas os professores estejam nas salas de aula\u201d, declarou o Secret\u00e1rio de Educa\u00e7\u00e3o Alcides Guareschi.<\/span><\/p>\n<p style=\"text-align: justify;\"><span style=\"\"> Para tanto, foi publicada, no final de fevereiro, a Portaria da nomea\u00e7\u00e3o de 51 professores concursados conforme o Edital em vigor, atendendo o n\u00facleo comum do curr\u00edculo do Ensino Fundamental. <\/span><\/p>\n<p style=\"text-align: justify;\"><span style=\"\"> Com a aprova\u00e7\u00e3o do Projeto de Lei pela C\u00e2mara Municipal de Vereadores est\u00e3o sendo ultimados o Decreto e o Edital exigidos para a contrata\u00e7\u00e3o tempor\u00e1ria de 44 professores para a Educa\u00e7\u00e3o Infantil e de 43 professores para atender a parte diversificada do curr\u00edculo do ensino fundamental, conforme os projetos das escolas. Nos pr\u00f3ximos dias estar-se-\u00e1 divulgando na imprensa, as normas para a inscri\u00e7\u00e3o dos interessados, informando sobre requisitos necess\u00e1rios, documenta\u00e7\u00e3o, prazos e locais.<\/span><\/p>\n<p style=\"text-align: justify;\"><span style=\"\"> O Secret\u00e1rio de Educa\u00e7\u00e3o esclarece que as informa\u00e7\u00f5es estar\u00e3o dispon\u00edveis a todos os interessados, sem necessidades de atropelos. Enquanto se completam os quadros das escolas, os alunos sem professores nomeados est\u00e3o sendo atendidos em car\u00e1ter emergencial conforme os planos de cada escola, com orienta\u00e7\u00e3o da Secretaria Municipal de Educa\u00e7\u00e3o(SME).<\/span><\/p>\n<p style=\"text-align: justify;\"><span style=\"\"> Al\u00e9m do preenchimento dos quadros docentes est\u00e3o em andamento melhorias f\u00edsicas nas escolas.<\/span><\/p>\n","protected":false},"excerpt":{"rendered":"<p>Secret\u00e1rio de Educa\u00e7\u00e3o agiliza nomea\u00e7\u00f5es e contrata\u00e7\u00f5es<\/p>\n","protected":false},"author":1,"featured_media":0,"comment_status":"open","ping_status":"open","sticky":false,"template":"","format":"standard","meta":{"footnotes":""},"categories":[],"tags":[],"class_list":["post-6945","post","type-post","status-publish","format-standard","hentry"],"yoast_head":"<!-- This site is optimized with the Yoast SEO plugin v23.8 - https:\/\/yoast.com\/wordpress\/plugins\/seo\/ -->\n<title>Secret\u00e1rio de Educa\u00e7\u00e3o agiliza nomea\u00e7\u00f5es e contrata\u00e7\u00f5es - Secretaria de Educa\u00e7\u00e3o<\/title>\n<meta name=\"robots\" content=\"index, follow, max-snippet:-1, max-image-preview:large, max-video-preview:-1\" \/>\n<link rel=\"canonical\" href=\"https:\/\/www.pmpf.rs.gov.br\/educacao\/2005\/03\/07\/secretario-de-educacao-agiliza-nomeacoes-e-contratacoes-3338\/\" \/>\n<meta property=\"og:locale\" content=\"pt_BR\" \/>\n<meta property=\"og:type\" content=\"article\" \/>\n<meta property=\"og:title\" content=\"Secret\u00e1rio de Educa\u00e7\u00e3o agiliza nomea\u00e7\u00f5es e contrata\u00e7\u00f5es - Secretaria de Educa\u00e7\u00e3o\" \/>\n<meta property=\"og:description\" content=\"Secret\u00e1rio de Educa\u00e7\u00e3o agiliza nomea\u00e7\u00f5es e contrata\u00e7\u00f5es\" \/>\n<meta property=\"og:url\" content=\"https:\/\/www.pmpf.rs.gov.br\/educacao\/2005\/03\/07\/secretario-de-educacao-agiliza-nomeacoes-e-contratacoes-3338\/\" \/>\n<meta property=\"og:site_name\" content=\"Secretaria de Educa\u00e7\u00e3o\" \/>\n<meta property=\"article:published_time\" content=\"2005-03-07T06:00:00+00:00\" \/>\n<meta name=\"author\" content=\"mosite\" \/>\n<meta name=\"twitter:card\" content=\"summary_large_image\" \/>\n<meta name=\"twitter:label1\" content=\"Escrito por\" \/>\n\t<meta name=\"twitter:data1\" content=\"mosite\" \/>\n\t<meta name=\"twitter:label2\" content=\"Est. tempo de leitura\" \/>\n\t<meta name=\"twitter:data2\" content=\"1 minuto\" \/>\n<script type=\"application\/ld+json\" class=\"yoast-schema-graph\">{\"@context\":\"https:\/\/schema.org\",\"@graph\":[{\"@type\":\"WebPage\",\"@id\":\"https:\/\/www.pmpf.rs.gov.br\/educacao\/2005\/03\/07\/secretario-de-educacao-agiliza-nomeacoes-e-contratacoes-3338\/\",\"url\":\"https:\/\/www.pmpf.rs.gov.br\/educacao\/2005\/03\/07\/secretario-de-educacao-agiliza-nomeacoes-e-contratacoes-3338\/\",\"name\":\"Secret\u00e1rio de Educa\u00e7\u00e3o agiliza nomea\u00e7\u00f5es e contrata\u00e7\u00f5es - Secretaria de Educa\u00e7\u00e3o\",\"isPartOf\":{\"@id\":\"https:\/\/www.pmpf.rs.gov.br\/educacao\/#website\"},\"datePublished\":\"2005-03-07T06:00:00+00:00\",\"dateModified\":\"2005-03-07T06:00:00+00:00\",\"author\":{\"@id\":\"https:\/\/www.pmpf.rs.gov.br\/educacao\/#\/schema\/person\/0c355b0fa68a7aa986c8594f7a60a2d7\"},\"inLanguage\":\"pt-BR\",\"potentialAction\":[{\"@type\":\"ReadAction\",\"target\":[\"https:\/\/www.pmpf.rs.gov.br\/educacao\/2005\/03\/07\/secretario-de-educacao-agiliza-nomeacoes-e-contratacoes-3338\/\"]}]},{\"@type\":\"WebSite\",\"@id\":\"https:\/\/www.pmpf.rs.gov.br\/educacao\/#website\",\"url\":\"https:\/\/www.pmpf.rs.gov.br\/educacao\/\",\"name\":\"Secretaria de Educa\u00e7\u00e3o\",\"description\":\"Secretaria de Educa\u00e7\u00e3o da cidade de Passo Fundo\",\"potentialAction\":[{\"@type\":\"SearchAction\",\"target\":{\"@type\":\"EntryPoint\",\"urlTemplate\":\"https:\/\/www.pmpf.rs.gov.br\/educacao\/?s={search_term_string}\"},\"query-input\":{\"@type\":\"PropertyValueSpecification\",\"valueRequired\":true,\"valueName\":\"search_term_string\"}}],\"inLanguage\":\"pt-BR\"},{\"@type\":\"Person\",\"@id\":\"https:\/\/www.pmpf.rs.gov.br\/educacao\/#\/schema\/person\/0c355b0fa68a7aa986c8594f7a60a2d7\",\"name\":\"mosite\",\"image\":{\"@type\":\"ImageObject\",\"inLanguage\":\"pt-BR\",\"@id\":\"https:\/\/www.pmpf.rs.gov.br\/educacao\/#\/schema\/person\/image\/\",\"url\":\"https:\/\/secure.gravatar.com\/avatar\/63d72595d6cecfe12bd8a94829d5a26c?s=96&d=mm&r=g\",\"contentUrl\":\"https:\/\/secure.gravatar.com\/avatar\/63d72595d6cecfe12bd8a94829d5a26c?s=96&d=mm&r=g\",\"caption\":\"mosite\"},\"sameAs\":[\"http:\/\/example.com\"],\"url\":\"https:\/\/www.pmpf.rs.gov.br\/educacao\/author\/mosite\/\"}]}<\/script>\n<!-- \/ Yoast SEO plugin. -->","yoast_head_json":{"title":"Secret\u00e1rio de Educa\u00e7\u00e3o agiliza nomea\u00e7\u00f5es e contrata\u00e7\u00f5es - Secretaria de Educa\u00e7\u00e3o","robots":{"index":"index","follow":"follow","max-snippet":"max-snippet:-1","max-image-preview":"max-image-preview:large","max-video-preview":"max-video-preview:-1"},"canonical":"https:\/\/www.pmpf.rs.gov.br\/educacao\/2005\/03\/07\/secretario-de-educacao-agiliza-nomeacoes-e-contratacoes-3338\/","og_locale":"pt_BR","og_type":"article","og_title":"Secret\u00e1rio de Educa\u00e7\u00e3o agiliza nomea\u00e7\u00f5es e contrata\u00e7\u00f5es - Secretaria de Educa\u00e7\u00e3o","og_description":"Secret\u00e1rio de Educa\u00e7\u00e3o agiliza nomea\u00e7\u00f5es e contrata\u00e7\u00f5es","og_url":"https:\/\/www.pmpf.rs.gov.br\/educacao\/2005\/03\/07\/secretario-de-educacao-agiliza-nomeacoes-e-contratacoes-3338\/","og_site_name":"Secretaria de Educa\u00e7\u00e3o","article_published_time":"2005-03-07T06:00:00+00:00","author":"mosite","twitter_card":"summary_large_image","twitter_misc":{"Escrito por":"mosite","Est. tempo de leitura":"1 minuto"},"schema":{"@context":"https:\/\/schema.org","@graph":[{"@type":"WebPage","@id":"https:\/\/www.pmpf.rs.gov.br\/educacao\/2005\/03\/07\/secretario-de-educacao-agiliza-nomeacoes-e-contratacoes-3338\/","url":"https:\/\/www.pmpf.rs.gov.br\/educacao\/2005\/03\/07\/secretario-de-educacao-agiliza-nomeacoes-e-contratacoes-3338\/","name":"Secret\u00e1rio de Educa\u00e7\u00e3o agiliza nomea\u00e7\u00f5es e contrata\u00e7\u00f5es - Secretaria de Educa\u00e7\u00e3o","isPartOf":{"@id":"https:\/\/www.pmpf.rs.gov.br\/educacao\/#website"},"datePublished":"2005-03-07T06:00:00+00:00","dateModified":"2005-03-07T06:00:00+00:00","author":{"@id":"https:\/\/www.pmpf.rs.gov.br\/educacao\/#\/schema\/person\/0c355b0fa68a7aa986c8594f7a60a2d7"},"inLanguage":"pt-BR","potentialAction":[{"@type":"ReadAction","target":["https:\/\/www.pmpf.rs.gov.br\/educacao\/2005\/03\/07\/secretario-de-educacao-agiliza-nomeacoes-e-contratacoes-3338\/"]}]},{"@type":"WebSite","@id":"https:\/\/www.pmpf.rs.gov.br\/educacao\/#website","url":"https:\/\/www.pmpf.rs.gov.br\/educacao\/","name":"Secretaria de Educa\u00e7\u00e3o","description":"Secretaria de Educa\u00e7\u00e3o da cidade de Passo Fundo","potentialAction":[{"@type":"SearchAction","target":{"@type":"EntryPoint","urlTemplate":"https:\/\/www.pmpf.rs.gov.br\/educacao\/?s={search_term_string}"},"query-input":{"@type":"PropertyValueSpecification","valueRequired":true,"valueName":"search_term_string"}}],"inLanguage":"pt-BR"},{"@type":"Person","@id":"https:\/\/www.pmpf.rs.gov.br\/educacao\/#\/schema\/person\/0c355b0fa68a7aa986c8594f7a60a2d7","name":"mosite","image":{"@type":"ImageObject","inLanguage":"pt-BR","@id":"https:\/\/www.pmpf.rs.gov.br\/educacao\/#\/schema\/person\/image\/","url":"https:\/\/secure.gravatar.com\/avatar\/63d72595d6cecfe12bd8a94829d5a26c?s=96&d=mm&r=g","contentUrl":"https:\/\/secure.gravatar.com\/avatar\/63d72595d6cecfe12bd8a94829d5a26c?s=96&d=mm&r=g","caption":"mosite"},"sameAs":["http:\/\/example.com"],"url":"https:\/\/www.pmpf.rs.gov.br\/educacao\/author\/mosite\/"}]}},"_links":{"self":[{"href":"https:\/\/www.pmpf.rs.gov.br\/educacao\/wp-json\/wp\/v2\/posts\/6945"}],"collection":[{"href":"https:\/\/www.pmpf.rs.gov.br\/educacao\/wp-json\/wp\/v2\/posts"}],"about":[{"href":"https:\/\/www.pmpf.rs.gov.br\/educacao\/wp-json\/wp\/v2\/types\/post"}],"author":[{"embeddable":true,"href":"https:\/\/www.pmpf.rs.gov.br\/educacao\/wp-json\/wp\/v2\/users\/1"}],"replies":[{"embeddable":true,"href":"https:\/\/www.pmpf.rs.gov.br\/educacao\/wp-json\/wp\/v2\/comments?post=6945"}],"version-history":[{"count":0,"href":"https:\/\/www.pmpf.rs.gov.br\/educacao\/wp-json\/wp\/v2\/posts\/6945\/revisions"}],"wp:attachment":[{"href":"https:\/\/www.pmpf.rs.gov.br\/educacao\/wp-json\/wp\/v2\/media?parent=6945"}],"wp:term":[{"taxonomy":"category","embeddable":true,"href":"https:\/\/www.pmpf.rs.gov.br\/educacao\/wp-json\/wp\/v2\/categories?post=6945"},{"taxonomy":"post_tag","embeddable":true,"href":"https:\/\/www.pmpf.rs.gov.br\/educacao\/wp-json\/wp\/v2\/tags?post=6945"}],"curies":[{"name":"wp","href":"https:\/\/api.w.org\/{rel}","templated":true}]}}