{"id":6941,"date":"2005-03-02T03:00:00","date_gmt":"2005-03-02T06:00:00","guid":{"rendered":"https:\/\/www.pmpf.rs.gov.br\/educacao\/2005\/03\/02\/reuniao-com-os-pais-sobre-o-projeto-hortas-e-pomar-domestico-3342\/"},"modified":"2005-03-02T03:00:00","modified_gmt":"2005-03-02T06:00:00","slug":"reuniao-com-os-pais-sobre-o-projeto-hortas-e-pomar-domestico-3342","status":"publish","type":"post","link":"https:\/\/www.pmpf.rs.gov.br\/educacao\/2005\/03\/02\/reuniao-com-os-pais-sobre-o-projeto-hortas-e-pomar-domestico-3342\/","title":{"rendered":"Reuni\u00e3o com os pais sobre o Projeto \u201cHortas e Pomar Dom\u00e9stico\u201d"},"content":{"rendered":"<p style=\"text-align: justify;\"><span style=\"\">Segunda-feira, 28, foi realizada a 2\u00aa reuni\u00e3o do Projeto \u201cHortas e Pomar Dom\u00e9stico\u201d na Escola Municipal de Ensino Fundamental Arlindo de Souza Mattos.<\/span><\/p>\n<p style=\"text-align: justify;\"><span style=\"\"> A Diretora da Escola, Clair F\u00e1tima Bilibio, iniciou a reuni\u00e3o saudando a todos e apresentou aos pais presentes, a equipe da divis\u00e3o de Nutri\u00e7\u00e3o Escolar da Secretaria Municipal de Educa\u00e7\u00e3o (SME).<\/span><\/p>\n<p style=\"text-align: justify;\"><span style=\"\"> A nutricionista Jureci Machado Triches, explicou aos pais a import\u00e2ncia do cultivo de uma horta, principalmente de hortali\u00e7as foliosas (alface, r\u00facula, couve, radite, entre outras), que n\u00e3o s\u00e3o fornecidas na merenda escolar por serem mais perec\u00edveis. Os pais tamb\u00e9m ficaram sabendo o valor especial dos temperos no preparo das refei\u00e7\u00f5es, que substituindo o sal, evitam problemas renais, forma\u00e7\u00e3o de edemas, diminui\u00e7\u00e3o da circula\u00e7\u00e3o e hipertens\u00e3o.<\/span><\/p>\n<p style=\"text-align: justify;\"><span style=\"\"> A Senhora Lourdes de F\u00e1tima Plentz de Meira, m\u00e3e de Arisson, aluno da 8\u00aa s\u00e9rie, est\u00e1 empolgada em fun\u00e7\u00e3o de ter sido oportunizada a participar de atividades semelhantes h\u00e1 cerca de 20 anos, tamb\u00e9m na Escola Arlindo Souza Mattos, na mat\u00e9ria chamada na \u00e9poca de t\u00e9cnicas agr\u00edcolas. Terezinha Campos Ramos, Diretora da Divis\u00e3o de Nutri\u00e7\u00e3o Escolar, explanou a import\u00e2ncia do engajamento da comunidade escolar neste Projeto, que servir\u00e3o de exemplo para o restante da cidade. Segundo o secret\u00e1rio Municipal de Educa\u00e7\u00e3o, Alcides Guareschi, o projeto ser\u00e1 avaliado e se os resultados forem positivos, esse trabalho poder\u00e1 ser desenvolvido no futuro em outras escolas da Rede Municipal.<\/span><\/p>\n<div style=\"text-align: justify;\"> <\/div>\n<div style=\" text-align: center;\">\n<p><img decoding=\"async\" src=\"..\/..\/..\/servicos\/geral\/img\/portal\/sme001.jpg\" \/><br \/>Pais dos alunos da Escola Arlindo de Souza Mattos<\/p>\n<\/div>\n<div style=\"text-align: justify;\"> <\/div>\n<p \/>\n","protected":false},"excerpt":{"rendered":"<p>Reuni\u00e3o com os pais sobre o Projeto \u201cHortas e Pomar Dom\u00e9stico\u201d<\/p>\n","protected":false},"author":1,"featured_media":0,"comment_status":"open","ping_status":"open","sticky":false,"template":"","format":"standard","meta":{"footnotes":""},"categories":[],"tags":[],"class_list":["post-6941","post","type-post","status-publish","format-standard","hentry"],"yoast_head":"<!-- This site is optimized with the Yoast SEO plugin v23.8 - https:\/\/yoast.com\/wordpress\/plugins\/seo\/ -->\n<title>Reuni\u00e3o com os pais sobre o Projeto \u201cHortas e Pomar Dom\u00e9stico\u201d - Secretaria de Educa\u00e7\u00e3o<\/title>\n<meta name=\"robots\" content=\"index, follow, max-snippet:-1, max-image-preview:large, max-video-preview:-1\" \/>\n<link rel=\"canonical\" href=\"https:\/\/www.pmpf.rs.gov.br\/educacao\/2005\/03\/02\/reuniao-com-os-pais-sobre-o-projeto-hortas-e-pomar-domestico-3342\/\" \/>\n<meta property=\"og:locale\" content=\"pt_BR\" \/>\n<meta property=\"og:type\" content=\"article\" \/>\n<meta property=\"og:title\" content=\"Reuni\u00e3o com os pais sobre o Projeto \u201cHortas e Pomar Dom\u00e9stico\u201d - Secretaria de Educa\u00e7\u00e3o\" \/>\n<meta property=\"og:description\" content=\"Reuni\u00e3o com os pais sobre o Projeto \u201cHortas e Pomar Dom\u00e9stico\u201d\" \/>\n<meta property=\"og:url\" content=\"https:\/\/www.pmpf.rs.gov.br\/educacao\/2005\/03\/02\/reuniao-com-os-pais-sobre-o-projeto-hortas-e-pomar-domestico-3342\/\" \/>\n<meta property=\"og:site_name\" content=\"Secretaria de Educa\u00e7\u00e3o\" \/>\n<meta property=\"article:published_time\" content=\"2005-03-02T06:00:00+00:00\" \/>\n<meta property=\"og:image\" content=\"http:\/\/..\/..\/..\/servicos\/geral\/img\/portal\/sme001.jpg\" \/>\n<meta name=\"author\" content=\"mosite\" \/>\n<meta name=\"twitter:card\" content=\"summary_large_image\" \/>\n<meta name=\"twitter:label1\" content=\"Escrito por\" \/>\n\t<meta name=\"twitter:data1\" content=\"mosite\" \/>\n\t<meta name=\"twitter:label2\" content=\"Est. tempo de leitura\" \/>\n\t<meta name=\"twitter:data2\" content=\"1 minuto\" \/>\n<script type=\"application\/ld+json\" class=\"yoast-schema-graph\">{\"@context\":\"https:\/\/schema.org\",\"@graph\":[{\"@type\":\"WebPage\",\"@id\":\"https:\/\/www.pmpf.rs.gov.br\/educacao\/2005\/03\/02\/reuniao-com-os-pais-sobre-o-projeto-hortas-e-pomar-domestico-3342\/\",\"url\":\"https:\/\/www.pmpf.rs.gov.br\/educacao\/2005\/03\/02\/reuniao-com-os-pais-sobre-o-projeto-hortas-e-pomar-domestico-3342\/\",\"name\":\"Reuni\u00e3o com os pais sobre o Projeto \u201cHortas e Pomar Dom\u00e9stico\u201d - Secretaria de Educa\u00e7\u00e3o\",\"isPartOf\":{\"@id\":\"https:\/\/www.pmpf.rs.gov.br\/educacao\/#website\"},\"datePublished\":\"2005-03-02T06:00:00+00:00\",\"dateModified\":\"2005-03-02T06:00:00+00:00\",\"author\":{\"@id\":\"https:\/\/www.pmpf.rs.gov.br\/educacao\/#\/schema\/person\/0c355b0fa68a7aa986c8594f7a60a2d7\"},\"inLanguage\":\"pt-BR\",\"potentialAction\":[{\"@type\":\"ReadAction\",\"target\":[\"https:\/\/www.pmpf.rs.gov.br\/educacao\/2005\/03\/02\/reuniao-com-os-pais-sobre-o-projeto-hortas-e-pomar-domestico-3342\/\"]}]},{\"@type\":\"WebSite\",\"@id\":\"https:\/\/www.pmpf.rs.gov.br\/educacao\/#website\",\"url\":\"https:\/\/www.pmpf.rs.gov.br\/educacao\/\",\"name\":\"Secretaria de Educa\u00e7\u00e3o\",\"description\":\"Secretaria de Educa\u00e7\u00e3o da cidade de Passo Fundo\",\"potentialAction\":[{\"@type\":\"SearchAction\",\"target\":{\"@type\":\"EntryPoint\",\"urlTemplate\":\"https:\/\/www.pmpf.rs.gov.br\/educacao\/?s={search_term_string}\"},\"query-input\":{\"@type\":\"PropertyValueSpecification\",\"valueRequired\":true,\"valueName\":\"search_term_string\"}}],\"inLanguage\":\"pt-BR\"},{\"@type\":\"Person\",\"@id\":\"https:\/\/www.pmpf.rs.gov.br\/educacao\/#\/schema\/person\/0c355b0fa68a7aa986c8594f7a60a2d7\",\"name\":\"mosite\",\"image\":{\"@type\":\"ImageObject\",\"inLanguage\":\"pt-BR\",\"@id\":\"https:\/\/www.pmpf.rs.gov.br\/educacao\/#\/schema\/person\/image\/\",\"url\":\"https:\/\/secure.gravatar.com\/avatar\/63d72595d6cecfe12bd8a94829d5a26c?s=96&d=mm&r=g\",\"contentUrl\":\"https:\/\/secure.gravatar.com\/avatar\/63d72595d6cecfe12bd8a94829d5a26c?s=96&d=mm&r=g\",\"caption\":\"mosite\"},\"sameAs\":[\"http:\/\/example.com\"],\"url\":\"https:\/\/www.pmpf.rs.gov.br\/educacao\/author\/mosite\/\"}]}<\/script>\n<!-- \/ Yoast SEO plugin. -->","yoast_head_json":{"title":"Reuni\u00e3o com os pais sobre o Projeto \u201cHortas e Pomar Dom\u00e9stico\u201d - Secretaria de Educa\u00e7\u00e3o","robots":{"index":"index","follow":"follow","max-snippet":"max-snippet:-1","max-image-preview":"max-image-preview:large","max-video-preview":"max-video-preview:-1"},"canonical":"https:\/\/www.pmpf.rs.gov.br\/educacao\/2005\/03\/02\/reuniao-com-os-pais-sobre-o-projeto-hortas-e-pomar-domestico-3342\/","og_locale":"pt_BR","og_type":"article","og_title":"Reuni\u00e3o com os pais sobre o Projeto \u201cHortas e Pomar Dom\u00e9stico\u201d - Secretaria de Educa\u00e7\u00e3o","og_description":"Reuni\u00e3o com os pais sobre o Projeto \u201cHortas e Pomar Dom\u00e9stico\u201d","og_url":"https:\/\/www.pmpf.rs.gov.br\/educacao\/2005\/03\/02\/reuniao-com-os-pais-sobre-o-projeto-hortas-e-pomar-domestico-3342\/","og_site_name":"Secretaria de Educa\u00e7\u00e3o","article_published_time":"2005-03-02T06:00:00+00:00","og_image":[{"url":"..\/..\/..\/servicos\/geral\/img\/portal\/sme001.jpg"}],"author":"mosite","twitter_card":"summary_large_image","twitter_misc":{"Escrito por":"mosite","Est. tempo de leitura":"1 minuto"},"schema":{"@context":"https:\/\/schema.org","@graph":[{"@type":"WebPage","@id":"https:\/\/www.pmpf.rs.gov.br\/educacao\/2005\/03\/02\/reuniao-com-os-pais-sobre-o-projeto-hortas-e-pomar-domestico-3342\/","url":"https:\/\/www.pmpf.rs.gov.br\/educacao\/2005\/03\/02\/reuniao-com-os-pais-sobre-o-projeto-hortas-e-pomar-domestico-3342\/","name":"Reuni\u00e3o com os pais sobre o Projeto \u201cHortas e Pomar Dom\u00e9stico\u201d - Secretaria de Educa\u00e7\u00e3o","isPartOf":{"@id":"https:\/\/www.pmpf.rs.gov.br\/educacao\/#website"},"datePublished":"2005-03-02T06:00:00+00:00","dateModified":"2005-03-02T06:00:00+00:00","author":{"@id":"https:\/\/www.pmpf.rs.gov.br\/educacao\/#\/schema\/person\/0c355b0fa68a7aa986c8594f7a60a2d7"},"inLanguage":"pt-BR","potentialAction":[{"@type":"ReadAction","target":["https:\/\/www.pmpf.rs.gov.br\/educacao\/2005\/03\/02\/reuniao-com-os-pais-sobre-o-projeto-hortas-e-pomar-domestico-3342\/"]}]},{"@type":"WebSite","@id":"https:\/\/www.pmpf.rs.gov.br\/educacao\/#website","url":"https:\/\/www.pmpf.rs.gov.br\/educacao\/","name":"Secretaria de Educa\u00e7\u00e3o","description":"Secretaria de Educa\u00e7\u00e3o da cidade de Passo Fundo","potentialAction":[{"@type":"SearchAction","target":{"@type":"EntryPoint","urlTemplate":"https:\/\/www.pmpf.rs.gov.br\/educacao\/?s={search_term_string}"},"query-input":{"@type":"PropertyValueSpecification","valueRequired":true,"valueName":"search_term_string"}}],"inLanguage":"pt-BR"},{"@type":"Person","@id":"https:\/\/www.pmpf.rs.gov.br\/educacao\/#\/schema\/person\/0c355b0fa68a7aa986c8594f7a60a2d7","name":"mosite","image":{"@type":"ImageObject","inLanguage":"pt-BR","@id":"https:\/\/www.pmpf.rs.gov.br\/educacao\/#\/schema\/person\/image\/","url":"https:\/\/secure.gravatar.com\/avatar\/63d72595d6cecfe12bd8a94829d5a26c?s=96&d=mm&r=g","contentUrl":"https:\/\/secure.gravatar.com\/avatar\/63d72595d6cecfe12bd8a94829d5a26c?s=96&d=mm&r=g","caption":"mosite"},"sameAs":["http:\/\/example.com"],"url":"https:\/\/www.pmpf.rs.gov.br\/educacao\/author\/mosite\/"}]}},"_links":{"self":[{"href":"https:\/\/www.pmpf.rs.gov.br\/educacao\/wp-json\/wp\/v2\/posts\/6941"}],"collection":[{"href":"https:\/\/www.pmpf.rs.gov.br\/educacao\/wp-json\/wp\/v2\/posts"}],"about":[{"href":"https:\/\/www.pmpf.rs.gov.br\/educacao\/wp-json\/wp\/v2\/types\/post"}],"author":[{"embeddable":true,"href":"https:\/\/www.pmpf.rs.gov.br\/educacao\/wp-json\/wp\/v2\/users\/1"}],"replies":[{"embeddable":true,"href":"https:\/\/www.pmpf.rs.gov.br\/educacao\/wp-json\/wp\/v2\/comments?post=6941"}],"version-history":[{"count":0,"href":"https:\/\/www.pmpf.rs.gov.br\/educacao\/wp-json\/wp\/v2\/posts\/6941\/revisions"}],"wp:attachment":[{"href":"https:\/\/www.pmpf.rs.gov.br\/educacao\/wp-json\/wp\/v2\/media?parent=6941"}],"wp:term":[{"taxonomy":"category","embeddable":true,"href":"https:\/\/www.pmpf.rs.gov.br\/educacao\/wp-json\/wp\/v2\/categories?post=6941"},{"taxonomy":"post_tag","embeddable":true,"href":"https:\/\/www.pmpf.rs.gov.br\/educacao\/wp-json\/wp\/v2\/tags?post=6941"}],"curies":[{"name":"wp","href":"https:\/\/api.w.org\/{rel}","templated":true}]}}