{"id":6940,"date":"2005-03-02T03:00:00","date_gmt":"2005-03-02T06:00:00","guid":{"rendered":"https:\/\/www.pmpf.rs.gov.br\/educacao\/2005\/03\/02\/cme-realiza-reuniao-com-escolas-particulares-de-educacao-infantil-3341\/"},"modified":"2005-03-02T03:00:00","modified_gmt":"2005-03-02T06:00:00","slug":"cme-realiza-reuniao-com-escolas-particulares-de-educacao-infantil-3341","status":"publish","type":"post","link":"https:\/\/www.pmpf.rs.gov.br\/educacao\/2005\/03\/02\/cme-realiza-reuniao-com-escolas-particulares-de-educacao-infantil-3341\/","title":{"rendered":"CME realiza reuni\u00e3o com Escolas Particulares de Educa\u00e7\u00e3o Infantil"},"content":{"rendered":"<p style=\"text-align: justify;\"><span style=\"\">Sexta-feira, no Plen\u00e1rio da C\u00e2mara Municipal de Vereadores, o Conselho Municipal de Educa\u00e7\u00e3o (CME), realizou uma reuni\u00e3o com todas as escolas particulares de educa\u00e7\u00e3o infantil.<\/span><\/p>\n<p style=\"text-align: justify;\"><span style=\"\"> As conselheiras Analice Vieira Melo e Nara de F\u00e1tima Cavalcanti repassaram informa\u00e7\u00f5es sobre a Resolu\u00e7\u00e3o n\u00ba 01\/2003, que fixa normas para a oferta da Educa\u00e7\u00e3o Infantil, no Sistema Municipal de Ensino de Passo Fundo. Dando continuidade a presidenta do CME, Carla Corrales Garcez, abriu espa\u00e7o para questionamentos.<\/span><\/p>\n<p style=\"text-align: justify;\"><span style=\"\"> Tamb\u00e9m foi escolhido entre os presentes um conselheiro titular, Ana Souza \u2013 diretora da Escola Ursinho Pimp\u00e3o e, um suplente, Rosane Fontaneli \u2013 coordenadora da Escola de Educa\u00e7\u00e3o Infantil Rita Sirotski, que ir\u00e3o integrar o Conselho por um per\u00edodo de dois anos, a contar de quinze de mar\u00e7o de 2005. Todos os participantes do encontro demonstraram grande interesse e preocupa\u00e7\u00e3o referente \u00e0 qualidade da educa\u00e7\u00e3o infantil do nosso munic\u00edpio.<\/span><\/p>\n<div style=\"text-align: justify;\"> <\/div>\n<div style=\" text-align: center;\">\n<p><img decoding=\"async\" src=\"..\/..\/..\/servicos\/geral\/img\/portal\/sme002.jpg\" \/><br \/>Representantes das escolas particulares de Educa\u00e7\u00e3o Infantil<\/p>\n<\/div>\n<div style=\"text-align: justify;\"> <\/div>\n<p \/>\n","protected":false},"excerpt":{"rendered":"<p>CME realiza reuni\u00e3o com Escolas Particulares de Educa\u00e7\u00e3o Infantil<\/p>\n","protected":false},"author":1,"featured_media":0,"comment_status":"open","ping_status":"open","sticky":false,"template":"","format":"standard","meta":{"footnotes":""},"categories":[],"tags":[],"class_list":["post-6940","post","type-post","status-publish","format-standard","hentry"],"yoast_head":"<!-- This site is optimized with the Yoast SEO plugin v23.8 - https:\/\/yoast.com\/wordpress\/plugins\/seo\/ -->\n<title>CME realiza reuni\u00e3o com Escolas Particulares de Educa\u00e7\u00e3o Infantil - Secretaria de Educa\u00e7\u00e3o<\/title>\n<meta name=\"robots\" content=\"index, follow, max-snippet:-1, max-image-preview:large, max-video-preview:-1\" \/>\n<link rel=\"canonical\" href=\"https:\/\/www.pmpf.rs.gov.br\/educacao\/2005\/03\/02\/cme-realiza-reuniao-com-escolas-particulares-de-educacao-infantil-3341\/\" \/>\n<meta property=\"og:locale\" content=\"pt_BR\" \/>\n<meta property=\"og:type\" content=\"article\" \/>\n<meta property=\"og:title\" content=\"CME realiza reuni\u00e3o com Escolas Particulares de Educa\u00e7\u00e3o Infantil - Secretaria de Educa\u00e7\u00e3o\" \/>\n<meta property=\"og:description\" content=\"CME realiza reuni\u00e3o com Escolas Particulares de Educa\u00e7\u00e3o Infantil\" \/>\n<meta property=\"og:url\" content=\"https:\/\/www.pmpf.rs.gov.br\/educacao\/2005\/03\/02\/cme-realiza-reuniao-com-escolas-particulares-de-educacao-infantil-3341\/\" \/>\n<meta property=\"og:site_name\" content=\"Secretaria de Educa\u00e7\u00e3o\" \/>\n<meta property=\"article:published_time\" content=\"2005-03-02T06:00:00+00:00\" \/>\n<meta property=\"og:image\" content=\"http:\/\/..\/..\/..\/servicos\/geral\/img\/portal\/sme002.jpg\" \/>\n<meta name=\"author\" content=\"mosite\" \/>\n<meta name=\"twitter:card\" content=\"summary_large_image\" \/>\n<meta name=\"twitter:label1\" content=\"Escrito por\" \/>\n\t<meta name=\"twitter:data1\" content=\"mosite\" \/>\n\t<meta name=\"twitter:label2\" content=\"Est. tempo de leitura\" \/>\n\t<meta name=\"twitter:data2\" content=\"1 minuto\" \/>\n<script type=\"application\/ld+json\" class=\"yoast-schema-graph\">{\"@context\":\"https:\/\/schema.org\",\"@graph\":[{\"@type\":\"WebPage\",\"@id\":\"https:\/\/www.pmpf.rs.gov.br\/educacao\/2005\/03\/02\/cme-realiza-reuniao-com-escolas-particulares-de-educacao-infantil-3341\/\",\"url\":\"https:\/\/www.pmpf.rs.gov.br\/educacao\/2005\/03\/02\/cme-realiza-reuniao-com-escolas-particulares-de-educacao-infantil-3341\/\",\"name\":\"CME realiza reuni\u00e3o com Escolas Particulares de Educa\u00e7\u00e3o Infantil - Secretaria de Educa\u00e7\u00e3o\",\"isPartOf\":{\"@id\":\"https:\/\/www.pmpf.rs.gov.br\/educacao\/#website\"},\"datePublished\":\"2005-03-02T06:00:00+00:00\",\"dateModified\":\"2005-03-02T06:00:00+00:00\",\"author\":{\"@id\":\"https:\/\/www.pmpf.rs.gov.br\/educacao\/#\/schema\/person\/0c355b0fa68a7aa986c8594f7a60a2d7\"},\"inLanguage\":\"pt-BR\",\"potentialAction\":[{\"@type\":\"ReadAction\",\"target\":[\"https:\/\/www.pmpf.rs.gov.br\/educacao\/2005\/03\/02\/cme-realiza-reuniao-com-escolas-particulares-de-educacao-infantil-3341\/\"]}]},{\"@type\":\"WebSite\",\"@id\":\"https:\/\/www.pmpf.rs.gov.br\/educacao\/#website\",\"url\":\"https:\/\/www.pmpf.rs.gov.br\/educacao\/\",\"name\":\"Secretaria de Educa\u00e7\u00e3o\",\"description\":\"Secretaria de Educa\u00e7\u00e3o da cidade de Passo Fundo\",\"potentialAction\":[{\"@type\":\"SearchAction\",\"target\":{\"@type\":\"EntryPoint\",\"urlTemplate\":\"https:\/\/www.pmpf.rs.gov.br\/educacao\/?s={search_term_string}\"},\"query-input\":{\"@type\":\"PropertyValueSpecification\",\"valueRequired\":true,\"valueName\":\"search_term_string\"}}],\"inLanguage\":\"pt-BR\"},{\"@type\":\"Person\",\"@id\":\"https:\/\/www.pmpf.rs.gov.br\/educacao\/#\/schema\/person\/0c355b0fa68a7aa986c8594f7a60a2d7\",\"name\":\"mosite\",\"image\":{\"@type\":\"ImageObject\",\"inLanguage\":\"pt-BR\",\"@id\":\"https:\/\/www.pmpf.rs.gov.br\/educacao\/#\/schema\/person\/image\/\",\"url\":\"https:\/\/secure.gravatar.com\/avatar\/63d72595d6cecfe12bd8a94829d5a26c?s=96&d=mm&r=g\",\"contentUrl\":\"https:\/\/secure.gravatar.com\/avatar\/63d72595d6cecfe12bd8a94829d5a26c?s=96&d=mm&r=g\",\"caption\":\"mosite\"},\"sameAs\":[\"http:\/\/example.com\"],\"url\":\"https:\/\/www.pmpf.rs.gov.br\/educacao\/author\/mosite\/\"}]}<\/script>\n<!-- \/ Yoast SEO plugin. -->","yoast_head_json":{"title":"CME realiza reuni\u00e3o com Escolas Particulares de Educa\u00e7\u00e3o Infantil - Secretaria de Educa\u00e7\u00e3o","robots":{"index":"index","follow":"follow","max-snippet":"max-snippet:-1","max-image-preview":"max-image-preview:large","max-video-preview":"max-video-preview:-1"},"canonical":"https:\/\/www.pmpf.rs.gov.br\/educacao\/2005\/03\/02\/cme-realiza-reuniao-com-escolas-particulares-de-educacao-infantil-3341\/","og_locale":"pt_BR","og_type":"article","og_title":"CME realiza reuni\u00e3o com Escolas Particulares de Educa\u00e7\u00e3o Infantil - Secretaria de Educa\u00e7\u00e3o","og_description":"CME realiza reuni\u00e3o com Escolas Particulares de Educa\u00e7\u00e3o Infantil","og_url":"https:\/\/www.pmpf.rs.gov.br\/educacao\/2005\/03\/02\/cme-realiza-reuniao-com-escolas-particulares-de-educacao-infantil-3341\/","og_site_name":"Secretaria de Educa\u00e7\u00e3o","article_published_time":"2005-03-02T06:00:00+00:00","og_image":[{"url":"..\/..\/..\/servicos\/geral\/img\/portal\/sme002.jpg"}],"author":"mosite","twitter_card":"summary_large_image","twitter_misc":{"Escrito por":"mosite","Est. tempo de leitura":"1 minuto"},"schema":{"@context":"https:\/\/schema.org","@graph":[{"@type":"WebPage","@id":"https:\/\/www.pmpf.rs.gov.br\/educacao\/2005\/03\/02\/cme-realiza-reuniao-com-escolas-particulares-de-educacao-infantil-3341\/","url":"https:\/\/www.pmpf.rs.gov.br\/educacao\/2005\/03\/02\/cme-realiza-reuniao-com-escolas-particulares-de-educacao-infantil-3341\/","name":"CME realiza reuni\u00e3o com Escolas Particulares de Educa\u00e7\u00e3o Infantil - Secretaria de Educa\u00e7\u00e3o","isPartOf":{"@id":"https:\/\/www.pmpf.rs.gov.br\/educacao\/#website"},"datePublished":"2005-03-02T06:00:00+00:00","dateModified":"2005-03-02T06:00:00+00:00","author":{"@id":"https:\/\/www.pmpf.rs.gov.br\/educacao\/#\/schema\/person\/0c355b0fa68a7aa986c8594f7a60a2d7"},"inLanguage":"pt-BR","potentialAction":[{"@type":"ReadAction","target":["https:\/\/www.pmpf.rs.gov.br\/educacao\/2005\/03\/02\/cme-realiza-reuniao-com-escolas-particulares-de-educacao-infantil-3341\/"]}]},{"@type":"WebSite","@id":"https:\/\/www.pmpf.rs.gov.br\/educacao\/#website","url":"https:\/\/www.pmpf.rs.gov.br\/educacao\/","name":"Secretaria de Educa\u00e7\u00e3o","description":"Secretaria de Educa\u00e7\u00e3o da cidade de Passo Fundo","potentialAction":[{"@type":"SearchAction","target":{"@type":"EntryPoint","urlTemplate":"https:\/\/www.pmpf.rs.gov.br\/educacao\/?s={search_term_string}"},"query-input":{"@type":"PropertyValueSpecification","valueRequired":true,"valueName":"search_term_string"}}],"inLanguage":"pt-BR"},{"@type":"Person","@id":"https:\/\/www.pmpf.rs.gov.br\/educacao\/#\/schema\/person\/0c355b0fa68a7aa986c8594f7a60a2d7","name":"mosite","image":{"@type":"ImageObject","inLanguage":"pt-BR","@id":"https:\/\/www.pmpf.rs.gov.br\/educacao\/#\/schema\/person\/image\/","url":"https:\/\/secure.gravatar.com\/avatar\/63d72595d6cecfe12bd8a94829d5a26c?s=96&d=mm&r=g","contentUrl":"https:\/\/secure.gravatar.com\/avatar\/63d72595d6cecfe12bd8a94829d5a26c?s=96&d=mm&r=g","caption":"mosite"},"sameAs":["http:\/\/example.com"],"url":"https:\/\/www.pmpf.rs.gov.br\/educacao\/author\/mosite\/"}]}},"_links":{"self":[{"href":"https:\/\/www.pmpf.rs.gov.br\/educacao\/wp-json\/wp\/v2\/posts\/6940"}],"collection":[{"href":"https:\/\/www.pmpf.rs.gov.br\/educacao\/wp-json\/wp\/v2\/posts"}],"about":[{"href":"https:\/\/www.pmpf.rs.gov.br\/educacao\/wp-json\/wp\/v2\/types\/post"}],"author":[{"embeddable":true,"href":"https:\/\/www.pmpf.rs.gov.br\/educacao\/wp-json\/wp\/v2\/users\/1"}],"replies":[{"embeddable":true,"href":"https:\/\/www.pmpf.rs.gov.br\/educacao\/wp-json\/wp\/v2\/comments?post=6940"}],"version-history":[{"count":0,"href":"https:\/\/www.pmpf.rs.gov.br\/educacao\/wp-json\/wp\/v2\/posts\/6940\/revisions"}],"wp:attachment":[{"href":"https:\/\/www.pmpf.rs.gov.br\/educacao\/wp-json\/wp\/v2\/media?parent=6940"}],"wp:term":[{"taxonomy":"category","embeddable":true,"href":"https:\/\/www.pmpf.rs.gov.br\/educacao\/wp-json\/wp\/v2\/categories?post=6940"},{"taxonomy":"post_tag","embeddable":true,"href":"https:\/\/www.pmpf.rs.gov.br\/educacao\/wp-json\/wp\/v2\/tags?post=6940"}],"curies":[{"name":"wp","href":"https:\/\/api.w.org\/{rel}","templated":true}]}}