{"id":10278,"date":"2026-03-12T08:43:55","date_gmt":"2026-03-12T11:43:55","guid":{"rendered":"https:\/\/www.pmpf.rs.gov.br\/educacao\/?p=10278"},"modified":"2026-03-12T08:43:56","modified_gmt":"2026-03-12T11:43:56","slug":"escola-das-profissoes-da-prefeitura-e-finalista-de-premio-internacional","status":"publish","type":"post","link":"https:\/\/www.pmpf.rs.gov.br\/educacao\/2026\/03\/12\/escola-das-profissoes-da-prefeitura-e-finalista-de-premio-internacional\/","title":{"rendered":"Escola das Profiss\u00f5es da Prefeitura \u00e9 finalista de pr\u00eamio internacional"},"content":{"rendered":"\n<p><\/p>\n\n\n\n<p>A Escola das Profiss\u00f5es, iniciativa da Prefeitura de Passo Fundo, est\u00e1 entre as dez finalistas do Associa\u00e7\u00e3o Internacional de Cidades Educadoras no Pr\u00eamio Cidades Educadoras 2026, que nesta edi\u00e7\u00e3o tem como tema a educa\u00e7\u00e3o como fonte de inclus\u00e3o e coes\u00e3o social. O reconhecimento internacional destaca experi\u00eancias inovadoras desenvolvidas por cidades que utilizam a educa\u00e7\u00e3o como instrumento para gerar oportunidades e reduzir desigualdades.<\/p>\n\n\n\n<p>Entre 61 candidaturas de 48 cidades de 10 pa\u00edses, o projeto desenvolvido no munic\u00edpio foi destacado por ampliar oportunidades educacionais e de qualifica\u00e7\u00e3o para a popula\u00e7\u00e3o, conectando forma\u00e7\u00e3o e desenvolvimento social.<\/p>\n\n\n\n<p>Criada h\u00e1 tr\u00eas anos e meio, a Escola das Profiss\u00f5es vem ampliando o acesso \u00e0 qualifica\u00e7\u00e3o profissional no munic\u00edpio. Ao final de 2025, o programa alcan\u00e7ou a marca de 5.432 pessoas formadas, em 23 edi\u00e7\u00f5es de cursos, e atualmente conta com 47 turmas em andamento, atendendo diferentes p\u00fablicos e \u00e1reas de forma\u00e7\u00e3o.<\/p>\n\n\n\n<p>De acordo com o prefeito, Pedro Almeida, a Escola das Profiss\u00f5es \u00e9 um projeto estrat\u00e9gico para o futuro da cidade porque investe na capacita\u00e7\u00e3o profissional, t\u00e3o necess\u00e1ria para as cidades. &#8220;Receber este pr\u00eamio internacional demonstra o quanto estamos em sintonia com as melhores pr\u00e1ticas de gest\u00e3o do mundo&#8221;, afirma.<\/p>\n\n\n\n<p>O secret\u00e1rio de Educa\u00e7\u00e3o, Adriano Canabarro Teixeira, destaca que o reconhecimento refor\u00e7a o papel da educa\u00e7\u00e3o como ferramenta de transforma\u00e7\u00e3o social. \u201cRecebemos com muita alegria a not\u00edcia de que a Escola das Profiss\u00f5es est\u00e1 entre as dez iniciativas finalistas do Pr\u00eamio Cidades Educadoras 2026. \u00c9 um reconhecimento internacional que confirma o quanto Passo Fundo tem investido em pol\u00edticas p\u00fablicas educacionais que geram oportunidades reais para as pessoas, utilizando a educa\u00e7\u00e3o como instrumento de inclus\u00e3o e de fortalecimento da comunidade\u201d, pondera.<\/p>\n\n\n\n<p>Entre as a\u00e7\u00f5es desenvolvidas pela Escola das Profiss\u00f5es, tr\u00eas programas concentram o maior n\u00famero de participantes. O Profissionais do Futuro atende adolescentes em tempo integral, com foco no desenvolvimento de habilidades em linguagens e tecnologias consideradas estrat\u00e9gicas para o futuro. Em 2025, o programa formou 126 estudantes.<\/p>\n\n\n\n<p>Outro eixo importante s\u00e3o os cursos profissionalizantes, que somam mais de 40 forma\u00e7\u00f5es organizadas em trilhas e m\u00f3dulos, voltadas para \u00e1reas como empreendedorismo, com\u00e9rcio, sa\u00fade e tecnologia. No \u00faltimo ano, 830 alunos foram certificados e encaminhados para o mercado de trabalho, com taxa de empregabilidade superior a 80%, conforme levantamento realizado ap\u00f3s a conclus\u00e3o das forma\u00e7\u00f5es.<\/p>\n\n\n\n<p>A Escola das Profiss\u00f5es tamb\u00e9m mant\u00e9m cursos de aprofundamento em parceria com o Sistema S, voltados \u00e0s \u00e1reas de ind\u00fastria, constru\u00e7\u00e3o civil e transporte. Nesses casos, a Prefeitura subsidia entre 70% e 100% do valor das capacita\u00e7\u00f5es, possibilitando o acesso de mais trabalhadores \u00e0 qualifica\u00e7\u00e3o. Em 2025, mais de 300 profissionais foram capacitados por meio dessas forma\u00e7\u00f5es.<\/p>\n\n\n\n<p>O Pr\u00eamio Cidades Educadoras reconhece projetos desenvolvidos por munic\u00edpios de diferentes pa\u00edses e que apresentam resultados concretos na promo\u00e7\u00e3o da inclus\u00e3o social por meio da educa\u00e7\u00e3o. A escolha das iniciativas vencedoras ocorrer\u00e1 ao longo de 2026.<\/p>\n","protected":false},"excerpt":{"rendered":"<p>Iniciativa municipal est\u00e1 entre as 10 melhores do Pr\u00eamio Cidades Educadoras 2026, que reconhece projetos de inclus\u00e3o social por meio da educa\u00e7\u00e3o<\/p>\n","protected":false},"author":24,"featured_media":10279,"comment_status":"closed","ping_status":"closed","sticky":false,"template":"","format":"standard","meta":{"footnotes":""},"categories":[1],"tags":[],"class_list":["post-10278","post","type-post","status-publish","format-standard","has-post-thumbnail","hentry","category-sem-categoria"],"yoast_head":"<!-- This site is optimized with the Yoast SEO plugin v23.8 - https:\/\/yoast.com\/wordpress\/plugins\/seo\/ -->\n<title>Escola das Profiss\u00f5es da Prefeitura \u00e9 finalista de pr\u00eamio internacional - Secretaria de Educa\u00e7\u00e3o<\/title>\n<meta name=\"robots\" content=\"index, follow, max-snippet:-1, max-image-preview:large, max-video-preview:-1\" \/>\n<link rel=\"canonical\" href=\"https:\/\/www.pmpf.rs.gov.br\/educacao\/2026\/03\/12\/escola-das-profissoes-da-prefeitura-e-finalista-de-premio-internacional\/\" \/>\n<meta property=\"og:locale\" content=\"pt_BR\" \/>\n<meta property=\"og:type\" content=\"article\" \/>\n<meta property=\"og:title\" content=\"Escola das Profiss\u00f5es da Prefeitura \u00e9 finalista de pr\u00eamio internacional - Secretaria de Educa\u00e7\u00e3o\" \/>\n<meta property=\"og:description\" content=\"Iniciativa municipal est\u00e1 entre as 10 melhores do Pr\u00eamio Cidades Educadoras 2026, que reconhece projetos de inclus\u00e3o social por meio da educa\u00e7\u00e3o\" \/>\n<meta property=\"og:url\" content=\"https:\/\/www.pmpf.rs.gov.br\/educacao\/2026\/03\/12\/escola-das-profissoes-da-prefeitura-e-finalista-de-premio-internacional\/\" \/>\n<meta property=\"og:site_name\" content=\"Secretaria de Educa\u00e7\u00e3o\" \/>\n<meta property=\"article:published_time\" content=\"2026-03-12T11:43:55+00:00\" \/>\n<meta property=\"article:modified_time\" content=\"2026-03-12T11:43:56+00:00\" \/>\n<meta name=\"author\" content=\"lilicrivello\" \/>\n<meta name=\"twitter:card\" content=\"summary_large_image\" \/>\n<meta name=\"twitter:label1\" content=\"Escrito por\" \/>\n\t<meta name=\"twitter:data1\" content=\"lilicrivello\" \/>\n\t<meta name=\"twitter:label2\" content=\"Est. tempo de leitura\" \/>\n\t<meta name=\"twitter:data2\" content=\"3 minutos\" \/>\n<script type=\"application\/ld+json\" class=\"yoast-schema-graph\">{\"@context\":\"https:\/\/schema.org\",\"@graph\":[{\"@type\":\"WebPage\",\"@id\":\"https:\/\/www.pmpf.rs.gov.br\/educacao\/2026\/03\/12\/escola-das-profissoes-da-prefeitura-e-finalista-de-premio-internacional\/\",\"url\":\"https:\/\/www.pmpf.rs.gov.br\/educacao\/2026\/03\/12\/escola-das-profissoes-da-prefeitura-e-finalista-de-premio-internacional\/\",\"name\":\"Escola das Profiss\u00f5es da Prefeitura \u00e9 finalista de pr\u00eamio internacional - Secretaria de Educa\u00e7\u00e3o\",\"isPartOf\":{\"@id\":\"https:\/\/www.pmpf.rs.gov.br\/educacao\/#website\"},\"primaryImageOfPage\":{\"@id\":\"https:\/\/www.pmpf.rs.gov.br\/educacao\/2026\/03\/12\/escola-das-profissoes-da-prefeitura-e-finalista-de-premio-internacional\/#primaryimage\"},\"image\":{\"@id\":\"https:\/\/www.pmpf.rs.gov.br\/educacao\/2026\/03\/12\/escola-das-profissoes-da-prefeitura-e-finalista-de-premio-internacional\/#primaryimage\"},\"thumbnailUrl\":\"https:\/\/www.pmpf.rs.gov.br\/educacao\/wp-content\/uploads\/sites\/43\/2026\/03\/WhatsApp-Image-2026-03-12-at-08.11.09.jpeg\",\"datePublished\":\"2026-03-12T11:43:55+00:00\",\"dateModified\":\"2026-03-12T11:43:56+00:00\",\"author\":{\"@id\":\"https:\/\/www.pmpf.rs.gov.br\/educacao\/#\/schema\/person\/6e93b0ab2174b69f691ac4f278ba2d0a\"},\"inLanguage\":\"pt-BR\",\"potentialAction\":[{\"@type\":\"ReadAction\",\"target\":[\"https:\/\/www.pmpf.rs.gov.br\/educacao\/2026\/03\/12\/escola-das-profissoes-da-prefeitura-e-finalista-de-premio-internacional\/\"]}]},{\"@type\":\"ImageObject\",\"inLanguage\":\"pt-BR\",\"@id\":\"https:\/\/www.pmpf.rs.gov.br\/educacao\/2026\/03\/12\/escola-das-profissoes-da-prefeitura-e-finalista-de-premio-internacional\/#primaryimage\",\"url\":\"https:\/\/www.pmpf.rs.gov.br\/educacao\/wp-content\/uploads\/sites\/43\/2026\/03\/WhatsApp-Image-2026-03-12-at-08.11.09.jpeg\",\"contentUrl\":\"https:\/\/www.pmpf.rs.gov.br\/educacao\/wp-content\/uploads\/sites\/43\/2026\/03\/WhatsApp-Image-2026-03-12-at-08.11.09.jpeg\",\"width\":2560,\"height\":1706},{\"@type\":\"WebSite\",\"@id\":\"https:\/\/www.pmpf.rs.gov.br\/educacao\/#website\",\"url\":\"https:\/\/www.pmpf.rs.gov.br\/educacao\/\",\"name\":\"Secretaria de Educa\u00e7\u00e3o\",\"description\":\"Secretaria de Educa\u00e7\u00e3o da cidade de Passo Fundo\",\"potentialAction\":[{\"@type\":\"SearchAction\",\"target\":{\"@type\":\"EntryPoint\",\"urlTemplate\":\"https:\/\/www.pmpf.rs.gov.br\/educacao\/?s={search_term_string}\"},\"query-input\":{\"@type\":\"PropertyValueSpecification\",\"valueRequired\":true,\"valueName\":\"search_term_string\"}}],\"inLanguage\":\"pt-BR\"},{\"@type\":\"Person\",\"@id\":\"https:\/\/www.pmpf.rs.gov.br\/educacao\/#\/schema\/person\/6e93b0ab2174b69f691ac4f278ba2d0a\",\"name\":\"lilicrivello\",\"image\":{\"@type\":\"ImageObject\",\"inLanguage\":\"pt-BR\",\"@id\":\"https:\/\/www.pmpf.rs.gov.br\/educacao\/#\/schema\/person\/image\/\",\"url\":\"https:\/\/secure.gravatar.com\/avatar\/0b546b667388f8edb7b67d70a57b5e46?s=96&d=mm&r=g\",\"contentUrl\":\"https:\/\/secure.gravatar.com\/avatar\/0b546b667388f8edb7b67d70a57b5e46?s=96&d=mm&r=g\",\"caption\":\"lilicrivello\"},\"url\":\"https:\/\/www.pmpf.rs.gov.br\/educacao\/author\/lilicrivello\/\"}]}<\/script>\n<!-- \/ Yoast SEO plugin. -->","yoast_head_json":{"title":"Escola das Profiss\u00f5es da Prefeitura \u00e9 finalista de pr\u00eamio internacional - Secretaria de Educa\u00e7\u00e3o","robots":{"index":"index","follow":"follow","max-snippet":"max-snippet:-1","max-image-preview":"max-image-preview:large","max-video-preview":"max-video-preview:-1"},"canonical":"https:\/\/www.pmpf.rs.gov.br\/educacao\/2026\/03\/12\/escola-das-profissoes-da-prefeitura-e-finalista-de-premio-internacional\/","og_locale":"pt_BR","og_type":"article","og_title":"Escola das Profiss\u00f5es da Prefeitura \u00e9 finalista de pr\u00eamio internacional - Secretaria de Educa\u00e7\u00e3o","og_description":"Iniciativa municipal est\u00e1 entre as 10 melhores do Pr\u00eamio Cidades Educadoras 2026, que reconhece projetos de inclus\u00e3o social por meio da educa\u00e7\u00e3o","og_url":"https:\/\/www.pmpf.rs.gov.br\/educacao\/2026\/03\/12\/escola-das-profissoes-da-prefeitura-e-finalista-de-premio-internacional\/","og_site_name":"Secretaria de Educa\u00e7\u00e3o","article_published_time":"2026-03-12T11:43:55+00:00","article_modified_time":"2026-03-12T11:43:56+00:00","author":"lilicrivello","twitter_card":"summary_large_image","twitter_misc":{"Escrito por":"lilicrivello","Est. tempo de leitura":"3 minutos"},"schema":{"@context":"https:\/\/schema.org","@graph":[{"@type":"WebPage","@id":"https:\/\/www.pmpf.rs.gov.br\/educacao\/2026\/03\/12\/escola-das-profissoes-da-prefeitura-e-finalista-de-premio-internacional\/","url":"https:\/\/www.pmpf.rs.gov.br\/educacao\/2026\/03\/12\/escola-das-profissoes-da-prefeitura-e-finalista-de-premio-internacional\/","name":"Escola das Profiss\u00f5es da Prefeitura \u00e9 finalista de pr\u00eamio internacional - Secretaria de Educa\u00e7\u00e3o","isPartOf":{"@id":"https:\/\/www.pmpf.rs.gov.br\/educacao\/#website"},"primaryImageOfPage":{"@id":"https:\/\/www.pmpf.rs.gov.br\/educacao\/2026\/03\/12\/escola-das-profissoes-da-prefeitura-e-finalista-de-premio-internacional\/#primaryimage"},"image":{"@id":"https:\/\/www.pmpf.rs.gov.br\/educacao\/2026\/03\/12\/escola-das-profissoes-da-prefeitura-e-finalista-de-premio-internacional\/#primaryimage"},"thumbnailUrl":"https:\/\/www.pmpf.rs.gov.br\/educacao\/wp-content\/uploads\/sites\/43\/2026\/03\/WhatsApp-Image-2026-03-12-at-08.11.09.jpeg","datePublished":"2026-03-12T11:43:55+00:00","dateModified":"2026-03-12T11:43:56+00:00","author":{"@id":"https:\/\/www.pmpf.rs.gov.br\/educacao\/#\/schema\/person\/6e93b0ab2174b69f691ac4f278ba2d0a"},"inLanguage":"pt-BR","potentialAction":[{"@type":"ReadAction","target":["https:\/\/www.pmpf.rs.gov.br\/educacao\/2026\/03\/12\/escola-das-profissoes-da-prefeitura-e-finalista-de-premio-internacional\/"]}]},{"@type":"ImageObject","inLanguage":"pt-BR","@id":"https:\/\/www.pmpf.rs.gov.br\/educacao\/2026\/03\/12\/escola-das-profissoes-da-prefeitura-e-finalista-de-premio-internacional\/#primaryimage","url":"https:\/\/www.pmpf.rs.gov.br\/educacao\/wp-content\/uploads\/sites\/43\/2026\/03\/WhatsApp-Image-2026-03-12-at-08.11.09.jpeg","contentUrl":"https:\/\/www.pmpf.rs.gov.br\/educacao\/wp-content\/uploads\/sites\/43\/2026\/03\/WhatsApp-Image-2026-03-12-at-08.11.09.jpeg","width":2560,"height":1706},{"@type":"WebSite","@id":"https:\/\/www.pmpf.rs.gov.br\/educacao\/#website","url":"https:\/\/www.pmpf.rs.gov.br\/educacao\/","name":"Secretaria de Educa\u00e7\u00e3o","description":"Secretaria de Educa\u00e7\u00e3o da cidade de Passo Fundo","potentialAction":[{"@type":"SearchAction","target":{"@type":"EntryPoint","urlTemplate":"https:\/\/www.pmpf.rs.gov.br\/educacao\/?s={search_term_string}"},"query-input":{"@type":"PropertyValueSpecification","valueRequired":true,"valueName":"search_term_string"}}],"inLanguage":"pt-BR"},{"@type":"Person","@id":"https:\/\/www.pmpf.rs.gov.br\/educacao\/#\/schema\/person\/6e93b0ab2174b69f691ac4f278ba2d0a","name":"lilicrivello","image":{"@type":"ImageObject","inLanguage":"pt-BR","@id":"https:\/\/www.pmpf.rs.gov.br\/educacao\/#\/schema\/person\/image\/","url":"https:\/\/secure.gravatar.com\/avatar\/0b546b667388f8edb7b67d70a57b5e46?s=96&d=mm&r=g","contentUrl":"https:\/\/secure.gravatar.com\/avatar\/0b546b667388f8edb7b67d70a57b5e46?s=96&d=mm&r=g","caption":"lilicrivello"},"url":"https:\/\/www.pmpf.rs.gov.br\/educacao\/author\/lilicrivello\/"}]}},"_links":{"self":[{"href":"https:\/\/www.pmpf.rs.gov.br\/educacao\/wp-json\/wp\/v2\/posts\/10278"}],"collection":[{"href":"https:\/\/www.pmpf.rs.gov.br\/educacao\/wp-json\/wp\/v2\/posts"}],"about":[{"href":"https:\/\/www.pmpf.rs.gov.br\/educacao\/wp-json\/wp\/v2\/types\/post"}],"author":[{"embeddable":true,"href":"https:\/\/www.pmpf.rs.gov.br\/educacao\/wp-json\/wp\/v2\/users\/24"}],"replies":[{"embeddable":true,"href":"https:\/\/www.pmpf.rs.gov.br\/educacao\/wp-json\/wp\/v2\/comments?post=10278"}],"version-history":[{"count":1,"href":"https:\/\/www.pmpf.rs.gov.br\/educacao\/wp-json\/wp\/v2\/posts\/10278\/revisions"}],"predecessor-version":[{"id":10280,"href":"https:\/\/www.pmpf.rs.gov.br\/educacao\/wp-json\/wp\/v2\/posts\/10278\/revisions\/10280"}],"wp:featuredmedia":[{"embeddable":true,"href":"https:\/\/www.pmpf.rs.gov.br\/educacao\/wp-json\/wp\/v2\/media\/10279"}],"wp:attachment":[{"href":"https:\/\/www.pmpf.rs.gov.br\/educacao\/wp-json\/wp\/v2\/media?parent=10278"}],"wp:term":[{"taxonomy":"category","embeddable":true,"href":"https:\/\/www.pmpf.rs.gov.br\/educacao\/wp-json\/wp\/v2\/categories?post=10278"},{"taxonomy":"post_tag","embeddable":true,"href":"https:\/\/www.pmpf.rs.gov.br\/educacao\/wp-json\/wp\/v2\/tags?post=10278"}],"curies":[{"name":"wp","href":"https:\/\/api.w.org\/{rel}","templated":true}]}}