{"id":10272,"date":"2026-03-11T10:28:18","date_gmt":"2026-03-11T13:28:18","guid":{"rendered":"https:\/\/www.pmpf.rs.gov.br\/educacao\/?p=10272"},"modified":"2026-03-11T10:28:20","modified_gmt":"2026-03-11T13:28:20","slug":"escola-publica-de-transito-abre-agenda-para-2026","status":"publish","type":"post","link":"https:\/\/www.pmpf.rs.gov.br\/educacao\/2026\/03\/11\/escola-publica-de-transito-abre-agenda-para-2026\/","title":{"rendered":"Escola P\u00fablica de Tr\u00e2nsito abre agenda para 2026"},"content":{"rendered":"\n<p><\/p>\n\n\n\n<p>A Prefeitura de Passo Fundo abriu os agendamentos para as atividades da Escola P\u00fablica de Tr\u00e2nsito Eloy Fiebig ao longo de 2026. As a\u00e7\u00f5es s\u00e3o voltadas \u00e0 educa\u00e7\u00e3o para o tr\u00e2nsito e \u00e0 promo\u00e7\u00e3o de uma mobilidade mais segura, envolvendo estudantes, empresas e a comunidade em geral.<\/p>\n\n\n\n<p>De acordo com a coordenadora da Escola P\u00fablica de Tr\u00e2nsito, Raquel Rubio, as atividades buscam ampliar a conscientiza\u00e7\u00e3o da popula\u00e7\u00e3o sobre a import\u00e2ncia da seguran\u00e7a vi\u00e1ria. \u201cNosso objetivo \u00e9 trabalhar a educa\u00e7\u00e3o para o tr\u00e2nsito de forma preventiva, envolvendo diferentes p\u00fablicos e incentivando atitudes mais respons\u00e1veis no dia a dia\u201d, destacou.<\/p>\n\n\n\n<p>Entre as atividades dispon\u00edveis est\u00e1 a visita\u00e7\u00e3o \u00e0 sede da escola, realizada de segunda a sexta-feira, em hor\u00e1rio comercial. As visitas s\u00e3o destinadas a grupos de at\u00e9 20 alunos por hor\u00e1rio e incluem atividades educativas e viv\u00eancias no circuito de tr\u00e2nsito, permitindo que os participantes tenham contato pr\u00e1tico com conceitos de seguran\u00e7a e comportamento adequado nas vias.<\/p>\n\n\n\n<p>Tamb\u00e9m est\u00e3o previstas a\u00e7\u00f5es nas escolas por meio da van educativa da Escola de Tr\u00e2nsito, que atender\u00e1 turmas de Maternal II, Pr\u00e9 I e Pr\u00e9 II das Escolas Municipais de Educa\u00e7\u00e3o Infantil, levando atividades l\u00fadicas e orienta\u00e7\u00f5es sobre comportamento seguro no tr\u00e2nsito.<\/p>\n\n\n\n<p>Outra frente de trabalho s\u00e3o as palestras destinadas a empresas, com foco nos riscos da condu\u00e7\u00e3o sob efeito de \u00e1lcool. A atividade inclui uma viv\u00eancia pr\u00e1tica com \u00f3culos simuladores 3D, que reproduzem os efeitos da embriaguez na percep\u00e7\u00e3o e nos reflexos dos condutores. Al\u00e9m disso, tamb\u00e9m s\u00e3o oferecidas palestras sobre mobilidade segura para diferentes p\u00fablicos, abordando temas como responsabilidade, empatia e conviv\u00eancia no espa\u00e7o urbano.<\/p>\n\n\n\n<p>Os agendamentos devem ser realizados pelo e-mail escoladetransito@pmpf.rs.gov.br. Todas as atividades s\u00e3o gratuitas e integram as a\u00e7\u00f5es da Prefeitura de Passo Fundo para fortalecer a educa\u00e7\u00e3o no tr\u00e2nsito e contribuir para a preserva\u00e7\u00e3o da vida.<\/p>\n\n\n\n<p><\/p>\n","protected":false},"excerpt":{"rendered":"<p>Atividades educativas s\u00e3o voltadas a estudantes, empresas e comunidade e j\u00e1 podem ser agendadas junto \u00e0 Prefeitura de Passo Fundo<\/p>\n","protected":false},"author":24,"featured_media":10273,"comment_status":"closed","ping_status":"closed","sticky":false,"template":"","format":"standard","meta":{"footnotes":""},"categories":[1],"tags":[],"class_list":["post-10272","post","type-post","status-publish","format-standard","has-post-thumbnail","hentry","category-sem-categoria"],"yoast_head":"<!-- This site is optimized with the Yoast SEO plugin v23.8 - https:\/\/yoast.com\/wordpress\/plugins\/seo\/ -->\n<title>Escola P\u00fablica de Tr\u00e2nsito abre agenda para 2026 - Secretaria de Educa\u00e7\u00e3o<\/title>\n<meta name=\"robots\" content=\"index, follow, max-snippet:-1, max-image-preview:large, max-video-preview:-1\" \/>\n<link rel=\"canonical\" href=\"https:\/\/www.pmpf.rs.gov.br\/educacao\/2026\/03\/11\/escola-publica-de-transito-abre-agenda-para-2026\/\" \/>\n<meta property=\"og:locale\" content=\"pt_BR\" \/>\n<meta property=\"og:type\" content=\"article\" \/>\n<meta property=\"og:title\" content=\"Escola P\u00fablica de Tr\u00e2nsito abre agenda para 2026 - Secretaria de Educa\u00e7\u00e3o\" \/>\n<meta property=\"og:description\" content=\"Atividades educativas s\u00e3o voltadas a estudantes, empresas e comunidade e j\u00e1 podem ser agendadas junto \u00e0 Prefeitura de Passo Fundo\" \/>\n<meta property=\"og:url\" content=\"https:\/\/www.pmpf.rs.gov.br\/educacao\/2026\/03\/11\/escola-publica-de-transito-abre-agenda-para-2026\/\" \/>\n<meta property=\"og:site_name\" content=\"Secretaria de Educa\u00e7\u00e3o\" \/>\n<meta property=\"article:published_time\" content=\"2026-03-11T13:28:18+00:00\" \/>\n<meta property=\"article:modified_time\" content=\"2026-03-11T13:28:20+00:00\" \/>\n<meta name=\"author\" content=\"lilicrivello\" \/>\n<meta name=\"twitter:card\" content=\"summary_large_image\" \/>\n<meta name=\"twitter:label1\" content=\"Escrito por\" \/>\n\t<meta name=\"twitter:data1\" content=\"lilicrivello\" \/>\n\t<meta name=\"twitter:label2\" content=\"Est. tempo de leitura\" \/>\n\t<meta name=\"twitter:data2\" content=\"2 minutos\" \/>\n<script type=\"application\/ld+json\" class=\"yoast-schema-graph\">{\"@context\":\"https:\/\/schema.org\",\"@graph\":[{\"@type\":\"WebPage\",\"@id\":\"https:\/\/www.pmpf.rs.gov.br\/educacao\/2026\/03\/11\/escola-publica-de-transito-abre-agenda-para-2026\/\",\"url\":\"https:\/\/www.pmpf.rs.gov.br\/educacao\/2026\/03\/11\/escola-publica-de-transito-abre-agenda-para-2026\/\",\"name\":\"Escola P\u00fablica de Tr\u00e2nsito abre agenda para 2026 - Secretaria de Educa\u00e7\u00e3o\",\"isPartOf\":{\"@id\":\"https:\/\/www.pmpf.rs.gov.br\/educacao\/#website\"},\"primaryImageOfPage\":{\"@id\":\"https:\/\/www.pmpf.rs.gov.br\/educacao\/2026\/03\/11\/escola-publica-de-transito-abre-agenda-para-2026\/#primaryimage\"},\"image\":{\"@id\":\"https:\/\/www.pmpf.rs.gov.br\/educacao\/2026\/03\/11\/escola-publica-de-transito-abre-agenda-para-2026\/#primaryimage\"},\"thumbnailUrl\":\"https:\/\/www.pmpf.rs.gov.br\/educacao\/wp-content\/uploads\/sites\/43\/2026\/03\/WhatsApp-Image-2026-03-11-at-10.26.32.jpeg\",\"datePublished\":\"2026-03-11T13:28:18+00:00\",\"dateModified\":\"2026-03-11T13:28:20+00:00\",\"author\":{\"@id\":\"https:\/\/www.pmpf.rs.gov.br\/educacao\/#\/schema\/person\/6e93b0ab2174b69f691ac4f278ba2d0a\"},\"inLanguage\":\"pt-BR\",\"potentialAction\":[{\"@type\":\"ReadAction\",\"target\":[\"https:\/\/www.pmpf.rs.gov.br\/educacao\/2026\/03\/11\/escola-publica-de-transito-abre-agenda-para-2026\/\"]}]},{\"@type\":\"ImageObject\",\"inLanguage\":\"pt-BR\",\"@id\":\"https:\/\/www.pmpf.rs.gov.br\/educacao\/2026\/03\/11\/escola-publica-de-transito-abre-agenda-para-2026\/#primaryimage\",\"url\":\"https:\/\/www.pmpf.rs.gov.br\/educacao\/wp-content\/uploads\/sites\/43\/2026\/03\/WhatsApp-Image-2026-03-11-at-10.26.32.jpeg\",\"contentUrl\":\"https:\/\/www.pmpf.rs.gov.br\/educacao\/wp-content\/uploads\/sites\/43\/2026\/03\/WhatsApp-Image-2026-03-11-at-10.26.32.jpeg\",\"width\":1600,\"height\":1066},{\"@type\":\"WebSite\",\"@id\":\"https:\/\/www.pmpf.rs.gov.br\/educacao\/#website\",\"url\":\"https:\/\/www.pmpf.rs.gov.br\/educacao\/\",\"name\":\"Secretaria de Educa\u00e7\u00e3o\",\"description\":\"Secretaria de Educa\u00e7\u00e3o da cidade de Passo Fundo\",\"potentialAction\":[{\"@type\":\"SearchAction\",\"target\":{\"@type\":\"EntryPoint\",\"urlTemplate\":\"https:\/\/www.pmpf.rs.gov.br\/educacao\/?s={search_term_string}\"},\"query-input\":{\"@type\":\"PropertyValueSpecification\",\"valueRequired\":true,\"valueName\":\"search_term_string\"}}],\"inLanguage\":\"pt-BR\"},{\"@type\":\"Person\",\"@id\":\"https:\/\/www.pmpf.rs.gov.br\/educacao\/#\/schema\/person\/6e93b0ab2174b69f691ac4f278ba2d0a\",\"name\":\"lilicrivello\",\"image\":{\"@type\":\"ImageObject\",\"inLanguage\":\"pt-BR\",\"@id\":\"https:\/\/www.pmpf.rs.gov.br\/educacao\/#\/schema\/person\/image\/\",\"url\":\"https:\/\/secure.gravatar.com\/avatar\/0b546b667388f8edb7b67d70a57b5e46?s=96&d=mm&r=g\",\"contentUrl\":\"https:\/\/secure.gravatar.com\/avatar\/0b546b667388f8edb7b67d70a57b5e46?s=96&d=mm&r=g\",\"caption\":\"lilicrivello\"},\"url\":\"https:\/\/www.pmpf.rs.gov.br\/educacao\/author\/lilicrivello\/\"}]}<\/script>\n<!-- \/ Yoast SEO plugin. -->","yoast_head_json":{"title":"Escola P\u00fablica de Tr\u00e2nsito abre agenda para 2026 - Secretaria de Educa\u00e7\u00e3o","robots":{"index":"index","follow":"follow","max-snippet":"max-snippet:-1","max-image-preview":"max-image-preview:large","max-video-preview":"max-video-preview:-1"},"canonical":"https:\/\/www.pmpf.rs.gov.br\/educacao\/2026\/03\/11\/escola-publica-de-transito-abre-agenda-para-2026\/","og_locale":"pt_BR","og_type":"article","og_title":"Escola P\u00fablica de Tr\u00e2nsito abre agenda para 2026 - Secretaria de Educa\u00e7\u00e3o","og_description":"Atividades educativas s\u00e3o voltadas a estudantes, empresas e comunidade e j\u00e1 podem ser agendadas junto \u00e0 Prefeitura de Passo Fundo","og_url":"https:\/\/www.pmpf.rs.gov.br\/educacao\/2026\/03\/11\/escola-publica-de-transito-abre-agenda-para-2026\/","og_site_name":"Secretaria de Educa\u00e7\u00e3o","article_published_time":"2026-03-11T13:28:18+00:00","article_modified_time":"2026-03-11T13:28:20+00:00","author":"lilicrivello","twitter_card":"summary_large_image","twitter_misc":{"Escrito por":"lilicrivello","Est. tempo de leitura":"2 minutos"},"schema":{"@context":"https:\/\/schema.org","@graph":[{"@type":"WebPage","@id":"https:\/\/www.pmpf.rs.gov.br\/educacao\/2026\/03\/11\/escola-publica-de-transito-abre-agenda-para-2026\/","url":"https:\/\/www.pmpf.rs.gov.br\/educacao\/2026\/03\/11\/escola-publica-de-transito-abre-agenda-para-2026\/","name":"Escola P\u00fablica de Tr\u00e2nsito abre agenda para 2026 - Secretaria de Educa\u00e7\u00e3o","isPartOf":{"@id":"https:\/\/www.pmpf.rs.gov.br\/educacao\/#website"},"primaryImageOfPage":{"@id":"https:\/\/www.pmpf.rs.gov.br\/educacao\/2026\/03\/11\/escola-publica-de-transito-abre-agenda-para-2026\/#primaryimage"},"image":{"@id":"https:\/\/www.pmpf.rs.gov.br\/educacao\/2026\/03\/11\/escola-publica-de-transito-abre-agenda-para-2026\/#primaryimage"},"thumbnailUrl":"https:\/\/www.pmpf.rs.gov.br\/educacao\/wp-content\/uploads\/sites\/43\/2026\/03\/WhatsApp-Image-2026-03-11-at-10.26.32.jpeg","datePublished":"2026-03-11T13:28:18+00:00","dateModified":"2026-03-11T13:28:20+00:00","author":{"@id":"https:\/\/www.pmpf.rs.gov.br\/educacao\/#\/schema\/person\/6e93b0ab2174b69f691ac4f278ba2d0a"},"inLanguage":"pt-BR","potentialAction":[{"@type":"ReadAction","target":["https:\/\/www.pmpf.rs.gov.br\/educacao\/2026\/03\/11\/escola-publica-de-transito-abre-agenda-para-2026\/"]}]},{"@type":"ImageObject","inLanguage":"pt-BR","@id":"https:\/\/www.pmpf.rs.gov.br\/educacao\/2026\/03\/11\/escola-publica-de-transito-abre-agenda-para-2026\/#primaryimage","url":"https:\/\/www.pmpf.rs.gov.br\/educacao\/wp-content\/uploads\/sites\/43\/2026\/03\/WhatsApp-Image-2026-03-11-at-10.26.32.jpeg","contentUrl":"https:\/\/www.pmpf.rs.gov.br\/educacao\/wp-content\/uploads\/sites\/43\/2026\/03\/WhatsApp-Image-2026-03-11-at-10.26.32.jpeg","width":1600,"height":1066},{"@type":"WebSite","@id":"https:\/\/www.pmpf.rs.gov.br\/educacao\/#website","url":"https:\/\/www.pmpf.rs.gov.br\/educacao\/","name":"Secretaria de Educa\u00e7\u00e3o","description":"Secretaria de Educa\u00e7\u00e3o da cidade de Passo Fundo","potentialAction":[{"@type":"SearchAction","target":{"@type":"EntryPoint","urlTemplate":"https:\/\/www.pmpf.rs.gov.br\/educacao\/?s={search_term_string}"},"query-input":{"@type":"PropertyValueSpecification","valueRequired":true,"valueName":"search_term_string"}}],"inLanguage":"pt-BR"},{"@type":"Person","@id":"https:\/\/www.pmpf.rs.gov.br\/educacao\/#\/schema\/person\/6e93b0ab2174b69f691ac4f278ba2d0a","name":"lilicrivello","image":{"@type":"ImageObject","inLanguage":"pt-BR","@id":"https:\/\/www.pmpf.rs.gov.br\/educacao\/#\/schema\/person\/image\/","url":"https:\/\/secure.gravatar.com\/avatar\/0b546b667388f8edb7b67d70a57b5e46?s=96&d=mm&r=g","contentUrl":"https:\/\/secure.gravatar.com\/avatar\/0b546b667388f8edb7b67d70a57b5e46?s=96&d=mm&r=g","caption":"lilicrivello"},"url":"https:\/\/www.pmpf.rs.gov.br\/educacao\/author\/lilicrivello\/"}]}},"_links":{"self":[{"href":"https:\/\/www.pmpf.rs.gov.br\/educacao\/wp-json\/wp\/v2\/posts\/10272"}],"collection":[{"href":"https:\/\/www.pmpf.rs.gov.br\/educacao\/wp-json\/wp\/v2\/posts"}],"about":[{"href":"https:\/\/www.pmpf.rs.gov.br\/educacao\/wp-json\/wp\/v2\/types\/post"}],"author":[{"embeddable":true,"href":"https:\/\/www.pmpf.rs.gov.br\/educacao\/wp-json\/wp\/v2\/users\/24"}],"replies":[{"embeddable":true,"href":"https:\/\/www.pmpf.rs.gov.br\/educacao\/wp-json\/wp\/v2\/comments?post=10272"}],"version-history":[{"count":1,"href":"https:\/\/www.pmpf.rs.gov.br\/educacao\/wp-json\/wp\/v2\/posts\/10272\/revisions"}],"predecessor-version":[{"id":10274,"href":"https:\/\/www.pmpf.rs.gov.br\/educacao\/wp-json\/wp\/v2\/posts\/10272\/revisions\/10274"}],"wp:featuredmedia":[{"embeddable":true,"href":"https:\/\/www.pmpf.rs.gov.br\/educacao\/wp-json\/wp\/v2\/media\/10273"}],"wp:attachment":[{"href":"https:\/\/www.pmpf.rs.gov.br\/educacao\/wp-json\/wp\/v2\/media?parent=10272"}],"wp:term":[{"taxonomy":"category","embeddable":true,"href":"https:\/\/www.pmpf.rs.gov.br\/educacao\/wp-json\/wp\/v2\/categories?post=10272"},{"taxonomy":"post_tag","embeddable":true,"href":"https:\/\/www.pmpf.rs.gov.br\/educacao\/wp-json\/wp\/v2\/tags?post=10272"}],"curies":[{"name":"wp","href":"https:\/\/api.w.org\/{rel}","templated":true}]}}