{"id":10269,"date":"2026-03-09T08:53:52","date_gmt":"2026-03-09T11:53:52","guid":{"rendered":"https:\/\/www.pmpf.rs.gov.br\/educacao\/?p=10269"},"modified":"2026-03-09T08:54:00","modified_gmt":"2026-03-09T11:54:00","slug":"prefeitura-amplia-oferta-e-abre-edital-para-compra-de-vagas-na-educacao-infantil","status":"publish","type":"post","link":"https:\/\/www.pmpf.rs.gov.br\/educacao\/2026\/03\/09\/prefeitura-amplia-oferta-e-abre-edital-para-compra-de-vagas-na-educacao-infantil\/","title":{"rendered":"Prefeitura amplia oferta e abre edital para compra de vagas na educa\u00e7\u00e3o infantil"},"content":{"rendered":"\n<p><\/p>\n\n\n\n<p>A rede p\u00fablica municipal de ensino de Passo Fundo ampliou significativamente sua capacidade de atendimento na \u00faltima d\u00e9cada. Enquanto o crescimento populacional do munic\u00edpio foi de cerca de 12% nos \u00faltimos dez anos, a cria\u00e7\u00e3o de vagas na educa\u00e7\u00e3o p\u00fablica municipal, especialmente na educa\u00e7\u00e3o infantil, aumentou 127% no mesmo per\u00edodo.<\/p>\n\n\n\n<p>O investimento na amplia\u00e7\u00e3o da rede inclui a constru\u00e7\u00e3o de novas escolas e a expans\u00e3o da estrutura existente. Nos \u00faltimos cinco anos, mais de 2.500 vagas foram criadas na rede municipal, sendo a maior parte destinada \u00e0 educa\u00e7\u00e3o infantil, etapa em que a demanda costuma ser maior.<\/p>\n\n\n\n<p>De acordo com o secret\u00e1rio municipal de Educa\u00e7\u00e3o, Adriano Canabarro Teixeira, a amplia\u00e7\u00e3o da rede tem permitido aumentar a capacidade de atendimento, embora a procura por vagas continue crescendo.\u201cEnquanto Passo Fundo cresceu em m\u00e9dia 12% nos \u00faltimos dez anos, a cria\u00e7\u00e3o de vagas na rede p\u00fablica municipal cresceu 127%. Mesmo assim, a demanda aumenta a cada ano. S\u00e3o crian\u00e7as e fam\u00edlias que v\u00eam morar em Passo Fundo ou que migram de outras redes de ensino e procuram nossas escolas\u201d, explicou.<\/p>\n\n\n\n<p>Sete escolas j\u00e1 foram entregues \u00e0 comunidade, duas est\u00e3o em constru\u00e7\u00e3o e outras duas est\u00e3o em fase de projeto, com previs\u00e3o de execu\u00e7\u00e3o para o pr\u00f3ximo ano. As iniciativas fazem parte de um conjunto de a\u00e7\u00f5es da Secretaria de Educa\u00e7\u00e3o para acompanhar o crescimento da cidade e garantir acesso \u00e0 educa\u00e7\u00e3o p\u00fablica.<\/p>\n\n\n\n<p>Atualmente, a rede municipal possui mais de 450 vagas dispon\u00edveis na educa\u00e7\u00e3o infantil e mais de 1.500 vagas no ensino fundamental. Segundo o secret\u00e1rio, essas vagas ainda est\u00e3o em processo de distribui\u00e7\u00e3o e designa\u00e7\u00e3o pela Central de Vagas. \u201cEsse trabalho de amplia\u00e7\u00e3o \u00e9 justamente para aumentar nossa capacidade de atendimento. Hoje temos vagas dispon\u00edveis, mas ainda estamos no processo de distribui\u00e7\u00e3o das crian\u00e7as. Em alguns casos, as fam\u00edlias acabam n\u00e3o aceitando a vaga disponibilizada pela Central de Vagas por motivos particulares\u201d, destacou.<\/p>\n\n\n\n<p>Para ampliar ainda mais o atendimento, especialmente na educa\u00e7\u00e3o infantil, a Prefeitura abriu um edital de chamamento p\u00fablico para credenciamento de escolas privadas interessadas em ofertar vagas para a rede municipal. A iniciativa permite que o munic\u00edpio adquira vagas em institui\u00e7\u00f5es particulares como solu\u00e7\u00e3o de curto prazo para atender \u00e0 demanda.<\/p>\n\n\n\n<p>O edital est\u00e1 aberto at\u00e9 o dia 25 de mar\u00e7o. Propriet\u00e1rios de escolas de educa\u00e7\u00e3o infantil da rede privada podem se habilitar para participar do credenciamento. A expectativa \u00e9 que o munic\u00edpio possa adquirir at\u00e9 700 vagas para crian\u00e7as que aguardam atendimento. \u201cO chamamento foi criado como uma solu\u00e7\u00e3o de curto prazo. Com ele, poderemos comprar vagas na rede privada para garantir que as crian\u00e7as que precisam e devem estar na escola tenham acesso \u00e0 educa\u00e7\u00e3o infantil\u201d, completou o secret\u00e1rio.<\/p>\n","protected":false},"excerpt":{"rendered":"<p>Nos \u00faltimos dez anos, cria\u00e7\u00e3o de vagas na rede municipal cresceu 127%, enquanto popula\u00e7\u00e3o aumentou cerca de 12%<\/p>\n","protected":false},"author":24,"featured_media":10270,"comment_status":"closed","ping_status":"closed","sticky":false,"template":"","format":"standard","meta":{"footnotes":""},"categories":[1],"tags":[],"class_list":["post-10269","post","type-post","status-publish","format-standard","has-post-thumbnail","hentry","category-sem-categoria"],"yoast_head":"<!-- This site is optimized with the Yoast SEO plugin v23.8 - https:\/\/yoast.com\/wordpress\/plugins\/seo\/ -->\n<title>Prefeitura amplia oferta e abre edital para compra de vagas na educa\u00e7\u00e3o infantil - Secretaria de Educa\u00e7\u00e3o<\/title>\n<meta name=\"robots\" content=\"index, follow, max-snippet:-1, max-image-preview:large, max-video-preview:-1\" \/>\n<link rel=\"canonical\" href=\"https:\/\/www.pmpf.rs.gov.br\/educacao\/2026\/03\/09\/prefeitura-amplia-oferta-e-abre-edital-para-compra-de-vagas-na-educacao-infantil\/\" \/>\n<meta property=\"og:locale\" content=\"pt_BR\" \/>\n<meta property=\"og:type\" content=\"article\" \/>\n<meta property=\"og:title\" content=\"Prefeitura amplia oferta e abre edital para compra de vagas na educa\u00e7\u00e3o infantil - Secretaria de Educa\u00e7\u00e3o\" \/>\n<meta property=\"og:description\" content=\"Nos \u00faltimos dez anos, cria\u00e7\u00e3o de vagas na rede municipal cresceu 127%, enquanto popula\u00e7\u00e3o aumentou cerca de 12%\" \/>\n<meta property=\"og:url\" content=\"https:\/\/www.pmpf.rs.gov.br\/educacao\/2026\/03\/09\/prefeitura-amplia-oferta-e-abre-edital-para-compra-de-vagas-na-educacao-infantil\/\" \/>\n<meta property=\"og:site_name\" content=\"Secretaria de Educa\u00e7\u00e3o\" \/>\n<meta property=\"article:published_time\" content=\"2026-03-09T11:53:52+00:00\" \/>\n<meta property=\"article:modified_time\" content=\"2026-03-09T11:54:00+00:00\" \/>\n<meta name=\"author\" content=\"lilicrivello\" \/>\n<meta name=\"twitter:card\" content=\"summary_large_image\" \/>\n<meta name=\"twitter:label1\" content=\"Escrito por\" \/>\n\t<meta name=\"twitter:data1\" content=\"lilicrivello\" \/>\n\t<meta name=\"twitter:label2\" content=\"Est. tempo de leitura\" \/>\n\t<meta name=\"twitter:data2\" content=\"2 minutos\" \/>\n<script type=\"application\/ld+json\" class=\"yoast-schema-graph\">{\"@context\":\"https:\/\/schema.org\",\"@graph\":[{\"@type\":\"WebPage\",\"@id\":\"https:\/\/www.pmpf.rs.gov.br\/educacao\/2026\/03\/09\/prefeitura-amplia-oferta-e-abre-edital-para-compra-de-vagas-na-educacao-infantil\/\",\"url\":\"https:\/\/www.pmpf.rs.gov.br\/educacao\/2026\/03\/09\/prefeitura-amplia-oferta-e-abre-edital-para-compra-de-vagas-na-educacao-infantil\/\",\"name\":\"Prefeitura amplia oferta e abre edital para compra de vagas na educa\u00e7\u00e3o infantil - Secretaria de Educa\u00e7\u00e3o\",\"isPartOf\":{\"@id\":\"https:\/\/www.pmpf.rs.gov.br\/educacao\/#website\"},\"primaryImageOfPage\":{\"@id\":\"https:\/\/www.pmpf.rs.gov.br\/educacao\/2026\/03\/09\/prefeitura-amplia-oferta-e-abre-edital-para-compra-de-vagas-na-educacao-infantil\/#primaryimage\"},\"image\":{\"@id\":\"https:\/\/www.pmpf.rs.gov.br\/educacao\/2026\/03\/09\/prefeitura-amplia-oferta-e-abre-edital-para-compra-de-vagas-na-educacao-infantil\/#primaryimage\"},\"thumbnailUrl\":\"https:\/\/www.pmpf.rs.gov.br\/educacao\/wp-content\/uploads\/sites\/43\/2026\/03\/WhatsApp-Image-2026-03-06-at-08.10.55.jpeg\",\"datePublished\":\"2026-03-09T11:53:52+00:00\",\"dateModified\":\"2026-03-09T11:54:00+00:00\",\"author\":{\"@id\":\"https:\/\/www.pmpf.rs.gov.br\/educacao\/#\/schema\/person\/6e93b0ab2174b69f691ac4f278ba2d0a\"},\"inLanguage\":\"pt-BR\",\"potentialAction\":[{\"@type\":\"ReadAction\",\"target\":[\"https:\/\/www.pmpf.rs.gov.br\/educacao\/2026\/03\/09\/prefeitura-amplia-oferta-e-abre-edital-para-compra-de-vagas-na-educacao-infantil\/\"]}]},{\"@type\":\"ImageObject\",\"inLanguage\":\"pt-BR\",\"@id\":\"https:\/\/www.pmpf.rs.gov.br\/educacao\/2026\/03\/09\/prefeitura-amplia-oferta-e-abre-edital-para-compra-de-vagas-na-educacao-infantil\/#primaryimage\",\"url\":\"https:\/\/www.pmpf.rs.gov.br\/educacao\/wp-content\/uploads\/sites\/43\/2026\/03\/WhatsApp-Image-2026-03-06-at-08.10.55.jpeg\",\"contentUrl\":\"https:\/\/www.pmpf.rs.gov.br\/educacao\/wp-content\/uploads\/sites\/43\/2026\/03\/WhatsApp-Image-2026-03-06-at-08.10.55.jpeg\",\"width\":1600,\"height\":1066},{\"@type\":\"WebSite\",\"@id\":\"https:\/\/www.pmpf.rs.gov.br\/educacao\/#website\",\"url\":\"https:\/\/www.pmpf.rs.gov.br\/educacao\/\",\"name\":\"Secretaria de Educa\u00e7\u00e3o\",\"description\":\"Secretaria de Educa\u00e7\u00e3o da cidade de Passo Fundo\",\"potentialAction\":[{\"@type\":\"SearchAction\",\"target\":{\"@type\":\"EntryPoint\",\"urlTemplate\":\"https:\/\/www.pmpf.rs.gov.br\/educacao\/?s={search_term_string}\"},\"query-input\":{\"@type\":\"PropertyValueSpecification\",\"valueRequired\":true,\"valueName\":\"search_term_string\"}}],\"inLanguage\":\"pt-BR\"},{\"@type\":\"Person\",\"@id\":\"https:\/\/www.pmpf.rs.gov.br\/educacao\/#\/schema\/person\/6e93b0ab2174b69f691ac4f278ba2d0a\",\"name\":\"lilicrivello\",\"image\":{\"@type\":\"ImageObject\",\"inLanguage\":\"pt-BR\",\"@id\":\"https:\/\/www.pmpf.rs.gov.br\/educacao\/#\/schema\/person\/image\/\",\"url\":\"https:\/\/secure.gravatar.com\/avatar\/0b546b667388f8edb7b67d70a57b5e46?s=96&d=mm&r=g\",\"contentUrl\":\"https:\/\/secure.gravatar.com\/avatar\/0b546b667388f8edb7b67d70a57b5e46?s=96&d=mm&r=g\",\"caption\":\"lilicrivello\"},\"url\":\"https:\/\/www.pmpf.rs.gov.br\/educacao\/author\/lilicrivello\/\"}]}<\/script>\n<!-- \/ Yoast SEO plugin. -->","yoast_head_json":{"title":"Prefeitura amplia oferta e abre edital para compra de vagas na educa\u00e7\u00e3o infantil - Secretaria de Educa\u00e7\u00e3o","robots":{"index":"index","follow":"follow","max-snippet":"max-snippet:-1","max-image-preview":"max-image-preview:large","max-video-preview":"max-video-preview:-1"},"canonical":"https:\/\/www.pmpf.rs.gov.br\/educacao\/2026\/03\/09\/prefeitura-amplia-oferta-e-abre-edital-para-compra-de-vagas-na-educacao-infantil\/","og_locale":"pt_BR","og_type":"article","og_title":"Prefeitura amplia oferta e abre edital para compra de vagas na educa\u00e7\u00e3o infantil - Secretaria de Educa\u00e7\u00e3o","og_description":"Nos \u00faltimos dez anos, cria\u00e7\u00e3o de vagas na rede municipal cresceu 127%, enquanto popula\u00e7\u00e3o aumentou cerca de 12%","og_url":"https:\/\/www.pmpf.rs.gov.br\/educacao\/2026\/03\/09\/prefeitura-amplia-oferta-e-abre-edital-para-compra-de-vagas-na-educacao-infantil\/","og_site_name":"Secretaria de Educa\u00e7\u00e3o","article_published_time":"2026-03-09T11:53:52+00:00","article_modified_time":"2026-03-09T11:54:00+00:00","author":"lilicrivello","twitter_card":"summary_large_image","twitter_misc":{"Escrito por":"lilicrivello","Est. tempo de leitura":"2 minutos"},"schema":{"@context":"https:\/\/schema.org","@graph":[{"@type":"WebPage","@id":"https:\/\/www.pmpf.rs.gov.br\/educacao\/2026\/03\/09\/prefeitura-amplia-oferta-e-abre-edital-para-compra-de-vagas-na-educacao-infantil\/","url":"https:\/\/www.pmpf.rs.gov.br\/educacao\/2026\/03\/09\/prefeitura-amplia-oferta-e-abre-edital-para-compra-de-vagas-na-educacao-infantil\/","name":"Prefeitura amplia oferta e abre edital para compra de vagas na educa\u00e7\u00e3o infantil - Secretaria de Educa\u00e7\u00e3o","isPartOf":{"@id":"https:\/\/www.pmpf.rs.gov.br\/educacao\/#website"},"primaryImageOfPage":{"@id":"https:\/\/www.pmpf.rs.gov.br\/educacao\/2026\/03\/09\/prefeitura-amplia-oferta-e-abre-edital-para-compra-de-vagas-na-educacao-infantil\/#primaryimage"},"image":{"@id":"https:\/\/www.pmpf.rs.gov.br\/educacao\/2026\/03\/09\/prefeitura-amplia-oferta-e-abre-edital-para-compra-de-vagas-na-educacao-infantil\/#primaryimage"},"thumbnailUrl":"https:\/\/www.pmpf.rs.gov.br\/educacao\/wp-content\/uploads\/sites\/43\/2026\/03\/WhatsApp-Image-2026-03-06-at-08.10.55.jpeg","datePublished":"2026-03-09T11:53:52+00:00","dateModified":"2026-03-09T11:54:00+00:00","author":{"@id":"https:\/\/www.pmpf.rs.gov.br\/educacao\/#\/schema\/person\/6e93b0ab2174b69f691ac4f278ba2d0a"},"inLanguage":"pt-BR","potentialAction":[{"@type":"ReadAction","target":["https:\/\/www.pmpf.rs.gov.br\/educacao\/2026\/03\/09\/prefeitura-amplia-oferta-e-abre-edital-para-compra-de-vagas-na-educacao-infantil\/"]}]},{"@type":"ImageObject","inLanguage":"pt-BR","@id":"https:\/\/www.pmpf.rs.gov.br\/educacao\/2026\/03\/09\/prefeitura-amplia-oferta-e-abre-edital-para-compra-de-vagas-na-educacao-infantil\/#primaryimage","url":"https:\/\/www.pmpf.rs.gov.br\/educacao\/wp-content\/uploads\/sites\/43\/2026\/03\/WhatsApp-Image-2026-03-06-at-08.10.55.jpeg","contentUrl":"https:\/\/www.pmpf.rs.gov.br\/educacao\/wp-content\/uploads\/sites\/43\/2026\/03\/WhatsApp-Image-2026-03-06-at-08.10.55.jpeg","width":1600,"height":1066},{"@type":"WebSite","@id":"https:\/\/www.pmpf.rs.gov.br\/educacao\/#website","url":"https:\/\/www.pmpf.rs.gov.br\/educacao\/","name":"Secretaria de Educa\u00e7\u00e3o","description":"Secretaria de Educa\u00e7\u00e3o da cidade de Passo Fundo","potentialAction":[{"@type":"SearchAction","target":{"@type":"EntryPoint","urlTemplate":"https:\/\/www.pmpf.rs.gov.br\/educacao\/?s={search_term_string}"},"query-input":{"@type":"PropertyValueSpecification","valueRequired":true,"valueName":"search_term_string"}}],"inLanguage":"pt-BR"},{"@type":"Person","@id":"https:\/\/www.pmpf.rs.gov.br\/educacao\/#\/schema\/person\/6e93b0ab2174b69f691ac4f278ba2d0a","name":"lilicrivello","image":{"@type":"ImageObject","inLanguage":"pt-BR","@id":"https:\/\/www.pmpf.rs.gov.br\/educacao\/#\/schema\/person\/image\/","url":"https:\/\/secure.gravatar.com\/avatar\/0b546b667388f8edb7b67d70a57b5e46?s=96&d=mm&r=g","contentUrl":"https:\/\/secure.gravatar.com\/avatar\/0b546b667388f8edb7b67d70a57b5e46?s=96&d=mm&r=g","caption":"lilicrivello"},"url":"https:\/\/www.pmpf.rs.gov.br\/educacao\/author\/lilicrivello\/"}]}},"_links":{"self":[{"href":"https:\/\/www.pmpf.rs.gov.br\/educacao\/wp-json\/wp\/v2\/posts\/10269"}],"collection":[{"href":"https:\/\/www.pmpf.rs.gov.br\/educacao\/wp-json\/wp\/v2\/posts"}],"about":[{"href":"https:\/\/www.pmpf.rs.gov.br\/educacao\/wp-json\/wp\/v2\/types\/post"}],"author":[{"embeddable":true,"href":"https:\/\/www.pmpf.rs.gov.br\/educacao\/wp-json\/wp\/v2\/users\/24"}],"replies":[{"embeddable":true,"href":"https:\/\/www.pmpf.rs.gov.br\/educacao\/wp-json\/wp\/v2\/comments?post=10269"}],"version-history":[{"count":1,"href":"https:\/\/www.pmpf.rs.gov.br\/educacao\/wp-json\/wp\/v2\/posts\/10269\/revisions"}],"predecessor-version":[{"id":10271,"href":"https:\/\/www.pmpf.rs.gov.br\/educacao\/wp-json\/wp\/v2\/posts\/10269\/revisions\/10271"}],"wp:featuredmedia":[{"embeddable":true,"href":"https:\/\/www.pmpf.rs.gov.br\/educacao\/wp-json\/wp\/v2\/media\/10270"}],"wp:attachment":[{"href":"https:\/\/www.pmpf.rs.gov.br\/educacao\/wp-json\/wp\/v2\/media?parent=10269"}],"wp:term":[{"taxonomy":"category","embeddable":true,"href":"https:\/\/www.pmpf.rs.gov.br\/educacao\/wp-json\/wp\/v2\/categories?post=10269"},{"taxonomy":"post_tag","embeddable":true,"href":"https:\/\/www.pmpf.rs.gov.br\/educacao\/wp-json\/wp\/v2\/tags?post=10269"}],"curies":[{"name":"wp","href":"https:\/\/api.w.org\/{rel}","templated":true}]}}