{"id":10221,"date":"2025-12-05T11:00:21","date_gmt":"2025-12-05T14:00:21","guid":{"rendered":"https:\/\/www.pmpf.rs.gov.br\/educacao\/?p=10221"},"modified":"2025-12-05T11:00:28","modified_gmt":"2025-12-05T14:00:28","slug":"passo-fundo-e-reconhecida-pela-unesco-como-cidade-de-aprendizagem","status":"publish","type":"post","link":"https:\/\/www.pmpf.rs.gov.br\/educacao\/2025\/12\/05\/passo-fundo-e-reconhecida-pela-unesco-como-cidade-de-aprendizagem\/","title":{"rendered":"Passo Fundo \u00e9 reconhecida pela UNESCO como Cidade de Aprendizagem"},"content":{"rendered":"\n<p><\/p>\n\n\n\n<p>A Prefeitura recebeu nesta quinta-feira (4), da UNESCO, a informa\u00e7\u00e3o de que Passo Fundo passa a integrar a Global Network of Learning Cities (GNLC), tornando-se uma \u201cCidade de Aprendizagem\u201d. O reconhecimento, concedido pelo Instituto para a Aprendizagem ao Longo da Vida (UIL), sediado em Hamburgo, refor\u00e7a o compromisso do munic\u00edpio com pol\u00edticas p\u00fablicas que promovem educa\u00e7\u00e3o cont\u00ednua, inclus\u00e3o e desenvolvimento humano em todas as fases da vida.<\/p>\n\n\n\n<p>O certificado, assinado pela diretora do UIL, Isabell Kempf, destaca que Passo Fundo demonstra \u201cforte compromisso com a aprendizagem ao longo da vida\u201d e agora integra uma rede global que re\u00fane cidades de todo o mundo dedicadas ao fortalecimento das pr\u00e1ticas educativas, ao di\u00e1logo de pol\u00edticas, \u00e0 inova\u00e7\u00e3o e ao monitoramento de estrat\u00e9gias de aprendizagem.<\/p>\n\n\n\n<p>Para o Prefeito, Pedro Almeida, esse certificado reafirma algo defendido desde o primeiro dia de governo: a educa\u00e7\u00e3o \u00e9 o caminho para transformar vidas e desenvolver a cidade. \u201cAo ingressar na rede global de Cidades de Aprendizagem, Passo Fundo se conecta a iniciativas inovadoras do mundo inteiro e refor\u00e7a o compromisso de garantir oportunidades de forma\u00e7\u00e3o para todas as pessoas, em todas as etapas da vida. Esse resultado \u00e9 fruto do trabalho de uma comunidade que acredita no conhecimento como for\u00e7a de desenvolvimento, nossas escolas, nossas institui\u00e7\u00f5es de ensino superior, nossos profissionais da educa\u00e7\u00e3o e cada pessoa que faz desta cidade um territ\u00f3rio vivo de aprendizagem. Estamos muito orgulhosos e determinados a seguir avan\u00e7ando, porque Passo Fundo merece sempre mais\u201d, ressalta.<\/p>\n\n\n\n<p>Para o secret\u00e1rio de Educa\u00e7\u00e3o, Adriano Canabarro Teixeira, o reconhecimento internacional confirma o caminho que o munic\u00edpio vem construindo ao longo dos \u00faltimos anos. \u201cEsse an\u00fancio da UNESCO representa muito mais do que um selo: \u00e9 o reconhecimento de uma vis\u00e3o de cidade que coloca a educa\u00e7\u00e3o e a aprendizagem ao longo da vida como eixo estruturante do desenvolvimento. Passo Fundo assumiu, de forma planejada e comprometida, que aprender \u00e9 um direito permanente, que acontece na escola, mas tamb\u00e9m nos espa\u00e7os culturais, comunit\u00e1rios, tecnol\u00f3gicos e em todas as esferas sociais. Integrar a rede global da UNESCO refor\u00e7a que estamos no rumo certo e nos desafia a avan\u00e7ar ainda mais, ampliando oportunidades e qualificando as pol\u00edticas p\u00fablicas para todas as pessoas\u201d, fala o secret\u00e1rio.<\/p>\n\n\n\n<p>Com a ades\u00e3o, o munic\u00edpio passa a participar de a\u00e7\u00f5es de coopera\u00e7\u00e3o, capacita\u00e7\u00e3o e troca de experi\u00eancias sobre iniciativas que conectam escolas, universidades, comunidade, setor produtivo e espa\u00e7os n\u00e3o formais de aprendizagem. \u201cA partir de agora, Passo Fundo passa a figurar no mapa mundial das cidades que compreendem a educa\u00e7\u00e3o como eixo estrat\u00e9gico de desenvolvimento sustent\u00e1vel, inclus\u00e3o social e inova\u00e7\u00e3o \u2014 um marco na trajet\u00f3ria educacional do munic\u00edpio\u201d, frisa Teixeira.<\/p>\n","protected":false},"excerpt":{"rendered":"<p>Certifica\u00e7\u00e3o internacional destaca o compromisso do munic\u00edpio com a aprendizagem ao longo da vida<\/p>\n","protected":false},"author":24,"featured_media":10222,"comment_status":"closed","ping_status":"closed","sticky":false,"template":"","format":"standard","meta":{"footnotes":""},"categories":[1],"tags":[],"class_list":["post-10221","post","type-post","status-publish","format-standard","has-post-thumbnail","hentry","category-sem-categoria"],"yoast_head":"<!-- This site is optimized with the Yoast SEO plugin v23.8 - https:\/\/yoast.com\/wordpress\/plugins\/seo\/ -->\n<title>Passo Fundo \u00e9 reconhecida pela UNESCO como Cidade de Aprendizagem - Secretaria de Educa\u00e7\u00e3o<\/title>\n<meta name=\"robots\" content=\"index, follow, max-snippet:-1, max-image-preview:large, max-video-preview:-1\" \/>\n<link rel=\"canonical\" href=\"https:\/\/www.pmpf.rs.gov.br\/educacao\/2025\/12\/05\/passo-fundo-e-reconhecida-pela-unesco-como-cidade-de-aprendizagem\/\" \/>\n<meta property=\"og:locale\" content=\"pt_BR\" \/>\n<meta property=\"og:type\" content=\"article\" \/>\n<meta property=\"og:title\" content=\"Passo Fundo \u00e9 reconhecida pela UNESCO como Cidade de Aprendizagem - Secretaria de Educa\u00e7\u00e3o\" \/>\n<meta property=\"og:description\" content=\"Certifica\u00e7\u00e3o internacional destaca o compromisso do munic\u00edpio com a aprendizagem ao longo da vida\" \/>\n<meta property=\"og:url\" content=\"https:\/\/www.pmpf.rs.gov.br\/educacao\/2025\/12\/05\/passo-fundo-e-reconhecida-pela-unesco-como-cidade-de-aprendizagem\/\" \/>\n<meta property=\"og:site_name\" content=\"Secretaria de Educa\u00e7\u00e3o\" \/>\n<meta property=\"article:published_time\" content=\"2025-12-05T14:00:21+00:00\" \/>\n<meta property=\"article:modified_time\" content=\"2025-12-05T14:00:28+00:00\" \/>\n<meta name=\"author\" content=\"lilicrivello\" \/>\n<meta name=\"twitter:card\" content=\"summary_large_image\" \/>\n<meta name=\"twitter:label1\" content=\"Escrito por\" \/>\n\t<meta name=\"twitter:data1\" content=\"lilicrivello\" \/>\n\t<meta name=\"twitter:label2\" content=\"Est. tempo de leitura\" \/>\n\t<meta name=\"twitter:data2\" content=\"2 minutos\" \/>\n<script type=\"application\/ld+json\" class=\"yoast-schema-graph\">{\"@context\":\"https:\/\/schema.org\",\"@graph\":[{\"@type\":\"WebPage\",\"@id\":\"https:\/\/www.pmpf.rs.gov.br\/educacao\/2025\/12\/05\/passo-fundo-e-reconhecida-pela-unesco-como-cidade-de-aprendizagem\/\",\"url\":\"https:\/\/www.pmpf.rs.gov.br\/educacao\/2025\/12\/05\/passo-fundo-e-reconhecida-pela-unesco-como-cidade-de-aprendizagem\/\",\"name\":\"Passo Fundo \u00e9 reconhecida pela UNESCO como Cidade de Aprendizagem - Secretaria de Educa\u00e7\u00e3o\",\"isPartOf\":{\"@id\":\"https:\/\/www.pmpf.rs.gov.br\/educacao\/#website\"},\"primaryImageOfPage\":{\"@id\":\"https:\/\/www.pmpf.rs.gov.br\/educacao\/2025\/12\/05\/passo-fundo-e-reconhecida-pela-unesco-como-cidade-de-aprendizagem\/#primaryimage\"},\"image\":{\"@id\":\"https:\/\/www.pmpf.rs.gov.br\/educacao\/2025\/12\/05\/passo-fundo-e-reconhecida-pela-unesco-como-cidade-de-aprendizagem\/#primaryimage\"},\"thumbnailUrl\":\"https:\/\/www.pmpf.rs.gov.br\/educacao\/wp-content\/uploads\/sites\/43\/2025\/12\/Captura-de-tela-2025-12-05-082320.png\",\"datePublished\":\"2025-12-05T14:00:21+00:00\",\"dateModified\":\"2025-12-05T14:00:28+00:00\",\"author\":{\"@id\":\"https:\/\/www.pmpf.rs.gov.br\/educacao\/#\/schema\/person\/6e93b0ab2174b69f691ac4f278ba2d0a\"},\"inLanguage\":\"pt-BR\",\"potentialAction\":[{\"@type\":\"ReadAction\",\"target\":[\"https:\/\/www.pmpf.rs.gov.br\/educacao\/2025\/12\/05\/passo-fundo-e-reconhecida-pela-unesco-como-cidade-de-aprendizagem\/\"]}]},{\"@type\":\"ImageObject\",\"inLanguage\":\"pt-BR\",\"@id\":\"https:\/\/www.pmpf.rs.gov.br\/educacao\/2025\/12\/05\/passo-fundo-e-reconhecida-pela-unesco-como-cidade-de-aprendizagem\/#primaryimage\",\"url\":\"https:\/\/www.pmpf.rs.gov.br\/educacao\/wp-content\/uploads\/sites\/43\/2025\/12\/Captura-de-tela-2025-12-05-082320.png\",\"contentUrl\":\"https:\/\/www.pmpf.rs.gov.br\/educacao\/wp-content\/uploads\/sites\/43\/2025\/12\/Captura-de-tela-2025-12-05-082320.png\",\"width\":1278,\"height\":929},{\"@type\":\"WebSite\",\"@id\":\"https:\/\/www.pmpf.rs.gov.br\/educacao\/#website\",\"url\":\"https:\/\/www.pmpf.rs.gov.br\/educacao\/\",\"name\":\"Secretaria de Educa\u00e7\u00e3o\",\"description\":\"Secretaria de Educa\u00e7\u00e3o da cidade de Passo Fundo\",\"potentialAction\":[{\"@type\":\"SearchAction\",\"target\":{\"@type\":\"EntryPoint\",\"urlTemplate\":\"https:\/\/www.pmpf.rs.gov.br\/educacao\/?s={search_term_string}\"},\"query-input\":{\"@type\":\"PropertyValueSpecification\",\"valueRequired\":true,\"valueName\":\"search_term_string\"}}],\"inLanguage\":\"pt-BR\"},{\"@type\":\"Person\",\"@id\":\"https:\/\/www.pmpf.rs.gov.br\/educacao\/#\/schema\/person\/6e93b0ab2174b69f691ac4f278ba2d0a\",\"name\":\"lilicrivello\",\"image\":{\"@type\":\"ImageObject\",\"inLanguage\":\"pt-BR\",\"@id\":\"https:\/\/www.pmpf.rs.gov.br\/educacao\/#\/schema\/person\/image\/\",\"url\":\"https:\/\/secure.gravatar.com\/avatar\/0b546b667388f8edb7b67d70a57b5e46?s=96&d=mm&r=g\",\"contentUrl\":\"https:\/\/secure.gravatar.com\/avatar\/0b546b667388f8edb7b67d70a57b5e46?s=96&d=mm&r=g\",\"caption\":\"lilicrivello\"},\"url\":\"https:\/\/www.pmpf.rs.gov.br\/educacao\/author\/lilicrivello\/\"}]}<\/script>\n<!-- \/ Yoast SEO plugin. -->","yoast_head_json":{"title":"Passo Fundo \u00e9 reconhecida pela UNESCO como Cidade de Aprendizagem - Secretaria de Educa\u00e7\u00e3o","robots":{"index":"index","follow":"follow","max-snippet":"max-snippet:-1","max-image-preview":"max-image-preview:large","max-video-preview":"max-video-preview:-1"},"canonical":"https:\/\/www.pmpf.rs.gov.br\/educacao\/2025\/12\/05\/passo-fundo-e-reconhecida-pela-unesco-como-cidade-de-aprendizagem\/","og_locale":"pt_BR","og_type":"article","og_title":"Passo Fundo \u00e9 reconhecida pela UNESCO como Cidade de Aprendizagem - Secretaria de Educa\u00e7\u00e3o","og_description":"Certifica\u00e7\u00e3o internacional destaca o compromisso do munic\u00edpio com a aprendizagem ao longo da vida","og_url":"https:\/\/www.pmpf.rs.gov.br\/educacao\/2025\/12\/05\/passo-fundo-e-reconhecida-pela-unesco-como-cidade-de-aprendizagem\/","og_site_name":"Secretaria de Educa\u00e7\u00e3o","article_published_time":"2025-12-05T14:00:21+00:00","article_modified_time":"2025-12-05T14:00:28+00:00","author":"lilicrivello","twitter_card":"summary_large_image","twitter_misc":{"Escrito por":"lilicrivello","Est. tempo de leitura":"2 minutos"},"schema":{"@context":"https:\/\/schema.org","@graph":[{"@type":"WebPage","@id":"https:\/\/www.pmpf.rs.gov.br\/educacao\/2025\/12\/05\/passo-fundo-e-reconhecida-pela-unesco-como-cidade-de-aprendizagem\/","url":"https:\/\/www.pmpf.rs.gov.br\/educacao\/2025\/12\/05\/passo-fundo-e-reconhecida-pela-unesco-como-cidade-de-aprendizagem\/","name":"Passo Fundo \u00e9 reconhecida pela UNESCO como Cidade de Aprendizagem - Secretaria de Educa\u00e7\u00e3o","isPartOf":{"@id":"https:\/\/www.pmpf.rs.gov.br\/educacao\/#website"},"primaryImageOfPage":{"@id":"https:\/\/www.pmpf.rs.gov.br\/educacao\/2025\/12\/05\/passo-fundo-e-reconhecida-pela-unesco-como-cidade-de-aprendizagem\/#primaryimage"},"image":{"@id":"https:\/\/www.pmpf.rs.gov.br\/educacao\/2025\/12\/05\/passo-fundo-e-reconhecida-pela-unesco-como-cidade-de-aprendizagem\/#primaryimage"},"thumbnailUrl":"https:\/\/www.pmpf.rs.gov.br\/educacao\/wp-content\/uploads\/sites\/43\/2025\/12\/Captura-de-tela-2025-12-05-082320.png","datePublished":"2025-12-05T14:00:21+00:00","dateModified":"2025-12-05T14:00:28+00:00","author":{"@id":"https:\/\/www.pmpf.rs.gov.br\/educacao\/#\/schema\/person\/6e93b0ab2174b69f691ac4f278ba2d0a"},"inLanguage":"pt-BR","potentialAction":[{"@type":"ReadAction","target":["https:\/\/www.pmpf.rs.gov.br\/educacao\/2025\/12\/05\/passo-fundo-e-reconhecida-pela-unesco-como-cidade-de-aprendizagem\/"]}]},{"@type":"ImageObject","inLanguage":"pt-BR","@id":"https:\/\/www.pmpf.rs.gov.br\/educacao\/2025\/12\/05\/passo-fundo-e-reconhecida-pela-unesco-como-cidade-de-aprendizagem\/#primaryimage","url":"https:\/\/www.pmpf.rs.gov.br\/educacao\/wp-content\/uploads\/sites\/43\/2025\/12\/Captura-de-tela-2025-12-05-082320.png","contentUrl":"https:\/\/www.pmpf.rs.gov.br\/educacao\/wp-content\/uploads\/sites\/43\/2025\/12\/Captura-de-tela-2025-12-05-082320.png","width":1278,"height":929},{"@type":"WebSite","@id":"https:\/\/www.pmpf.rs.gov.br\/educacao\/#website","url":"https:\/\/www.pmpf.rs.gov.br\/educacao\/","name":"Secretaria de Educa\u00e7\u00e3o","description":"Secretaria de Educa\u00e7\u00e3o da cidade de Passo Fundo","potentialAction":[{"@type":"SearchAction","target":{"@type":"EntryPoint","urlTemplate":"https:\/\/www.pmpf.rs.gov.br\/educacao\/?s={search_term_string}"},"query-input":{"@type":"PropertyValueSpecification","valueRequired":true,"valueName":"search_term_string"}}],"inLanguage":"pt-BR"},{"@type":"Person","@id":"https:\/\/www.pmpf.rs.gov.br\/educacao\/#\/schema\/person\/6e93b0ab2174b69f691ac4f278ba2d0a","name":"lilicrivello","image":{"@type":"ImageObject","inLanguage":"pt-BR","@id":"https:\/\/www.pmpf.rs.gov.br\/educacao\/#\/schema\/person\/image\/","url":"https:\/\/secure.gravatar.com\/avatar\/0b546b667388f8edb7b67d70a57b5e46?s=96&d=mm&r=g","contentUrl":"https:\/\/secure.gravatar.com\/avatar\/0b546b667388f8edb7b67d70a57b5e46?s=96&d=mm&r=g","caption":"lilicrivello"},"url":"https:\/\/www.pmpf.rs.gov.br\/educacao\/author\/lilicrivello\/"}]}},"_links":{"self":[{"href":"https:\/\/www.pmpf.rs.gov.br\/educacao\/wp-json\/wp\/v2\/posts\/10221"}],"collection":[{"href":"https:\/\/www.pmpf.rs.gov.br\/educacao\/wp-json\/wp\/v2\/posts"}],"about":[{"href":"https:\/\/www.pmpf.rs.gov.br\/educacao\/wp-json\/wp\/v2\/types\/post"}],"author":[{"embeddable":true,"href":"https:\/\/www.pmpf.rs.gov.br\/educacao\/wp-json\/wp\/v2\/users\/24"}],"replies":[{"embeddable":true,"href":"https:\/\/www.pmpf.rs.gov.br\/educacao\/wp-json\/wp\/v2\/comments?post=10221"}],"version-history":[{"count":1,"href":"https:\/\/www.pmpf.rs.gov.br\/educacao\/wp-json\/wp\/v2\/posts\/10221\/revisions"}],"predecessor-version":[{"id":10223,"href":"https:\/\/www.pmpf.rs.gov.br\/educacao\/wp-json\/wp\/v2\/posts\/10221\/revisions\/10223"}],"wp:featuredmedia":[{"embeddable":true,"href":"https:\/\/www.pmpf.rs.gov.br\/educacao\/wp-json\/wp\/v2\/media\/10222"}],"wp:attachment":[{"href":"https:\/\/www.pmpf.rs.gov.br\/educacao\/wp-json\/wp\/v2\/media?parent=10221"}],"wp:term":[{"taxonomy":"category","embeddable":true,"href":"https:\/\/www.pmpf.rs.gov.br\/educacao\/wp-json\/wp\/v2\/categories?post=10221"},{"taxonomy":"post_tag","embeddable":true,"href":"https:\/\/www.pmpf.rs.gov.br\/educacao\/wp-json\/wp\/v2\/tags?post=10221"}],"curies":[{"name":"wp","href":"https:\/\/api.w.org\/{rel}","templated":true}]}}