{"id":10195,"date":"2025-11-21T09:40:04","date_gmt":"2025-11-21T12:40:04","guid":{"rendered":"https:\/\/www.pmpf.rs.gov.br\/educacao\/?p=10195"},"modified":"2025-11-21T09:40:12","modified_gmt":"2025-11-21T12:40:12","slug":"prefeitura-promove-atividades-em-alusao-ao-dia-internacional-da-cidade-educadora","status":"publish","type":"post","link":"https:\/\/www.pmpf.rs.gov.br\/educacao\/2025\/11\/21\/prefeitura-promove-atividades-em-alusao-ao-dia-internacional-da-cidade-educadora\/","title":{"rendered":"Prefeitura promove atividades em alus\u00e3o ao Dia Internacional da Cidade Educadora"},"content":{"rendered":"\n<p>A Prefeitura de Passo Fundo, por meio da Secretaria de Educa\u00e7\u00e3o, realizar\u00e1 entre os dias 24 e 28 de novembro, uma programa\u00e7\u00e3o especial alusiva ao Dia Internacional da Cidade Educadora, celebrado mundialmente em 30 de novembro. Neste ano, o tema escolhido pela Associa\u00e7\u00e3o Internacional de Cidades Educadoras (AICE) \u00e9 \u201cA participa\u00e7\u00e3o das crian\u00e7as na Cidade Educadora\u201d, refor\u00e7ando o papel da inf\u00e2ncia como protagonista na constru\u00e7\u00e3o de comunidades mais justas, acolhedoras e participativas.<\/p>\n\n\n\n<p>Conforme o princ\u00edpio norteador da iniciativa, as crian\u00e7as deixam de ser apenas destinat\u00e1rias de servi\u00e7os p\u00fablicos e passam a integrar, de forma ativa, os processos que moldam a vida em sociedade. O objetivo das a\u00e7\u00f5es \u00e9 fortalecer o direito de crian\u00e7as serem ouvidas e de participarem das decis\u00f5es que afetam seus territ\u00f3rios, ampliando v\u00ednculos comunit\u00e1rios, senso de pertencimento e cidadania.<\/p>\n\n\n\n<p>O secret\u00e1rio de Educa\u00e7\u00e3o, Adriano Canabarro Teixeira, destaca que a proposta reafirma o compromisso do munic\u00edpio com uma educa\u00e7\u00e3o que ultrapassa os muros da escola. \u201cA Cidade Educadora coloca a inf\u00e2ncia no centro da constru\u00e7\u00e3o do nosso futuro. Quando garantimos que as crian\u00e7as participem, opinem e se reconhe\u00e7am como parte ativa da cidade, estamos formando cidad\u00e3os mais cr\u00edticos, solid\u00e1rios e comprometidos com o bem comum. Essa \u00e9 uma agenda que fortalece toda a comunidade e refor\u00e7a nossa vis\u00e3o de educa\u00e7\u00e3o integral\u201d, afirma.<\/p>\n\n\n\n<p>Durante toda a semana, as Escolas P\u00fablicas vinculadas \u00e0 Cidade Educadora ir\u00e3o oferecer oficinas, viv\u00eancias e atividades abertas aos estudantes e \u00e0 popula\u00e7\u00e3o. Entre as a\u00e7\u00f5es est\u00e3o propostas ao ar livre, rotas guiadas por crian\u00e7as, produ\u00e7\u00e3o art\u00edstica, interven\u00e7\u00f5es urbanas, conta\u00e7\u00e3o de hist\u00f3rias, cria\u00e7\u00e3o de mapas afetivos e jogos que valorizam a express\u00e3o, o brincar e a ocupa\u00e7\u00e3o qualificada dos espa\u00e7os p\u00fablicos.<\/p>\n\n\n\n<p>A programa\u00e7\u00e3o refor\u00e7a o compromisso de Passo Fundo com a constru\u00e7\u00e3o de uma Cidade Educadora que valoriza a inf\u00e2ncia como agente de transforma\u00e7\u00e3o social.<\/p>\n\n\n\n<p><strong>Programa\u00e7\u00e3o<\/strong><\/p>\n\n\n\n<p>PRISMA ESPA\u00c7O GEEK<br>Datas: 25 e 26\/11<br>Local: Prisma Espa\u00e7o Geek<br>Hor\u00e1rio: 14h \u00e0s 17h<br>Atividade: Cria\u00e7\u00e3o e autoria a partir de narrativas que estimulam compet\u00eancias leitoras, com foco no uso criativo de tecnologias e linguagens digitais. Grupos previamente agendados.<\/p>\n\n\n\n<p>ESCOLA DAS PROFISS\u00d5ES<br>Data: 28\/11<br>Local: EMEIs do munic\u00edpio<br>Hor\u00e1rio: 14h \u00e0s 17h<br>Atividade: \u201cEprof para crian\u00e7as\u201d \u2014 din\u00e2micas das cinco \u00e1reas (gastronomia, t\u00eaxtil, sa\u00fade, est\u00e9tica e administra\u00e7\u00e3o) adaptadas \u00e0 educa\u00e7\u00e3o infantil, incentivando o contato com diferentes profiss\u00f5es.<\/p>\n\n\n\n<p>ESCOLA P\u00daBLICA DE M\u00daSICA<br>Datas: 24 e 25\/11<br>Local: Sede da Escola \u2013 Parque da Gare<br>Hor\u00e1rios:<br>24\/11 \u2013 14h \u00e0s 15h<br>25\/11 \u2013 9h \u00e0s 10h<br>Atividade: Din\u00e2micas de musicaliza\u00e7\u00e3o infantil apresentadas a partir das pr\u00e1ticas realizadas com alunos da Escola Vov\u00f3 Nelly, mostrando como a m\u00fasica apoia o desenvolvimento sensorial e criativo das crian\u00e7as.<\/p>\n\n\n\n<p>ESCOLA P\u00daBLICA DE ARTE E CRIATIVIDADE<br>Data: 26\/11<br>Local: Escola de Arte e Criatividade e Pra\u00e7a Antonino Xavier<br>Hor\u00e1rios: 14h \u00e0s 15h30 e 16h \u00e0s 17h30<br>Atividade: Interven\u00e7\u00f5es art\u00edsticas na pra\u00e7a, envolvendo estudantes em processos de cria\u00e7\u00e3o que transformam o espa\u00e7o p\u00fablico em ambiente de express\u00e3o, conviv\u00eancia e pertencimento.<\/p>\n\n\n\n<p>ESCOLA P\u00daBLICA DE GERA\u00c7\u00d5ES<br>Data: 26\/11<br>Local: Pra\u00e7a da Cuia<br>Hor\u00e1rio: 14h \u00e0s 16h30<br>Atividade:<br>14h \u2013 Encontro de Bandas: Projeto Transforma\u00e7\u00e3o x Banda Dati\/Comai<br>15h \u2013 Mateada e integra\u00e7\u00e3o entre os participantes<br>A proposta valoriza a conviv\u00eancia entre gera\u00e7\u00f5es e o uso coletivo dos espa\u00e7os p\u00fablicos.<\/p>\n\n\n\n<p>ESCOLA P\u00daBLICA DE ESPORTES<br>Datas: 24 e 25\/11<br>Local: Centro de Esporte e Lazer Fredolino Chimango<br>Hor\u00e1rio: 13h30 \u00e0s 17h<br>Atividade: Olimp\u00edadas entre os polos atendidos pela Escola, com modalidades como voleibol e futsal, promovendo coopera\u00e7\u00e3o, sa\u00fade e trabalho em equipe.<\/p>\n\n\n\n<p>ESCOLA P\u00daBLICA DE TR\u00c2NSITO \u2013 ELOY FIEBIG<br>Datas: 25 e 26\/11<br>Local: Escola P\u00fablica de Tr\u00e2nsito<br>Hor\u00e1rio: Manh\u00e3<br>Atividade: Oficina de produ\u00e7\u00e3o de cart\u00f5es para fam\u00edlias de v\u00edtimas de acidentes de tr\u00e2nsito, em refer\u00eancia ao Dia Internacional em Mem\u00f3ria \u00e0s V\u00edtimas do Tr\u00e2nsito (segundo domingo de novembro).<\/p>\n\n\n\n<p>ESCOLA P\u00daBLICA DE SUSTENTABILIDADE<br>Datas: 24 a 28\/11<br>Local: Parque Ambiental Banhado da Vergueiro<br>Hor\u00e1rios: manh\u00e3 e tarde, conforme dia<br>Atividade: Oficinas do Projeto Olho d\u2019\u00c1gua e do Projeto \u00c1guas Ga\u00fachas: Brincando e Aprendendo, realizadas em parceria com o Minist\u00e9rio da Cultura, Instituto Aegea e Corsan. As atividades envolvem jogos, intera\u00e7\u00e3o l\u00fadica e conhecimentos sobre \u00e1guas e bacias hidrogr\u00e1ficas.<\/p>\n\n\n\n<p>ESCOLA P\u00daBLICA DE INOVA\u00c7\u00c3O<br>Datas: 27 e 28\/11<br>Local: Escola de Inova\u00e7\u00e3o<br>Hor\u00e1rios: 8h \u00e0s 11h e 14h \u00e0s 17h<br>Atividade: Dia de jogos digitais para estudantes do programa Profissionais do Futuro, com experi\u00eancias que desenvolvem racioc\u00ednio l\u00f3gico, criatividade e pensamento computacional.<\/p>\n","protected":false},"excerpt":{"rendered":"<p>A Prefeitura de Passo Fundo, por meio da Secretaria de Educa\u00e7\u00e3o, realizar\u00e1 entre os dias 24 e 28 de novembro, uma programa\u00e7\u00e3o especial alusiva ao Dia Internacional da Cidade Educadora, celebrado mundialmente [&hellip;]<\/p>\n","protected":false},"author":24,"featured_media":0,"comment_status":"closed","ping_status":"closed","sticky":false,"template":"","format":"standard","meta":{"footnotes":""},"categories":[1],"tags":[],"class_list":["post-10195","post","type-post","status-publish","format-standard","hentry","category-sem-categoria"],"yoast_head":"<!-- This site is optimized with the Yoast SEO plugin v23.8 - https:\/\/yoast.com\/wordpress\/plugins\/seo\/ -->\n<title>Prefeitura promove atividades em alus\u00e3o ao Dia Internacional da Cidade Educadora - Secretaria de Educa\u00e7\u00e3o<\/title>\n<meta name=\"robots\" content=\"index, follow, max-snippet:-1, max-image-preview:large, max-video-preview:-1\" \/>\n<link rel=\"canonical\" href=\"https:\/\/www.pmpf.rs.gov.br\/educacao\/2025\/11\/21\/prefeitura-promove-atividades-em-alusao-ao-dia-internacional-da-cidade-educadora\/\" \/>\n<meta property=\"og:locale\" content=\"pt_BR\" \/>\n<meta property=\"og:type\" content=\"article\" \/>\n<meta property=\"og:title\" content=\"Prefeitura promove atividades em alus\u00e3o ao Dia Internacional da Cidade Educadora - Secretaria de Educa\u00e7\u00e3o\" \/>\n<meta property=\"og:description\" content=\"A Prefeitura de Passo Fundo, por meio da Secretaria de Educa\u00e7\u00e3o, realizar\u00e1 entre os dias 24 e 28 de novembro, uma programa\u00e7\u00e3o especial alusiva ao Dia Internacional da Cidade Educadora, celebrado mundialmente [&hellip;]\" \/>\n<meta property=\"og:url\" content=\"https:\/\/www.pmpf.rs.gov.br\/educacao\/2025\/11\/21\/prefeitura-promove-atividades-em-alusao-ao-dia-internacional-da-cidade-educadora\/\" \/>\n<meta property=\"og:site_name\" content=\"Secretaria de Educa\u00e7\u00e3o\" \/>\n<meta property=\"article:published_time\" content=\"2025-11-21T12:40:04+00:00\" \/>\n<meta property=\"article:modified_time\" content=\"2025-11-21T12:40:12+00:00\" \/>\n<meta name=\"author\" content=\"lilicrivello\" \/>\n<meta name=\"twitter:card\" content=\"summary_large_image\" \/>\n<meta name=\"twitter:label1\" content=\"Escrito por\" \/>\n\t<meta name=\"twitter:data1\" content=\"lilicrivello\" \/>\n\t<meta name=\"twitter:label2\" content=\"Est. tempo de leitura\" \/>\n\t<meta name=\"twitter:data2\" content=\"4 minutos\" \/>\n<script type=\"application\/ld+json\" class=\"yoast-schema-graph\">{\"@context\":\"https:\/\/schema.org\",\"@graph\":[{\"@type\":\"WebPage\",\"@id\":\"https:\/\/www.pmpf.rs.gov.br\/educacao\/2025\/11\/21\/prefeitura-promove-atividades-em-alusao-ao-dia-internacional-da-cidade-educadora\/\",\"url\":\"https:\/\/www.pmpf.rs.gov.br\/educacao\/2025\/11\/21\/prefeitura-promove-atividades-em-alusao-ao-dia-internacional-da-cidade-educadora\/\",\"name\":\"Prefeitura promove atividades em alus\u00e3o ao Dia Internacional da Cidade Educadora - Secretaria de Educa\u00e7\u00e3o\",\"isPartOf\":{\"@id\":\"https:\/\/www.pmpf.rs.gov.br\/educacao\/#website\"},\"datePublished\":\"2025-11-21T12:40:04+00:00\",\"dateModified\":\"2025-11-21T12:40:12+00:00\",\"author\":{\"@id\":\"https:\/\/www.pmpf.rs.gov.br\/educacao\/#\/schema\/person\/6e93b0ab2174b69f691ac4f278ba2d0a\"},\"inLanguage\":\"pt-BR\",\"potentialAction\":[{\"@type\":\"ReadAction\",\"target\":[\"https:\/\/www.pmpf.rs.gov.br\/educacao\/2025\/11\/21\/prefeitura-promove-atividades-em-alusao-ao-dia-internacional-da-cidade-educadora\/\"]}]},{\"@type\":\"WebSite\",\"@id\":\"https:\/\/www.pmpf.rs.gov.br\/educacao\/#website\",\"url\":\"https:\/\/www.pmpf.rs.gov.br\/educacao\/\",\"name\":\"Secretaria de Educa\u00e7\u00e3o\",\"description\":\"Secretaria de Educa\u00e7\u00e3o da cidade de Passo Fundo\",\"potentialAction\":[{\"@type\":\"SearchAction\",\"target\":{\"@type\":\"EntryPoint\",\"urlTemplate\":\"https:\/\/www.pmpf.rs.gov.br\/educacao\/?s={search_term_string}\"},\"query-input\":{\"@type\":\"PropertyValueSpecification\",\"valueRequired\":true,\"valueName\":\"search_term_string\"}}],\"inLanguage\":\"pt-BR\"},{\"@type\":\"Person\",\"@id\":\"https:\/\/www.pmpf.rs.gov.br\/educacao\/#\/schema\/person\/6e93b0ab2174b69f691ac4f278ba2d0a\",\"name\":\"lilicrivello\",\"image\":{\"@type\":\"ImageObject\",\"inLanguage\":\"pt-BR\",\"@id\":\"https:\/\/www.pmpf.rs.gov.br\/educacao\/#\/schema\/person\/image\/\",\"url\":\"https:\/\/secure.gravatar.com\/avatar\/0b546b667388f8edb7b67d70a57b5e46?s=96&d=mm&r=g\",\"contentUrl\":\"https:\/\/secure.gravatar.com\/avatar\/0b546b667388f8edb7b67d70a57b5e46?s=96&d=mm&r=g\",\"caption\":\"lilicrivello\"},\"url\":\"https:\/\/www.pmpf.rs.gov.br\/educacao\/author\/lilicrivello\/\"}]}<\/script>\n<!-- \/ Yoast SEO plugin. -->","yoast_head_json":{"title":"Prefeitura promove atividades em alus\u00e3o ao Dia Internacional da Cidade Educadora - Secretaria de Educa\u00e7\u00e3o","robots":{"index":"index","follow":"follow","max-snippet":"max-snippet:-1","max-image-preview":"max-image-preview:large","max-video-preview":"max-video-preview:-1"},"canonical":"https:\/\/www.pmpf.rs.gov.br\/educacao\/2025\/11\/21\/prefeitura-promove-atividades-em-alusao-ao-dia-internacional-da-cidade-educadora\/","og_locale":"pt_BR","og_type":"article","og_title":"Prefeitura promove atividades em alus\u00e3o ao Dia Internacional da Cidade Educadora - Secretaria de Educa\u00e7\u00e3o","og_description":"A Prefeitura de Passo Fundo, por meio da Secretaria de Educa\u00e7\u00e3o, realizar\u00e1 entre os dias 24 e 28 de novembro, uma programa\u00e7\u00e3o especial alusiva ao Dia Internacional da Cidade Educadora, celebrado mundialmente [&hellip;]","og_url":"https:\/\/www.pmpf.rs.gov.br\/educacao\/2025\/11\/21\/prefeitura-promove-atividades-em-alusao-ao-dia-internacional-da-cidade-educadora\/","og_site_name":"Secretaria de Educa\u00e7\u00e3o","article_published_time":"2025-11-21T12:40:04+00:00","article_modified_time":"2025-11-21T12:40:12+00:00","author":"lilicrivello","twitter_card":"summary_large_image","twitter_misc":{"Escrito por":"lilicrivello","Est. tempo de leitura":"4 minutos"},"schema":{"@context":"https:\/\/schema.org","@graph":[{"@type":"WebPage","@id":"https:\/\/www.pmpf.rs.gov.br\/educacao\/2025\/11\/21\/prefeitura-promove-atividades-em-alusao-ao-dia-internacional-da-cidade-educadora\/","url":"https:\/\/www.pmpf.rs.gov.br\/educacao\/2025\/11\/21\/prefeitura-promove-atividades-em-alusao-ao-dia-internacional-da-cidade-educadora\/","name":"Prefeitura promove atividades em alus\u00e3o ao Dia Internacional da Cidade Educadora - Secretaria de Educa\u00e7\u00e3o","isPartOf":{"@id":"https:\/\/www.pmpf.rs.gov.br\/educacao\/#website"},"datePublished":"2025-11-21T12:40:04+00:00","dateModified":"2025-11-21T12:40:12+00:00","author":{"@id":"https:\/\/www.pmpf.rs.gov.br\/educacao\/#\/schema\/person\/6e93b0ab2174b69f691ac4f278ba2d0a"},"inLanguage":"pt-BR","potentialAction":[{"@type":"ReadAction","target":["https:\/\/www.pmpf.rs.gov.br\/educacao\/2025\/11\/21\/prefeitura-promove-atividades-em-alusao-ao-dia-internacional-da-cidade-educadora\/"]}]},{"@type":"WebSite","@id":"https:\/\/www.pmpf.rs.gov.br\/educacao\/#website","url":"https:\/\/www.pmpf.rs.gov.br\/educacao\/","name":"Secretaria de Educa\u00e7\u00e3o","description":"Secretaria de Educa\u00e7\u00e3o da cidade de Passo Fundo","potentialAction":[{"@type":"SearchAction","target":{"@type":"EntryPoint","urlTemplate":"https:\/\/www.pmpf.rs.gov.br\/educacao\/?s={search_term_string}"},"query-input":{"@type":"PropertyValueSpecification","valueRequired":true,"valueName":"search_term_string"}}],"inLanguage":"pt-BR"},{"@type":"Person","@id":"https:\/\/www.pmpf.rs.gov.br\/educacao\/#\/schema\/person\/6e93b0ab2174b69f691ac4f278ba2d0a","name":"lilicrivello","image":{"@type":"ImageObject","inLanguage":"pt-BR","@id":"https:\/\/www.pmpf.rs.gov.br\/educacao\/#\/schema\/person\/image\/","url":"https:\/\/secure.gravatar.com\/avatar\/0b546b667388f8edb7b67d70a57b5e46?s=96&d=mm&r=g","contentUrl":"https:\/\/secure.gravatar.com\/avatar\/0b546b667388f8edb7b67d70a57b5e46?s=96&d=mm&r=g","caption":"lilicrivello"},"url":"https:\/\/www.pmpf.rs.gov.br\/educacao\/author\/lilicrivello\/"}]}},"_links":{"self":[{"href":"https:\/\/www.pmpf.rs.gov.br\/educacao\/wp-json\/wp\/v2\/posts\/10195"}],"collection":[{"href":"https:\/\/www.pmpf.rs.gov.br\/educacao\/wp-json\/wp\/v2\/posts"}],"about":[{"href":"https:\/\/www.pmpf.rs.gov.br\/educacao\/wp-json\/wp\/v2\/types\/post"}],"author":[{"embeddable":true,"href":"https:\/\/www.pmpf.rs.gov.br\/educacao\/wp-json\/wp\/v2\/users\/24"}],"replies":[{"embeddable":true,"href":"https:\/\/www.pmpf.rs.gov.br\/educacao\/wp-json\/wp\/v2\/comments?post=10195"}],"version-history":[{"count":1,"href":"https:\/\/www.pmpf.rs.gov.br\/educacao\/wp-json\/wp\/v2\/posts\/10195\/revisions"}],"predecessor-version":[{"id":10196,"href":"https:\/\/www.pmpf.rs.gov.br\/educacao\/wp-json\/wp\/v2\/posts\/10195\/revisions\/10196"}],"wp:attachment":[{"href":"https:\/\/www.pmpf.rs.gov.br\/educacao\/wp-json\/wp\/v2\/media?parent=10195"}],"wp:term":[{"taxonomy":"category","embeddable":true,"href":"https:\/\/www.pmpf.rs.gov.br\/educacao\/wp-json\/wp\/v2\/categories?post=10195"},{"taxonomy":"post_tag","embeddable":true,"href":"https:\/\/www.pmpf.rs.gov.br\/educacao\/wp-json\/wp\/v2\/tags?post=10195"}],"curies":[{"name":"wp","href":"https:\/\/api.w.org\/{rel}","templated":true}]}}