{"id":10192,"date":"2025-11-19T09:49:07","date_gmt":"2025-11-19T12:49:07","guid":{"rendered":"https:\/\/www.pmpf.rs.gov.br\/educacao\/?p=10192"},"modified":"2025-11-19T09:49:26","modified_gmt":"2025-11-19T12:49:26","slug":"prefeitura-anuncia-os-alunos-que-irao-para-a-missao-cidade-educadora-destino-medellin","status":"publish","type":"post","link":"https:\/\/www.pmpf.rs.gov.br\/educacao\/2025\/11\/19\/prefeitura-anuncia-os-alunos-que-irao-para-a-missao-cidade-educadora-destino-medellin\/","title":{"rendered":"Prefeitura anuncia os alunos que ir\u00e3o para a Miss\u00e3o Cidade Educadora &#8211; Destino Medell\u00edn"},"content":{"rendered":"\n<p><\/p>\n\n\n\n<p>A Prefeitura de Passo Fundo anunciou, nesta ter\u00e7a-feira, os nomes dos alunos Embaixadores da Miss\u00e3o Cidade Educadora 2026 e apresentou oficialmente o pr\u00f3ximo destino internacional do programa, que ser\u00e1 Medell\u00edn, na Col\u00f4mbia. A miss\u00e3o conecta, todos os anos, estudantes da rede municipal a experi\u00eancias de interc\u00e2mbio de conhecimento em centros globais que comp\u00f5em a associa\u00e7\u00e3o de cidades educadoras.<\/p>\n\n\n\n<p>A atividade foi conduzida pelo secret\u00e1rio municipal de Educa\u00e7\u00e3o, Adriano Canabarro Teixeira, que recebeu autoridades, diretores, professores, estudantes finalistas, fam\u00edlias e parceiros institucionais em um encontro de celebra\u00e7\u00e3o e reconhecimento. Em sua fala de abertura, ele destacou o sentido maior do projeto. \u201cA Miss\u00e3o Cidade Educadora \u00e9 um movimento que transforma. \u00c9 sobre permitir que nossos estudantes ampliem horizontes, conhe\u00e7am outras realidades e tragam de volta ideias que possam inspirar pol\u00edticas p\u00fablicas e fortalecer a nossa rede. Hoje, celebramos os que j\u00e1 viveram essa experi\u00eancia e damos as boas-vindas \u00e0 nova gera\u00e7\u00e3o que carregar\u00e1 essa bandeira em 2026\u201d, declarou o secret\u00e1rio.<\/p>\n\n\n\n<p>O prefeito Pedro Almeida destacou o orgulho da administra\u00e7\u00e3o municipal na consolida\u00e7\u00e3o de uma pol\u00edtica p\u00fablica que coloca Passo Fundo no mapa internacional da inova\u00e7\u00e3o educacional, e tamb\u00e9m refor\u00e7ou que o programa seguir\u00e1 sempre com foco no protagonismo dos alunos e na forma\u00e7\u00e3o integral. \u201cA Miss\u00e3o Cidade Educadora j\u00e1 \u00e9 uma marca da nossa cidade. \u00c9 um investimento que transforma vidas, que amplia expectativas e que mostra ao pa\u00eds que a escola p\u00fablica pode, e deve, oferecer experi\u00eancias de excel\u00eancia. Tenho orgulho de ver nossos estudantes representando Passo Fundo no mundo e levando consigo o melhor da nossa gente\u201d, afirmou.<\/p>\n\n\n\n<p>Os Embaixadores 2025 \u2014 Alexandra Passos (EMEF Santo Agostinho), Arthur Bauermann Ramos (EMEF Urbano Ribas), Isadora Terre Gomes e Luisa Passos Gasparin de Barros (EMEF Zeferino Dem\u00e9trio Costi), e Rafaella Machado Monteiro (EMEF Arlindo Luiz Os\u00f3rio), receberam uma homenagem do Executivo Municipal. Eles subiram ao palco, acompanhados dos professores, representando a trajet\u00f3ria vivida na miss\u00e3o que, em 2025, teve como destino a cidade de Bruxelas, na B\u00e9lgica.<\/p>\n\n\n\n<p>Na sequ\u00eancia, foi reconhecido o trabalho das escolas privadas que, ao longo do ano, elaboraram os Hackathons educacionais \u2014 Instituto Redentorista Menino Deus, Col\u00e9gio Marista Concei\u00e7\u00e3o, Col\u00e9gio Bom Conselho e Integrado UPF \u2014 e das empresas parceiras Be8 e RazaoInfo, ambas certificadas com o Selo de Parceiro da Cidade Educadora 2025. Para o secret\u00e1rio, a constru\u00e7\u00e3o coletiva \u00e9 determinante: \u201cUma Cidade Educadora s\u00f3 existe quando a comunidade se une em torno do prop\u00f3sito de formar pessoas. O projeto \u00e9 p\u00fablico, mas a miss\u00e3o \u00e9 de todos n\u00f3s\u201d, refor\u00e7ou.<\/p>\n\n\n\n<p>Os participantes assistiram a um v\u00eddeo institucional que revisitou as tr\u00eas miss\u00f5es j\u00e1 realizadas \u2014 Barcelona (2023), Genebra (2024) e Bruxelas (2025) \u2014 mostrando o impacto da viv\u00eancia internacional na forma\u00e7\u00e3o acad\u00eamica, cultural e cidad\u00e3 dos jovens selecionados, e que revelou o destino da Miss\u00e3o Cidade Educadora 2026.<\/p>\n\n\n\n<p>A escolha de Medell\u00edn, na Col\u00f4mbia, se deve ao fato de que a cidade se consolidou como refer\u00eancia global em inova\u00e7\u00e3o e intelig\u00eancia urbana, inspirando novas formas de pensar e construir o futuro das cidades, ao mesmo tempo em que expressa, em cada bairro e iniciativa, o poder da educa\u00e7\u00e3o para transformar realidades. Ao longo dos anos, Medell\u00edn reinventou seus espa\u00e7os, colocou as pessoas no centro do processo e converteu desafios em pot\u00eancia criativa, tornando-se um exemplo vivo de inova\u00e7\u00e3o urbana e social. Mais do que destino, Medell\u00edn \u00e9 li\u00e7\u00e3o: um laborat\u00f3rio de educa\u00e7\u00e3o cidad\u00e3 onde tecnologia, cultura e participa\u00e7\u00e3o se encontram para mostrar ao mundo novas formas de construir cidades mais humanas, inclusivas e cheias de esperan\u00e7a.<\/p>\n\n\n\n<p>O momento mais aguardado do evento foi o an\u00fancio dos novos Embaixadores da Miss\u00e3o Cidade Educadora 2026. Ap\u00f3s a apresenta\u00e7\u00e3o dos crit\u00e9rios de sele\u00e7\u00e3o e um resgate das edi\u00e7\u00f5es anteriores, os vencedores foram chamados por \u00e1rea do conhecimento \u2014 Ci\u00eancias da Natureza, Ci\u00eancias Humanas, Linguagens e Matem\u00e1tica \u2014 recebendo o trof\u00e9u das m\u00e3os do prefeito Pedro Almeida e dos Embaixadores 2025.<\/p>\n\n\n\n<p>Os quatro estudantes permaneceram no palco at\u00e9 o encerramento da revela\u00e7\u00e3o, que terminou com o an\u00fancio do quinto integrante da equipe: o Aluno TOTB, respons\u00e1vel pelo destaque no processo de gamifica\u00e7\u00e3o promovido ao longo do ano. Logo depois, tamb\u00e9m foi entregue o pr\u00eamio \u00e0 escola vencedora da Gamifica\u00e7\u00e3o 2025, refor\u00e7ando o incentivo \u00e0 participa\u00e7\u00e3o qualificada dos educand\u00e1rios da rede.<\/p>\n\n\n\n<p><strong>Embaixadores 2026<br><\/strong>Linguagens<br>EMEF GEORGINA ROSADO<br><strong>Melany Luiza Moraes Vinoski<\/strong><\/p>\n\n\n\n<p>Matem\u00e1tica<br>EMEF NOTRE DAME<br><strong>Estev\u00e3o Monteiro Bledoa da Silva<\/strong><\/p>\n\n\n\n<p>Ci\u00eancias da Natureza<br>EMEF BENONI ROSADO<br><strong>Mauricio Borges Ribeiro<\/strong><\/p>\n\n\n\n<p>Ci\u00eancias Humanas<br>EMEF ROMANA GOBBI<br><strong>Valnise Aide<\/strong><\/p>\n\n\n\n<p>Gamifica\u00e7\u00e3o EMEFs<br>EMEF ARLINDO DE SOUZA MATTOS<br><strong>Murilo de Souza Dar\u00e9<\/strong><\/p>\n","protected":false},"excerpt":{"rendered":"<p>A Prefeitura de Passo Fundo anunciou, nesta ter\u00e7a-feira, os nomes dos alunos Embaixadores da Miss\u00e3o Cidade Educadora 2026 e apresentou oficialmente o pr\u00f3ximo destino internacional do programa, que ser\u00e1 Medell\u00edn, na Col\u00f4mbia. [&hellip;]<\/p>\n","protected":false},"author":24,"featured_media":10193,"comment_status":"closed","ping_status":"closed","sticky":false,"template":"","format":"standard","meta":{"footnotes":""},"categories":[1],"tags":[],"class_list":["post-10192","post","type-post","status-publish","format-standard","has-post-thumbnail","hentry","category-sem-categoria"],"yoast_head":"<!-- This site is optimized with the Yoast SEO plugin v23.8 - https:\/\/yoast.com\/wordpress\/plugins\/seo\/ -->\n<title>Prefeitura anuncia os alunos que ir\u00e3o para a Miss\u00e3o Cidade Educadora - Destino Medell\u00edn - Secretaria de Educa\u00e7\u00e3o<\/title>\n<meta name=\"robots\" content=\"index, follow, max-snippet:-1, max-image-preview:large, max-video-preview:-1\" \/>\n<link rel=\"canonical\" href=\"https:\/\/www.pmpf.rs.gov.br\/educacao\/2025\/11\/19\/prefeitura-anuncia-os-alunos-que-irao-para-a-missao-cidade-educadora-destino-medellin\/\" \/>\n<meta property=\"og:locale\" content=\"pt_BR\" \/>\n<meta property=\"og:type\" content=\"article\" \/>\n<meta property=\"og:title\" content=\"Prefeitura anuncia os alunos que ir\u00e3o para a Miss\u00e3o Cidade Educadora - Destino Medell\u00edn - Secretaria de Educa\u00e7\u00e3o\" \/>\n<meta property=\"og:description\" content=\"A Prefeitura de Passo Fundo anunciou, nesta ter\u00e7a-feira, os nomes dos alunos Embaixadores da Miss\u00e3o Cidade Educadora 2026 e apresentou oficialmente o pr\u00f3ximo destino internacional do programa, que ser\u00e1 Medell\u00edn, na Col\u00f4mbia. [&hellip;]\" \/>\n<meta property=\"og:url\" content=\"https:\/\/www.pmpf.rs.gov.br\/educacao\/2025\/11\/19\/prefeitura-anuncia-os-alunos-que-irao-para-a-missao-cidade-educadora-destino-medellin\/\" \/>\n<meta property=\"og:site_name\" content=\"Secretaria de Educa\u00e7\u00e3o\" \/>\n<meta property=\"article:published_time\" content=\"2025-11-19T12:49:07+00:00\" \/>\n<meta property=\"article:modified_time\" content=\"2025-11-19T12:49:26+00:00\" \/>\n<meta name=\"author\" content=\"lilicrivello\" \/>\n<meta name=\"twitter:card\" content=\"summary_large_image\" \/>\n<meta name=\"twitter:label1\" content=\"Escrito por\" \/>\n\t<meta name=\"twitter:data1\" content=\"lilicrivello\" \/>\n\t<meta name=\"twitter:label2\" content=\"Est. tempo de leitura\" \/>\n\t<meta name=\"twitter:data2\" content=\"4 minutos\" \/>\n<script type=\"application\/ld+json\" class=\"yoast-schema-graph\">{\"@context\":\"https:\/\/schema.org\",\"@graph\":[{\"@type\":\"WebPage\",\"@id\":\"https:\/\/www.pmpf.rs.gov.br\/educacao\/2025\/11\/19\/prefeitura-anuncia-os-alunos-que-irao-para-a-missao-cidade-educadora-destino-medellin\/\",\"url\":\"https:\/\/www.pmpf.rs.gov.br\/educacao\/2025\/11\/19\/prefeitura-anuncia-os-alunos-que-irao-para-a-missao-cidade-educadora-destino-medellin\/\",\"name\":\"Prefeitura anuncia os alunos que ir\u00e3o para a Miss\u00e3o Cidade Educadora - Destino Medell\u00edn - Secretaria de Educa\u00e7\u00e3o\",\"isPartOf\":{\"@id\":\"https:\/\/www.pmpf.rs.gov.br\/educacao\/#website\"},\"primaryImageOfPage\":{\"@id\":\"https:\/\/www.pmpf.rs.gov.br\/educacao\/2025\/11\/19\/prefeitura-anuncia-os-alunos-que-irao-para-a-missao-cidade-educadora-destino-medellin\/#primaryimage\"},\"image\":{\"@id\":\"https:\/\/www.pmpf.rs.gov.br\/educacao\/2025\/11\/19\/prefeitura-anuncia-os-alunos-que-irao-para-a-missao-cidade-educadora-destino-medellin\/#primaryimage\"},\"thumbnailUrl\":\"https:\/\/www.pmpf.rs.gov.br\/educacao\/wp-content\/uploads\/sites\/43\/2025\/11\/MSF03341-scaled.jpg\",\"datePublished\":\"2025-11-19T12:49:07+00:00\",\"dateModified\":\"2025-11-19T12:49:26+00:00\",\"author\":{\"@id\":\"https:\/\/www.pmpf.rs.gov.br\/educacao\/#\/schema\/person\/6e93b0ab2174b69f691ac4f278ba2d0a\"},\"inLanguage\":\"pt-BR\",\"potentialAction\":[{\"@type\":\"ReadAction\",\"target\":[\"https:\/\/www.pmpf.rs.gov.br\/educacao\/2025\/11\/19\/prefeitura-anuncia-os-alunos-que-irao-para-a-missao-cidade-educadora-destino-medellin\/\"]}]},{\"@type\":\"ImageObject\",\"inLanguage\":\"pt-BR\",\"@id\":\"https:\/\/www.pmpf.rs.gov.br\/educacao\/2025\/11\/19\/prefeitura-anuncia-os-alunos-que-irao-para-a-missao-cidade-educadora-destino-medellin\/#primaryimage\",\"url\":\"https:\/\/www.pmpf.rs.gov.br\/educacao\/wp-content\/uploads\/sites\/43\/2025\/11\/MSF03341-scaled.jpg\",\"contentUrl\":\"https:\/\/www.pmpf.rs.gov.br\/educacao\/wp-content\/uploads\/sites\/43\/2025\/11\/MSF03341-scaled.jpg\",\"width\":2560,\"height\":1707},{\"@type\":\"WebSite\",\"@id\":\"https:\/\/www.pmpf.rs.gov.br\/educacao\/#website\",\"url\":\"https:\/\/www.pmpf.rs.gov.br\/educacao\/\",\"name\":\"Secretaria de Educa\u00e7\u00e3o\",\"description\":\"Secretaria de Educa\u00e7\u00e3o da cidade de Passo Fundo\",\"potentialAction\":[{\"@type\":\"SearchAction\",\"target\":{\"@type\":\"EntryPoint\",\"urlTemplate\":\"https:\/\/www.pmpf.rs.gov.br\/educacao\/?s={search_term_string}\"},\"query-input\":{\"@type\":\"PropertyValueSpecification\",\"valueRequired\":true,\"valueName\":\"search_term_string\"}}],\"inLanguage\":\"pt-BR\"},{\"@type\":\"Person\",\"@id\":\"https:\/\/www.pmpf.rs.gov.br\/educacao\/#\/schema\/person\/6e93b0ab2174b69f691ac4f278ba2d0a\",\"name\":\"lilicrivello\",\"image\":{\"@type\":\"ImageObject\",\"inLanguage\":\"pt-BR\",\"@id\":\"https:\/\/www.pmpf.rs.gov.br\/educacao\/#\/schema\/person\/image\/\",\"url\":\"https:\/\/secure.gravatar.com\/avatar\/0b546b667388f8edb7b67d70a57b5e46?s=96&d=mm&r=g\",\"contentUrl\":\"https:\/\/secure.gravatar.com\/avatar\/0b546b667388f8edb7b67d70a57b5e46?s=96&d=mm&r=g\",\"caption\":\"lilicrivello\"},\"url\":\"https:\/\/www.pmpf.rs.gov.br\/educacao\/author\/lilicrivello\/\"}]}<\/script>\n<!-- \/ Yoast SEO plugin. -->","yoast_head_json":{"title":"Prefeitura anuncia os alunos que ir\u00e3o para a Miss\u00e3o Cidade Educadora - Destino Medell\u00edn - Secretaria de Educa\u00e7\u00e3o","robots":{"index":"index","follow":"follow","max-snippet":"max-snippet:-1","max-image-preview":"max-image-preview:large","max-video-preview":"max-video-preview:-1"},"canonical":"https:\/\/www.pmpf.rs.gov.br\/educacao\/2025\/11\/19\/prefeitura-anuncia-os-alunos-que-irao-para-a-missao-cidade-educadora-destino-medellin\/","og_locale":"pt_BR","og_type":"article","og_title":"Prefeitura anuncia os alunos que ir\u00e3o para a Miss\u00e3o Cidade Educadora - Destino Medell\u00edn - Secretaria de Educa\u00e7\u00e3o","og_description":"A Prefeitura de Passo Fundo anunciou, nesta ter\u00e7a-feira, os nomes dos alunos Embaixadores da Miss\u00e3o Cidade Educadora 2026 e apresentou oficialmente o pr\u00f3ximo destino internacional do programa, que ser\u00e1 Medell\u00edn, na Col\u00f4mbia. [&hellip;]","og_url":"https:\/\/www.pmpf.rs.gov.br\/educacao\/2025\/11\/19\/prefeitura-anuncia-os-alunos-que-irao-para-a-missao-cidade-educadora-destino-medellin\/","og_site_name":"Secretaria de Educa\u00e7\u00e3o","article_published_time":"2025-11-19T12:49:07+00:00","article_modified_time":"2025-11-19T12:49:26+00:00","author":"lilicrivello","twitter_card":"summary_large_image","twitter_misc":{"Escrito por":"lilicrivello","Est. tempo de leitura":"4 minutos"},"schema":{"@context":"https:\/\/schema.org","@graph":[{"@type":"WebPage","@id":"https:\/\/www.pmpf.rs.gov.br\/educacao\/2025\/11\/19\/prefeitura-anuncia-os-alunos-que-irao-para-a-missao-cidade-educadora-destino-medellin\/","url":"https:\/\/www.pmpf.rs.gov.br\/educacao\/2025\/11\/19\/prefeitura-anuncia-os-alunos-que-irao-para-a-missao-cidade-educadora-destino-medellin\/","name":"Prefeitura anuncia os alunos que ir\u00e3o para a Miss\u00e3o Cidade Educadora - Destino Medell\u00edn - Secretaria de Educa\u00e7\u00e3o","isPartOf":{"@id":"https:\/\/www.pmpf.rs.gov.br\/educacao\/#website"},"primaryImageOfPage":{"@id":"https:\/\/www.pmpf.rs.gov.br\/educacao\/2025\/11\/19\/prefeitura-anuncia-os-alunos-que-irao-para-a-missao-cidade-educadora-destino-medellin\/#primaryimage"},"image":{"@id":"https:\/\/www.pmpf.rs.gov.br\/educacao\/2025\/11\/19\/prefeitura-anuncia-os-alunos-que-irao-para-a-missao-cidade-educadora-destino-medellin\/#primaryimage"},"thumbnailUrl":"https:\/\/www.pmpf.rs.gov.br\/educacao\/wp-content\/uploads\/sites\/43\/2025\/11\/MSF03341-scaled.jpg","datePublished":"2025-11-19T12:49:07+00:00","dateModified":"2025-11-19T12:49:26+00:00","author":{"@id":"https:\/\/www.pmpf.rs.gov.br\/educacao\/#\/schema\/person\/6e93b0ab2174b69f691ac4f278ba2d0a"},"inLanguage":"pt-BR","potentialAction":[{"@type":"ReadAction","target":["https:\/\/www.pmpf.rs.gov.br\/educacao\/2025\/11\/19\/prefeitura-anuncia-os-alunos-que-irao-para-a-missao-cidade-educadora-destino-medellin\/"]}]},{"@type":"ImageObject","inLanguage":"pt-BR","@id":"https:\/\/www.pmpf.rs.gov.br\/educacao\/2025\/11\/19\/prefeitura-anuncia-os-alunos-que-irao-para-a-missao-cidade-educadora-destino-medellin\/#primaryimage","url":"https:\/\/www.pmpf.rs.gov.br\/educacao\/wp-content\/uploads\/sites\/43\/2025\/11\/MSF03341-scaled.jpg","contentUrl":"https:\/\/www.pmpf.rs.gov.br\/educacao\/wp-content\/uploads\/sites\/43\/2025\/11\/MSF03341-scaled.jpg","width":2560,"height":1707},{"@type":"WebSite","@id":"https:\/\/www.pmpf.rs.gov.br\/educacao\/#website","url":"https:\/\/www.pmpf.rs.gov.br\/educacao\/","name":"Secretaria de Educa\u00e7\u00e3o","description":"Secretaria de Educa\u00e7\u00e3o da cidade de Passo Fundo","potentialAction":[{"@type":"SearchAction","target":{"@type":"EntryPoint","urlTemplate":"https:\/\/www.pmpf.rs.gov.br\/educacao\/?s={search_term_string}"},"query-input":{"@type":"PropertyValueSpecification","valueRequired":true,"valueName":"search_term_string"}}],"inLanguage":"pt-BR"},{"@type":"Person","@id":"https:\/\/www.pmpf.rs.gov.br\/educacao\/#\/schema\/person\/6e93b0ab2174b69f691ac4f278ba2d0a","name":"lilicrivello","image":{"@type":"ImageObject","inLanguage":"pt-BR","@id":"https:\/\/www.pmpf.rs.gov.br\/educacao\/#\/schema\/person\/image\/","url":"https:\/\/secure.gravatar.com\/avatar\/0b546b667388f8edb7b67d70a57b5e46?s=96&d=mm&r=g","contentUrl":"https:\/\/secure.gravatar.com\/avatar\/0b546b667388f8edb7b67d70a57b5e46?s=96&d=mm&r=g","caption":"lilicrivello"},"url":"https:\/\/www.pmpf.rs.gov.br\/educacao\/author\/lilicrivello\/"}]}},"_links":{"self":[{"href":"https:\/\/www.pmpf.rs.gov.br\/educacao\/wp-json\/wp\/v2\/posts\/10192"}],"collection":[{"href":"https:\/\/www.pmpf.rs.gov.br\/educacao\/wp-json\/wp\/v2\/posts"}],"about":[{"href":"https:\/\/www.pmpf.rs.gov.br\/educacao\/wp-json\/wp\/v2\/types\/post"}],"author":[{"embeddable":true,"href":"https:\/\/www.pmpf.rs.gov.br\/educacao\/wp-json\/wp\/v2\/users\/24"}],"replies":[{"embeddable":true,"href":"https:\/\/www.pmpf.rs.gov.br\/educacao\/wp-json\/wp\/v2\/comments?post=10192"}],"version-history":[{"count":1,"href":"https:\/\/www.pmpf.rs.gov.br\/educacao\/wp-json\/wp\/v2\/posts\/10192\/revisions"}],"predecessor-version":[{"id":10194,"href":"https:\/\/www.pmpf.rs.gov.br\/educacao\/wp-json\/wp\/v2\/posts\/10192\/revisions\/10194"}],"wp:featuredmedia":[{"embeddable":true,"href":"https:\/\/www.pmpf.rs.gov.br\/educacao\/wp-json\/wp\/v2\/media\/10193"}],"wp:attachment":[{"href":"https:\/\/www.pmpf.rs.gov.br\/educacao\/wp-json\/wp\/v2\/media?parent=10192"}],"wp:term":[{"taxonomy":"category","embeddable":true,"href":"https:\/\/www.pmpf.rs.gov.br\/educacao\/wp-json\/wp\/v2\/categories?post=10192"},{"taxonomy":"post_tag","embeddable":true,"href":"https:\/\/www.pmpf.rs.gov.br\/educacao\/wp-json\/wp\/v2\/tags?post=10192"}],"curies":[{"name":"wp","href":"https:\/\/api.w.org\/{rel}","templated":true}]}}