{"id":633,"date":"2014-10-10T03:00:00","date_gmt":"2014-10-10T06:00:00","guid":{"rendered":"https:\/\/www.pmpf.rs.gov.br\/secretaria-de-cultura\/2014\/10\/10\/cultura-itinerante-acontece-no-bairro-no-manoel-corralo-neste-domingo\/"},"modified":"2014-10-10T03:00:00","modified_gmt":"2014-10-10T06:00:00","slug":"cultura-itinerante-acontece-no-bairro-no-manoel-corralo-neste-domingo","status":"publish","type":"post","link":"https:\/\/www.pmpf.rs.gov.br\/cultura\/2014\/10\/10\/cultura-itinerante-acontece-no-bairro-no-manoel-corralo-neste-domingo\/","title":{"rendered":"Cultura Itinerante acontece no Bairro no Manoel Corralo neste domingo"},"content":{"rendered":"<div align=\"justify\">Promover o acesso as mais variadas manifesta\u00e7\u00f5es culturais \u00e9 o principal objetivo do Projeto Cultura Itinerante, que tem a pr\u00f3xima edi\u00e7\u00e3o neste domingo (12), no Bairro Manoel Corralo, em frente a Escola Municipal Geny Ara\u00fajo Rebequi.  <\/div>\n<p align=\"justify\" style=\"margin-bottom: 0cm;\">A Prefeitura de Passo Fundo, por meio da Secretaria de Desporto e Cultura, realiza o projeto que fomenta as produ\u00e7\u00f5es culturais da cidade, assim como o acesso da popula\u00e7\u00e3o. A iniciativa conta com parceria da Secretaria da Cultura do Estado, a partir do N\u00facleo Pr\u00f3 Cultura e do Fundo de Apoio a Cultura.<\/p>\n<div align=\"justify\">  <\/div>\n<p align=\"justify\" style=\"margin-bottom: 0cm;\">A a\u00e7\u00e3o contribui para a inser\u00e7\u00e3o cultural nos diferentes bairros de Passo Fundo, com oficinas de dan\u00e7a, artes pl\u00e1sticas, cinema, fotografia, percuss\u00e3o, teatro e apresenta\u00e7\u00f5es art\u00edsticas de forma gratuita para a comunidade.<\/p>\n<div align=\"justify\">  <\/div>\n<p align=\"justify\" style=\"margin-bottom: 0cm;\">Servi\u00e7o:<\/p>\n<div align=\"justify\">Cultura Itinerante no Bairro Manoel Corralo<br \/>12 de outubro \u2013 domingo<br \/>Hor\u00e1rio: 14 horas<br \/>Atra\u00e7\u00f5es: Banda Ala Norte; Quarteto Morada; Noleis; The Black Samba; Guapos da Agronomia; em mateada.   <\/div>\n","protected":false},"excerpt":{"rendered":"<p>Cultura Itinerante acontece no Bairro no Manoel Corralo neste domingo<\/p>\n","protected":false},"author":1,"featured_media":0,"comment_status":"open","ping_status":"open","sticky":false,"template":"","format":"standard","meta":{"footnotes":""},"categories":[],"tags":[],"class_list":["post-633","post","type-post","status-publish","format-standard","hentry"],"yoast_head":"<!-- This site is optimized with the Yoast SEO plugin v23.8 - https:\/\/yoast.com\/wordpress\/plugins\/seo\/ -->\n<title>Cultura Itinerante acontece no Bairro no Manoel Corralo neste domingo - Secretaria de Cultura<\/title>\n<meta name=\"robots\" content=\"index, follow, max-snippet:-1, max-image-preview:large, max-video-preview:-1\" \/>\n<link rel=\"canonical\" href=\"https:\/\/www.pmpf.rs.gov.br\/cultura\/2014\/10\/10\/cultura-itinerante-acontece-no-bairro-no-manoel-corralo-neste-domingo\/\" \/>\n<meta property=\"og:locale\" content=\"pt_BR\" \/>\n<meta property=\"og:type\" content=\"article\" \/>\n<meta property=\"og:title\" content=\"Cultura Itinerante acontece no Bairro no Manoel Corralo neste domingo - Secretaria de Cultura\" \/>\n<meta property=\"og:description\" content=\"Cultura Itinerante acontece no Bairro no Manoel Corralo neste domingo\" \/>\n<meta property=\"og:url\" content=\"https:\/\/www.pmpf.rs.gov.br\/cultura\/2014\/10\/10\/cultura-itinerante-acontece-no-bairro-no-manoel-corralo-neste-domingo\/\" \/>\n<meta property=\"og:site_name\" content=\"Secretaria de Cultura\" \/>\n<meta property=\"article:published_time\" content=\"2014-10-10T06:00:00+00:00\" \/>\n<meta name=\"author\" content=\"mosite\" \/>\n<meta name=\"twitter:card\" content=\"summary_large_image\" \/>\n<meta name=\"twitter:label1\" content=\"Escrito por\" \/>\n\t<meta name=\"twitter:data1\" content=\"mosite\" \/>\n\t<meta name=\"twitter:label2\" content=\"Est. tempo de leitura\" \/>\n\t<meta name=\"twitter:data2\" content=\"1 minuto\" \/>\n<script type=\"application\/ld+json\" class=\"yoast-schema-graph\">{\"@context\":\"https:\/\/schema.org\",\"@graph\":[{\"@type\":\"WebPage\",\"@id\":\"https:\/\/www.pmpf.rs.gov.br\/cultura\/2014\/10\/10\/cultura-itinerante-acontece-no-bairro-no-manoel-corralo-neste-domingo\/\",\"url\":\"https:\/\/www.pmpf.rs.gov.br\/cultura\/2014\/10\/10\/cultura-itinerante-acontece-no-bairro-no-manoel-corralo-neste-domingo\/\",\"name\":\"Cultura Itinerante acontece no Bairro no Manoel Corralo neste domingo - Secretaria de Cultura\",\"isPartOf\":{\"@id\":\"https:\/\/www.pmpf.rs.gov.br\/cultura\/#website\"},\"datePublished\":\"2014-10-10T06:00:00+00:00\",\"dateModified\":\"2014-10-10T06:00:00+00:00\",\"author\":{\"@id\":\"https:\/\/www.pmpf.rs.gov.br\/cultura\/#\/schema\/person\/0c355b0fa68a7aa986c8594f7a60a2d7\"},\"inLanguage\":\"pt-BR\",\"potentialAction\":[{\"@type\":\"ReadAction\",\"target\":[\"https:\/\/www.pmpf.rs.gov.br\/cultura\/2014\/10\/10\/cultura-itinerante-acontece-no-bairro-no-manoel-corralo-neste-domingo\/\"]}]},{\"@type\":\"WebSite\",\"@id\":\"https:\/\/www.pmpf.rs.gov.br\/cultura\/#website\",\"url\":\"https:\/\/www.pmpf.rs.gov.br\/cultura\/\",\"name\":\"Secretaria de Cultura\",\"description\":\"S\u00f3 mais um site Prefeitura de Passo Fundo\",\"potentialAction\":[{\"@type\":\"SearchAction\",\"target\":{\"@type\":\"EntryPoint\",\"urlTemplate\":\"https:\/\/www.pmpf.rs.gov.br\/cultura\/?s={search_term_string}\"},\"query-input\":{\"@type\":\"PropertyValueSpecification\",\"valueRequired\":true,\"valueName\":\"search_term_string\"}}],\"inLanguage\":\"pt-BR\"},{\"@type\":\"Person\",\"@id\":\"https:\/\/www.pmpf.rs.gov.br\/cultura\/#\/schema\/person\/0c355b0fa68a7aa986c8594f7a60a2d7\",\"name\":\"mosite\",\"image\":{\"@type\":\"ImageObject\",\"inLanguage\":\"pt-BR\",\"@id\":\"https:\/\/www.pmpf.rs.gov.br\/cultura\/#\/schema\/person\/image\/\",\"url\":\"https:\/\/secure.gravatar.com\/avatar\/63d72595d6cecfe12bd8a94829d5a26c?s=96&d=mm&r=g\",\"contentUrl\":\"https:\/\/secure.gravatar.com\/avatar\/63d72595d6cecfe12bd8a94829d5a26c?s=96&d=mm&r=g\",\"caption\":\"mosite\"},\"sameAs\":[\"http:\/\/example.com\"],\"url\":\"https:\/\/www.pmpf.rs.gov.br\/cultura\/author\/mosite\/\"}]}<\/script>\n<!-- \/ Yoast SEO plugin. -->","yoast_head_json":{"title":"Cultura Itinerante acontece no Bairro no Manoel Corralo neste domingo - Secretaria de Cultura","robots":{"index":"index","follow":"follow","max-snippet":"max-snippet:-1","max-image-preview":"max-image-preview:large","max-video-preview":"max-video-preview:-1"},"canonical":"https:\/\/www.pmpf.rs.gov.br\/cultura\/2014\/10\/10\/cultura-itinerante-acontece-no-bairro-no-manoel-corralo-neste-domingo\/","og_locale":"pt_BR","og_type":"article","og_title":"Cultura Itinerante acontece no Bairro no Manoel Corralo neste domingo - Secretaria de Cultura","og_description":"Cultura Itinerante acontece no Bairro no Manoel Corralo neste domingo","og_url":"https:\/\/www.pmpf.rs.gov.br\/cultura\/2014\/10\/10\/cultura-itinerante-acontece-no-bairro-no-manoel-corralo-neste-domingo\/","og_site_name":"Secretaria de Cultura","article_published_time":"2014-10-10T06:00:00+00:00","author":"mosite","twitter_card":"summary_large_image","twitter_misc":{"Escrito por":"mosite","Est. tempo de leitura":"1 minuto"},"schema":{"@context":"https:\/\/schema.org","@graph":[{"@type":"WebPage","@id":"https:\/\/www.pmpf.rs.gov.br\/cultura\/2014\/10\/10\/cultura-itinerante-acontece-no-bairro-no-manoel-corralo-neste-domingo\/","url":"https:\/\/www.pmpf.rs.gov.br\/cultura\/2014\/10\/10\/cultura-itinerante-acontece-no-bairro-no-manoel-corralo-neste-domingo\/","name":"Cultura Itinerante acontece no Bairro no Manoel Corralo neste domingo - Secretaria de Cultura","isPartOf":{"@id":"https:\/\/www.pmpf.rs.gov.br\/cultura\/#website"},"datePublished":"2014-10-10T06:00:00+00:00","dateModified":"2014-10-10T06:00:00+00:00","author":{"@id":"https:\/\/www.pmpf.rs.gov.br\/cultura\/#\/schema\/person\/0c355b0fa68a7aa986c8594f7a60a2d7"},"inLanguage":"pt-BR","potentialAction":[{"@type":"ReadAction","target":["https:\/\/www.pmpf.rs.gov.br\/cultura\/2014\/10\/10\/cultura-itinerante-acontece-no-bairro-no-manoel-corralo-neste-domingo\/"]}]},{"@type":"WebSite","@id":"https:\/\/www.pmpf.rs.gov.br\/cultura\/#website","url":"https:\/\/www.pmpf.rs.gov.br\/cultura\/","name":"Secretaria de Cultura","description":"S\u00f3 mais um site Prefeitura de Passo Fundo","potentialAction":[{"@type":"SearchAction","target":{"@type":"EntryPoint","urlTemplate":"https:\/\/www.pmpf.rs.gov.br\/cultura\/?s={search_term_string}"},"query-input":{"@type":"PropertyValueSpecification","valueRequired":true,"valueName":"search_term_string"}}],"inLanguage":"pt-BR"},{"@type":"Person","@id":"https:\/\/www.pmpf.rs.gov.br\/cultura\/#\/schema\/person\/0c355b0fa68a7aa986c8594f7a60a2d7","name":"mosite","image":{"@type":"ImageObject","inLanguage":"pt-BR","@id":"https:\/\/www.pmpf.rs.gov.br\/cultura\/#\/schema\/person\/image\/","url":"https:\/\/secure.gravatar.com\/avatar\/63d72595d6cecfe12bd8a94829d5a26c?s=96&d=mm&r=g","contentUrl":"https:\/\/secure.gravatar.com\/avatar\/63d72595d6cecfe12bd8a94829d5a26c?s=96&d=mm&r=g","caption":"mosite"},"sameAs":["http:\/\/example.com"],"url":"https:\/\/www.pmpf.rs.gov.br\/cultura\/author\/mosite\/"}]}},"_links":{"self":[{"href":"https:\/\/www.pmpf.rs.gov.br\/cultura\/wp-json\/wp\/v2\/posts\/633"}],"collection":[{"href":"https:\/\/www.pmpf.rs.gov.br\/cultura\/wp-json\/wp\/v2\/posts"}],"about":[{"href":"https:\/\/www.pmpf.rs.gov.br\/cultura\/wp-json\/wp\/v2\/types\/post"}],"author":[{"embeddable":true,"href":"https:\/\/www.pmpf.rs.gov.br\/cultura\/wp-json\/wp\/v2\/users\/1"}],"replies":[{"embeddable":true,"href":"https:\/\/www.pmpf.rs.gov.br\/cultura\/wp-json\/wp\/v2\/comments?post=633"}],"version-history":[{"count":0,"href":"https:\/\/www.pmpf.rs.gov.br\/cultura\/wp-json\/wp\/v2\/posts\/633\/revisions"}],"wp:attachment":[{"href":"https:\/\/www.pmpf.rs.gov.br\/cultura\/wp-json\/wp\/v2\/media?parent=633"}],"wp:term":[{"taxonomy":"category","embeddable":true,"href":"https:\/\/www.pmpf.rs.gov.br\/cultura\/wp-json\/wp\/v2\/categories?post=633"},{"taxonomy":"post_tag","embeddable":true,"href":"https:\/\/www.pmpf.rs.gov.br\/cultura\/wp-json\/wp\/v2\/tags?post=633"}],"curies":[{"name":"wp","href":"https:\/\/api.w.org\/{rel}","templated":true}]}}