{"id":4445,"date":"2026-03-16T10:09:38","date_gmt":"2026-03-16T13:09:38","guid":{"rendered":"https:\/\/www.pmpf.rs.gov.br\/cultura\/?p=4445"},"modified":"2026-03-16T10:09:50","modified_gmt":"2026-03-16T13:09:50","slug":"premio-literario-reconhece-autores-de-passo-fundo","status":"publish","type":"post","link":"https:\/\/www.pmpf.rs.gov.br\/cultura\/2026\/03\/16\/premio-literario-reconhece-autores-de-passo-fundo\/","title":{"rendered":"Pr\u00eamio Liter\u00e1rio reconhece autores de Passo Fundo"},"content":{"rendered":"\n<p><\/p>\n\n\n\n<p>A Prefeitura de Passo Fundo, por meio da Secretaria de Cultura, realizou na quinta-feira (12) a entrega da 5\u00aa edi\u00e7\u00e3o do Pr\u00eamio Liter\u00e1rio Cidade de Passo Fundo, iniciativa que busca reconhecer, incentivar e divulgar a produ\u00e7\u00e3o liter\u00e1ria local. A cerim\u00f4nia ocorreu no Espa\u00e7o Cultural Roseli Doleski Pretto e reuniu autores, autoridades, representantes da \u00e1rea cultural e comunidade.<\/p>\n\n\n\n<p>Destinado a escritores nascidos, residentes ou que tenham publicado obras por editoras do munic\u00edpio, o pr\u00eamio contemplou cinco categorias de cria\u00e7\u00e3o liter\u00e1ria: poesia, conto, cr\u00f4nica, infantil e romance. A premia\u00e7\u00e3o distribuiu valores para os tr\u00eas primeiros colocados de cada categoria \u2014 R$ 4 mil para o primeiro lugar, R$ 2,5 mil para o segundo e R$ 1,5 mil para o terceiro \u2014 totalizando R$ 40 mil em incentivos.<\/p>\n\n\n\n<p>O prefeito Pedro Almeida ressaltou que a premia\u00e7\u00e3o integra um conjunto de a\u00e7\u00f5es que buscam manter viva a voca\u00e7\u00e3o cultural do munic\u00edpio. \u201cPasso Fundo tem uma rela\u00e7\u00e3o hist\u00f3rica com o livro e com a literatura. Incentivar os nossos escritores e ampliar espa\u00e7os para a produ\u00e7\u00e3o liter\u00e1ria \u00e9 tamb\u00e9m fortalecer a identidade cultural da cidade\u201d, disse.<\/p>\n\n\n\n<p>O Pr\u00eamio Liter\u00e1rio Cidade de Passo Fundo foi institu\u00eddo pela Lei Municipal n\u00ba 5.214, de 2016, e teve sua primeira edi\u00e7\u00e3o em 2017, durante as comemora\u00e7\u00f5es dos 160 anos de emancipa\u00e7\u00e3o do munic\u00edpio. Ao longo das edi\u00e7\u00f5es, a iniciativa ampliou o n\u00famero de categorias e o valor destinado \u00e0s premia\u00e7\u00f5es.<\/p>\n\n\n\n<p>O secret\u00e1rio de Cultura, Rafael Bortoluzzi, destacou que a iniciativa refor\u00e7a o compromisso do munic\u00edpio com o est\u00edmulo \u00e0 produ\u00e7\u00e3o liter\u00e1ria e \u00e0 valoriza\u00e7\u00e3o dos escritores locais. \u201cO Pr\u00eamio Liter\u00e1rio \u00e9 uma pol\u00edtica cultural importante porque incentiva a escrita, valoriza os autores da nossa cidade e fortalece a tradi\u00e7\u00e3o de Passo Fundo como um territ\u00f3rio de leitura e produ\u00e7\u00e3o liter\u00e1ria\u201d, afirmou.<\/p>\n\n\n\n<p>Nesta edi\u00e7\u00e3o, os trabalhos inscritos foram avaliados por uma comiss\u00e3o julgadora formada por escritores e representantes de entidades culturais, sob coordena\u00e7\u00e3o do professor Miguel Rettenmaier, que analisou crit\u00e9rios como qualidade liter\u00e1ria, originalidade e contribui\u00e7\u00e3o cultural.<\/p>\n\n\n\n<p>Entre os vencedores da 5\u00aa edi\u00e7\u00e3o do pr\u00eamio, na categoria Cr\u00f4nica, o primeiro lugar foi para Cartas para Mariana, de Gabriel Cavalheiro Tonin. Em segundo lugar ficou Fio de Ariadne em di\u00e1logo, de El\u00e1dio Vilmar Weschenfelder e Rosimeri Lorenz, e em terceiro Cen\u00e1rio Cr\u00f4nicas, de Moacir Luiz Araldi.<br>Na categoria Literatura Infantil, o primeiro lugar foi conquistado por Meu Pai saiu para fazer barcos, de Pablo Morenno. O segundo lugar ficou com Nina e o Mar, de Caio Ritter, e o terceiro com Meu, de Martina Schreiner.<br>Na categoria Romance, o primeiro lugar foi para As afli\u00e7\u00f5es de Hakovet, de Lidiele Moura.<br>Na categoria Poesia, o primeiro lugar foi para Por enquanto, obra coletiva assinada por Antonio Schimeneck, Alexandre Brito, Caio Ritter e Christian David. O segundo lugar foi para Estrelas Riem de Drag\u00f5es, de Andr\u00e9 Luiz F. Rossi Canals, e o terceiro para Al\u00e9m dos Girass\u00f3is, de Moacir Luiz Araldi.<br>J\u00e1 na categoria Conto, o primeiro lugar foi para Meus 400 fantasmas e outros Contos, de Ronaldo Andr\u00e9 Poerschke.<\/p>\n\n\n\n<p>A premia\u00e7\u00e3o integra as a\u00e7\u00f5es vinculadas ao movimento de aproximar a literatura da comunidade e estimular a leitura e o pensamento cr\u00edtico em diferentes espa\u00e7os da cidade.<\/p>\n","protected":false},"excerpt":{"rendered":"<p>Quinta edi\u00e7\u00e3o da premia\u00e7\u00e3o municipal distribuiu R$ 40 mil e destacou produ\u00e7\u00f5es em cinco categorias<\/p>\n","protected":false},"author":24,"featured_media":4446,"comment_status":"closed","ping_status":"closed","sticky":false,"template":"","format":"standard","meta":{"footnotes":""},"categories":[1],"tags":[],"class_list":["post-4445","post","type-post","status-publish","format-standard","has-post-thumbnail","hentry","category-sem-categoria"],"yoast_head":"<!-- This site is optimized with the Yoast SEO plugin v23.8 - https:\/\/yoast.com\/wordpress\/plugins\/seo\/ -->\n<title>Pr\u00eamio Liter\u00e1rio reconhece autores de Passo Fundo - Secretaria de Cultura<\/title>\n<meta name=\"robots\" content=\"index, follow, max-snippet:-1, max-image-preview:large, max-video-preview:-1\" \/>\n<link rel=\"canonical\" href=\"https:\/\/www.pmpf.rs.gov.br\/cultura\/2026\/03\/16\/premio-literario-reconhece-autores-de-passo-fundo\/\" \/>\n<meta property=\"og:locale\" content=\"pt_BR\" \/>\n<meta property=\"og:type\" content=\"article\" \/>\n<meta property=\"og:title\" content=\"Pr\u00eamio Liter\u00e1rio reconhece autores de Passo Fundo - Secretaria de Cultura\" \/>\n<meta property=\"og:description\" content=\"Quinta edi\u00e7\u00e3o da premia\u00e7\u00e3o municipal distribuiu R$ 40 mil e destacou produ\u00e7\u00f5es em cinco categorias\" \/>\n<meta property=\"og:url\" content=\"https:\/\/www.pmpf.rs.gov.br\/cultura\/2026\/03\/16\/premio-literario-reconhece-autores-de-passo-fundo\/\" \/>\n<meta property=\"og:site_name\" content=\"Secretaria de Cultura\" \/>\n<meta property=\"article:published_time\" content=\"2026-03-16T13:09:38+00:00\" \/>\n<meta property=\"article:modified_time\" content=\"2026-03-16T13:09:50+00:00\" \/>\n<meta name=\"author\" content=\"lilicrivello\" \/>\n<meta name=\"twitter:card\" content=\"summary_large_image\" \/>\n<meta name=\"twitter:label1\" content=\"Escrito por\" \/>\n\t<meta name=\"twitter:data1\" content=\"lilicrivello\" \/>\n\t<meta name=\"twitter:label2\" content=\"Est. tempo de leitura\" \/>\n\t<meta name=\"twitter:data2\" content=\"3 minutos\" \/>\n<script type=\"application\/ld+json\" class=\"yoast-schema-graph\">{\"@context\":\"https:\/\/schema.org\",\"@graph\":[{\"@type\":\"WebPage\",\"@id\":\"https:\/\/www.pmpf.rs.gov.br\/cultura\/2026\/03\/16\/premio-literario-reconhece-autores-de-passo-fundo\/\",\"url\":\"https:\/\/www.pmpf.rs.gov.br\/cultura\/2026\/03\/16\/premio-literario-reconhece-autores-de-passo-fundo\/\",\"name\":\"Pr\u00eamio Liter\u00e1rio reconhece autores de Passo Fundo - Secretaria de Cultura\",\"isPartOf\":{\"@id\":\"https:\/\/www.pmpf.rs.gov.br\/cultura\/#website\"},\"primaryImageOfPage\":{\"@id\":\"https:\/\/www.pmpf.rs.gov.br\/cultura\/2026\/03\/16\/premio-literario-reconhece-autores-de-passo-fundo\/#primaryimage\"},\"image\":{\"@id\":\"https:\/\/www.pmpf.rs.gov.br\/cultura\/2026\/03\/16\/premio-literario-reconhece-autores-de-passo-fundo\/#primaryimage\"},\"thumbnailUrl\":\"https:\/\/www.pmpf.rs.gov.br\/cultura\/wp-content\/uploads\/sites\/25\/2026\/03\/WhatsApp-Image-2026-03-13-at-08.12.31.jpeg\",\"datePublished\":\"2026-03-16T13:09:38+00:00\",\"dateModified\":\"2026-03-16T13:09:50+00:00\",\"author\":{\"@id\":\"https:\/\/www.pmpf.rs.gov.br\/cultura\/#\/schema\/person\/6e93b0ab2174b69f691ac4f278ba2d0a\"},\"inLanguage\":\"pt-BR\",\"potentialAction\":[{\"@type\":\"ReadAction\",\"target\":[\"https:\/\/www.pmpf.rs.gov.br\/cultura\/2026\/03\/16\/premio-literario-reconhece-autores-de-passo-fundo\/\"]}]},{\"@type\":\"ImageObject\",\"inLanguage\":\"pt-BR\",\"@id\":\"https:\/\/www.pmpf.rs.gov.br\/cultura\/2026\/03\/16\/premio-literario-reconhece-autores-de-passo-fundo\/#primaryimage\",\"url\":\"https:\/\/www.pmpf.rs.gov.br\/cultura\/wp-content\/uploads\/sites\/25\/2026\/03\/WhatsApp-Image-2026-03-13-at-08.12.31.jpeg\",\"contentUrl\":\"https:\/\/www.pmpf.rs.gov.br\/cultura\/wp-content\/uploads\/sites\/25\/2026\/03\/WhatsApp-Image-2026-03-13-at-08.12.31.jpeg\",\"width\":1600,\"height\":1066},{\"@type\":\"WebSite\",\"@id\":\"https:\/\/www.pmpf.rs.gov.br\/cultura\/#website\",\"url\":\"https:\/\/www.pmpf.rs.gov.br\/cultura\/\",\"name\":\"Secretaria de Cultura\",\"description\":\"S\u00f3 mais um site Prefeitura de Passo Fundo\",\"potentialAction\":[{\"@type\":\"SearchAction\",\"target\":{\"@type\":\"EntryPoint\",\"urlTemplate\":\"https:\/\/www.pmpf.rs.gov.br\/cultura\/?s={search_term_string}\"},\"query-input\":{\"@type\":\"PropertyValueSpecification\",\"valueRequired\":true,\"valueName\":\"search_term_string\"}}],\"inLanguage\":\"pt-BR\"},{\"@type\":\"Person\",\"@id\":\"https:\/\/www.pmpf.rs.gov.br\/cultura\/#\/schema\/person\/6e93b0ab2174b69f691ac4f278ba2d0a\",\"name\":\"lilicrivello\",\"image\":{\"@type\":\"ImageObject\",\"inLanguage\":\"pt-BR\",\"@id\":\"https:\/\/www.pmpf.rs.gov.br\/cultura\/#\/schema\/person\/image\/\",\"url\":\"https:\/\/secure.gravatar.com\/avatar\/0b546b667388f8edb7b67d70a57b5e46?s=96&d=mm&r=g\",\"contentUrl\":\"https:\/\/secure.gravatar.com\/avatar\/0b546b667388f8edb7b67d70a57b5e46?s=96&d=mm&r=g\",\"caption\":\"lilicrivello\"},\"url\":\"https:\/\/www.pmpf.rs.gov.br\/cultura\/author\/lilicrivello\/\"}]}<\/script>\n<!-- \/ Yoast SEO plugin. -->","yoast_head_json":{"title":"Pr\u00eamio Liter\u00e1rio reconhece autores de Passo Fundo - Secretaria de Cultura","robots":{"index":"index","follow":"follow","max-snippet":"max-snippet:-1","max-image-preview":"max-image-preview:large","max-video-preview":"max-video-preview:-1"},"canonical":"https:\/\/www.pmpf.rs.gov.br\/cultura\/2026\/03\/16\/premio-literario-reconhece-autores-de-passo-fundo\/","og_locale":"pt_BR","og_type":"article","og_title":"Pr\u00eamio Liter\u00e1rio reconhece autores de Passo Fundo - Secretaria de Cultura","og_description":"Quinta edi\u00e7\u00e3o da premia\u00e7\u00e3o municipal distribuiu R$ 40 mil e destacou produ\u00e7\u00f5es em cinco categorias","og_url":"https:\/\/www.pmpf.rs.gov.br\/cultura\/2026\/03\/16\/premio-literario-reconhece-autores-de-passo-fundo\/","og_site_name":"Secretaria de Cultura","article_published_time":"2026-03-16T13:09:38+00:00","article_modified_time":"2026-03-16T13:09:50+00:00","author":"lilicrivello","twitter_card":"summary_large_image","twitter_misc":{"Escrito por":"lilicrivello","Est. tempo de leitura":"3 minutos"},"schema":{"@context":"https:\/\/schema.org","@graph":[{"@type":"WebPage","@id":"https:\/\/www.pmpf.rs.gov.br\/cultura\/2026\/03\/16\/premio-literario-reconhece-autores-de-passo-fundo\/","url":"https:\/\/www.pmpf.rs.gov.br\/cultura\/2026\/03\/16\/premio-literario-reconhece-autores-de-passo-fundo\/","name":"Pr\u00eamio Liter\u00e1rio reconhece autores de Passo Fundo - Secretaria de Cultura","isPartOf":{"@id":"https:\/\/www.pmpf.rs.gov.br\/cultura\/#website"},"primaryImageOfPage":{"@id":"https:\/\/www.pmpf.rs.gov.br\/cultura\/2026\/03\/16\/premio-literario-reconhece-autores-de-passo-fundo\/#primaryimage"},"image":{"@id":"https:\/\/www.pmpf.rs.gov.br\/cultura\/2026\/03\/16\/premio-literario-reconhece-autores-de-passo-fundo\/#primaryimage"},"thumbnailUrl":"https:\/\/www.pmpf.rs.gov.br\/cultura\/wp-content\/uploads\/sites\/25\/2026\/03\/WhatsApp-Image-2026-03-13-at-08.12.31.jpeg","datePublished":"2026-03-16T13:09:38+00:00","dateModified":"2026-03-16T13:09:50+00:00","author":{"@id":"https:\/\/www.pmpf.rs.gov.br\/cultura\/#\/schema\/person\/6e93b0ab2174b69f691ac4f278ba2d0a"},"inLanguage":"pt-BR","potentialAction":[{"@type":"ReadAction","target":["https:\/\/www.pmpf.rs.gov.br\/cultura\/2026\/03\/16\/premio-literario-reconhece-autores-de-passo-fundo\/"]}]},{"@type":"ImageObject","inLanguage":"pt-BR","@id":"https:\/\/www.pmpf.rs.gov.br\/cultura\/2026\/03\/16\/premio-literario-reconhece-autores-de-passo-fundo\/#primaryimage","url":"https:\/\/www.pmpf.rs.gov.br\/cultura\/wp-content\/uploads\/sites\/25\/2026\/03\/WhatsApp-Image-2026-03-13-at-08.12.31.jpeg","contentUrl":"https:\/\/www.pmpf.rs.gov.br\/cultura\/wp-content\/uploads\/sites\/25\/2026\/03\/WhatsApp-Image-2026-03-13-at-08.12.31.jpeg","width":1600,"height":1066},{"@type":"WebSite","@id":"https:\/\/www.pmpf.rs.gov.br\/cultura\/#website","url":"https:\/\/www.pmpf.rs.gov.br\/cultura\/","name":"Secretaria de Cultura","description":"S\u00f3 mais um site Prefeitura de Passo Fundo","potentialAction":[{"@type":"SearchAction","target":{"@type":"EntryPoint","urlTemplate":"https:\/\/www.pmpf.rs.gov.br\/cultura\/?s={search_term_string}"},"query-input":{"@type":"PropertyValueSpecification","valueRequired":true,"valueName":"search_term_string"}}],"inLanguage":"pt-BR"},{"@type":"Person","@id":"https:\/\/www.pmpf.rs.gov.br\/cultura\/#\/schema\/person\/6e93b0ab2174b69f691ac4f278ba2d0a","name":"lilicrivello","image":{"@type":"ImageObject","inLanguage":"pt-BR","@id":"https:\/\/www.pmpf.rs.gov.br\/cultura\/#\/schema\/person\/image\/","url":"https:\/\/secure.gravatar.com\/avatar\/0b546b667388f8edb7b67d70a57b5e46?s=96&d=mm&r=g","contentUrl":"https:\/\/secure.gravatar.com\/avatar\/0b546b667388f8edb7b67d70a57b5e46?s=96&d=mm&r=g","caption":"lilicrivello"},"url":"https:\/\/www.pmpf.rs.gov.br\/cultura\/author\/lilicrivello\/"}]}},"_links":{"self":[{"href":"https:\/\/www.pmpf.rs.gov.br\/cultura\/wp-json\/wp\/v2\/posts\/4445"}],"collection":[{"href":"https:\/\/www.pmpf.rs.gov.br\/cultura\/wp-json\/wp\/v2\/posts"}],"about":[{"href":"https:\/\/www.pmpf.rs.gov.br\/cultura\/wp-json\/wp\/v2\/types\/post"}],"author":[{"embeddable":true,"href":"https:\/\/www.pmpf.rs.gov.br\/cultura\/wp-json\/wp\/v2\/users\/24"}],"replies":[{"embeddable":true,"href":"https:\/\/www.pmpf.rs.gov.br\/cultura\/wp-json\/wp\/v2\/comments?post=4445"}],"version-history":[{"count":1,"href":"https:\/\/www.pmpf.rs.gov.br\/cultura\/wp-json\/wp\/v2\/posts\/4445\/revisions"}],"predecessor-version":[{"id":4447,"href":"https:\/\/www.pmpf.rs.gov.br\/cultura\/wp-json\/wp\/v2\/posts\/4445\/revisions\/4447"}],"wp:featuredmedia":[{"embeddable":true,"href":"https:\/\/www.pmpf.rs.gov.br\/cultura\/wp-json\/wp\/v2\/media\/4446"}],"wp:attachment":[{"href":"https:\/\/www.pmpf.rs.gov.br\/cultura\/wp-json\/wp\/v2\/media?parent=4445"}],"wp:term":[{"taxonomy":"category","embeddable":true,"href":"https:\/\/www.pmpf.rs.gov.br\/cultura\/wp-json\/wp\/v2\/categories?post=4445"},{"taxonomy":"post_tag","embeddable":true,"href":"https:\/\/www.pmpf.rs.gov.br\/cultura\/wp-json\/wp\/v2\/tags?post=4445"}],"curies":[{"name":"wp","href":"https:\/\/api.w.org\/{rel}","templated":true}]}}