{"id":4442,"date":"2026-03-10T11:00:00","date_gmt":"2026-03-10T14:00:00","guid":{"rendered":"https:\/\/www.pmpf.rs.gov.br\/cultura\/?p=4442"},"modified":"2026-03-10T11:00:11","modified_gmt":"2026-03-10T14:00:11","slug":"galeria-estacao-da-arte-recebe-instalacao-de-banco-vermelho-em-acao-de-combate-ao-feminicidio","status":"publish","type":"post","link":"https:\/\/www.pmpf.rs.gov.br\/cultura\/2026\/03\/10\/galeria-estacao-da-arte-recebe-instalacao-de-banco-vermelho-em-acao-de-combate-ao-feminicidio\/","title":{"rendered":"Galeria Esta\u00e7\u00e3o da Arte recebe instala\u00e7\u00e3o de Banco Vermelho em a\u00e7\u00e3o de combate ao feminic\u00eddio"},"content":{"rendered":"\n<p><\/p>\n\n\n\n<p>A Galeria Esta\u00e7\u00e3o da Arte, em Passo Fundo, recebeu no \u00faltimo domingo (8) a instala\u00e7\u00e3o de um Banco Vermelho, em uma a\u00e7\u00e3o simb\u00f3lica de conscientiza\u00e7\u00e3o e enfrentamento \u00e0 viol\u00eancia contra as mulheres. A iniciativa ocorreu durante a abertura da exposi\u00e7\u00e3o Entre Linhas e Sil\u00eancios, da artista Maura De Carli, reunindo comunidade e representantes de entidades em um momento de reflex\u00e3o no Dia Internacional da Mulher.<\/p>\n\n\n\n<p>A a\u00e7\u00e3o foi realizada pelo Projur Mulher e Diversidade de Passo Fundo, com apoio da Prefeitura de Passo Fundo, da Galeria Esta\u00e7\u00e3o da Arte e do Sesc Passo Fundo, em alinhamento com a Lei n\u00ba 14.942\/2024, que incentiva a instala\u00e7\u00e3o de bancos vermelhos como memoriais p\u00fablicos em mem\u00f3ria das v\u00edtimas de feminic\u00eddio.<\/p>\n\n\n\n<p>O Banco Vermelho funciona como um s\u00edmbolo permanente em prol do \u201cfeminic\u00eddio zero\u201d, chamando a aten\u00e7\u00e3o para a gravidade da viol\u00eancia contra as mulheres e divulgando canais de ajuda e den\u00fancia, como o Ligue 180. A proposta \u00e9 utilizar espa\u00e7os p\u00fablicos e culturais para ampliar o debate e incentivar a conscientiza\u00e7\u00e3o da sociedade sobre o tema.<\/p>\n\n\n\n<p>Para a coordenadora da Galeria Esta\u00e7\u00e3o da Arte, Lindiara Paz, receber a a\u00e7\u00e3o no espa\u00e7o cultural refor\u00e7a o papel da arte e da cultura como instrumentos de sensibiliza\u00e7\u00e3o e di\u00e1logo social. \u201cReceber essa a\u00e7\u00e3o na galeria foi muito significativo, especialmente no Dia Internacional da Mulher. A arte tem essa capacidade de provocar reflex\u00e3o e sensibilizar as pessoas. O Banco Vermelho traz uma mensagem forte de conscientiza\u00e7\u00e3o e refor\u00e7a a import\u00e2ncia de falarmos sobre a viol\u00eancia contra as mulheres e sobre a necessidade de combat\u00ea-la\u201d, destacou.<\/p>\n\n\n\n<p><strong>Arte e reflex\u00e3o<br><\/strong>A exposi\u00e7\u00e3o Entre Linhas e Sil\u00eancios apresenta obras da artista Maura De Carli que abordam o corpo feminino como territ\u00f3rio de mem\u00f3ria, presen\u00e7a e resist\u00eancia. Nas telas, as mulheres aparecem sem rosto definido, representadas por fragmentos, curvas e aus\u00eancias que dialogam com temas como identidade, sil\u00eancio e perman\u00eancia.<\/p>\n\n\n\n<p>As cores tamb\u00e9m carregam significados nas obras: o vermelho surge como den\u00fancia e ferida aberta; o verde representa resist\u00eancia; e o azul convida \u00e0 introspec\u00e7\u00e3o. Entre formas e contrastes, a mostra prop\u00f5e uma experi\u00eancia sens\u00edvel ao p\u00fablico, estimulando o olhar atento e a reflex\u00e3o sobre hist\u00f3rias e trajet\u00f3rias que muitas vezes permanecem invisibilizadas.<\/p>\n\n\n\n<p>Al\u00e9m das pinturas, a exposi\u00e7\u00e3o tamb\u00e9m contou com poesias produzidas pelos integrantes do coletivo Poetas Vivos, ampliando o di\u00e1logo entre artes visuais e literatura durante a abertura do evento.<\/p>\n","protected":false},"excerpt":{"rendered":"<p>Iniciativa ocorreu durante a abertura da exposi\u00e7\u00e3o \u201cEntre Linhas e Sil\u00eancios\u201d, no Dia Internacional da Mulher, e prop\u00f4s reflex\u00e3o sobre a viol\u00eancia contra as mulheres<\/p>\n","protected":false},"author":24,"featured_media":4443,"comment_status":"closed","ping_status":"closed","sticky":false,"template":"","format":"standard","meta":{"footnotes":""},"categories":[1],"tags":[],"class_list":["post-4442","post","type-post","status-publish","format-standard","has-post-thumbnail","hentry","category-sem-categoria"],"yoast_head":"<!-- This site is optimized with the Yoast SEO plugin v23.8 - https:\/\/yoast.com\/wordpress\/plugins\/seo\/ -->\n<title>Galeria Esta\u00e7\u00e3o da Arte recebe instala\u00e7\u00e3o de Banco Vermelho em a\u00e7\u00e3o de combate ao feminic\u00eddio - Secretaria de Cultura<\/title>\n<meta name=\"robots\" content=\"index, follow, max-snippet:-1, max-image-preview:large, max-video-preview:-1\" \/>\n<link rel=\"canonical\" href=\"https:\/\/www.pmpf.rs.gov.br\/cultura\/2026\/03\/10\/galeria-estacao-da-arte-recebe-instalacao-de-banco-vermelho-em-acao-de-combate-ao-feminicidio\/\" \/>\n<meta property=\"og:locale\" content=\"pt_BR\" \/>\n<meta property=\"og:type\" content=\"article\" \/>\n<meta property=\"og:title\" content=\"Galeria Esta\u00e7\u00e3o da Arte recebe instala\u00e7\u00e3o de Banco Vermelho em a\u00e7\u00e3o de combate ao feminic\u00eddio - Secretaria de Cultura\" \/>\n<meta property=\"og:description\" content=\"Iniciativa ocorreu durante a abertura da exposi\u00e7\u00e3o \u201cEntre Linhas e Sil\u00eancios\u201d, no Dia Internacional da Mulher, e prop\u00f4s reflex\u00e3o sobre a viol\u00eancia contra as mulheres\" \/>\n<meta property=\"og:url\" content=\"https:\/\/www.pmpf.rs.gov.br\/cultura\/2026\/03\/10\/galeria-estacao-da-arte-recebe-instalacao-de-banco-vermelho-em-acao-de-combate-ao-feminicidio\/\" \/>\n<meta property=\"og:site_name\" content=\"Secretaria de Cultura\" \/>\n<meta property=\"article:published_time\" content=\"2026-03-10T14:00:00+00:00\" \/>\n<meta property=\"article:modified_time\" content=\"2026-03-10T14:00:11+00:00\" \/>\n<meta name=\"author\" content=\"lilicrivello\" \/>\n<meta name=\"twitter:card\" content=\"summary_large_image\" \/>\n<meta name=\"twitter:label1\" content=\"Escrito por\" \/>\n\t<meta name=\"twitter:data1\" content=\"lilicrivello\" \/>\n\t<meta name=\"twitter:label2\" content=\"Est. tempo de leitura\" \/>\n\t<meta name=\"twitter:data2\" content=\"2 minutos\" \/>\n<script type=\"application\/ld+json\" class=\"yoast-schema-graph\">{\"@context\":\"https:\/\/schema.org\",\"@graph\":[{\"@type\":\"WebPage\",\"@id\":\"https:\/\/www.pmpf.rs.gov.br\/cultura\/2026\/03\/10\/galeria-estacao-da-arte-recebe-instalacao-de-banco-vermelho-em-acao-de-combate-ao-feminicidio\/\",\"url\":\"https:\/\/www.pmpf.rs.gov.br\/cultura\/2026\/03\/10\/galeria-estacao-da-arte-recebe-instalacao-de-banco-vermelho-em-acao-de-combate-ao-feminicidio\/\",\"name\":\"Galeria Esta\u00e7\u00e3o da Arte recebe instala\u00e7\u00e3o de Banco Vermelho em a\u00e7\u00e3o de combate ao feminic\u00eddio - Secretaria de Cultura\",\"isPartOf\":{\"@id\":\"https:\/\/www.pmpf.rs.gov.br\/cultura\/#website\"},\"primaryImageOfPage\":{\"@id\":\"https:\/\/www.pmpf.rs.gov.br\/cultura\/2026\/03\/10\/galeria-estacao-da-arte-recebe-instalacao-de-banco-vermelho-em-acao-de-combate-ao-feminicidio\/#primaryimage\"},\"image\":{\"@id\":\"https:\/\/www.pmpf.rs.gov.br\/cultura\/2026\/03\/10\/galeria-estacao-da-arte-recebe-instalacao-de-banco-vermelho-em-acao-de-combate-ao-feminicidio\/#primaryimage\"},\"thumbnailUrl\":\"https:\/\/www.pmpf.rs.gov.br\/cultura\/wp-content\/uploads\/sites\/25\/2026\/03\/WhatsApp-Image-2026-03-09-at-11.22.25.jpeg\",\"datePublished\":\"2026-03-10T14:00:00+00:00\",\"dateModified\":\"2026-03-10T14:00:11+00:00\",\"author\":{\"@id\":\"https:\/\/www.pmpf.rs.gov.br\/cultura\/#\/schema\/person\/6e93b0ab2174b69f691ac4f278ba2d0a\"},\"inLanguage\":\"pt-BR\",\"potentialAction\":[{\"@type\":\"ReadAction\",\"target\":[\"https:\/\/www.pmpf.rs.gov.br\/cultura\/2026\/03\/10\/galeria-estacao-da-arte-recebe-instalacao-de-banco-vermelho-em-acao-de-combate-ao-feminicidio\/\"]}]},{\"@type\":\"ImageObject\",\"inLanguage\":\"pt-BR\",\"@id\":\"https:\/\/www.pmpf.rs.gov.br\/cultura\/2026\/03\/10\/galeria-estacao-da-arte-recebe-instalacao-de-banco-vermelho-em-acao-de-combate-ao-feminicidio\/#primaryimage\",\"url\":\"https:\/\/www.pmpf.rs.gov.br\/cultura\/wp-content\/uploads\/sites\/25\/2026\/03\/WhatsApp-Image-2026-03-09-at-11.22.25.jpeg\",\"contentUrl\":\"https:\/\/www.pmpf.rs.gov.br\/cultura\/wp-content\/uploads\/sites\/25\/2026\/03\/WhatsApp-Image-2026-03-09-at-11.22.25.jpeg\",\"width\":1200,\"height\":1600},{\"@type\":\"WebSite\",\"@id\":\"https:\/\/www.pmpf.rs.gov.br\/cultura\/#website\",\"url\":\"https:\/\/www.pmpf.rs.gov.br\/cultura\/\",\"name\":\"Secretaria de Cultura\",\"description\":\"S\u00f3 mais um site Prefeitura de Passo Fundo\",\"potentialAction\":[{\"@type\":\"SearchAction\",\"target\":{\"@type\":\"EntryPoint\",\"urlTemplate\":\"https:\/\/www.pmpf.rs.gov.br\/cultura\/?s={search_term_string}\"},\"query-input\":{\"@type\":\"PropertyValueSpecification\",\"valueRequired\":true,\"valueName\":\"search_term_string\"}}],\"inLanguage\":\"pt-BR\"},{\"@type\":\"Person\",\"@id\":\"https:\/\/www.pmpf.rs.gov.br\/cultura\/#\/schema\/person\/6e93b0ab2174b69f691ac4f278ba2d0a\",\"name\":\"lilicrivello\",\"image\":{\"@type\":\"ImageObject\",\"inLanguage\":\"pt-BR\",\"@id\":\"https:\/\/www.pmpf.rs.gov.br\/cultura\/#\/schema\/person\/image\/\",\"url\":\"https:\/\/secure.gravatar.com\/avatar\/0b546b667388f8edb7b67d70a57b5e46?s=96&d=mm&r=g\",\"contentUrl\":\"https:\/\/secure.gravatar.com\/avatar\/0b546b667388f8edb7b67d70a57b5e46?s=96&d=mm&r=g\",\"caption\":\"lilicrivello\"},\"url\":\"https:\/\/www.pmpf.rs.gov.br\/cultura\/author\/lilicrivello\/\"}]}<\/script>\n<!-- \/ Yoast SEO plugin. -->","yoast_head_json":{"title":"Galeria Esta\u00e7\u00e3o da Arte recebe instala\u00e7\u00e3o de Banco Vermelho em a\u00e7\u00e3o de combate ao feminic\u00eddio - Secretaria de Cultura","robots":{"index":"index","follow":"follow","max-snippet":"max-snippet:-1","max-image-preview":"max-image-preview:large","max-video-preview":"max-video-preview:-1"},"canonical":"https:\/\/www.pmpf.rs.gov.br\/cultura\/2026\/03\/10\/galeria-estacao-da-arte-recebe-instalacao-de-banco-vermelho-em-acao-de-combate-ao-feminicidio\/","og_locale":"pt_BR","og_type":"article","og_title":"Galeria Esta\u00e7\u00e3o da Arte recebe instala\u00e7\u00e3o de Banco Vermelho em a\u00e7\u00e3o de combate ao feminic\u00eddio - Secretaria de Cultura","og_description":"Iniciativa ocorreu durante a abertura da exposi\u00e7\u00e3o \u201cEntre Linhas e Sil\u00eancios\u201d, no Dia Internacional da Mulher, e prop\u00f4s reflex\u00e3o sobre a viol\u00eancia contra as mulheres","og_url":"https:\/\/www.pmpf.rs.gov.br\/cultura\/2026\/03\/10\/galeria-estacao-da-arte-recebe-instalacao-de-banco-vermelho-em-acao-de-combate-ao-feminicidio\/","og_site_name":"Secretaria de Cultura","article_published_time":"2026-03-10T14:00:00+00:00","article_modified_time":"2026-03-10T14:00:11+00:00","author":"lilicrivello","twitter_card":"summary_large_image","twitter_misc":{"Escrito por":"lilicrivello","Est. tempo de leitura":"2 minutos"},"schema":{"@context":"https:\/\/schema.org","@graph":[{"@type":"WebPage","@id":"https:\/\/www.pmpf.rs.gov.br\/cultura\/2026\/03\/10\/galeria-estacao-da-arte-recebe-instalacao-de-banco-vermelho-em-acao-de-combate-ao-feminicidio\/","url":"https:\/\/www.pmpf.rs.gov.br\/cultura\/2026\/03\/10\/galeria-estacao-da-arte-recebe-instalacao-de-banco-vermelho-em-acao-de-combate-ao-feminicidio\/","name":"Galeria Esta\u00e7\u00e3o da Arte recebe instala\u00e7\u00e3o de Banco Vermelho em a\u00e7\u00e3o de combate ao feminic\u00eddio - Secretaria de Cultura","isPartOf":{"@id":"https:\/\/www.pmpf.rs.gov.br\/cultura\/#website"},"primaryImageOfPage":{"@id":"https:\/\/www.pmpf.rs.gov.br\/cultura\/2026\/03\/10\/galeria-estacao-da-arte-recebe-instalacao-de-banco-vermelho-em-acao-de-combate-ao-feminicidio\/#primaryimage"},"image":{"@id":"https:\/\/www.pmpf.rs.gov.br\/cultura\/2026\/03\/10\/galeria-estacao-da-arte-recebe-instalacao-de-banco-vermelho-em-acao-de-combate-ao-feminicidio\/#primaryimage"},"thumbnailUrl":"https:\/\/www.pmpf.rs.gov.br\/cultura\/wp-content\/uploads\/sites\/25\/2026\/03\/WhatsApp-Image-2026-03-09-at-11.22.25.jpeg","datePublished":"2026-03-10T14:00:00+00:00","dateModified":"2026-03-10T14:00:11+00:00","author":{"@id":"https:\/\/www.pmpf.rs.gov.br\/cultura\/#\/schema\/person\/6e93b0ab2174b69f691ac4f278ba2d0a"},"inLanguage":"pt-BR","potentialAction":[{"@type":"ReadAction","target":["https:\/\/www.pmpf.rs.gov.br\/cultura\/2026\/03\/10\/galeria-estacao-da-arte-recebe-instalacao-de-banco-vermelho-em-acao-de-combate-ao-feminicidio\/"]}]},{"@type":"ImageObject","inLanguage":"pt-BR","@id":"https:\/\/www.pmpf.rs.gov.br\/cultura\/2026\/03\/10\/galeria-estacao-da-arte-recebe-instalacao-de-banco-vermelho-em-acao-de-combate-ao-feminicidio\/#primaryimage","url":"https:\/\/www.pmpf.rs.gov.br\/cultura\/wp-content\/uploads\/sites\/25\/2026\/03\/WhatsApp-Image-2026-03-09-at-11.22.25.jpeg","contentUrl":"https:\/\/www.pmpf.rs.gov.br\/cultura\/wp-content\/uploads\/sites\/25\/2026\/03\/WhatsApp-Image-2026-03-09-at-11.22.25.jpeg","width":1200,"height":1600},{"@type":"WebSite","@id":"https:\/\/www.pmpf.rs.gov.br\/cultura\/#website","url":"https:\/\/www.pmpf.rs.gov.br\/cultura\/","name":"Secretaria de Cultura","description":"S\u00f3 mais um site Prefeitura de Passo Fundo","potentialAction":[{"@type":"SearchAction","target":{"@type":"EntryPoint","urlTemplate":"https:\/\/www.pmpf.rs.gov.br\/cultura\/?s={search_term_string}"},"query-input":{"@type":"PropertyValueSpecification","valueRequired":true,"valueName":"search_term_string"}}],"inLanguage":"pt-BR"},{"@type":"Person","@id":"https:\/\/www.pmpf.rs.gov.br\/cultura\/#\/schema\/person\/6e93b0ab2174b69f691ac4f278ba2d0a","name":"lilicrivello","image":{"@type":"ImageObject","inLanguage":"pt-BR","@id":"https:\/\/www.pmpf.rs.gov.br\/cultura\/#\/schema\/person\/image\/","url":"https:\/\/secure.gravatar.com\/avatar\/0b546b667388f8edb7b67d70a57b5e46?s=96&d=mm&r=g","contentUrl":"https:\/\/secure.gravatar.com\/avatar\/0b546b667388f8edb7b67d70a57b5e46?s=96&d=mm&r=g","caption":"lilicrivello"},"url":"https:\/\/www.pmpf.rs.gov.br\/cultura\/author\/lilicrivello\/"}]}},"_links":{"self":[{"href":"https:\/\/www.pmpf.rs.gov.br\/cultura\/wp-json\/wp\/v2\/posts\/4442"}],"collection":[{"href":"https:\/\/www.pmpf.rs.gov.br\/cultura\/wp-json\/wp\/v2\/posts"}],"about":[{"href":"https:\/\/www.pmpf.rs.gov.br\/cultura\/wp-json\/wp\/v2\/types\/post"}],"author":[{"embeddable":true,"href":"https:\/\/www.pmpf.rs.gov.br\/cultura\/wp-json\/wp\/v2\/users\/24"}],"replies":[{"embeddable":true,"href":"https:\/\/www.pmpf.rs.gov.br\/cultura\/wp-json\/wp\/v2\/comments?post=4442"}],"version-history":[{"count":1,"href":"https:\/\/www.pmpf.rs.gov.br\/cultura\/wp-json\/wp\/v2\/posts\/4442\/revisions"}],"predecessor-version":[{"id":4444,"href":"https:\/\/www.pmpf.rs.gov.br\/cultura\/wp-json\/wp\/v2\/posts\/4442\/revisions\/4444"}],"wp:featuredmedia":[{"embeddable":true,"href":"https:\/\/www.pmpf.rs.gov.br\/cultura\/wp-json\/wp\/v2\/media\/4443"}],"wp:attachment":[{"href":"https:\/\/www.pmpf.rs.gov.br\/cultura\/wp-json\/wp\/v2\/media?parent=4442"}],"wp:term":[{"taxonomy":"category","embeddable":true,"href":"https:\/\/www.pmpf.rs.gov.br\/cultura\/wp-json\/wp\/v2\/categories?post=4442"},{"taxonomy":"post_tag","embeddable":true,"href":"https:\/\/www.pmpf.rs.gov.br\/cultura\/wp-json\/wp\/v2\/tags?post=4442"}],"curies":[{"name":"wp","href":"https:\/\/api.w.org\/{rel}","templated":true}]}}