{"id":4387,"date":"2025-12-04T08:36:47","date_gmt":"2025-12-04T11:36:47","guid":{"rendered":"https:\/\/www.pmpf.rs.gov.br\/cultura\/?p=4387"},"modified":"2025-12-04T08:36:52","modified_gmt":"2025-12-04T11:36:52","slug":"festival-tio-mena-de-bandoneon-ocorre-nesta-sexta-feira","status":"publish","type":"post","link":"https:\/\/www.pmpf.rs.gov.br\/cultura\/2025\/12\/04\/festival-tio-mena-de-bandoneon-ocorre-nesta-sexta-feira\/","title":{"rendered":"Festival Tio Mena de Bandoneon ocorre nesta sexta-feira"},"content":{"rendered":"\n<p><\/p>\n\n\n\n<p>A tradi\u00e7\u00e3o, o sentimento e a sonoridade do bandoneon voltar\u00e3o a ecoar na Esta\u00e7\u00e3o Gastron\u00f4mica da Gare nesta sexta-feira (5), a partir das 19h30, durante o Festival Tio Mena de Bandoneon 2025. Realizado pela Prefeitura de Passo Fundo, por meio da Secretaria de Cultura, o evento celebra uma das mais importantes refer\u00eancias da m\u00fasica regional e presta homenagem ao mestre Tio Mena, figura central na preserva\u00e7\u00e3o do instrumento em toda a regi\u00e3o Norte do Estado.<\/p>\n\n\n\n<p>A edi\u00e7\u00e3o deste ano reunir\u00e1 12 bandoneonistas vindos de diferentes pa\u00edses e tradi\u00e7\u00f5es musicais. M\u00fasicos do Brasil, Argentina e Uruguai participam da programa\u00e7\u00e3o, refor\u00e7ando o car\u00e1ter fronteiri\u00e7o e culturalmente integrado do festival.<\/p>\n\n\n\n<p>O secret\u00e1rio de Cultura, Rafael Bortoluzzi, destaca que a proposta \u00e9 valorizar o legado de Tio Mena e oferecer ao p\u00fablico uma experi\u00eancia genu\u00edna do que representa essa tradi\u00e7\u00e3o. \u201cO Festival Tio Mena de Bandoneon \u00e9 uma celebra\u00e7\u00e3o da nossa identidade e da for\u00e7a que o bandoneon tem na forma\u00e7\u00e3o cultural da regi\u00e3o. Receber m\u00fasicos de tr\u00eas pa\u00edses \u00e9 reconhecer que essa tradi\u00e7\u00e3o ultrapassa fronteiras, e tudo isso veio com a dedica\u00e7\u00e3o do Tio Mena, que segue sendo inspira\u00e7\u00e3o para todos n\u00f3s. A Prefeitura tem o compromisso de preservar esse legado e levar essa hist\u00f3ria para as novas gera\u00e7\u00f5es\u201d, afirmou o secret\u00e1rio.<\/p>\n\n\n\n<p>Completando 101 anos no dia 8 de dezembro, Tio Mena \u2013 maestro, refer\u00eancia e incans\u00e1vel divulgador do bandoneon \u2013 \u00e9 reconhecido como o grande mentor dos antigos encontros do instrumento na cidade. Seus eventos hist\u00f3ricos reuniam m\u00fasicos de v\u00e1rias idades e nacionalidades, fortalecendo a identidade cultural de Passo Fundo.<\/p>\n\n\n\n<p>Desde 2023, a Prefeitura assumiu oficialmente a organiza\u00e7\u00e3o do festival por meio de decreto, dando continuidade ao trabalho iniciado por ele e consolidando o evento no calend\u00e1rio cultural municipal. \u201cA manuten\u00e7\u00e3o desse festival \u00e9, acima de tudo, uma forma de respeito a quem dedicou a vida inteira \u00e0 m\u00fasica e \u00e0 cultura. Tio Mena \u00e9 um patrim\u00f4nio vivo da nossa cidade\u201d, refor\u00e7ou Bortoluzzi.<\/p>\n\n\n\n<p>O festival \u00e9 gratuito e acontece em espa\u00e7o aberto, com estrutura especial montada para o p\u00fablico, que paga apenas pelo que consumir.<\/p>\n","protected":false},"excerpt":{"rendered":"<p>Evento re\u00fane m\u00fasicos do Brasil, Argentina e Uruguai e celebra o legado do maior s\u00edmbolo do bandoneon na regi\u00e3o<\/p>\n","protected":false},"author":24,"featured_media":4388,"comment_status":"closed","ping_status":"closed","sticky":false,"template":"","format":"standard","meta":{"footnotes":""},"categories":[1],"tags":[],"class_list":["post-4387","post","type-post","status-publish","format-standard","has-post-thumbnail","hentry","category-sem-categoria"],"yoast_head":"<!-- This site is optimized with the Yoast SEO plugin v23.8 - https:\/\/yoast.com\/wordpress\/plugins\/seo\/ -->\n<title>Festival Tio Mena de Bandoneon ocorre nesta sexta-feira - Secretaria de Cultura<\/title>\n<meta name=\"robots\" content=\"index, follow, max-snippet:-1, max-image-preview:large, max-video-preview:-1\" \/>\n<link rel=\"canonical\" href=\"https:\/\/www.pmpf.rs.gov.br\/cultura\/2025\/12\/04\/festival-tio-mena-de-bandoneon-ocorre-nesta-sexta-feira\/\" \/>\n<meta property=\"og:locale\" content=\"pt_BR\" \/>\n<meta property=\"og:type\" content=\"article\" \/>\n<meta property=\"og:title\" content=\"Festival Tio Mena de Bandoneon ocorre nesta sexta-feira - Secretaria de Cultura\" \/>\n<meta property=\"og:description\" content=\"Evento re\u00fane m\u00fasicos do Brasil, Argentina e Uruguai e celebra o legado do maior s\u00edmbolo do bandoneon na regi\u00e3o\" \/>\n<meta property=\"og:url\" content=\"https:\/\/www.pmpf.rs.gov.br\/cultura\/2025\/12\/04\/festival-tio-mena-de-bandoneon-ocorre-nesta-sexta-feira\/\" \/>\n<meta property=\"og:site_name\" content=\"Secretaria de Cultura\" \/>\n<meta property=\"article:published_time\" content=\"2025-12-04T11:36:47+00:00\" \/>\n<meta property=\"article:modified_time\" content=\"2025-12-04T11:36:52+00:00\" \/>\n<meta name=\"author\" content=\"lilicrivello\" \/>\n<meta name=\"twitter:card\" content=\"summary_large_image\" \/>\n<meta name=\"twitter:label1\" content=\"Escrito por\" \/>\n\t<meta name=\"twitter:data1\" content=\"lilicrivello\" \/>\n\t<meta name=\"twitter:label2\" content=\"Est. tempo de leitura\" \/>\n\t<meta name=\"twitter:data2\" content=\"2 minutos\" \/>\n<script type=\"application\/ld+json\" class=\"yoast-schema-graph\">{\"@context\":\"https:\/\/schema.org\",\"@graph\":[{\"@type\":\"WebPage\",\"@id\":\"https:\/\/www.pmpf.rs.gov.br\/cultura\/2025\/12\/04\/festival-tio-mena-de-bandoneon-ocorre-nesta-sexta-feira\/\",\"url\":\"https:\/\/www.pmpf.rs.gov.br\/cultura\/2025\/12\/04\/festival-tio-mena-de-bandoneon-ocorre-nesta-sexta-feira\/\",\"name\":\"Festival Tio Mena de Bandoneon ocorre nesta sexta-feira - Secretaria de Cultura\",\"isPartOf\":{\"@id\":\"https:\/\/www.pmpf.rs.gov.br\/cultura\/#website\"},\"primaryImageOfPage\":{\"@id\":\"https:\/\/www.pmpf.rs.gov.br\/cultura\/2025\/12\/04\/festival-tio-mena-de-bandoneon-ocorre-nesta-sexta-feira\/#primaryimage\"},\"image\":{\"@id\":\"https:\/\/www.pmpf.rs.gov.br\/cultura\/2025\/12\/04\/festival-tio-mena-de-bandoneon-ocorre-nesta-sexta-feira\/#primaryimage\"},\"thumbnailUrl\":\"https:\/\/www.pmpf.rs.gov.br\/cultura\/wp-content\/uploads\/sites\/25\/2025\/12\/Captura-de-tela-2025-12-04-083623.png\",\"datePublished\":\"2025-12-04T11:36:47+00:00\",\"dateModified\":\"2025-12-04T11:36:52+00:00\",\"author\":{\"@id\":\"https:\/\/www.pmpf.rs.gov.br\/cultura\/#\/schema\/person\/6e93b0ab2174b69f691ac4f278ba2d0a\"},\"inLanguage\":\"pt-BR\",\"potentialAction\":[{\"@type\":\"ReadAction\",\"target\":[\"https:\/\/www.pmpf.rs.gov.br\/cultura\/2025\/12\/04\/festival-tio-mena-de-bandoneon-ocorre-nesta-sexta-feira\/\"]}]},{\"@type\":\"ImageObject\",\"inLanguage\":\"pt-BR\",\"@id\":\"https:\/\/www.pmpf.rs.gov.br\/cultura\/2025\/12\/04\/festival-tio-mena-de-bandoneon-ocorre-nesta-sexta-feira\/#primaryimage\",\"url\":\"https:\/\/www.pmpf.rs.gov.br\/cultura\/wp-content\/uploads\/sites\/25\/2025\/12\/Captura-de-tela-2025-12-04-083623.png\",\"contentUrl\":\"https:\/\/www.pmpf.rs.gov.br\/cultura\/wp-content\/uploads\/sites\/25\/2025\/12\/Captura-de-tela-2025-12-04-083623.png\",\"width\":992,\"height\":688},{\"@type\":\"WebSite\",\"@id\":\"https:\/\/www.pmpf.rs.gov.br\/cultura\/#website\",\"url\":\"https:\/\/www.pmpf.rs.gov.br\/cultura\/\",\"name\":\"Secretaria de Cultura\",\"description\":\"S\u00f3 mais um site Prefeitura de Passo Fundo\",\"potentialAction\":[{\"@type\":\"SearchAction\",\"target\":{\"@type\":\"EntryPoint\",\"urlTemplate\":\"https:\/\/www.pmpf.rs.gov.br\/cultura\/?s={search_term_string}\"},\"query-input\":{\"@type\":\"PropertyValueSpecification\",\"valueRequired\":true,\"valueName\":\"search_term_string\"}}],\"inLanguage\":\"pt-BR\"},{\"@type\":\"Person\",\"@id\":\"https:\/\/www.pmpf.rs.gov.br\/cultura\/#\/schema\/person\/6e93b0ab2174b69f691ac4f278ba2d0a\",\"name\":\"lilicrivello\",\"image\":{\"@type\":\"ImageObject\",\"inLanguage\":\"pt-BR\",\"@id\":\"https:\/\/www.pmpf.rs.gov.br\/cultura\/#\/schema\/person\/image\/\",\"url\":\"https:\/\/secure.gravatar.com\/avatar\/0b546b667388f8edb7b67d70a57b5e46?s=96&d=mm&r=g\",\"contentUrl\":\"https:\/\/secure.gravatar.com\/avatar\/0b546b667388f8edb7b67d70a57b5e46?s=96&d=mm&r=g\",\"caption\":\"lilicrivello\"},\"url\":\"https:\/\/www.pmpf.rs.gov.br\/cultura\/author\/lilicrivello\/\"}]}<\/script>\n<!-- \/ Yoast SEO plugin. -->","yoast_head_json":{"title":"Festival Tio Mena de Bandoneon ocorre nesta sexta-feira - Secretaria de Cultura","robots":{"index":"index","follow":"follow","max-snippet":"max-snippet:-1","max-image-preview":"max-image-preview:large","max-video-preview":"max-video-preview:-1"},"canonical":"https:\/\/www.pmpf.rs.gov.br\/cultura\/2025\/12\/04\/festival-tio-mena-de-bandoneon-ocorre-nesta-sexta-feira\/","og_locale":"pt_BR","og_type":"article","og_title":"Festival Tio Mena de Bandoneon ocorre nesta sexta-feira - Secretaria de Cultura","og_description":"Evento re\u00fane m\u00fasicos do Brasil, Argentina e Uruguai e celebra o legado do maior s\u00edmbolo do bandoneon na regi\u00e3o","og_url":"https:\/\/www.pmpf.rs.gov.br\/cultura\/2025\/12\/04\/festival-tio-mena-de-bandoneon-ocorre-nesta-sexta-feira\/","og_site_name":"Secretaria de Cultura","article_published_time":"2025-12-04T11:36:47+00:00","article_modified_time":"2025-12-04T11:36:52+00:00","author":"lilicrivello","twitter_card":"summary_large_image","twitter_misc":{"Escrito por":"lilicrivello","Est. tempo de leitura":"2 minutos"},"schema":{"@context":"https:\/\/schema.org","@graph":[{"@type":"WebPage","@id":"https:\/\/www.pmpf.rs.gov.br\/cultura\/2025\/12\/04\/festival-tio-mena-de-bandoneon-ocorre-nesta-sexta-feira\/","url":"https:\/\/www.pmpf.rs.gov.br\/cultura\/2025\/12\/04\/festival-tio-mena-de-bandoneon-ocorre-nesta-sexta-feira\/","name":"Festival Tio Mena de Bandoneon ocorre nesta sexta-feira - Secretaria de Cultura","isPartOf":{"@id":"https:\/\/www.pmpf.rs.gov.br\/cultura\/#website"},"primaryImageOfPage":{"@id":"https:\/\/www.pmpf.rs.gov.br\/cultura\/2025\/12\/04\/festival-tio-mena-de-bandoneon-ocorre-nesta-sexta-feira\/#primaryimage"},"image":{"@id":"https:\/\/www.pmpf.rs.gov.br\/cultura\/2025\/12\/04\/festival-tio-mena-de-bandoneon-ocorre-nesta-sexta-feira\/#primaryimage"},"thumbnailUrl":"https:\/\/www.pmpf.rs.gov.br\/cultura\/wp-content\/uploads\/sites\/25\/2025\/12\/Captura-de-tela-2025-12-04-083623.png","datePublished":"2025-12-04T11:36:47+00:00","dateModified":"2025-12-04T11:36:52+00:00","author":{"@id":"https:\/\/www.pmpf.rs.gov.br\/cultura\/#\/schema\/person\/6e93b0ab2174b69f691ac4f278ba2d0a"},"inLanguage":"pt-BR","potentialAction":[{"@type":"ReadAction","target":["https:\/\/www.pmpf.rs.gov.br\/cultura\/2025\/12\/04\/festival-tio-mena-de-bandoneon-ocorre-nesta-sexta-feira\/"]}]},{"@type":"ImageObject","inLanguage":"pt-BR","@id":"https:\/\/www.pmpf.rs.gov.br\/cultura\/2025\/12\/04\/festival-tio-mena-de-bandoneon-ocorre-nesta-sexta-feira\/#primaryimage","url":"https:\/\/www.pmpf.rs.gov.br\/cultura\/wp-content\/uploads\/sites\/25\/2025\/12\/Captura-de-tela-2025-12-04-083623.png","contentUrl":"https:\/\/www.pmpf.rs.gov.br\/cultura\/wp-content\/uploads\/sites\/25\/2025\/12\/Captura-de-tela-2025-12-04-083623.png","width":992,"height":688},{"@type":"WebSite","@id":"https:\/\/www.pmpf.rs.gov.br\/cultura\/#website","url":"https:\/\/www.pmpf.rs.gov.br\/cultura\/","name":"Secretaria de Cultura","description":"S\u00f3 mais um site Prefeitura de Passo Fundo","potentialAction":[{"@type":"SearchAction","target":{"@type":"EntryPoint","urlTemplate":"https:\/\/www.pmpf.rs.gov.br\/cultura\/?s={search_term_string}"},"query-input":{"@type":"PropertyValueSpecification","valueRequired":true,"valueName":"search_term_string"}}],"inLanguage":"pt-BR"},{"@type":"Person","@id":"https:\/\/www.pmpf.rs.gov.br\/cultura\/#\/schema\/person\/6e93b0ab2174b69f691ac4f278ba2d0a","name":"lilicrivello","image":{"@type":"ImageObject","inLanguage":"pt-BR","@id":"https:\/\/www.pmpf.rs.gov.br\/cultura\/#\/schema\/person\/image\/","url":"https:\/\/secure.gravatar.com\/avatar\/0b546b667388f8edb7b67d70a57b5e46?s=96&d=mm&r=g","contentUrl":"https:\/\/secure.gravatar.com\/avatar\/0b546b667388f8edb7b67d70a57b5e46?s=96&d=mm&r=g","caption":"lilicrivello"},"url":"https:\/\/www.pmpf.rs.gov.br\/cultura\/author\/lilicrivello\/"}]}},"_links":{"self":[{"href":"https:\/\/www.pmpf.rs.gov.br\/cultura\/wp-json\/wp\/v2\/posts\/4387"}],"collection":[{"href":"https:\/\/www.pmpf.rs.gov.br\/cultura\/wp-json\/wp\/v2\/posts"}],"about":[{"href":"https:\/\/www.pmpf.rs.gov.br\/cultura\/wp-json\/wp\/v2\/types\/post"}],"author":[{"embeddable":true,"href":"https:\/\/www.pmpf.rs.gov.br\/cultura\/wp-json\/wp\/v2\/users\/24"}],"replies":[{"embeddable":true,"href":"https:\/\/www.pmpf.rs.gov.br\/cultura\/wp-json\/wp\/v2\/comments?post=4387"}],"version-history":[{"count":1,"href":"https:\/\/www.pmpf.rs.gov.br\/cultura\/wp-json\/wp\/v2\/posts\/4387\/revisions"}],"predecessor-version":[{"id":4389,"href":"https:\/\/www.pmpf.rs.gov.br\/cultura\/wp-json\/wp\/v2\/posts\/4387\/revisions\/4389"}],"wp:featuredmedia":[{"embeddable":true,"href":"https:\/\/www.pmpf.rs.gov.br\/cultura\/wp-json\/wp\/v2\/media\/4388"}],"wp:attachment":[{"href":"https:\/\/www.pmpf.rs.gov.br\/cultura\/wp-json\/wp\/v2\/media?parent=4387"}],"wp:term":[{"taxonomy":"category","embeddable":true,"href":"https:\/\/www.pmpf.rs.gov.br\/cultura\/wp-json\/wp\/v2\/categories?post=4387"},{"taxonomy":"post_tag","embeddable":true,"href":"https:\/\/www.pmpf.rs.gov.br\/cultura\/wp-json\/wp\/v2\/tags?post=4387"}],"curies":[{"name":"wp","href":"https:\/\/api.w.org\/{rel}","templated":true}]}}