{"id":4384,"date":"2025-12-03T07:54:11","date_gmt":"2025-12-03T10:54:11","guid":{"rendered":"https:\/\/www.pmpf.rs.gov.br\/cultura\/?p=4384"},"modified":"2025-12-03T07:54:30","modified_gmt":"2025-12-03T10:54:30","slug":"abertura-do-natal-sonho-e-luz-reuniu-centenas-de-pessoas-e-marcou-o-inicio-da-programacao","status":"publish","type":"post","link":"https:\/\/www.pmpf.rs.gov.br\/cultura\/2025\/12\/03\/abertura-do-natal-sonho-e-luz-reuniu-centenas-de-pessoas-e-marcou-o-inicio-da-programacao\/","title":{"rendered":"Abertura do Natal Sonho e Luz reuniu centenas de pessoas e marcou o in\u00edcio da programa\u00e7\u00e3o"},"content":{"rendered":"\n<p><\/p>\n\n\n\n<p>Com o tema \u201cAcreditar nas pessoas \u00e9 o que faz o Natal acontecer\u201d, a abertura do Natal Sonho e Luz 2025 iluminou o centro de Passo Fundo na noite desta sexta-feira (28), quando a Pra\u00e7a Marechal Floriano se transformou em um palco cheio de brilho, cores e emo\u00e7\u00e3o. O acendimento oficial das luzes marcou o in\u00edcio da programa\u00e7\u00e3o deste ano e atraiu fam\u00edlias, amigos e visitantes que ocuparam o espa\u00e7o para acompanhar o momento mais esperado da celebra\u00e7\u00e3o.<\/p>\n\n\n\n<p>Al\u00e9m da ilumina\u00e7\u00e3o especial e da decora\u00e7\u00e3o com ambientes instagram\u00e1veis, o p\u00fablico foi recebido pela apresenta\u00e7\u00e3o \u201cCantos de Natal\u201d, da Companhia da Cidade, que refor\u00e7ou o clima afetivo e comunit\u00e1rio que envolve todo o per\u00edodo festivo.<\/p>\n\n\n\n<p>O evento \u00e9 uma realiza\u00e7\u00e3o da Prefeitura de Passo Fundo e da CDL, com apoio do Sicredi, reafirmando a uni\u00e3o entre poder p\u00fablico, entidades e comunidade para promover experi\u00eancias que valorizem a cidade.<\/p>\n\n\n\n<p>O prefeito Pedro Almeida destacou que o Natal Sonho e Luz \u00e9 uma celebra\u00e7\u00e3o constru\u00edda coletivamente e que simboliza a for\u00e7a da comunidade passo-fundense. \u201cO Natal tem esse poder de reunir, emocionar e renovar a esperan\u00e7a. Quando a pra\u00e7a se enche de luz, \u00e9 como se lembr\u00e1ssemos que Passo Fundo cresce quando estamos juntos. Preparamos tudo com muito carinho para que cada pessoa, cada fam\u00edlia, possa viver momentos de alegria\u201d, afirmou.<\/p>\n\n\n\n<p>Para o secret\u00e1rio de Cultura, Rafael Bortoluzzi, a abertura marcou mais do que o in\u00edcio de uma programa\u00e7\u00e3o, representa a valoriza\u00e7\u00e3o do espa\u00e7o p\u00fablico como ponto de encontro e experi\u00eancia cultural. \u201cA cultura tem essa capacidade de transformar ambientes e conectar pessoas. Ver a pra\u00e7a cheia, iluminada e viva \u00e9 a prova de que a comunidade abra\u00e7a o Natal de Passo Fundo. Toda a programa\u00e7\u00e3o foi pensada para oferecer encantamento, diversidade art\u00edstica e um ambiente acolhedor para todos\u201d, ressaltou.<\/p>\n\n\n\n<p>Com o acendimento das luzes, a cidade deu in\u00edcio ao calend\u00e1rio de apresenta\u00e7\u00f5es culturais, que seguem at\u00e9 o dia 22 de dezembro, j\u00e1 a decora\u00e7\u00e3o, ilumina\u00e7\u00e3o e ambienta\u00e7\u00e3o tem\u00e1tica permanecem at\u00e9 o dia 06 de janeiro.<\/p>\n\n\n\n<p><strong>Programa\u00e7\u00e3o<br><\/strong>28\/11 (sexta) \u2013 19h30 | Acendimento das luzes + Cantos de Natal \u2013 Companhia da Cidade<br>06\/12 (s\u00e1bado) \u2013 20h | Orquestra da Escola P\u00fablica de M\u00fasica<br>12\/12 (sexta) \u2013 20h | Cantata Noite de Paz \u2013 Coral Harmonia Celeste e Grupo Yorrane<br>15\/12 (segunda) \u2013 20h | Corais Sagrado Cora\u00e7\u00e3o de Jesus, Prosit e Momento Novo<br>22\/12 (segunda) \u2013 20h | Conrad, Glenzel &amp; Nazario \u2013 M\u00fasica<\/p>\n","protected":false},"excerpt":{"rendered":"<p>Pra\u00e7a Marechal Floriano recebeu o acendimento oficial das luzes e apresenta\u00e7\u00f5es culturais<\/p>\n","protected":false},"author":24,"featured_media":4385,"comment_status":"closed","ping_status":"closed","sticky":false,"template":"","format":"standard","meta":{"footnotes":""},"categories":[1],"tags":[],"class_list":["post-4384","post","type-post","status-publish","format-standard","has-post-thumbnail","hentry","category-sem-categoria"],"yoast_head":"<!-- This site is optimized with the Yoast SEO plugin v23.8 - https:\/\/yoast.com\/wordpress\/plugins\/seo\/ -->\n<title>Abertura do Natal Sonho e Luz reuniu centenas de pessoas e marcou o in\u00edcio da programa\u00e7\u00e3o - Secretaria de Cultura<\/title>\n<meta name=\"robots\" content=\"index, follow, max-snippet:-1, max-image-preview:large, max-video-preview:-1\" \/>\n<link rel=\"canonical\" href=\"https:\/\/www.pmpf.rs.gov.br\/cultura\/2025\/12\/03\/abertura-do-natal-sonho-e-luz-reuniu-centenas-de-pessoas-e-marcou-o-inicio-da-programacao\/\" \/>\n<meta property=\"og:locale\" content=\"pt_BR\" \/>\n<meta property=\"og:type\" content=\"article\" \/>\n<meta property=\"og:title\" content=\"Abertura do Natal Sonho e Luz reuniu centenas de pessoas e marcou o in\u00edcio da programa\u00e7\u00e3o - Secretaria de Cultura\" \/>\n<meta property=\"og:description\" content=\"Pra\u00e7a Marechal Floriano recebeu o acendimento oficial das luzes e apresenta\u00e7\u00f5es culturais\" \/>\n<meta property=\"og:url\" content=\"https:\/\/www.pmpf.rs.gov.br\/cultura\/2025\/12\/03\/abertura-do-natal-sonho-e-luz-reuniu-centenas-de-pessoas-e-marcou-o-inicio-da-programacao\/\" \/>\n<meta property=\"og:site_name\" content=\"Secretaria de Cultura\" \/>\n<meta property=\"article:published_time\" content=\"2025-12-03T10:54:11+00:00\" \/>\n<meta property=\"article:modified_time\" content=\"2025-12-03T10:54:30+00:00\" \/>\n<meta name=\"author\" content=\"lilicrivello\" \/>\n<meta name=\"twitter:card\" content=\"summary_large_image\" \/>\n<meta name=\"twitter:label1\" content=\"Escrito por\" \/>\n\t<meta name=\"twitter:data1\" content=\"lilicrivello\" \/>\n\t<meta name=\"twitter:label2\" content=\"Est. tempo de leitura\" \/>\n\t<meta name=\"twitter:data2\" content=\"2 minutos\" \/>\n<script type=\"application\/ld+json\" class=\"yoast-schema-graph\">{\"@context\":\"https:\/\/schema.org\",\"@graph\":[{\"@type\":\"WebPage\",\"@id\":\"https:\/\/www.pmpf.rs.gov.br\/cultura\/2025\/12\/03\/abertura-do-natal-sonho-e-luz-reuniu-centenas-de-pessoas-e-marcou-o-inicio-da-programacao\/\",\"url\":\"https:\/\/www.pmpf.rs.gov.br\/cultura\/2025\/12\/03\/abertura-do-natal-sonho-e-luz-reuniu-centenas-de-pessoas-e-marcou-o-inicio-da-programacao\/\",\"name\":\"Abertura do Natal Sonho e Luz reuniu centenas de pessoas e marcou o in\u00edcio da programa\u00e7\u00e3o - Secretaria de Cultura\",\"isPartOf\":{\"@id\":\"https:\/\/www.pmpf.rs.gov.br\/cultura\/#website\"},\"primaryImageOfPage\":{\"@id\":\"https:\/\/www.pmpf.rs.gov.br\/cultura\/2025\/12\/03\/abertura-do-natal-sonho-e-luz-reuniu-centenas-de-pessoas-e-marcou-o-inicio-da-programacao\/#primaryimage\"},\"image\":{\"@id\":\"https:\/\/www.pmpf.rs.gov.br\/cultura\/2025\/12\/03\/abertura-do-natal-sonho-e-luz-reuniu-centenas-de-pessoas-e-marcou-o-inicio-da-programacao\/#primaryimage\"},\"thumbnailUrl\":\"https:\/\/www.pmpf.rs.gov.br\/cultura\/wp-content\/uploads\/sites\/25\/2025\/12\/Captura-de-tela-2025-12-03-075337.png\",\"datePublished\":\"2025-12-03T10:54:11+00:00\",\"dateModified\":\"2025-12-03T10:54:30+00:00\",\"author\":{\"@id\":\"https:\/\/www.pmpf.rs.gov.br\/cultura\/#\/schema\/person\/6e93b0ab2174b69f691ac4f278ba2d0a\"},\"inLanguage\":\"pt-BR\",\"potentialAction\":[{\"@type\":\"ReadAction\",\"target\":[\"https:\/\/www.pmpf.rs.gov.br\/cultura\/2025\/12\/03\/abertura-do-natal-sonho-e-luz-reuniu-centenas-de-pessoas-e-marcou-o-inicio-da-programacao\/\"]}]},{\"@type\":\"ImageObject\",\"inLanguage\":\"pt-BR\",\"@id\":\"https:\/\/www.pmpf.rs.gov.br\/cultura\/2025\/12\/03\/abertura-do-natal-sonho-e-luz-reuniu-centenas-de-pessoas-e-marcou-o-inicio-da-programacao\/#primaryimage\",\"url\":\"https:\/\/www.pmpf.rs.gov.br\/cultura\/wp-content\/uploads\/sites\/25\/2025\/12\/Captura-de-tela-2025-12-03-075337.png\",\"contentUrl\":\"https:\/\/www.pmpf.rs.gov.br\/cultura\/wp-content\/uploads\/sites\/25\/2025\/12\/Captura-de-tela-2025-12-03-075337.png\",\"width\":1021,\"height\":652},{\"@type\":\"WebSite\",\"@id\":\"https:\/\/www.pmpf.rs.gov.br\/cultura\/#website\",\"url\":\"https:\/\/www.pmpf.rs.gov.br\/cultura\/\",\"name\":\"Secretaria de Cultura\",\"description\":\"S\u00f3 mais um site Prefeitura de Passo Fundo\",\"potentialAction\":[{\"@type\":\"SearchAction\",\"target\":{\"@type\":\"EntryPoint\",\"urlTemplate\":\"https:\/\/www.pmpf.rs.gov.br\/cultura\/?s={search_term_string}\"},\"query-input\":{\"@type\":\"PropertyValueSpecification\",\"valueRequired\":true,\"valueName\":\"search_term_string\"}}],\"inLanguage\":\"pt-BR\"},{\"@type\":\"Person\",\"@id\":\"https:\/\/www.pmpf.rs.gov.br\/cultura\/#\/schema\/person\/6e93b0ab2174b69f691ac4f278ba2d0a\",\"name\":\"lilicrivello\",\"image\":{\"@type\":\"ImageObject\",\"inLanguage\":\"pt-BR\",\"@id\":\"https:\/\/www.pmpf.rs.gov.br\/cultura\/#\/schema\/person\/image\/\",\"url\":\"https:\/\/secure.gravatar.com\/avatar\/0b546b667388f8edb7b67d70a57b5e46?s=96&d=mm&r=g\",\"contentUrl\":\"https:\/\/secure.gravatar.com\/avatar\/0b546b667388f8edb7b67d70a57b5e46?s=96&d=mm&r=g\",\"caption\":\"lilicrivello\"},\"url\":\"https:\/\/www.pmpf.rs.gov.br\/cultura\/author\/lilicrivello\/\"}]}<\/script>\n<!-- \/ Yoast SEO plugin. -->","yoast_head_json":{"title":"Abertura do Natal Sonho e Luz reuniu centenas de pessoas e marcou o in\u00edcio da programa\u00e7\u00e3o - Secretaria de Cultura","robots":{"index":"index","follow":"follow","max-snippet":"max-snippet:-1","max-image-preview":"max-image-preview:large","max-video-preview":"max-video-preview:-1"},"canonical":"https:\/\/www.pmpf.rs.gov.br\/cultura\/2025\/12\/03\/abertura-do-natal-sonho-e-luz-reuniu-centenas-de-pessoas-e-marcou-o-inicio-da-programacao\/","og_locale":"pt_BR","og_type":"article","og_title":"Abertura do Natal Sonho e Luz reuniu centenas de pessoas e marcou o in\u00edcio da programa\u00e7\u00e3o - Secretaria de Cultura","og_description":"Pra\u00e7a Marechal Floriano recebeu o acendimento oficial das luzes e apresenta\u00e7\u00f5es culturais","og_url":"https:\/\/www.pmpf.rs.gov.br\/cultura\/2025\/12\/03\/abertura-do-natal-sonho-e-luz-reuniu-centenas-de-pessoas-e-marcou-o-inicio-da-programacao\/","og_site_name":"Secretaria de Cultura","article_published_time":"2025-12-03T10:54:11+00:00","article_modified_time":"2025-12-03T10:54:30+00:00","author":"lilicrivello","twitter_card":"summary_large_image","twitter_misc":{"Escrito por":"lilicrivello","Est. tempo de leitura":"2 minutos"},"schema":{"@context":"https:\/\/schema.org","@graph":[{"@type":"WebPage","@id":"https:\/\/www.pmpf.rs.gov.br\/cultura\/2025\/12\/03\/abertura-do-natal-sonho-e-luz-reuniu-centenas-de-pessoas-e-marcou-o-inicio-da-programacao\/","url":"https:\/\/www.pmpf.rs.gov.br\/cultura\/2025\/12\/03\/abertura-do-natal-sonho-e-luz-reuniu-centenas-de-pessoas-e-marcou-o-inicio-da-programacao\/","name":"Abertura do Natal Sonho e Luz reuniu centenas de pessoas e marcou o in\u00edcio da programa\u00e7\u00e3o - Secretaria de Cultura","isPartOf":{"@id":"https:\/\/www.pmpf.rs.gov.br\/cultura\/#website"},"primaryImageOfPage":{"@id":"https:\/\/www.pmpf.rs.gov.br\/cultura\/2025\/12\/03\/abertura-do-natal-sonho-e-luz-reuniu-centenas-de-pessoas-e-marcou-o-inicio-da-programacao\/#primaryimage"},"image":{"@id":"https:\/\/www.pmpf.rs.gov.br\/cultura\/2025\/12\/03\/abertura-do-natal-sonho-e-luz-reuniu-centenas-de-pessoas-e-marcou-o-inicio-da-programacao\/#primaryimage"},"thumbnailUrl":"https:\/\/www.pmpf.rs.gov.br\/cultura\/wp-content\/uploads\/sites\/25\/2025\/12\/Captura-de-tela-2025-12-03-075337.png","datePublished":"2025-12-03T10:54:11+00:00","dateModified":"2025-12-03T10:54:30+00:00","author":{"@id":"https:\/\/www.pmpf.rs.gov.br\/cultura\/#\/schema\/person\/6e93b0ab2174b69f691ac4f278ba2d0a"},"inLanguage":"pt-BR","potentialAction":[{"@type":"ReadAction","target":["https:\/\/www.pmpf.rs.gov.br\/cultura\/2025\/12\/03\/abertura-do-natal-sonho-e-luz-reuniu-centenas-de-pessoas-e-marcou-o-inicio-da-programacao\/"]}]},{"@type":"ImageObject","inLanguage":"pt-BR","@id":"https:\/\/www.pmpf.rs.gov.br\/cultura\/2025\/12\/03\/abertura-do-natal-sonho-e-luz-reuniu-centenas-de-pessoas-e-marcou-o-inicio-da-programacao\/#primaryimage","url":"https:\/\/www.pmpf.rs.gov.br\/cultura\/wp-content\/uploads\/sites\/25\/2025\/12\/Captura-de-tela-2025-12-03-075337.png","contentUrl":"https:\/\/www.pmpf.rs.gov.br\/cultura\/wp-content\/uploads\/sites\/25\/2025\/12\/Captura-de-tela-2025-12-03-075337.png","width":1021,"height":652},{"@type":"WebSite","@id":"https:\/\/www.pmpf.rs.gov.br\/cultura\/#website","url":"https:\/\/www.pmpf.rs.gov.br\/cultura\/","name":"Secretaria de Cultura","description":"S\u00f3 mais um site Prefeitura de Passo Fundo","potentialAction":[{"@type":"SearchAction","target":{"@type":"EntryPoint","urlTemplate":"https:\/\/www.pmpf.rs.gov.br\/cultura\/?s={search_term_string}"},"query-input":{"@type":"PropertyValueSpecification","valueRequired":true,"valueName":"search_term_string"}}],"inLanguage":"pt-BR"},{"@type":"Person","@id":"https:\/\/www.pmpf.rs.gov.br\/cultura\/#\/schema\/person\/6e93b0ab2174b69f691ac4f278ba2d0a","name":"lilicrivello","image":{"@type":"ImageObject","inLanguage":"pt-BR","@id":"https:\/\/www.pmpf.rs.gov.br\/cultura\/#\/schema\/person\/image\/","url":"https:\/\/secure.gravatar.com\/avatar\/0b546b667388f8edb7b67d70a57b5e46?s=96&d=mm&r=g","contentUrl":"https:\/\/secure.gravatar.com\/avatar\/0b546b667388f8edb7b67d70a57b5e46?s=96&d=mm&r=g","caption":"lilicrivello"},"url":"https:\/\/www.pmpf.rs.gov.br\/cultura\/author\/lilicrivello\/"}]}},"_links":{"self":[{"href":"https:\/\/www.pmpf.rs.gov.br\/cultura\/wp-json\/wp\/v2\/posts\/4384"}],"collection":[{"href":"https:\/\/www.pmpf.rs.gov.br\/cultura\/wp-json\/wp\/v2\/posts"}],"about":[{"href":"https:\/\/www.pmpf.rs.gov.br\/cultura\/wp-json\/wp\/v2\/types\/post"}],"author":[{"embeddable":true,"href":"https:\/\/www.pmpf.rs.gov.br\/cultura\/wp-json\/wp\/v2\/users\/24"}],"replies":[{"embeddable":true,"href":"https:\/\/www.pmpf.rs.gov.br\/cultura\/wp-json\/wp\/v2\/comments?post=4384"}],"version-history":[{"count":1,"href":"https:\/\/www.pmpf.rs.gov.br\/cultura\/wp-json\/wp\/v2\/posts\/4384\/revisions"}],"predecessor-version":[{"id":4386,"href":"https:\/\/www.pmpf.rs.gov.br\/cultura\/wp-json\/wp\/v2\/posts\/4384\/revisions\/4386"}],"wp:featuredmedia":[{"embeddable":true,"href":"https:\/\/www.pmpf.rs.gov.br\/cultura\/wp-json\/wp\/v2\/media\/4385"}],"wp:attachment":[{"href":"https:\/\/www.pmpf.rs.gov.br\/cultura\/wp-json\/wp\/v2\/media?parent=4384"}],"wp:term":[{"taxonomy":"category","embeddable":true,"href":"https:\/\/www.pmpf.rs.gov.br\/cultura\/wp-json\/wp\/v2\/categories?post=4384"},{"taxonomy":"post_tag","embeddable":true,"href":"https:\/\/www.pmpf.rs.gov.br\/cultura\/wp-json\/wp\/v2\/tags?post=4384"}],"curies":[{"name":"wp","href":"https:\/\/api.w.org\/{rel}","templated":true}]}}