{"id":4061,"date":"2024-12-26T14:28:12","date_gmt":"2024-12-26T17:28:12","guid":{"rendered":"https:\/\/www.pmpf.rs.gov.br\/cultura\/?p=4061"},"modified":"2024-12-26T14:28:14","modified_gmt":"2024-12-26T17:28:14","slug":"prefeitura-abre-inscricoes-para-editais-culturais-atraves-da-politica-nacional-aldir-blanc","status":"publish","type":"post","link":"https:\/\/www.pmpf.rs.gov.br\/cultura\/2024\/12\/26\/prefeitura-abre-inscricoes-para-editais-culturais-atraves-da-politica-nacional-aldir-blanc\/","title":{"rendered":"Prefeitura abre inscri\u00e7\u00f5es para editais culturais atrav\u00e9s da Pol\u00edtica Nacional Aldir Blanc"},"content":{"rendered":"\n<p><\/p>\n\n\n\n<p>A Prefeitura de Passo Fundo, por meio da Secretaria de Cultura e do Fundo Municipal de Cultura, anuncia a abertura de editais voltados para o fomento e a manuten\u00e7\u00e3o de projetos e espa\u00e7os culturais na cidade. As iniciativas est\u00e3o alinhadas \u00e0 Pol\u00edtica Nacional Aldir Blanc de Fomento \u00e0 Cultura, que visa incentivar e apoiar as diversas express\u00f5es art\u00edsticas e culturais em todo o pa\u00eds.<\/p>\n\n\n\n<p>Criada pela Lei n\u00ba 14.399, de 2022, a Pol\u00edtica Nacional Aldir Blanc (PNAB) foi desenvolvida para fortalecer o setor cultural no Brasil, promovendo a\u00e7\u00f5es afirmativas, acessibilidade, e garantindo recursos financeiros para projetos culturais e manuten\u00e7\u00e3o de espa\u00e7os art\u00edsticos. O nome \u00e9 uma homenagem ao compositor Aldir Blanc, reconhecido por sua contribui\u00e7\u00e3o \u00e0 cultura brasileira.<\/p>\n\n\n\n<p>Os editais dispon\u00edveis buscam selecionar projetos culturais e iniciativas que representem as diversas manifesta\u00e7\u00f5es art\u00edsticas do munic\u00edpio, como artesanato, dan\u00e7a, m\u00fasica, teatro, literatura, entre outros. Al\u00e9m disso, tamb\u00e9m apoiam espa\u00e7os culturais como bibliotecas comunit\u00e1rias, centros culturais, museus, e ateli\u00eas.<\/p>\n\n\n\n<p>Para chegar a estes valores, a Secretaria de Cultura, juntamente com o Conselho Municipal de Pol\u00edticas Culturais, realizou Audi\u00eancias P\u00fablicas, contando com representantes da comunidade cultural de Passo Fundo, para definir metas e valores que ser\u00e3o repassados aos projetos selecionados.<\/p>\n\n\n\n<p><strong>Inscri\u00e7\u00f5es e acesso aos editais<br><\/strong>Os interessados podem acessar os editais no Portal da Transpar\u00eancia, dispon\u00edvel a partir de 27 de dezembro no site www.pmpf.rs.gov.br. Para facilitar o acesso, basta seguir o passo a passo:<br>Acesse o site e clique na aba &#8220;Portal da Transpar\u00eancia&#8221;.<br>Escolha a op\u00e7\u00e3o &#8220;Editais de Licita\u00e7\u00f5es&#8221;.<br>Insira o ano &#8220;2024&#8221; no campo correspondente.<br>Na aba \u201cEditais\u201d, visualize e baixe os documentos completos.<br>O per\u00edodo de inscri\u00e7\u00f5es para os editais vai de 27 de dezembro de 2024 a 27 de janeiro de 2025. A inscri\u00e7\u00e3o deve ser realizada exclusivamente pelo e-mail credenciamento@pmpf.rs.gov.br, conforme orienta\u00e7\u00f5es espec\u00edficas de cada edital.<\/p>\n\n\n\n<p><strong>Editais dispon\u00edveis<\/strong><\/p>\n\n\n\n<p><strong>Chamamento P\u00fablico n\u00ba 29\/2024<br><\/strong>Visa a sele\u00e7\u00e3o de projetos culturais para apoio financeiro e a manuten\u00e7\u00e3o de espa\u00e7os art\u00edsticos e culturais vinculados \u00e0 Pol\u00edtica Nacional Aldir Blanc de Fomento \u00e0 Cultura.<br>Valor total destinado: R$ 805.000,00.<br><strong>Modalidades de projetos por categorias:<br><\/strong>Pequeno porte: 10 projetos, R$ 10.000,00 cada.<br>M\u00e9dio porte: 10 projetos, R$ 15.000,00 cada.<br>Grande porte: 10 projetos, R$ 30.000,00 cada.<br>Espa\u00e7os culturais: 17 espa\u00e7os selecionados receber\u00e3o R$ 15.000,00 cada, divididos entre:<br>Pessoa Jur\u00eddica com sede pr\u00f3pria: 9 vagas.<br>Pessoa F\u00edsica ou Jur\u00eddica sem sede pr\u00f3pria: 8 vagas.<br>Setores contemplados pelo edital 29\/2024:<br>Artesanato.<br>Artes Visuais.<br>Arquitetura e Urbanismo e Patrim\u00f4nio Material e Imaterial.<br>Cultura Popular.<br>Dan\u00e7a.<br>Empresas e Produtores Culturais.<br>Literatura.<br>M\u00fasica.<br>Teatro.<br>Sistema \u201cS\u201d.<\/p>\n\n\n\n<p><strong>Chamamento P\u00fablico n\u00ba 30\/2024<br><\/strong>Focado em projetos que promovam o acesso da popula\u00e7\u00e3o aos bens e servi\u00e7os culturais nos territ\u00f3rios e comunidades onde atuam, de acordo com a Pol\u00edtica Nacional de Cultura Viva.<br>Valor total destinado: R$ 355.000,00.<br><strong>Modalidades de projetos:<br><\/strong>03 Projetos de Entidades que atuam como Pontos de Cultura: R$ 50.000,00 cada.<br>07 Projetos de Entidades que promovem a\u00e7\u00f5es continuadas de Pontos de Cultura: R$ 15.000,00 cada.<br>10 Projetos de fomento de iniciativas, atividades, ou a\u00e7\u00f5es de pessoas f\u00edsicas, entidades, grupos e coletivos culturais, que se referem \u00e0s a\u00e7\u00f5es estruturantes da PNCV: R$ 10.000,00 cada.<\/p>\n\n\n\n<p><strong>Mais informa\u00e7\u00f5es<br><\/strong>Os editais detalham os valores destinados, as categorias de participa\u00e7\u00e3o e os crit\u00e9rios de sele\u00e7\u00e3o. Em caso de d\u00favidas, os interessados podem entrar em contato com a Secretaria de Cultura pelos telefones (54) 3316-7124 ou 3316-7125.<\/p>\n","protected":false},"excerpt":{"rendered":"<p>A Prefeitura de Passo Fundo, por meio da Secretaria de Cultura e do Fundo Municipal de Cultura, anuncia a abertura de editais voltados para o fomento e a manuten\u00e7\u00e3o de projetos e [&hellip;]<\/p>\n","protected":false},"author":24,"featured_media":0,"comment_status":"closed","ping_status":"closed","sticky":false,"template":"","format":"standard","meta":{"footnotes":""},"categories":[1],"tags":[],"class_list":["post-4061","post","type-post","status-publish","format-standard","hentry","category-sem-categoria"],"yoast_head":"<!-- This site is optimized with the Yoast SEO plugin v23.8 - https:\/\/yoast.com\/wordpress\/plugins\/seo\/ -->\n<title>Prefeitura abre inscri\u00e7\u00f5es para editais culturais atrav\u00e9s da Pol\u00edtica Nacional Aldir Blanc - Secretaria de Cultura<\/title>\n<meta name=\"robots\" content=\"index, follow, max-snippet:-1, max-image-preview:large, max-video-preview:-1\" \/>\n<link rel=\"canonical\" href=\"https:\/\/www.pmpf.rs.gov.br\/cultura\/2024\/12\/26\/prefeitura-abre-inscricoes-para-editais-culturais-atraves-da-politica-nacional-aldir-blanc\/\" \/>\n<meta property=\"og:locale\" content=\"pt_BR\" \/>\n<meta property=\"og:type\" content=\"article\" \/>\n<meta property=\"og:title\" content=\"Prefeitura abre inscri\u00e7\u00f5es para editais culturais atrav\u00e9s da Pol\u00edtica Nacional Aldir Blanc - Secretaria de Cultura\" \/>\n<meta property=\"og:description\" content=\"A Prefeitura de Passo Fundo, por meio da Secretaria de Cultura e do Fundo Municipal de Cultura, anuncia a abertura de editais voltados para o fomento e a manuten\u00e7\u00e3o de projetos e [&hellip;]\" \/>\n<meta property=\"og:url\" content=\"https:\/\/www.pmpf.rs.gov.br\/cultura\/2024\/12\/26\/prefeitura-abre-inscricoes-para-editais-culturais-atraves-da-politica-nacional-aldir-blanc\/\" \/>\n<meta property=\"og:site_name\" content=\"Secretaria de Cultura\" \/>\n<meta property=\"article:published_time\" content=\"2024-12-26T17:28:12+00:00\" \/>\n<meta property=\"article:modified_time\" content=\"2024-12-26T17:28:14+00:00\" \/>\n<meta name=\"author\" content=\"lilicrivello\" \/>\n<meta name=\"twitter:card\" content=\"summary_large_image\" \/>\n<meta name=\"twitter:label1\" content=\"Escrito por\" \/>\n\t<meta name=\"twitter:data1\" content=\"lilicrivello\" \/>\n\t<meta name=\"twitter:label2\" content=\"Est. tempo de leitura\" \/>\n\t<meta name=\"twitter:data2\" content=\"3 minutos\" \/>\n<script type=\"application\/ld+json\" class=\"yoast-schema-graph\">{\"@context\":\"https:\/\/schema.org\",\"@graph\":[{\"@type\":\"WebPage\",\"@id\":\"https:\/\/www.pmpf.rs.gov.br\/cultura\/2024\/12\/26\/prefeitura-abre-inscricoes-para-editais-culturais-atraves-da-politica-nacional-aldir-blanc\/\",\"url\":\"https:\/\/www.pmpf.rs.gov.br\/cultura\/2024\/12\/26\/prefeitura-abre-inscricoes-para-editais-culturais-atraves-da-politica-nacional-aldir-blanc\/\",\"name\":\"Prefeitura abre inscri\u00e7\u00f5es para editais culturais atrav\u00e9s da Pol\u00edtica Nacional Aldir Blanc - Secretaria de Cultura\",\"isPartOf\":{\"@id\":\"https:\/\/www.pmpf.rs.gov.br\/cultura\/#website\"},\"datePublished\":\"2024-12-26T17:28:12+00:00\",\"dateModified\":\"2024-12-26T17:28:14+00:00\",\"author\":{\"@id\":\"https:\/\/www.pmpf.rs.gov.br\/cultura\/#\/schema\/person\/6e93b0ab2174b69f691ac4f278ba2d0a\"},\"inLanguage\":\"pt-BR\",\"potentialAction\":[{\"@type\":\"ReadAction\",\"target\":[\"https:\/\/www.pmpf.rs.gov.br\/cultura\/2024\/12\/26\/prefeitura-abre-inscricoes-para-editais-culturais-atraves-da-politica-nacional-aldir-blanc\/\"]}]},{\"@type\":\"WebSite\",\"@id\":\"https:\/\/www.pmpf.rs.gov.br\/cultura\/#website\",\"url\":\"https:\/\/www.pmpf.rs.gov.br\/cultura\/\",\"name\":\"Secretaria de Cultura\",\"description\":\"S\u00f3 mais um site Prefeitura de Passo Fundo\",\"potentialAction\":[{\"@type\":\"SearchAction\",\"target\":{\"@type\":\"EntryPoint\",\"urlTemplate\":\"https:\/\/www.pmpf.rs.gov.br\/cultura\/?s={search_term_string}\"},\"query-input\":{\"@type\":\"PropertyValueSpecification\",\"valueRequired\":true,\"valueName\":\"search_term_string\"}}],\"inLanguage\":\"pt-BR\"},{\"@type\":\"Person\",\"@id\":\"https:\/\/www.pmpf.rs.gov.br\/cultura\/#\/schema\/person\/6e93b0ab2174b69f691ac4f278ba2d0a\",\"name\":\"lilicrivello\",\"image\":{\"@type\":\"ImageObject\",\"inLanguage\":\"pt-BR\",\"@id\":\"https:\/\/www.pmpf.rs.gov.br\/cultura\/#\/schema\/person\/image\/\",\"url\":\"https:\/\/secure.gravatar.com\/avatar\/0b546b667388f8edb7b67d70a57b5e46?s=96&d=mm&r=g\",\"contentUrl\":\"https:\/\/secure.gravatar.com\/avatar\/0b546b667388f8edb7b67d70a57b5e46?s=96&d=mm&r=g\",\"caption\":\"lilicrivello\"},\"url\":\"https:\/\/www.pmpf.rs.gov.br\/cultura\/author\/lilicrivello\/\"}]}<\/script>\n<!-- \/ Yoast SEO plugin. -->","yoast_head_json":{"title":"Prefeitura abre inscri\u00e7\u00f5es para editais culturais atrav\u00e9s da Pol\u00edtica Nacional Aldir Blanc - Secretaria de Cultura","robots":{"index":"index","follow":"follow","max-snippet":"max-snippet:-1","max-image-preview":"max-image-preview:large","max-video-preview":"max-video-preview:-1"},"canonical":"https:\/\/www.pmpf.rs.gov.br\/cultura\/2024\/12\/26\/prefeitura-abre-inscricoes-para-editais-culturais-atraves-da-politica-nacional-aldir-blanc\/","og_locale":"pt_BR","og_type":"article","og_title":"Prefeitura abre inscri\u00e7\u00f5es para editais culturais atrav\u00e9s da Pol\u00edtica Nacional Aldir Blanc - Secretaria de Cultura","og_description":"A Prefeitura de Passo Fundo, por meio da Secretaria de Cultura e do Fundo Municipal de Cultura, anuncia a abertura de editais voltados para o fomento e a manuten\u00e7\u00e3o de projetos e [&hellip;]","og_url":"https:\/\/www.pmpf.rs.gov.br\/cultura\/2024\/12\/26\/prefeitura-abre-inscricoes-para-editais-culturais-atraves-da-politica-nacional-aldir-blanc\/","og_site_name":"Secretaria de Cultura","article_published_time":"2024-12-26T17:28:12+00:00","article_modified_time":"2024-12-26T17:28:14+00:00","author":"lilicrivello","twitter_card":"summary_large_image","twitter_misc":{"Escrito por":"lilicrivello","Est. tempo de leitura":"3 minutos"},"schema":{"@context":"https:\/\/schema.org","@graph":[{"@type":"WebPage","@id":"https:\/\/www.pmpf.rs.gov.br\/cultura\/2024\/12\/26\/prefeitura-abre-inscricoes-para-editais-culturais-atraves-da-politica-nacional-aldir-blanc\/","url":"https:\/\/www.pmpf.rs.gov.br\/cultura\/2024\/12\/26\/prefeitura-abre-inscricoes-para-editais-culturais-atraves-da-politica-nacional-aldir-blanc\/","name":"Prefeitura abre inscri\u00e7\u00f5es para editais culturais atrav\u00e9s da Pol\u00edtica Nacional Aldir Blanc - Secretaria de Cultura","isPartOf":{"@id":"https:\/\/www.pmpf.rs.gov.br\/cultura\/#website"},"datePublished":"2024-12-26T17:28:12+00:00","dateModified":"2024-12-26T17:28:14+00:00","author":{"@id":"https:\/\/www.pmpf.rs.gov.br\/cultura\/#\/schema\/person\/6e93b0ab2174b69f691ac4f278ba2d0a"},"inLanguage":"pt-BR","potentialAction":[{"@type":"ReadAction","target":["https:\/\/www.pmpf.rs.gov.br\/cultura\/2024\/12\/26\/prefeitura-abre-inscricoes-para-editais-culturais-atraves-da-politica-nacional-aldir-blanc\/"]}]},{"@type":"WebSite","@id":"https:\/\/www.pmpf.rs.gov.br\/cultura\/#website","url":"https:\/\/www.pmpf.rs.gov.br\/cultura\/","name":"Secretaria de Cultura","description":"S\u00f3 mais um site Prefeitura de Passo Fundo","potentialAction":[{"@type":"SearchAction","target":{"@type":"EntryPoint","urlTemplate":"https:\/\/www.pmpf.rs.gov.br\/cultura\/?s={search_term_string}"},"query-input":{"@type":"PropertyValueSpecification","valueRequired":true,"valueName":"search_term_string"}}],"inLanguage":"pt-BR"},{"@type":"Person","@id":"https:\/\/www.pmpf.rs.gov.br\/cultura\/#\/schema\/person\/6e93b0ab2174b69f691ac4f278ba2d0a","name":"lilicrivello","image":{"@type":"ImageObject","inLanguage":"pt-BR","@id":"https:\/\/www.pmpf.rs.gov.br\/cultura\/#\/schema\/person\/image\/","url":"https:\/\/secure.gravatar.com\/avatar\/0b546b667388f8edb7b67d70a57b5e46?s=96&d=mm&r=g","contentUrl":"https:\/\/secure.gravatar.com\/avatar\/0b546b667388f8edb7b67d70a57b5e46?s=96&d=mm&r=g","caption":"lilicrivello"},"url":"https:\/\/www.pmpf.rs.gov.br\/cultura\/author\/lilicrivello\/"}]}},"_links":{"self":[{"href":"https:\/\/www.pmpf.rs.gov.br\/cultura\/wp-json\/wp\/v2\/posts\/4061"}],"collection":[{"href":"https:\/\/www.pmpf.rs.gov.br\/cultura\/wp-json\/wp\/v2\/posts"}],"about":[{"href":"https:\/\/www.pmpf.rs.gov.br\/cultura\/wp-json\/wp\/v2\/types\/post"}],"author":[{"embeddable":true,"href":"https:\/\/www.pmpf.rs.gov.br\/cultura\/wp-json\/wp\/v2\/users\/24"}],"replies":[{"embeddable":true,"href":"https:\/\/www.pmpf.rs.gov.br\/cultura\/wp-json\/wp\/v2\/comments?post=4061"}],"version-history":[{"count":1,"href":"https:\/\/www.pmpf.rs.gov.br\/cultura\/wp-json\/wp\/v2\/posts\/4061\/revisions"}],"predecessor-version":[{"id":4062,"href":"https:\/\/www.pmpf.rs.gov.br\/cultura\/wp-json\/wp\/v2\/posts\/4061\/revisions\/4062"}],"wp:attachment":[{"href":"https:\/\/www.pmpf.rs.gov.br\/cultura\/wp-json\/wp\/v2\/media?parent=4061"}],"wp:term":[{"taxonomy":"category","embeddable":true,"href":"https:\/\/www.pmpf.rs.gov.br\/cultura\/wp-json\/wp\/v2\/categories?post=4061"},{"taxonomy":"post_tag","embeddable":true,"href":"https:\/\/www.pmpf.rs.gov.br\/cultura\/wp-json\/wp\/v2\/tags?post=4061"}],"curies":[{"name":"wp","href":"https:\/\/api.w.org\/{rel}","templated":true}]}}