{"id":4018,"date":"2024-11-18T08:11:06","date_gmt":"2024-11-18T11:11:06","guid":{"rendered":"https:\/\/www.pmpf.rs.gov.br\/cultura\/?p=4018"},"modified":"2024-11-18T09:25:18","modified_gmt":"2024-11-18T12:25:18","slug":"festival-tio-mena-de-bandoneon-2024-celebra-o-centenario-do-mestre-do-instrumento","status":"publish","type":"post","link":"https:\/\/www.pmpf.rs.gov.br\/cultura\/2024\/11\/18\/festival-tio-mena-de-bandoneon-2024-celebra-o-centenario-do-mestre-do-instrumento\/","title":{"rendered":"Festival Tio Mena de Bandoneon 2024 celebra o centen\u00e1rio do mestre do instrumento"},"content":{"rendered":"\n<p>Para celebrar o centen\u00e1rio de Pl\u00ednio Mena Barreto do Amaral, conhecido como Tio Mena, a Prefeitura de Passo Fundo realiza o Festival Tio Mena de Bandoneon 2024, evento que homenageia a rica tradi\u00e7\u00e3o do instrumento. Reconhecida como a \u201cCapital do Bandoneon\u201d, Passo Fundo se consolida como um polo cultural do instrumento, atraindo m\u00fasicos renomados da Argentina, Brasil e Uruguai, que se unir\u00e3o para prestar uma homenagem ao Tio Mena.<\/p>\n\n\n\n<p>Tio Mena \u00e9 uma figura essencial na preserva\u00e7\u00e3o do bandoneon na regi\u00e3o, promovendo encontros que re\u00fanem m\u00fasicos de v\u00e1rias gera\u00e7\u00f5es e nacionalidades. Esses eventos t\u00eam ajudado a consolidar Passo Fundo como refer\u00eancia na m\u00fasica tradicional do bandoneon. Desde 2023, a Prefeitura, por meio da Secretaria de Cultura, assumiu a organiza\u00e7\u00e3o do festival, assegurando a continuidade desse marco cultural para as futuras gera\u00e7\u00f5es.<\/p>\n\n\n\n<p>A Secret\u00e1ria de Cultura, Miri\u00ea Tedesco, ressalta o significado do evento. \u201cPasso Fundo \u00e9 reconhecida como a Capital do Bandoneon, e o centen\u00e1rio de Tio Mena \u00e9 uma data hist\u00f3rica para todos n\u00f3s. Esse festival representa n\u00e3o apenas a celebra\u00e7\u00e3o de sua trajet\u00f3ria, mas tamb\u00e9m o compromisso da cidade com a preserva\u00e7\u00e3o dessa identidade cultural e musical. A presen\u00e7a de m\u00fasicos da Argentina, Brasil e Uruguai refor\u00e7a o car\u00e1ter internacional e o prest\u00edgio que o festival adquiriu ao longo dos anos.\u201d<\/p>\n\n\n\n<p>Completando 100 anos no dia 8 de dezembro de 2024, Tio Mena segue como um dos maiores incentivadores do bandoneon na regi\u00e3o, promovendo encontros de bandoneonistas que difundem o instrumento e fortalecem essa tradi\u00e7\u00e3o. Para manter viva essa heran\u00e7a, a Prefeitura assumiu a realiza\u00e7\u00e3o do festival em 2023, garantindo que a mem\u00f3ria e o legado do mestre continuem a inspirar as novas gera\u00e7\u00f5es. \u201cO festival promete ser um grande encontro de artistas e de amigos do Tio Mena que, ao longo do tempo foram fortalecendo ainda mais a posi\u00e7\u00e3o de Passo Fundo como centro cultural do bandoneon. Poder comemorar os 100 anos do Tio Mena tamb\u00e9m nos honra grandemente por ser ele esse s\u00edmbolo vivo do bandoneon em Passo Fundo e vale lembrar que desde 2023 o encontro de bandoneon passou a chamar-se Festival Tio Mena de Bandoneon em reconhecimento ao legado que construiu com seu instrumento musical\u201d, aponta a secret\u00e1ria.<\/p>\n\n\n\n<p><strong>Programa\u00e7\u00e3o<\/strong><br>27\/11 (quarta-feira)<br>19h: Abertura Oficial e Tert\u00falia Livre<br>28\/11 (quinta-feira)<br>19h: Abertura Oficial, Orquestra E. P. M. Yamandu Costa, Apresenta\u00e7\u00e3o dos Bandoneonistas da Argentina, Brasil e Uruguai, e Tert\u00falia Livre<\/p>\n\n\n\n<p><strong>Local<\/strong>: Esta\u00e7\u00e3o Gastron\u00f4mica da Gare<\/p>\n","protected":false},"excerpt":{"rendered":"<p>Para celebrar o centen\u00e1rio de Pl\u00ednio Mena Barreto do Amaral, conhecido como Tio Mena, a Prefeitura de Passo Fundo realiza o Festival Tio Mena de Bandoneon 2024, evento que homenageia a rica [&hellip;]<\/p>\n","protected":false},"author":24,"featured_media":4019,"comment_status":"closed","ping_status":"closed","sticky":false,"template":"","format":"standard","meta":{"footnotes":""},"categories":[1],"tags":[],"class_list":["post-4018","post","type-post","status-publish","format-standard","has-post-thumbnail","hentry","category-sem-categoria"],"yoast_head":"<!-- This site is optimized with the Yoast SEO plugin v23.8 - https:\/\/yoast.com\/wordpress\/plugins\/seo\/ -->\n<title>Festival Tio Mena de Bandoneon 2024 celebra o centen\u00e1rio do mestre do instrumento - Secretaria de Cultura<\/title>\n<meta name=\"robots\" content=\"index, follow, max-snippet:-1, max-image-preview:large, max-video-preview:-1\" \/>\n<link rel=\"canonical\" href=\"https:\/\/www.pmpf.rs.gov.br\/cultura\/2024\/11\/18\/festival-tio-mena-de-bandoneon-2024-celebra-o-centenario-do-mestre-do-instrumento\/\" \/>\n<meta property=\"og:locale\" content=\"pt_BR\" \/>\n<meta property=\"og:type\" content=\"article\" \/>\n<meta property=\"og:title\" content=\"Festival Tio Mena de Bandoneon 2024 celebra o centen\u00e1rio do mestre do instrumento - Secretaria de Cultura\" \/>\n<meta property=\"og:description\" content=\"Para celebrar o centen\u00e1rio de Pl\u00ednio Mena Barreto do Amaral, conhecido como Tio Mena, a Prefeitura de Passo Fundo realiza o Festival Tio Mena de Bandoneon 2024, evento que homenageia a rica [&hellip;]\" \/>\n<meta property=\"og:url\" content=\"https:\/\/www.pmpf.rs.gov.br\/cultura\/2024\/11\/18\/festival-tio-mena-de-bandoneon-2024-celebra-o-centenario-do-mestre-do-instrumento\/\" \/>\n<meta property=\"og:site_name\" content=\"Secretaria de Cultura\" \/>\n<meta property=\"article:published_time\" content=\"2024-11-18T11:11:06+00:00\" \/>\n<meta property=\"article:modified_time\" content=\"2024-11-18T12:25:18+00:00\" \/>\n<meta property=\"og:image\" content=\"https:\/\/www.pmpf.rs.gov.br\/cultura\/wp-content\/uploads\/sites\/25\/2024\/11\/WhatsApp-Image-2024-11-15-at-10.41.10.jpeg\" \/>\n\t<meta property=\"og:image:width\" content=\"1600\" \/>\n\t<meta property=\"og:image:height\" content=\"877\" \/>\n\t<meta property=\"og:image:type\" content=\"image\/jpeg\" \/>\n<meta name=\"author\" content=\"lilicrivello\" \/>\n<meta name=\"twitter:card\" content=\"summary_large_image\" \/>\n<meta name=\"twitter:label1\" content=\"Escrito por\" \/>\n\t<meta name=\"twitter:data1\" content=\"lilicrivello\" \/>\n\t<meta name=\"twitter:label2\" content=\"Est. tempo de leitura\" \/>\n\t<meta name=\"twitter:data2\" content=\"2 minutos\" \/>\n<script type=\"application\/ld+json\" class=\"yoast-schema-graph\">{\"@context\":\"https:\/\/schema.org\",\"@graph\":[{\"@type\":\"WebPage\",\"@id\":\"https:\/\/www.pmpf.rs.gov.br\/cultura\/2024\/11\/18\/festival-tio-mena-de-bandoneon-2024-celebra-o-centenario-do-mestre-do-instrumento\/\",\"url\":\"https:\/\/www.pmpf.rs.gov.br\/cultura\/2024\/11\/18\/festival-tio-mena-de-bandoneon-2024-celebra-o-centenario-do-mestre-do-instrumento\/\",\"name\":\"Festival Tio Mena de Bandoneon 2024 celebra o centen\u00e1rio do mestre do instrumento - Secretaria de Cultura\",\"isPartOf\":{\"@id\":\"https:\/\/www.pmpf.rs.gov.br\/cultura\/#website\"},\"primaryImageOfPage\":{\"@id\":\"https:\/\/www.pmpf.rs.gov.br\/cultura\/2024\/11\/18\/festival-tio-mena-de-bandoneon-2024-celebra-o-centenario-do-mestre-do-instrumento\/#primaryimage\"},\"image\":{\"@id\":\"https:\/\/www.pmpf.rs.gov.br\/cultura\/2024\/11\/18\/festival-tio-mena-de-bandoneon-2024-celebra-o-centenario-do-mestre-do-instrumento\/#primaryimage\"},\"thumbnailUrl\":\"https:\/\/www.pmpf.rs.gov.br\/cultura\/wp-content\/uploads\/sites\/25\/2024\/11\/WhatsApp-Image-2024-11-15-at-10.41.10.jpeg\",\"datePublished\":\"2024-11-18T11:11:06+00:00\",\"dateModified\":\"2024-11-18T12:25:18+00:00\",\"author\":{\"@id\":\"https:\/\/www.pmpf.rs.gov.br\/cultura\/#\/schema\/person\/6e93b0ab2174b69f691ac4f278ba2d0a\"},\"inLanguage\":\"pt-BR\",\"potentialAction\":[{\"@type\":\"ReadAction\",\"target\":[\"https:\/\/www.pmpf.rs.gov.br\/cultura\/2024\/11\/18\/festival-tio-mena-de-bandoneon-2024-celebra-o-centenario-do-mestre-do-instrumento\/\"]}]},{\"@type\":\"ImageObject\",\"inLanguage\":\"pt-BR\",\"@id\":\"https:\/\/www.pmpf.rs.gov.br\/cultura\/2024\/11\/18\/festival-tio-mena-de-bandoneon-2024-celebra-o-centenario-do-mestre-do-instrumento\/#primaryimage\",\"url\":\"https:\/\/www.pmpf.rs.gov.br\/cultura\/wp-content\/uploads\/sites\/25\/2024\/11\/WhatsApp-Image-2024-11-15-at-10.41.10.jpeg\",\"contentUrl\":\"https:\/\/www.pmpf.rs.gov.br\/cultura\/wp-content\/uploads\/sites\/25\/2024\/11\/WhatsApp-Image-2024-11-15-at-10.41.10.jpeg\",\"width\":1600,\"height\":877},{\"@type\":\"WebSite\",\"@id\":\"https:\/\/www.pmpf.rs.gov.br\/cultura\/#website\",\"url\":\"https:\/\/www.pmpf.rs.gov.br\/cultura\/\",\"name\":\"Secretaria de Cultura\",\"description\":\"S\u00f3 mais um site Prefeitura de Passo Fundo\",\"potentialAction\":[{\"@type\":\"SearchAction\",\"target\":{\"@type\":\"EntryPoint\",\"urlTemplate\":\"https:\/\/www.pmpf.rs.gov.br\/cultura\/?s={search_term_string}\"},\"query-input\":{\"@type\":\"PropertyValueSpecification\",\"valueRequired\":true,\"valueName\":\"search_term_string\"}}],\"inLanguage\":\"pt-BR\"},{\"@type\":\"Person\",\"@id\":\"https:\/\/www.pmpf.rs.gov.br\/cultura\/#\/schema\/person\/6e93b0ab2174b69f691ac4f278ba2d0a\",\"name\":\"lilicrivello\",\"image\":{\"@type\":\"ImageObject\",\"inLanguage\":\"pt-BR\",\"@id\":\"https:\/\/www.pmpf.rs.gov.br\/cultura\/#\/schema\/person\/image\/\",\"url\":\"https:\/\/secure.gravatar.com\/avatar\/0b546b667388f8edb7b67d70a57b5e46?s=96&d=mm&r=g\",\"contentUrl\":\"https:\/\/secure.gravatar.com\/avatar\/0b546b667388f8edb7b67d70a57b5e46?s=96&d=mm&r=g\",\"caption\":\"lilicrivello\"},\"url\":\"https:\/\/www.pmpf.rs.gov.br\/cultura\/author\/lilicrivello\/\"}]}<\/script>\n<!-- \/ Yoast SEO plugin. -->","yoast_head_json":{"title":"Festival Tio Mena de Bandoneon 2024 celebra o centen\u00e1rio do mestre do instrumento - Secretaria de Cultura","robots":{"index":"index","follow":"follow","max-snippet":"max-snippet:-1","max-image-preview":"max-image-preview:large","max-video-preview":"max-video-preview:-1"},"canonical":"https:\/\/www.pmpf.rs.gov.br\/cultura\/2024\/11\/18\/festival-tio-mena-de-bandoneon-2024-celebra-o-centenario-do-mestre-do-instrumento\/","og_locale":"pt_BR","og_type":"article","og_title":"Festival Tio Mena de Bandoneon 2024 celebra o centen\u00e1rio do mestre do instrumento - Secretaria de Cultura","og_description":"Para celebrar o centen\u00e1rio de Pl\u00ednio Mena Barreto do Amaral, conhecido como Tio Mena, a Prefeitura de Passo Fundo realiza o Festival Tio Mena de Bandoneon 2024, evento que homenageia a rica [&hellip;]","og_url":"https:\/\/www.pmpf.rs.gov.br\/cultura\/2024\/11\/18\/festival-tio-mena-de-bandoneon-2024-celebra-o-centenario-do-mestre-do-instrumento\/","og_site_name":"Secretaria de Cultura","article_published_time":"2024-11-18T11:11:06+00:00","article_modified_time":"2024-11-18T12:25:18+00:00","og_image":[{"width":1600,"height":877,"url":"https:\/\/www.pmpf.rs.gov.br\/cultura\/wp-content\/uploads\/sites\/25\/2024\/11\/WhatsApp-Image-2024-11-15-at-10.41.10.jpeg","type":"image\/jpeg"}],"author":"lilicrivello","twitter_card":"summary_large_image","twitter_misc":{"Escrito por":"lilicrivello","Est. tempo de leitura":"2 minutos"},"schema":{"@context":"https:\/\/schema.org","@graph":[{"@type":"WebPage","@id":"https:\/\/www.pmpf.rs.gov.br\/cultura\/2024\/11\/18\/festival-tio-mena-de-bandoneon-2024-celebra-o-centenario-do-mestre-do-instrumento\/","url":"https:\/\/www.pmpf.rs.gov.br\/cultura\/2024\/11\/18\/festival-tio-mena-de-bandoneon-2024-celebra-o-centenario-do-mestre-do-instrumento\/","name":"Festival Tio Mena de Bandoneon 2024 celebra o centen\u00e1rio do mestre do instrumento - Secretaria de Cultura","isPartOf":{"@id":"https:\/\/www.pmpf.rs.gov.br\/cultura\/#website"},"primaryImageOfPage":{"@id":"https:\/\/www.pmpf.rs.gov.br\/cultura\/2024\/11\/18\/festival-tio-mena-de-bandoneon-2024-celebra-o-centenario-do-mestre-do-instrumento\/#primaryimage"},"image":{"@id":"https:\/\/www.pmpf.rs.gov.br\/cultura\/2024\/11\/18\/festival-tio-mena-de-bandoneon-2024-celebra-o-centenario-do-mestre-do-instrumento\/#primaryimage"},"thumbnailUrl":"https:\/\/www.pmpf.rs.gov.br\/cultura\/wp-content\/uploads\/sites\/25\/2024\/11\/WhatsApp-Image-2024-11-15-at-10.41.10.jpeg","datePublished":"2024-11-18T11:11:06+00:00","dateModified":"2024-11-18T12:25:18+00:00","author":{"@id":"https:\/\/www.pmpf.rs.gov.br\/cultura\/#\/schema\/person\/6e93b0ab2174b69f691ac4f278ba2d0a"},"inLanguage":"pt-BR","potentialAction":[{"@type":"ReadAction","target":["https:\/\/www.pmpf.rs.gov.br\/cultura\/2024\/11\/18\/festival-tio-mena-de-bandoneon-2024-celebra-o-centenario-do-mestre-do-instrumento\/"]}]},{"@type":"ImageObject","inLanguage":"pt-BR","@id":"https:\/\/www.pmpf.rs.gov.br\/cultura\/2024\/11\/18\/festival-tio-mena-de-bandoneon-2024-celebra-o-centenario-do-mestre-do-instrumento\/#primaryimage","url":"https:\/\/www.pmpf.rs.gov.br\/cultura\/wp-content\/uploads\/sites\/25\/2024\/11\/WhatsApp-Image-2024-11-15-at-10.41.10.jpeg","contentUrl":"https:\/\/www.pmpf.rs.gov.br\/cultura\/wp-content\/uploads\/sites\/25\/2024\/11\/WhatsApp-Image-2024-11-15-at-10.41.10.jpeg","width":1600,"height":877},{"@type":"WebSite","@id":"https:\/\/www.pmpf.rs.gov.br\/cultura\/#website","url":"https:\/\/www.pmpf.rs.gov.br\/cultura\/","name":"Secretaria de Cultura","description":"S\u00f3 mais um site Prefeitura de Passo Fundo","potentialAction":[{"@type":"SearchAction","target":{"@type":"EntryPoint","urlTemplate":"https:\/\/www.pmpf.rs.gov.br\/cultura\/?s={search_term_string}"},"query-input":{"@type":"PropertyValueSpecification","valueRequired":true,"valueName":"search_term_string"}}],"inLanguage":"pt-BR"},{"@type":"Person","@id":"https:\/\/www.pmpf.rs.gov.br\/cultura\/#\/schema\/person\/6e93b0ab2174b69f691ac4f278ba2d0a","name":"lilicrivello","image":{"@type":"ImageObject","inLanguage":"pt-BR","@id":"https:\/\/www.pmpf.rs.gov.br\/cultura\/#\/schema\/person\/image\/","url":"https:\/\/secure.gravatar.com\/avatar\/0b546b667388f8edb7b67d70a57b5e46?s=96&d=mm&r=g","contentUrl":"https:\/\/secure.gravatar.com\/avatar\/0b546b667388f8edb7b67d70a57b5e46?s=96&d=mm&r=g","caption":"lilicrivello"},"url":"https:\/\/www.pmpf.rs.gov.br\/cultura\/author\/lilicrivello\/"}]}},"_links":{"self":[{"href":"https:\/\/www.pmpf.rs.gov.br\/cultura\/wp-json\/wp\/v2\/posts\/4018"}],"collection":[{"href":"https:\/\/www.pmpf.rs.gov.br\/cultura\/wp-json\/wp\/v2\/posts"}],"about":[{"href":"https:\/\/www.pmpf.rs.gov.br\/cultura\/wp-json\/wp\/v2\/types\/post"}],"author":[{"embeddable":true,"href":"https:\/\/www.pmpf.rs.gov.br\/cultura\/wp-json\/wp\/v2\/users\/24"}],"replies":[{"embeddable":true,"href":"https:\/\/www.pmpf.rs.gov.br\/cultura\/wp-json\/wp\/v2\/comments?post=4018"}],"version-history":[{"count":2,"href":"https:\/\/www.pmpf.rs.gov.br\/cultura\/wp-json\/wp\/v2\/posts\/4018\/revisions"}],"predecessor-version":[{"id":4022,"href":"https:\/\/www.pmpf.rs.gov.br\/cultura\/wp-json\/wp\/v2\/posts\/4018\/revisions\/4022"}],"wp:featuredmedia":[{"embeddable":true,"href":"https:\/\/www.pmpf.rs.gov.br\/cultura\/wp-json\/wp\/v2\/media\/4019"}],"wp:attachment":[{"href":"https:\/\/www.pmpf.rs.gov.br\/cultura\/wp-json\/wp\/v2\/media?parent=4018"}],"wp:term":[{"taxonomy":"category","embeddable":true,"href":"https:\/\/www.pmpf.rs.gov.br\/cultura\/wp-json\/wp\/v2\/categories?post=4018"},{"taxonomy":"post_tag","embeddable":true,"href":"https:\/\/www.pmpf.rs.gov.br\/cultura\/wp-json\/wp\/v2\/tags?post=4018"}],"curies":[{"name":"wp","href":"https:\/\/api.w.org\/{rel}","templated":true}]}}