{"id":3833,"date":"2024-02-06T15:33:15","date_gmt":"2024-02-06T18:33:15","guid":{"rendered":"https:\/\/www.pmpf.rs.gov.br\/cultura\/?p=3833"},"modified":"2024-02-06T15:33:17","modified_gmt":"2024-02-06T18:33:17","slug":"carnaval-popular-acontece-na-gare-neste-domingo","status":"publish","type":"post","link":"https:\/\/www.pmpf.rs.gov.br\/cultura\/2024\/02\/06\/carnaval-popular-acontece-na-gare-neste-domingo\/","title":{"rendered":"Carnaval Popular acontece na Gare neste domingo"},"content":{"rendered":"\n<p>A Prefeitura realiza neste domingo (11) juntamente com a secretaria de Cultura, o Carnaval Popular no Parque da Gare, um evento gratuito para os foli\u00f5es passo-fundenses celebrarem uma das tradi\u00e7\u00f5es mais populares do Brasil.<\/p>\n\n\n\n<p>De acordo com a secret\u00e1ria de Cultura, Miri\u00ea Tedesco, este \u00e9 um momento de valoriza\u00e7\u00e3o do samba e de resgate da hist\u00f3ria do Carnaval. \u201cMais uma vez a Prefeitura de Passo Fundo traz o Carnaval Popular para as fam\u00edlias, crian\u00e7as e todos aqueles que gostam das marchinhas, das brincadeiras, do confete e da serpentina. Ano passado foi lindo ver as pessoas cantando e dan\u00e7ando no sal\u00e3o aberto que colocamos no Parque da Gare. Neste ano queremos repetir essa festa. Nossas crian\u00e7as, as fam\u00edlias, as pessoas merecem viver essa festa popular que celebra a alegria, que \u00e9 o nosso Carnaval. E lembrando, o Carnaval \u00e9 cultura e Passo Fundo tem uma longa e hist\u00f3rica tradi\u00e7\u00e3o com essa festa\u201d, destaca a secret\u00e1ria.<\/p>\n\n\n\n<p>O Carnaval Popular inicia \u00e0s 16h e ter\u00e1 como atra\u00e7\u00f5es Exposi\u00e7\u00e3o Folia: Marcas de Outros Carnavais &#8211; IHPF e Secretaria de Cultura, Bloquinhos convidados, coreografias de Carnaval por professores de Escolas de Dan\u00e7a convidadas, intervalos do matin\u00ea animado pela Orquestra Maria Fuma\u00e7a do Samba. Um Carnaval pra quem gosta de alegria em fam\u00edlia, no lugar que Passo Fundo adora, o Parque da Gare, junto ao lago.<\/p>\n","protected":false},"excerpt":{"rendered":"<p>Evento ocorre a partir das 16h com diversas atra\u00e7\u00f5es<\/p>\n","protected":false},"author":24,"featured_media":3834,"comment_status":"closed","ping_status":"closed","sticky":false,"template":"","format":"standard","meta":{"footnotes":""},"categories":[1],"tags":[],"class_list":["post-3833","post","type-post","status-publish","format-standard","has-post-thumbnail","hentry","category-sem-categoria"],"yoast_head":"<!-- This site is optimized with the Yoast SEO plugin v23.8 - https:\/\/yoast.com\/wordpress\/plugins\/seo\/ -->\n<title>Carnaval Popular acontece na Gare neste domingo - Secretaria de Cultura<\/title>\n<meta name=\"robots\" content=\"index, follow, max-snippet:-1, max-image-preview:large, max-video-preview:-1\" \/>\n<link rel=\"canonical\" href=\"https:\/\/www.pmpf.rs.gov.br\/cultura\/2024\/02\/06\/carnaval-popular-acontece-na-gare-neste-domingo\/\" \/>\n<meta property=\"og:locale\" content=\"pt_BR\" \/>\n<meta property=\"og:type\" content=\"article\" \/>\n<meta property=\"og:title\" content=\"Carnaval Popular acontece na Gare neste domingo - Secretaria de Cultura\" \/>\n<meta property=\"og:description\" content=\"Evento ocorre a partir das 16h com diversas atra\u00e7\u00f5es\" \/>\n<meta property=\"og:url\" content=\"https:\/\/www.pmpf.rs.gov.br\/cultura\/2024\/02\/06\/carnaval-popular-acontece-na-gare-neste-domingo\/\" \/>\n<meta property=\"og:site_name\" content=\"Secretaria de Cultura\" \/>\n<meta property=\"article:published_time\" content=\"2024-02-06T18:33:15+00:00\" \/>\n<meta property=\"article:modified_time\" content=\"2024-02-06T18:33:17+00:00\" \/>\n<meta name=\"author\" content=\"lilicrivello\" \/>\n<meta name=\"twitter:card\" content=\"summary_large_image\" \/>\n<meta name=\"twitter:label1\" content=\"Escrito por\" \/>\n\t<meta name=\"twitter:data1\" content=\"lilicrivello\" \/>\n\t<meta name=\"twitter:label2\" content=\"Est. tempo de leitura\" \/>\n\t<meta name=\"twitter:data2\" content=\"1 minuto\" \/>\n<script type=\"application\/ld+json\" class=\"yoast-schema-graph\">{\"@context\":\"https:\/\/schema.org\",\"@graph\":[{\"@type\":\"WebPage\",\"@id\":\"https:\/\/www.pmpf.rs.gov.br\/cultura\/2024\/02\/06\/carnaval-popular-acontece-na-gare-neste-domingo\/\",\"url\":\"https:\/\/www.pmpf.rs.gov.br\/cultura\/2024\/02\/06\/carnaval-popular-acontece-na-gare-neste-domingo\/\",\"name\":\"Carnaval Popular acontece na Gare neste domingo - Secretaria de Cultura\",\"isPartOf\":{\"@id\":\"https:\/\/www.pmpf.rs.gov.br\/cultura\/#website\"},\"primaryImageOfPage\":{\"@id\":\"https:\/\/www.pmpf.rs.gov.br\/cultura\/2024\/02\/06\/carnaval-popular-acontece-na-gare-neste-domingo\/#primaryimage\"},\"image\":{\"@id\":\"https:\/\/www.pmpf.rs.gov.br\/cultura\/2024\/02\/06\/carnaval-popular-acontece-na-gare-neste-domingo\/#primaryimage\"},\"thumbnailUrl\":\"https:\/\/www.pmpf.rs.gov.br\/cultura\/wp-content\/uploads\/sites\/25\/2024\/02\/WhatsApp-Image-2024-02-06-at-15.22.41.jpeg\",\"datePublished\":\"2024-02-06T18:33:15+00:00\",\"dateModified\":\"2024-02-06T18:33:17+00:00\",\"author\":{\"@id\":\"https:\/\/www.pmpf.rs.gov.br\/cultura\/#\/schema\/person\/6e93b0ab2174b69f691ac4f278ba2d0a\"},\"inLanguage\":\"pt-BR\",\"potentialAction\":[{\"@type\":\"ReadAction\",\"target\":[\"https:\/\/www.pmpf.rs.gov.br\/cultura\/2024\/02\/06\/carnaval-popular-acontece-na-gare-neste-domingo\/\"]}]},{\"@type\":\"ImageObject\",\"inLanguage\":\"pt-BR\",\"@id\":\"https:\/\/www.pmpf.rs.gov.br\/cultura\/2024\/02\/06\/carnaval-popular-acontece-na-gare-neste-domingo\/#primaryimage\",\"url\":\"https:\/\/www.pmpf.rs.gov.br\/cultura\/wp-content\/uploads\/sites\/25\/2024\/02\/WhatsApp-Image-2024-02-06-at-15.22.41.jpeg\",\"contentUrl\":\"https:\/\/www.pmpf.rs.gov.br\/cultura\/wp-content\/uploads\/sites\/25\/2024\/02\/WhatsApp-Image-2024-02-06-at-15.22.41.jpeg\",\"width\":1600,\"height\":1066},{\"@type\":\"WebSite\",\"@id\":\"https:\/\/www.pmpf.rs.gov.br\/cultura\/#website\",\"url\":\"https:\/\/www.pmpf.rs.gov.br\/cultura\/\",\"name\":\"Secretaria de Cultura\",\"description\":\"S\u00f3 mais um site Prefeitura de Passo Fundo\",\"potentialAction\":[{\"@type\":\"SearchAction\",\"target\":{\"@type\":\"EntryPoint\",\"urlTemplate\":\"https:\/\/www.pmpf.rs.gov.br\/cultura\/?s={search_term_string}\"},\"query-input\":{\"@type\":\"PropertyValueSpecification\",\"valueRequired\":true,\"valueName\":\"search_term_string\"}}],\"inLanguage\":\"pt-BR\"},{\"@type\":\"Person\",\"@id\":\"https:\/\/www.pmpf.rs.gov.br\/cultura\/#\/schema\/person\/6e93b0ab2174b69f691ac4f278ba2d0a\",\"name\":\"lilicrivello\",\"image\":{\"@type\":\"ImageObject\",\"inLanguage\":\"pt-BR\",\"@id\":\"https:\/\/www.pmpf.rs.gov.br\/cultura\/#\/schema\/person\/image\/\",\"url\":\"https:\/\/secure.gravatar.com\/avatar\/0b546b667388f8edb7b67d70a57b5e46?s=96&d=mm&r=g\",\"contentUrl\":\"https:\/\/secure.gravatar.com\/avatar\/0b546b667388f8edb7b67d70a57b5e46?s=96&d=mm&r=g\",\"caption\":\"lilicrivello\"},\"url\":\"https:\/\/www.pmpf.rs.gov.br\/cultura\/author\/lilicrivello\/\"}]}<\/script>\n<!-- \/ Yoast SEO plugin. -->","yoast_head_json":{"title":"Carnaval Popular acontece na Gare neste domingo - Secretaria de Cultura","robots":{"index":"index","follow":"follow","max-snippet":"max-snippet:-1","max-image-preview":"max-image-preview:large","max-video-preview":"max-video-preview:-1"},"canonical":"https:\/\/www.pmpf.rs.gov.br\/cultura\/2024\/02\/06\/carnaval-popular-acontece-na-gare-neste-domingo\/","og_locale":"pt_BR","og_type":"article","og_title":"Carnaval Popular acontece na Gare neste domingo - Secretaria de Cultura","og_description":"Evento ocorre a partir das 16h com diversas atra\u00e7\u00f5es","og_url":"https:\/\/www.pmpf.rs.gov.br\/cultura\/2024\/02\/06\/carnaval-popular-acontece-na-gare-neste-domingo\/","og_site_name":"Secretaria de Cultura","article_published_time":"2024-02-06T18:33:15+00:00","article_modified_time":"2024-02-06T18:33:17+00:00","author":"lilicrivello","twitter_card":"summary_large_image","twitter_misc":{"Escrito por":"lilicrivello","Est. tempo de leitura":"1 minuto"},"schema":{"@context":"https:\/\/schema.org","@graph":[{"@type":"WebPage","@id":"https:\/\/www.pmpf.rs.gov.br\/cultura\/2024\/02\/06\/carnaval-popular-acontece-na-gare-neste-domingo\/","url":"https:\/\/www.pmpf.rs.gov.br\/cultura\/2024\/02\/06\/carnaval-popular-acontece-na-gare-neste-domingo\/","name":"Carnaval Popular acontece na Gare neste domingo - Secretaria de Cultura","isPartOf":{"@id":"https:\/\/www.pmpf.rs.gov.br\/cultura\/#website"},"primaryImageOfPage":{"@id":"https:\/\/www.pmpf.rs.gov.br\/cultura\/2024\/02\/06\/carnaval-popular-acontece-na-gare-neste-domingo\/#primaryimage"},"image":{"@id":"https:\/\/www.pmpf.rs.gov.br\/cultura\/2024\/02\/06\/carnaval-popular-acontece-na-gare-neste-domingo\/#primaryimage"},"thumbnailUrl":"https:\/\/www.pmpf.rs.gov.br\/cultura\/wp-content\/uploads\/sites\/25\/2024\/02\/WhatsApp-Image-2024-02-06-at-15.22.41.jpeg","datePublished":"2024-02-06T18:33:15+00:00","dateModified":"2024-02-06T18:33:17+00:00","author":{"@id":"https:\/\/www.pmpf.rs.gov.br\/cultura\/#\/schema\/person\/6e93b0ab2174b69f691ac4f278ba2d0a"},"inLanguage":"pt-BR","potentialAction":[{"@type":"ReadAction","target":["https:\/\/www.pmpf.rs.gov.br\/cultura\/2024\/02\/06\/carnaval-popular-acontece-na-gare-neste-domingo\/"]}]},{"@type":"ImageObject","inLanguage":"pt-BR","@id":"https:\/\/www.pmpf.rs.gov.br\/cultura\/2024\/02\/06\/carnaval-popular-acontece-na-gare-neste-domingo\/#primaryimage","url":"https:\/\/www.pmpf.rs.gov.br\/cultura\/wp-content\/uploads\/sites\/25\/2024\/02\/WhatsApp-Image-2024-02-06-at-15.22.41.jpeg","contentUrl":"https:\/\/www.pmpf.rs.gov.br\/cultura\/wp-content\/uploads\/sites\/25\/2024\/02\/WhatsApp-Image-2024-02-06-at-15.22.41.jpeg","width":1600,"height":1066},{"@type":"WebSite","@id":"https:\/\/www.pmpf.rs.gov.br\/cultura\/#website","url":"https:\/\/www.pmpf.rs.gov.br\/cultura\/","name":"Secretaria de Cultura","description":"S\u00f3 mais um site Prefeitura de Passo Fundo","potentialAction":[{"@type":"SearchAction","target":{"@type":"EntryPoint","urlTemplate":"https:\/\/www.pmpf.rs.gov.br\/cultura\/?s={search_term_string}"},"query-input":{"@type":"PropertyValueSpecification","valueRequired":true,"valueName":"search_term_string"}}],"inLanguage":"pt-BR"},{"@type":"Person","@id":"https:\/\/www.pmpf.rs.gov.br\/cultura\/#\/schema\/person\/6e93b0ab2174b69f691ac4f278ba2d0a","name":"lilicrivello","image":{"@type":"ImageObject","inLanguage":"pt-BR","@id":"https:\/\/www.pmpf.rs.gov.br\/cultura\/#\/schema\/person\/image\/","url":"https:\/\/secure.gravatar.com\/avatar\/0b546b667388f8edb7b67d70a57b5e46?s=96&d=mm&r=g","contentUrl":"https:\/\/secure.gravatar.com\/avatar\/0b546b667388f8edb7b67d70a57b5e46?s=96&d=mm&r=g","caption":"lilicrivello"},"url":"https:\/\/www.pmpf.rs.gov.br\/cultura\/author\/lilicrivello\/"}]}},"_links":{"self":[{"href":"https:\/\/www.pmpf.rs.gov.br\/cultura\/wp-json\/wp\/v2\/posts\/3833"}],"collection":[{"href":"https:\/\/www.pmpf.rs.gov.br\/cultura\/wp-json\/wp\/v2\/posts"}],"about":[{"href":"https:\/\/www.pmpf.rs.gov.br\/cultura\/wp-json\/wp\/v2\/types\/post"}],"author":[{"embeddable":true,"href":"https:\/\/www.pmpf.rs.gov.br\/cultura\/wp-json\/wp\/v2\/users\/24"}],"replies":[{"embeddable":true,"href":"https:\/\/www.pmpf.rs.gov.br\/cultura\/wp-json\/wp\/v2\/comments?post=3833"}],"version-history":[{"count":1,"href":"https:\/\/www.pmpf.rs.gov.br\/cultura\/wp-json\/wp\/v2\/posts\/3833\/revisions"}],"predecessor-version":[{"id":3835,"href":"https:\/\/www.pmpf.rs.gov.br\/cultura\/wp-json\/wp\/v2\/posts\/3833\/revisions\/3835"}],"wp:featuredmedia":[{"embeddable":true,"href":"https:\/\/www.pmpf.rs.gov.br\/cultura\/wp-json\/wp\/v2\/media\/3834"}],"wp:attachment":[{"href":"https:\/\/www.pmpf.rs.gov.br\/cultura\/wp-json\/wp\/v2\/media?parent=3833"}],"wp:term":[{"taxonomy":"category","embeddable":true,"href":"https:\/\/www.pmpf.rs.gov.br\/cultura\/wp-json\/wp\/v2\/categories?post=3833"},{"taxonomy":"post_tag","embeddable":true,"href":"https:\/\/www.pmpf.rs.gov.br\/cultura\/wp-json\/wp\/v2\/tags?post=3833"}],"curies":[{"name":"wp","href":"https:\/\/api.w.org\/{rel}","templated":true}]}}