{"id":3761,"date":"2023-10-23T13:47:29","date_gmt":"2023-10-23T16:47:29","guid":{"rendered":"https:\/\/www.pmpf.rs.gov.br\/cultura\/?p=3761"},"modified":"2023-10-23T13:47:44","modified_gmt":"2023-10-23T16:47:44","slug":"35a-feira-do-livro-encerra-com-exito","status":"publish","type":"post","link":"https:\/\/www.pmpf.rs.gov.br\/cultura\/2023\/10\/23\/35a-feira-do-livro-encerra-com-exito\/","title":{"rendered":"35\u00aa Feira do Livro encerra com \u00eaxito"},"content":{"rendered":"\n<p><br>A Prefeitura de Passo Fundo, por meio da Secretaria de Cultura e tendo como proponente a Academia Passo-fundense de Letras (APL), encerrou neste domingo (22) a 35\u00aa edi\u00e7\u00e3o da Feira do Livro. Foram nove dias de um festival liter\u00e1rio que movimentou o espa\u00e7o cultural Roseli Doleski Preto.<br><br>De acordo com a secret\u00e1ria de Cultura, Miri\u00ea Tedesco, a Feira teve a participa\u00e7\u00e3o de dez livreiros, em um espa\u00e7o novo que propiciou mais possibilidades de atividades em um mesmo local. \u201cTradicionalmente o per\u00edodo da Feira do Livro sempre traz chuvas. A escolha desse local para sediar o evento nos mostrou que mesmo acontecendo essas intemp\u00e9ries clim\u00e1ticas, pudemos manter nossa programa\u00e7\u00e3o por conta dos pr\u00e9dios da Academia Passo-fundense Letras, Teatro Municipal, Biblioteca, Instituto Hist\u00f3rico. A gente conseguiu deslocar toda a programa\u00e7\u00e3o que seria ao ar livre para esses pr\u00e9dios, sem alterar nossas atividades\u201d, declara Miri\u00ea.<br><br>A Secret\u00e1ria ressalta que o local de realiza\u00e7\u00e3o acabou muito prop\u00edcio em termos de log\u00edstica, sem oferecer transtorno para o tr\u00e2nsito. \u201cEstamos no centro da cidade, todos os acessos d\u00e3o aqui, o que tamb\u00e9m \u00e9 um ponto positivo. Todos os que chegaram, acharam o ambiente acolhedor, aconchegante, e isso entendemos que \u00e9 por conta de tudo que tem nesse complexo cultural. Come\u00e7amos no domingo (14) com o p\u00fablico muito acima do esperado, e durante a semana, mesmo nos dias de chuva, os alunos vieram conforme estava programado. Foi uma feira que, em termos de frequ\u00eancia de pessoas, foi muito maior\u201d, aponta.<br><br>O prefeito, Pedro Almeida destacou ainda, o projeto Passaporte da Leitura, que d\u00e1 aos alunos da rede municipal um cheque-livro, no valor de R$ 40,00 que os estudantes puderam trocar durante a Feira. \u201cEste projeto oportunizou que muitos dos estudantes adquirissem um livro pela primeira vez. Isso \u00e9 parte do nosso processo de uma cidade educadora, que prepara as suas crian\u00e7as, seus adolescentes para uma vida social\u201d, enfatiza.<br><br>Segundo a secret\u00e1ria Miri\u00ea, os escritores que vieram para c\u00e1, voltaram encantados com a qualidade do p\u00fablico. \u201cTivemos momentos de debates, de bate-papos, onde os adolescentes estavam fazendo perguntas de qualidade sobre os assuntos tratados. E isso mostra o quanto temos um ensino qualificado, como temos adolescentes preparados, assim como crian\u00e7as que ficam encantadas e que interagiram com os contadores<br>de hist\u00f3rias\u201d, pondera.<br><br>A presidente da APL, Marilise Brockstedt Lech, afirma que a Feira do Livro est\u00e1 em um novo momento das suas edi\u00e7\u00f5es. \u201cAs pessoas que passaram por aqui tiveram uma surpresa muito grande, pois estamos no cora\u00e7\u00e3o da cidade, de f\u00e1cil acesso, por\u00e9m que nem todos conheciam. Aqui \u00e9 um lugar hist\u00f3rico, bem localizado, seguro e que as pessoas que est\u00e3o passando na cal\u00e7ada, mesmo sem saber a exist\u00eancia da feira, acabavam achando e entrando. Foi muito interessante perceber pessoas entraram e depois voltaram,<br>trazendo a fam\u00edlia, sabendo que tudo que estava acontecendo ali era gratuito e de alta qualidade. Os shows, teatro, palestras, bate-papos, lan\u00e7amentos de livros, foram assim, uma oportunidade \u00fanica\u201d, frisa.<br><br>Pela primeira vez participando da Feira, a livreira Ana Caroline Gomes discorre sobre a vontade de j\u00e1 estar presente na pr\u00f3xima edi\u00e7\u00e3o. \u201cValeu muito a pena estar com o estande na Feira do Livro. N\u00e3o tenho um par\u00e2metro de como foram as vendas em outros anos, mas, baseado no que eu tenho vendido na minha loja, posso afirmar que foi positivo, principalmente em raz\u00e3o do cheque-livro dos estudantes municipais\u201d, comenta.<br><br>Com o n\u00famero de 35 participa\u00e7\u00f5es no evento, a livreira Silvana Rovani afirma que a Feira do Livro deste ano foi at\u00edpica, pois estava num local diferente, com situa\u00e7\u00e3o adversa de clima, por\u00e9m, vem muito a agregar. \u201cNosso maior movimento foi de escolas municipais e as fam\u00edlias dessas crian\u00e7as, principalmente por causa do cheque-livro. A Prefeitura proporciona aos alunos da rede municipal o passaporte liter\u00e1rio, trouxe para nossa livraria muita gente que nunca tinha comprado um livro. Este ano, atrav\u00e9s dessa iniciativa, os alunos puderam comprar e eu presenciei crian\u00e7as que nunca tinham comprado um livro na vida e n\u00e3o acreditavam que estavam ganhando um\u201d, finaliza.<\/p>\n","protected":false},"excerpt":{"rendered":"<p>Passaporte da Leitura, com cheque-livro, foi o diferencial desta edi\u00e7\u00e3o, tanto para os alunos da rede municipal quanto para os livreiros<\/p>\n","protected":false},"author":24,"featured_media":3762,"comment_status":"closed","ping_status":"closed","sticky":true,"template":"","format":"standard","meta":{"footnotes":""},"categories":[1],"tags":[],"class_list":["post-3761","post","type-post","status-publish","format-standard","has-post-thumbnail","hentry","category-sem-categoria"],"yoast_head":"<!-- This site is optimized with the Yoast SEO plugin v23.8 - https:\/\/yoast.com\/wordpress\/plugins\/seo\/ -->\n<title>35\u00aa Feira do Livro encerra com \u00eaxito - Secretaria de Cultura<\/title>\n<meta name=\"robots\" content=\"index, follow, max-snippet:-1, max-image-preview:large, max-video-preview:-1\" \/>\n<link rel=\"canonical\" href=\"https:\/\/www.pmpf.rs.gov.br\/cultura\/2023\/10\/23\/35a-feira-do-livro-encerra-com-exito\/\" \/>\n<meta property=\"og:locale\" content=\"pt_BR\" \/>\n<meta property=\"og:type\" content=\"article\" \/>\n<meta property=\"og:title\" content=\"35\u00aa Feira do Livro encerra com \u00eaxito - Secretaria de Cultura\" \/>\n<meta property=\"og:description\" content=\"Passaporte da Leitura, com cheque-livro, foi o diferencial desta edi\u00e7\u00e3o, tanto para os alunos da rede municipal quanto para os livreiros\" \/>\n<meta property=\"og:url\" content=\"https:\/\/www.pmpf.rs.gov.br\/cultura\/2023\/10\/23\/35a-feira-do-livro-encerra-com-exito\/\" \/>\n<meta property=\"og:site_name\" content=\"Secretaria de Cultura\" \/>\n<meta property=\"article:published_time\" content=\"2023-10-23T16:47:29+00:00\" \/>\n<meta property=\"article:modified_time\" content=\"2023-10-23T16:47:44+00:00\" \/>\n<meta name=\"author\" content=\"lilicrivello\" \/>\n<meta name=\"twitter:card\" content=\"summary_large_image\" \/>\n<meta name=\"twitter:label1\" content=\"Escrito por\" \/>\n\t<meta name=\"twitter:data1\" content=\"lilicrivello\" \/>\n\t<meta name=\"twitter:label2\" content=\"Est. tempo de leitura\" \/>\n\t<meta name=\"twitter:data2\" content=\"4 minutos\" \/>\n<script type=\"application\/ld+json\" class=\"yoast-schema-graph\">{\"@context\":\"https:\/\/schema.org\",\"@graph\":[{\"@type\":\"WebPage\",\"@id\":\"https:\/\/www.pmpf.rs.gov.br\/cultura\/2023\/10\/23\/35a-feira-do-livro-encerra-com-exito\/\",\"url\":\"https:\/\/www.pmpf.rs.gov.br\/cultura\/2023\/10\/23\/35a-feira-do-livro-encerra-com-exito\/\",\"name\":\"35\u00aa Feira do Livro encerra com \u00eaxito - Secretaria de Cultura\",\"isPartOf\":{\"@id\":\"https:\/\/www.pmpf.rs.gov.br\/cultura\/#website\"},\"primaryImageOfPage\":{\"@id\":\"https:\/\/www.pmpf.rs.gov.br\/cultura\/2023\/10\/23\/35a-feira-do-livro-encerra-com-exito\/#primaryimage\"},\"image\":{\"@id\":\"https:\/\/www.pmpf.rs.gov.br\/cultura\/2023\/10\/23\/35a-feira-do-livro-encerra-com-exito\/#primaryimage\"},\"thumbnailUrl\":\"https:\/\/www.pmpf.rs.gov.br\/cultura\/wp-content\/uploads\/sites\/25\/2023\/10\/Feira-encerra2-scaled.jpg\",\"datePublished\":\"2023-10-23T16:47:29+00:00\",\"dateModified\":\"2023-10-23T16:47:44+00:00\",\"author\":{\"@id\":\"https:\/\/www.pmpf.rs.gov.br\/cultura\/#\/schema\/person\/6e93b0ab2174b69f691ac4f278ba2d0a\"},\"inLanguage\":\"pt-BR\",\"potentialAction\":[{\"@type\":\"ReadAction\",\"target\":[\"https:\/\/www.pmpf.rs.gov.br\/cultura\/2023\/10\/23\/35a-feira-do-livro-encerra-com-exito\/\"]}]},{\"@type\":\"ImageObject\",\"inLanguage\":\"pt-BR\",\"@id\":\"https:\/\/www.pmpf.rs.gov.br\/cultura\/2023\/10\/23\/35a-feira-do-livro-encerra-com-exito\/#primaryimage\",\"url\":\"https:\/\/www.pmpf.rs.gov.br\/cultura\/wp-content\/uploads\/sites\/25\/2023\/10\/Feira-encerra2-scaled.jpg\",\"contentUrl\":\"https:\/\/www.pmpf.rs.gov.br\/cultura\/wp-content\/uploads\/sites\/25\/2023\/10\/Feira-encerra2-scaled.jpg\",\"width\":2560,\"height\":1707},{\"@type\":\"WebSite\",\"@id\":\"https:\/\/www.pmpf.rs.gov.br\/cultura\/#website\",\"url\":\"https:\/\/www.pmpf.rs.gov.br\/cultura\/\",\"name\":\"Secretaria de Cultura\",\"description\":\"S\u00f3 mais um site Prefeitura de Passo Fundo\",\"potentialAction\":[{\"@type\":\"SearchAction\",\"target\":{\"@type\":\"EntryPoint\",\"urlTemplate\":\"https:\/\/www.pmpf.rs.gov.br\/cultura\/?s={search_term_string}\"},\"query-input\":{\"@type\":\"PropertyValueSpecification\",\"valueRequired\":true,\"valueName\":\"search_term_string\"}}],\"inLanguage\":\"pt-BR\"},{\"@type\":\"Person\",\"@id\":\"https:\/\/www.pmpf.rs.gov.br\/cultura\/#\/schema\/person\/6e93b0ab2174b69f691ac4f278ba2d0a\",\"name\":\"lilicrivello\",\"image\":{\"@type\":\"ImageObject\",\"inLanguage\":\"pt-BR\",\"@id\":\"https:\/\/www.pmpf.rs.gov.br\/cultura\/#\/schema\/person\/image\/\",\"url\":\"https:\/\/secure.gravatar.com\/avatar\/0b546b667388f8edb7b67d70a57b5e46?s=96&d=mm&r=g\",\"contentUrl\":\"https:\/\/secure.gravatar.com\/avatar\/0b546b667388f8edb7b67d70a57b5e46?s=96&d=mm&r=g\",\"caption\":\"lilicrivello\"},\"url\":\"https:\/\/www.pmpf.rs.gov.br\/cultura\/author\/lilicrivello\/\"}]}<\/script>\n<!-- \/ Yoast SEO plugin. -->","yoast_head_json":{"title":"35\u00aa Feira do Livro encerra com \u00eaxito - Secretaria de Cultura","robots":{"index":"index","follow":"follow","max-snippet":"max-snippet:-1","max-image-preview":"max-image-preview:large","max-video-preview":"max-video-preview:-1"},"canonical":"https:\/\/www.pmpf.rs.gov.br\/cultura\/2023\/10\/23\/35a-feira-do-livro-encerra-com-exito\/","og_locale":"pt_BR","og_type":"article","og_title":"35\u00aa Feira do Livro encerra com \u00eaxito - Secretaria de Cultura","og_description":"Passaporte da Leitura, com cheque-livro, foi o diferencial desta edi\u00e7\u00e3o, tanto para os alunos da rede municipal quanto para os livreiros","og_url":"https:\/\/www.pmpf.rs.gov.br\/cultura\/2023\/10\/23\/35a-feira-do-livro-encerra-com-exito\/","og_site_name":"Secretaria de Cultura","article_published_time":"2023-10-23T16:47:29+00:00","article_modified_time":"2023-10-23T16:47:44+00:00","author":"lilicrivello","twitter_card":"summary_large_image","twitter_misc":{"Escrito por":"lilicrivello","Est. tempo de leitura":"4 minutos"},"schema":{"@context":"https:\/\/schema.org","@graph":[{"@type":"WebPage","@id":"https:\/\/www.pmpf.rs.gov.br\/cultura\/2023\/10\/23\/35a-feira-do-livro-encerra-com-exito\/","url":"https:\/\/www.pmpf.rs.gov.br\/cultura\/2023\/10\/23\/35a-feira-do-livro-encerra-com-exito\/","name":"35\u00aa Feira do Livro encerra com \u00eaxito - Secretaria de Cultura","isPartOf":{"@id":"https:\/\/www.pmpf.rs.gov.br\/cultura\/#website"},"primaryImageOfPage":{"@id":"https:\/\/www.pmpf.rs.gov.br\/cultura\/2023\/10\/23\/35a-feira-do-livro-encerra-com-exito\/#primaryimage"},"image":{"@id":"https:\/\/www.pmpf.rs.gov.br\/cultura\/2023\/10\/23\/35a-feira-do-livro-encerra-com-exito\/#primaryimage"},"thumbnailUrl":"https:\/\/www.pmpf.rs.gov.br\/cultura\/wp-content\/uploads\/sites\/25\/2023\/10\/Feira-encerra2-scaled.jpg","datePublished":"2023-10-23T16:47:29+00:00","dateModified":"2023-10-23T16:47:44+00:00","author":{"@id":"https:\/\/www.pmpf.rs.gov.br\/cultura\/#\/schema\/person\/6e93b0ab2174b69f691ac4f278ba2d0a"},"inLanguage":"pt-BR","potentialAction":[{"@type":"ReadAction","target":["https:\/\/www.pmpf.rs.gov.br\/cultura\/2023\/10\/23\/35a-feira-do-livro-encerra-com-exito\/"]}]},{"@type":"ImageObject","inLanguage":"pt-BR","@id":"https:\/\/www.pmpf.rs.gov.br\/cultura\/2023\/10\/23\/35a-feira-do-livro-encerra-com-exito\/#primaryimage","url":"https:\/\/www.pmpf.rs.gov.br\/cultura\/wp-content\/uploads\/sites\/25\/2023\/10\/Feira-encerra2-scaled.jpg","contentUrl":"https:\/\/www.pmpf.rs.gov.br\/cultura\/wp-content\/uploads\/sites\/25\/2023\/10\/Feira-encerra2-scaled.jpg","width":2560,"height":1707},{"@type":"WebSite","@id":"https:\/\/www.pmpf.rs.gov.br\/cultura\/#website","url":"https:\/\/www.pmpf.rs.gov.br\/cultura\/","name":"Secretaria de Cultura","description":"S\u00f3 mais um site Prefeitura de Passo Fundo","potentialAction":[{"@type":"SearchAction","target":{"@type":"EntryPoint","urlTemplate":"https:\/\/www.pmpf.rs.gov.br\/cultura\/?s={search_term_string}"},"query-input":{"@type":"PropertyValueSpecification","valueRequired":true,"valueName":"search_term_string"}}],"inLanguage":"pt-BR"},{"@type":"Person","@id":"https:\/\/www.pmpf.rs.gov.br\/cultura\/#\/schema\/person\/6e93b0ab2174b69f691ac4f278ba2d0a","name":"lilicrivello","image":{"@type":"ImageObject","inLanguage":"pt-BR","@id":"https:\/\/www.pmpf.rs.gov.br\/cultura\/#\/schema\/person\/image\/","url":"https:\/\/secure.gravatar.com\/avatar\/0b546b667388f8edb7b67d70a57b5e46?s=96&d=mm&r=g","contentUrl":"https:\/\/secure.gravatar.com\/avatar\/0b546b667388f8edb7b67d70a57b5e46?s=96&d=mm&r=g","caption":"lilicrivello"},"url":"https:\/\/www.pmpf.rs.gov.br\/cultura\/author\/lilicrivello\/"}]}},"_links":{"self":[{"href":"https:\/\/www.pmpf.rs.gov.br\/cultura\/wp-json\/wp\/v2\/posts\/3761"}],"collection":[{"href":"https:\/\/www.pmpf.rs.gov.br\/cultura\/wp-json\/wp\/v2\/posts"}],"about":[{"href":"https:\/\/www.pmpf.rs.gov.br\/cultura\/wp-json\/wp\/v2\/types\/post"}],"author":[{"embeddable":true,"href":"https:\/\/www.pmpf.rs.gov.br\/cultura\/wp-json\/wp\/v2\/users\/24"}],"replies":[{"embeddable":true,"href":"https:\/\/www.pmpf.rs.gov.br\/cultura\/wp-json\/wp\/v2\/comments?post=3761"}],"version-history":[{"count":1,"href":"https:\/\/www.pmpf.rs.gov.br\/cultura\/wp-json\/wp\/v2\/posts\/3761\/revisions"}],"predecessor-version":[{"id":3763,"href":"https:\/\/www.pmpf.rs.gov.br\/cultura\/wp-json\/wp\/v2\/posts\/3761\/revisions\/3763"}],"wp:featuredmedia":[{"embeddable":true,"href":"https:\/\/www.pmpf.rs.gov.br\/cultura\/wp-json\/wp\/v2\/media\/3762"}],"wp:attachment":[{"href":"https:\/\/www.pmpf.rs.gov.br\/cultura\/wp-json\/wp\/v2\/media?parent=3761"}],"wp:term":[{"taxonomy":"category","embeddable":true,"href":"https:\/\/www.pmpf.rs.gov.br\/cultura\/wp-json\/wp\/v2\/categories?post=3761"},{"taxonomy":"post_tag","embeddable":true,"href":"https:\/\/www.pmpf.rs.gov.br\/cultura\/wp-json\/wp\/v2\/tags?post=3761"}],"curies":[{"name":"wp","href":"https:\/\/api.w.org\/{rel}","templated":true}]}}