{"id":3753,"date":"2023-10-17T14:56:55","date_gmt":"2023-10-17T17:56:55","guid":{"rendered":"https:\/\/www.pmpf.rs.gov.br\/cultura\/?p=3753"},"modified":"2023-10-17T14:57:05","modified_gmt":"2023-10-17T17:57:05","slug":"chuva-nao-altera-programacao-da-feira-do-livro","status":"publish","type":"post","link":"https:\/\/www.pmpf.rs.gov.br\/cultura\/2023\/10\/17\/chuva-nao-altera-programacao-da-feira-do-livro\/","title":{"rendered":"Chuva n\u00e3o altera programa\u00e7\u00e3o da Feira do Livro"},"content":{"rendered":"\n<p><br><br>A 35\u00aa edi\u00e7\u00e3o da Feira do Livro de Passo Fundo, promovida pela Prefeitura e Academia Passo-fundense de Letras (APL), que acontece no espa\u00e7o Roseli Doleski Preto, no centro da cidade, foi programada com o intuito de que a maioria das suas atividades acontecessem em espa\u00e7os abertos.<br><br>Por\u00e9m, de acordo com a secret\u00e1ria de Cultura, Miri\u00ea Tedesco, em virtude do clima, as programa\u00e7\u00f5es de a\u00e7\u00f5es que envolvem os autores foram deslocadas para os ambientes fechados. \u201cNossa programa\u00e7\u00e3o segue sem altera\u00e7\u00e3o, apenas adequa\u00e7\u00e3o de locais dentro do Espa\u00e7o em que ocorre nosso Festival Liter\u00e1rio, onde se concentram o Teatro Municipal, a Academia Passo-fundense de Letras e a Biblioteca Municipal\u201d, frisa.<br><br>A secret\u00e1ria refor\u00e7a que os livreiros continuam atendendo em seus estandes e os visitantes podem conferir a programa\u00e7\u00e3o diariamente das 9h \u00e0s 21h.<\/p>\n","protected":false},"excerpt":{"rendered":"<p>Programa\u00e7\u00f5es de a\u00e7\u00f5es que envolvem os autores foram deslocadas para os ambientes fechados<\/p>\n","protected":false},"author":24,"featured_media":3757,"comment_status":"closed","ping_status":"closed","sticky":true,"template":"","format":"standard","meta":{"footnotes":""},"categories":[1],"tags":[],"class_list":["post-3753","post","type-post","status-publish","format-standard","has-post-thumbnail","hentry","category-sem-categoria"],"yoast_head":"<!-- This site is optimized with the Yoast SEO plugin v23.8 - https:\/\/yoast.com\/wordpress\/plugins\/seo\/ -->\n<title>Chuva n\u00e3o altera programa\u00e7\u00e3o da Feira do Livro - Secretaria de Cultura<\/title>\n<meta name=\"robots\" content=\"index, follow, max-snippet:-1, max-image-preview:large, max-video-preview:-1\" \/>\n<link rel=\"canonical\" href=\"https:\/\/www.pmpf.rs.gov.br\/cultura\/2023\/10\/17\/chuva-nao-altera-programacao-da-feira-do-livro\/\" \/>\n<meta property=\"og:locale\" content=\"pt_BR\" \/>\n<meta property=\"og:type\" content=\"article\" \/>\n<meta property=\"og:title\" content=\"Chuva n\u00e3o altera programa\u00e7\u00e3o da Feira do Livro - Secretaria de Cultura\" \/>\n<meta property=\"og:description\" content=\"Programa\u00e7\u00f5es de a\u00e7\u00f5es que envolvem os autores foram deslocadas para os ambientes fechados\" \/>\n<meta property=\"og:url\" content=\"https:\/\/www.pmpf.rs.gov.br\/cultura\/2023\/10\/17\/chuva-nao-altera-programacao-da-feira-do-livro\/\" \/>\n<meta property=\"og:site_name\" content=\"Secretaria de Cultura\" \/>\n<meta property=\"article:published_time\" content=\"2023-10-17T17:56:55+00:00\" \/>\n<meta property=\"article:modified_time\" content=\"2023-10-17T17:57:05+00:00\" \/>\n<meta name=\"author\" content=\"lilicrivello\" \/>\n<meta name=\"twitter:card\" content=\"summary_large_image\" \/>\n<meta name=\"twitter:label1\" content=\"Escrito por\" \/>\n\t<meta name=\"twitter:data1\" content=\"lilicrivello\" \/>\n\t<meta name=\"twitter:label2\" content=\"Est. tempo de leitura\" \/>\n\t<meta name=\"twitter:data2\" content=\"1 minuto\" \/>\n<script type=\"application\/ld+json\" class=\"yoast-schema-graph\">{\"@context\":\"https:\/\/schema.org\",\"@graph\":[{\"@type\":\"WebPage\",\"@id\":\"https:\/\/www.pmpf.rs.gov.br\/cultura\/2023\/10\/17\/chuva-nao-altera-programacao-da-feira-do-livro\/\",\"url\":\"https:\/\/www.pmpf.rs.gov.br\/cultura\/2023\/10\/17\/chuva-nao-altera-programacao-da-feira-do-livro\/\",\"name\":\"Chuva n\u00e3o altera programa\u00e7\u00e3o da Feira do Livro - Secretaria de Cultura\",\"isPartOf\":{\"@id\":\"https:\/\/www.pmpf.rs.gov.br\/cultura\/#website\"},\"primaryImageOfPage\":{\"@id\":\"https:\/\/www.pmpf.rs.gov.br\/cultura\/2023\/10\/17\/chuva-nao-altera-programacao-da-feira-do-livro\/#primaryimage\"},\"image\":{\"@id\":\"https:\/\/www.pmpf.rs.gov.br\/cultura\/2023\/10\/17\/chuva-nao-altera-programacao-da-feira-do-livro\/#primaryimage\"},\"thumbnailUrl\":\"https:\/\/www.pmpf.rs.gov.br\/cultura\/wp-content\/uploads\/sites\/25\/2023\/10\/feira-chuva-ok-scaled.jpg\",\"datePublished\":\"2023-10-17T17:56:55+00:00\",\"dateModified\":\"2023-10-17T17:57:05+00:00\",\"author\":{\"@id\":\"https:\/\/www.pmpf.rs.gov.br\/cultura\/#\/schema\/person\/6e93b0ab2174b69f691ac4f278ba2d0a\"},\"inLanguage\":\"pt-BR\",\"potentialAction\":[{\"@type\":\"ReadAction\",\"target\":[\"https:\/\/www.pmpf.rs.gov.br\/cultura\/2023\/10\/17\/chuva-nao-altera-programacao-da-feira-do-livro\/\"]}]},{\"@type\":\"ImageObject\",\"inLanguage\":\"pt-BR\",\"@id\":\"https:\/\/www.pmpf.rs.gov.br\/cultura\/2023\/10\/17\/chuva-nao-altera-programacao-da-feira-do-livro\/#primaryimage\",\"url\":\"https:\/\/www.pmpf.rs.gov.br\/cultura\/wp-content\/uploads\/sites\/25\/2023\/10\/feira-chuva-ok-scaled.jpg\",\"contentUrl\":\"https:\/\/www.pmpf.rs.gov.br\/cultura\/wp-content\/uploads\/sites\/25\/2023\/10\/feira-chuva-ok-scaled.jpg\",\"width\":2560,\"height\":1707},{\"@type\":\"WebSite\",\"@id\":\"https:\/\/www.pmpf.rs.gov.br\/cultura\/#website\",\"url\":\"https:\/\/www.pmpf.rs.gov.br\/cultura\/\",\"name\":\"Secretaria de Cultura\",\"description\":\"S\u00f3 mais um site Prefeitura de Passo Fundo\",\"potentialAction\":[{\"@type\":\"SearchAction\",\"target\":{\"@type\":\"EntryPoint\",\"urlTemplate\":\"https:\/\/www.pmpf.rs.gov.br\/cultura\/?s={search_term_string}\"},\"query-input\":{\"@type\":\"PropertyValueSpecification\",\"valueRequired\":true,\"valueName\":\"search_term_string\"}}],\"inLanguage\":\"pt-BR\"},{\"@type\":\"Person\",\"@id\":\"https:\/\/www.pmpf.rs.gov.br\/cultura\/#\/schema\/person\/6e93b0ab2174b69f691ac4f278ba2d0a\",\"name\":\"lilicrivello\",\"image\":{\"@type\":\"ImageObject\",\"inLanguage\":\"pt-BR\",\"@id\":\"https:\/\/www.pmpf.rs.gov.br\/cultura\/#\/schema\/person\/image\/\",\"url\":\"https:\/\/secure.gravatar.com\/avatar\/0b546b667388f8edb7b67d70a57b5e46?s=96&d=mm&r=g\",\"contentUrl\":\"https:\/\/secure.gravatar.com\/avatar\/0b546b667388f8edb7b67d70a57b5e46?s=96&d=mm&r=g\",\"caption\":\"lilicrivello\"},\"url\":\"https:\/\/www.pmpf.rs.gov.br\/cultura\/author\/lilicrivello\/\"}]}<\/script>\n<!-- \/ Yoast SEO plugin. -->","yoast_head_json":{"title":"Chuva n\u00e3o altera programa\u00e7\u00e3o da Feira do Livro - Secretaria de Cultura","robots":{"index":"index","follow":"follow","max-snippet":"max-snippet:-1","max-image-preview":"max-image-preview:large","max-video-preview":"max-video-preview:-1"},"canonical":"https:\/\/www.pmpf.rs.gov.br\/cultura\/2023\/10\/17\/chuva-nao-altera-programacao-da-feira-do-livro\/","og_locale":"pt_BR","og_type":"article","og_title":"Chuva n\u00e3o altera programa\u00e7\u00e3o da Feira do Livro - Secretaria de Cultura","og_description":"Programa\u00e7\u00f5es de a\u00e7\u00f5es que envolvem os autores foram deslocadas para os ambientes fechados","og_url":"https:\/\/www.pmpf.rs.gov.br\/cultura\/2023\/10\/17\/chuva-nao-altera-programacao-da-feira-do-livro\/","og_site_name":"Secretaria de Cultura","article_published_time":"2023-10-17T17:56:55+00:00","article_modified_time":"2023-10-17T17:57:05+00:00","author":"lilicrivello","twitter_card":"summary_large_image","twitter_misc":{"Escrito por":"lilicrivello","Est. tempo de leitura":"1 minuto"},"schema":{"@context":"https:\/\/schema.org","@graph":[{"@type":"WebPage","@id":"https:\/\/www.pmpf.rs.gov.br\/cultura\/2023\/10\/17\/chuva-nao-altera-programacao-da-feira-do-livro\/","url":"https:\/\/www.pmpf.rs.gov.br\/cultura\/2023\/10\/17\/chuva-nao-altera-programacao-da-feira-do-livro\/","name":"Chuva n\u00e3o altera programa\u00e7\u00e3o da Feira do Livro - Secretaria de Cultura","isPartOf":{"@id":"https:\/\/www.pmpf.rs.gov.br\/cultura\/#website"},"primaryImageOfPage":{"@id":"https:\/\/www.pmpf.rs.gov.br\/cultura\/2023\/10\/17\/chuva-nao-altera-programacao-da-feira-do-livro\/#primaryimage"},"image":{"@id":"https:\/\/www.pmpf.rs.gov.br\/cultura\/2023\/10\/17\/chuva-nao-altera-programacao-da-feira-do-livro\/#primaryimage"},"thumbnailUrl":"https:\/\/www.pmpf.rs.gov.br\/cultura\/wp-content\/uploads\/sites\/25\/2023\/10\/feira-chuva-ok-scaled.jpg","datePublished":"2023-10-17T17:56:55+00:00","dateModified":"2023-10-17T17:57:05+00:00","author":{"@id":"https:\/\/www.pmpf.rs.gov.br\/cultura\/#\/schema\/person\/6e93b0ab2174b69f691ac4f278ba2d0a"},"inLanguage":"pt-BR","potentialAction":[{"@type":"ReadAction","target":["https:\/\/www.pmpf.rs.gov.br\/cultura\/2023\/10\/17\/chuva-nao-altera-programacao-da-feira-do-livro\/"]}]},{"@type":"ImageObject","inLanguage":"pt-BR","@id":"https:\/\/www.pmpf.rs.gov.br\/cultura\/2023\/10\/17\/chuva-nao-altera-programacao-da-feira-do-livro\/#primaryimage","url":"https:\/\/www.pmpf.rs.gov.br\/cultura\/wp-content\/uploads\/sites\/25\/2023\/10\/feira-chuva-ok-scaled.jpg","contentUrl":"https:\/\/www.pmpf.rs.gov.br\/cultura\/wp-content\/uploads\/sites\/25\/2023\/10\/feira-chuva-ok-scaled.jpg","width":2560,"height":1707},{"@type":"WebSite","@id":"https:\/\/www.pmpf.rs.gov.br\/cultura\/#website","url":"https:\/\/www.pmpf.rs.gov.br\/cultura\/","name":"Secretaria de Cultura","description":"S\u00f3 mais um site Prefeitura de Passo Fundo","potentialAction":[{"@type":"SearchAction","target":{"@type":"EntryPoint","urlTemplate":"https:\/\/www.pmpf.rs.gov.br\/cultura\/?s={search_term_string}"},"query-input":{"@type":"PropertyValueSpecification","valueRequired":true,"valueName":"search_term_string"}}],"inLanguage":"pt-BR"},{"@type":"Person","@id":"https:\/\/www.pmpf.rs.gov.br\/cultura\/#\/schema\/person\/6e93b0ab2174b69f691ac4f278ba2d0a","name":"lilicrivello","image":{"@type":"ImageObject","inLanguage":"pt-BR","@id":"https:\/\/www.pmpf.rs.gov.br\/cultura\/#\/schema\/person\/image\/","url":"https:\/\/secure.gravatar.com\/avatar\/0b546b667388f8edb7b67d70a57b5e46?s=96&d=mm&r=g","contentUrl":"https:\/\/secure.gravatar.com\/avatar\/0b546b667388f8edb7b67d70a57b5e46?s=96&d=mm&r=g","caption":"lilicrivello"},"url":"https:\/\/www.pmpf.rs.gov.br\/cultura\/author\/lilicrivello\/"}]}},"_links":{"self":[{"href":"https:\/\/www.pmpf.rs.gov.br\/cultura\/wp-json\/wp\/v2\/posts\/3753"}],"collection":[{"href":"https:\/\/www.pmpf.rs.gov.br\/cultura\/wp-json\/wp\/v2\/posts"}],"about":[{"href":"https:\/\/www.pmpf.rs.gov.br\/cultura\/wp-json\/wp\/v2\/types\/post"}],"author":[{"embeddable":true,"href":"https:\/\/www.pmpf.rs.gov.br\/cultura\/wp-json\/wp\/v2\/users\/24"}],"replies":[{"embeddable":true,"href":"https:\/\/www.pmpf.rs.gov.br\/cultura\/wp-json\/wp\/v2\/comments?post=3753"}],"version-history":[{"count":1,"href":"https:\/\/www.pmpf.rs.gov.br\/cultura\/wp-json\/wp\/v2\/posts\/3753\/revisions"}],"predecessor-version":[{"id":3758,"href":"https:\/\/www.pmpf.rs.gov.br\/cultura\/wp-json\/wp\/v2\/posts\/3753\/revisions\/3758"}],"wp:featuredmedia":[{"embeddable":true,"href":"https:\/\/www.pmpf.rs.gov.br\/cultura\/wp-json\/wp\/v2\/media\/3757"}],"wp:attachment":[{"href":"https:\/\/www.pmpf.rs.gov.br\/cultura\/wp-json\/wp\/v2\/media?parent=3753"}],"wp:term":[{"taxonomy":"category","embeddable":true,"href":"https:\/\/www.pmpf.rs.gov.br\/cultura\/wp-json\/wp\/v2\/categories?post=3753"},{"taxonomy":"post_tag","embeddable":true,"href":"https:\/\/www.pmpf.rs.gov.br\/cultura\/wp-json\/wp\/v2\/tags?post=3753"}],"curies":[{"name":"wp","href":"https:\/\/api.w.org\/{rel}","templated":true}]}}