{"id":3746,"date":"2023-10-15T20:30:01","date_gmt":"2023-10-15T23:30:01","guid":{"rendered":"https:\/\/www.pmpf.rs.gov.br\/cultura\/?p=3746"},"modified":"2023-10-15T20:30:02","modified_gmt":"2023-10-15T23:30:02","slug":"prefeitura-abre-oficialmente-a-feira-do-livro","status":"publish","type":"post","link":"https:\/\/www.pmpf.rs.gov.br\/cultura\/2023\/10\/15\/prefeitura-abre-oficialmente-a-feira-do-livro\/","title":{"rendered":"Prefeitura abre oficialmente a Feira do Livro"},"content":{"rendered":"\n<p><\/p>\n\n\n\n<p>A Prefeitura de Passo Fundo abriu oficialmente neste domingo (15), a 35\u00aa edi\u00e7\u00e3o da Feira do Livro.<br>O evento pode ser visitado at\u00e9 o dia 22, das 9h \u00e0s 21h, em um novo e remodelado ambiente, no espa\u00e7o Espa\u00e7o Roseli Doleski Preto, que abrange a proponente da Feira, a Academia Passo-Fundense de Letras, e ainda o Teatro Municipal M\u00facio de Castro, a Biblioteca Municipal Arno Viuniski, o Instituto Hist\u00f3rico de Passo Fundo e a Arena Instituto Hist\u00f3rico. As atividades, ainda, circular\u00e3o por outros locais que s\u00e3o dos passo-fundenses, como a Escola das Profiss\u00f5es, a Escola P\u00fablica de M\u00fasica Yamandu Costa, a Escola de Arte e Criatividade Roberto Pirovano Zanatta e o Prisma Espa\u00e7o Geek.<\/p>\n\n\n\n<p>Para o prefeito, Pedro Almeida, a Feira ganha e muito, assim como a comunidade, sendo realizada neste espa\u00e7o. \u201cAgrade\u00e7o o empenho de todos que participaram desta constru\u00e7\u00e3o. O evento j\u00e1 \u00e9 um sucesso, o primeiro dia demonstrou isso. Estou com o cora\u00e7\u00e3o cheio de alegria por ver a cultura sendo valorizada no nosso munic\u00edpio. A comunidade est\u00e1 respirando cultura e acreditando mais na nossa cidade. As maiores transforma\u00e7\u00f5es que vi de pessoas foram atrav\u00e9s da arte e da cultura e pelo conhecimento. Passo fundo est\u00e1 dando um passo mais importante resgatando esta feira\u201d, evidencia o prefeito.<\/p>\n\n\n\n<p>A secret\u00e1ria de Cultura, Miri\u00ea Tedesco salientou o reconhecido p\u00fablico aos que deram vida \u00e0s 34 Feiras do Livro que antecederam esta. \u201cO que era semente continua dando frutos e merecem, para sempre, nosso agradecimento. At\u00e9 o dia 22 de outubro, em todo o espa\u00e7o Roseli Doleski Pretto, das 9 da manh\u00e3 \u00e0s 9 da noite, livros e escritores ser\u00e3o os astros principais desse grande evento projetado para ser um festival da leitura, na cidade dos festivais! S\u00e3o muitas as atra\u00e7\u00f5es e s\u00e3o m\u00faltiplos os espa\u00e7os onde a feira acontece. Dos estandes dos livreiros ao palco do Teatro, passando pela Academia Passo-fundense de Letras, Instituto Hist\u00f3rico de Passo Fundo, Biblioteca Municipal Arno Viuniski, Arena Instituto Hist\u00f3rico at\u00e9 o artesanato liter\u00e1rio\u2026 Tudo comp\u00f5e esse grande encontro entre escritores e leitores\u201d, enaltece a secret\u00e1ria.<\/p>\n\n\n\n<p>Miri\u00ea lembra que a Feira do Livro ser\u00e1 uma oportunidade para que os 17 mil alunos da rede municipal fa\u00e7am a troca do cheque-livro, que vem anexado ao passaporte da leitura. \u201cA partir da a\u00e7\u00e3o, a Prefeitura fornece R$ 40 a cada aluno, tanto da Educa\u00e7\u00e3o Infantil quanto do Ensino Fundamental, para a aquisi\u00e7\u00e3o de obras nos livreiros parceiros\u201d, frisa a secret\u00e1ria.<\/p>\n\n\n\n<p>A Academia Passo-Fundense de Letras (APL) \u00e9 a proponente da Feira do Livro deste ano e a Presiden-te da APL, Marilise Lech destacou a satisfa\u00e7\u00e3o da entidade em promover o evento em conjunto com a Prefeitura, incentivando a arte liter\u00e1ria. \u201cReafirmo o compromisso da atual diretoria, que tem atuado a servi\u00e7o das letras. Assim seguiremos como um girassol, que \u00e9 a flor s\u00edmbolo dos 85 anos que a Aca-demia est\u00e1 completando\u201d, aponta Marilise.<\/p>\n\n\n\n<p>A feira vem com muitas novidades para esta edi\u00e7\u00e3o. S\u00e3o dez livreiros que participam do evento e 17 autores presentes. Al\u00e9m da oportunidade de adquirir livros por valores mais acess\u00edveis, haver\u00e1 exposi\u00e7\u00f5es, bate-papos, conta\u00e7\u00e3o de hist\u00f3rias, lan\u00e7amento de livros, sess\u00f5es de aut\u00f3grafos, visita\u00e7\u00f5es mediadas, pain\u00e9is, saraus e brincadeiras liter\u00e1rias. Uma programa\u00e7\u00e3o art\u00edstica tamb\u00e9m contempla espet\u00e1culos teatrais e musicais e poesia.<\/p>\n\n\n\n<p>Homenageados<br>A Feira do Livro deste ano tem como \u201cAmigo da 35\u00aa Feira do Livro\u201d, o Sesc, devido a todo o seu envolvimento e incentivo \u00e0 leitura em quase 70 anos presente em Passo Fundo.<br>O \u201cEducador Em\u00e9rito da 35\u00aa Feira do Livro\u201d \u00e9 o escritor Agostinho Both, que tem mais de 50 livros publicados, \u00e9 secret\u00e1rio-geral da Academia Passo-fundense de Letas e j\u00e1 foi vice-reitor da Universidade de Passo Fundo<br>E como \u201cPatrono da 35\u00aa Feira do Livro\u201d, foi escolhido o programa Passo Fundo Cidade Educadora e as a\u00e7\u00f5es voltadas \u00e0 educa\u00e7\u00e3o e cultura.<br>Em setembro de 2022 a Feira do Livro foi tornada patrim\u00f4nio cultural imaterial de Passo Fundo, pela Lei 5.670\/2023.<\/p>\n\n\n\n<p><\/p>\n\n\n\n<p>Cr\u00e9dito: Michel Sanderi<\/p>\n","protected":false},"excerpt":{"rendered":"<p>Evento acontece at\u00e9 o dia 22 no Espa\u00e7o Roseli Doleski Preto<\/p>\n","protected":false},"author":24,"featured_media":3747,"comment_status":"closed","ping_status":"closed","sticky":true,"template":"","format":"standard","meta":{"footnotes":""},"categories":[1],"tags":[],"class_list":["post-3746","post","type-post","status-publish","format-standard","has-post-thumbnail","hentry","category-sem-categoria"],"yoast_head":"<!-- This site is optimized with the Yoast SEO plugin v23.8 - https:\/\/yoast.com\/wordpress\/plugins\/seo\/ -->\n<title>Prefeitura abre oficialmente a Feira do Livro - Secretaria de Cultura<\/title>\n<meta name=\"robots\" content=\"index, follow, max-snippet:-1, max-image-preview:large, max-video-preview:-1\" \/>\n<link rel=\"canonical\" href=\"https:\/\/www.pmpf.rs.gov.br\/cultura\/2023\/10\/15\/prefeitura-abre-oficialmente-a-feira-do-livro\/\" \/>\n<meta property=\"og:locale\" content=\"pt_BR\" \/>\n<meta property=\"og:type\" content=\"article\" \/>\n<meta property=\"og:title\" content=\"Prefeitura abre oficialmente a Feira do Livro - Secretaria de Cultura\" \/>\n<meta property=\"og:description\" content=\"Evento acontece at\u00e9 o dia 22 no Espa\u00e7o Roseli Doleski Preto\" \/>\n<meta property=\"og:url\" content=\"https:\/\/www.pmpf.rs.gov.br\/cultura\/2023\/10\/15\/prefeitura-abre-oficialmente-a-feira-do-livro\/\" \/>\n<meta property=\"og:site_name\" content=\"Secretaria de Cultura\" \/>\n<meta property=\"article:published_time\" content=\"2023-10-15T23:30:01+00:00\" \/>\n<meta property=\"article:modified_time\" content=\"2023-10-15T23:30:02+00:00\" \/>\n<meta name=\"author\" content=\"lilicrivello\" \/>\n<meta name=\"twitter:card\" content=\"summary_large_image\" \/>\n<meta name=\"twitter:label1\" content=\"Escrito por\" \/>\n\t<meta name=\"twitter:data1\" content=\"lilicrivello\" \/>\n\t<meta name=\"twitter:label2\" content=\"Est. tempo de leitura\" \/>\n\t<meta name=\"twitter:data2\" content=\"3 minutos\" \/>\n<script type=\"application\/ld+json\" class=\"yoast-schema-graph\">{\"@context\":\"https:\/\/schema.org\",\"@graph\":[{\"@type\":\"WebPage\",\"@id\":\"https:\/\/www.pmpf.rs.gov.br\/cultura\/2023\/10\/15\/prefeitura-abre-oficialmente-a-feira-do-livro\/\",\"url\":\"https:\/\/www.pmpf.rs.gov.br\/cultura\/2023\/10\/15\/prefeitura-abre-oficialmente-a-feira-do-livro\/\",\"name\":\"Prefeitura abre oficialmente a Feira do Livro - Secretaria de Cultura\",\"isPartOf\":{\"@id\":\"https:\/\/www.pmpf.rs.gov.br\/cultura\/#website\"},\"primaryImageOfPage\":{\"@id\":\"https:\/\/www.pmpf.rs.gov.br\/cultura\/2023\/10\/15\/prefeitura-abre-oficialmente-a-feira-do-livro\/#primaryimage\"},\"image\":{\"@id\":\"https:\/\/www.pmpf.rs.gov.br\/cultura\/2023\/10\/15\/prefeitura-abre-oficialmente-a-feira-do-livro\/#primaryimage\"},\"thumbnailUrl\":\"https:\/\/www.pmpf.rs.gov.br\/cultura\/wp-content\/uploads\/sites\/25\/2023\/10\/WhatsApp-Image-2023-10-15-at-20.23.01.jpeg\",\"datePublished\":\"2023-10-15T23:30:01+00:00\",\"dateModified\":\"2023-10-15T23:30:02+00:00\",\"author\":{\"@id\":\"https:\/\/www.pmpf.rs.gov.br\/cultura\/#\/schema\/person\/6e93b0ab2174b69f691ac4f278ba2d0a\"},\"inLanguage\":\"pt-BR\",\"potentialAction\":[{\"@type\":\"ReadAction\",\"target\":[\"https:\/\/www.pmpf.rs.gov.br\/cultura\/2023\/10\/15\/prefeitura-abre-oficialmente-a-feira-do-livro\/\"]}]},{\"@type\":\"ImageObject\",\"inLanguage\":\"pt-BR\",\"@id\":\"https:\/\/www.pmpf.rs.gov.br\/cultura\/2023\/10\/15\/prefeitura-abre-oficialmente-a-feira-do-livro\/#primaryimage\",\"url\":\"https:\/\/www.pmpf.rs.gov.br\/cultura\/wp-content\/uploads\/sites\/25\/2023\/10\/WhatsApp-Image-2023-10-15-at-20.23.01.jpeg\",\"contentUrl\":\"https:\/\/www.pmpf.rs.gov.br\/cultura\/wp-content\/uploads\/sites\/25\/2023\/10\/WhatsApp-Image-2023-10-15-at-20.23.01.jpeg\",\"width\":1600,\"height\":1066},{\"@type\":\"WebSite\",\"@id\":\"https:\/\/www.pmpf.rs.gov.br\/cultura\/#website\",\"url\":\"https:\/\/www.pmpf.rs.gov.br\/cultura\/\",\"name\":\"Secretaria de Cultura\",\"description\":\"S\u00f3 mais um site Prefeitura de Passo Fundo\",\"potentialAction\":[{\"@type\":\"SearchAction\",\"target\":{\"@type\":\"EntryPoint\",\"urlTemplate\":\"https:\/\/www.pmpf.rs.gov.br\/cultura\/?s={search_term_string}\"},\"query-input\":{\"@type\":\"PropertyValueSpecification\",\"valueRequired\":true,\"valueName\":\"search_term_string\"}}],\"inLanguage\":\"pt-BR\"},{\"@type\":\"Person\",\"@id\":\"https:\/\/www.pmpf.rs.gov.br\/cultura\/#\/schema\/person\/6e93b0ab2174b69f691ac4f278ba2d0a\",\"name\":\"lilicrivello\",\"image\":{\"@type\":\"ImageObject\",\"inLanguage\":\"pt-BR\",\"@id\":\"https:\/\/www.pmpf.rs.gov.br\/cultura\/#\/schema\/person\/image\/\",\"url\":\"https:\/\/secure.gravatar.com\/avatar\/0b546b667388f8edb7b67d70a57b5e46?s=96&d=mm&r=g\",\"contentUrl\":\"https:\/\/secure.gravatar.com\/avatar\/0b546b667388f8edb7b67d70a57b5e46?s=96&d=mm&r=g\",\"caption\":\"lilicrivello\"},\"url\":\"https:\/\/www.pmpf.rs.gov.br\/cultura\/author\/lilicrivello\/\"}]}<\/script>\n<!-- \/ Yoast SEO plugin. -->","yoast_head_json":{"title":"Prefeitura abre oficialmente a Feira do Livro - Secretaria de Cultura","robots":{"index":"index","follow":"follow","max-snippet":"max-snippet:-1","max-image-preview":"max-image-preview:large","max-video-preview":"max-video-preview:-1"},"canonical":"https:\/\/www.pmpf.rs.gov.br\/cultura\/2023\/10\/15\/prefeitura-abre-oficialmente-a-feira-do-livro\/","og_locale":"pt_BR","og_type":"article","og_title":"Prefeitura abre oficialmente a Feira do Livro - Secretaria de Cultura","og_description":"Evento acontece at\u00e9 o dia 22 no Espa\u00e7o Roseli Doleski Preto","og_url":"https:\/\/www.pmpf.rs.gov.br\/cultura\/2023\/10\/15\/prefeitura-abre-oficialmente-a-feira-do-livro\/","og_site_name":"Secretaria de Cultura","article_published_time":"2023-10-15T23:30:01+00:00","article_modified_time":"2023-10-15T23:30:02+00:00","author":"lilicrivello","twitter_card":"summary_large_image","twitter_misc":{"Escrito por":"lilicrivello","Est. tempo de leitura":"3 minutos"},"schema":{"@context":"https:\/\/schema.org","@graph":[{"@type":"WebPage","@id":"https:\/\/www.pmpf.rs.gov.br\/cultura\/2023\/10\/15\/prefeitura-abre-oficialmente-a-feira-do-livro\/","url":"https:\/\/www.pmpf.rs.gov.br\/cultura\/2023\/10\/15\/prefeitura-abre-oficialmente-a-feira-do-livro\/","name":"Prefeitura abre oficialmente a Feira do Livro - Secretaria de Cultura","isPartOf":{"@id":"https:\/\/www.pmpf.rs.gov.br\/cultura\/#website"},"primaryImageOfPage":{"@id":"https:\/\/www.pmpf.rs.gov.br\/cultura\/2023\/10\/15\/prefeitura-abre-oficialmente-a-feira-do-livro\/#primaryimage"},"image":{"@id":"https:\/\/www.pmpf.rs.gov.br\/cultura\/2023\/10\/15\/prefeitura-abre-oficialmente-a-feira-do-livro\/#primaryimage"},"thumbnailUrl":"https:\/\/www.pmpf.rs.gov.br\/cultura\/wp-content\/uploads\/sites\/25\/2023\/10\/WhatsApp-Image-2023-10-15-at-20.23.01.jpeg","datePublished":"2023-10-15T23:30:01+00:00","dateModified":"2023-10-15T23:30:02+00:00","author":{"@id":"https:\/\/www.pmpf.rs.gov.br\/cultura\/#\/schema\/person\/6e93b0ab2174b69f691ac4f278ba2d0a"},"inLanguage":"pt-BR","potentialAction":[{"@type":"ReadAction","target":["https:\/\/www.pmpf.rs.gov.br\/cultura\/2023\/10\/15\/prefeitura-abre-oficialmente-a-feira-do-livro\/"]}]},{"@type":"ImageObject","inLanguage":"pt-BR","@id":"https:\/\/www.pmpf.rs.gov.br\/cultura\/2023\/10\/15\/prefeitura-abre-oficialmente-a-feira-do-livro\/#primaryimage","url":"https:\/\/www.pmpf.rs.gov.br\/cultura\/wp-content\/uploads\/sites\/25\/2023\/10\/WhatsApp-Image-2023-10-15-at-20.23.01.jpeg","contentUrl":"https:\/\/www.pmpf.rs.gov.br\/cultura\/wp-content\/uploads\/sites\/25\/2023\/10\/WhatsApp-Image-2023-10-15-at-20.23.01.jpeg","width":1600,"height":1066},{"@type":"WebSite","@id":"https:\/\/www.pmpf.rs.gov.br\/cultura\/#website","url":"https:\/\/www.pmpf.rs.gov.br\/cultura\/","name":"Secretaria de Cultura","description":"S\u00f3 mais um site Prefeitura de Passo Fundo","potentialAction":[{"@type":"SearchAction","target":{"@type":"EntryPoint","urlTemplate":"https:\/\/www.pmpf.rs.gov.br\/cultura\/?s={search_term_string}"},"query-input":{"@type":"PropertyValueSpecification","valueRequired":true,"valueName":"search_term_string"}}],"inLanguage":"pt-BR"},{"@type":"Person","@id":"https:\/\/www.pmpf.rs.gov.br\/cultura\/#\/schema\/person\/6e93b0ab2174b69f691ac4f278ba2d0a","name":"lilicrivello","image":{"@type":"ImageObject","inLanguage":"pt-BR","@id":"https:\/\/www.pmpf.rs.gov.br\/cultura\/#\/schema\/person\/image\/","url":"https:\/\/secure.gravatar.com\/avatar\/0b546b667388f8edb7b67d70a57b5e46?s=96&d=mm&r=g","contentUrl":"https:\/\/secure.gravatar.com\/avatar\/0b546b667388f8edb7b67d70a57b5e46?s=96&d=mm&r=g","caption":"lilicrivello"},"url":"https:\/\/www.pmpf.rs.gov.br\/cultura\/author\/lilicrivello\/"}]}},"_links":{"self":[{"href":"https:\/\/www.pmpf.rs.gov.br\/cultura\/wp-json\/wp\/v2\/posts\/3746"}],"collection":[{"href":"https:\/\/www.pmpf.rs.gov.br\/cultura\/wp-json\/wp\/v2\/posts"}],"about":[{"href":"https:\/\/www.pmpf.rs.gov.br\/cultura\/wp-json\/wp\/v2\/types\/post"}],"author":[{"embeddable":true,"href":"https:\/\/www.pmpf.rs.gov.br\/cultura\/wp-json\/wp\/v2\/users\/24"}],"replies":[{"embeddable":true,"href":"https:\/\/www.pmpf.rs.gov.br\/cultura\/wp-json\/wp\/v2\/comments?post=3746"}],"version-history":[{"count":1,"href":"https:\/\/www.pmpf.rs.gov.br\/cultura\/wp-json\/wp\/v2\/posts\/3746\/revisions"}],"predecessor-version":[{"id":3748,"href":"https:\/\/www.pmpf.rs.gov.br\/cultura\/wp-json\/wp\/v2\/posts\/3746\/revisions\/3748"}],"wp:featuredmedia":[{"embeddable":true,"href":"https:\/\/www.pmpf.rs.gov.br\/cultura\/wp-json\/wp\/v2\/media\/3747"}],"wp:attachment":[{"href":"https:\/\/www.pmpf.rs.gov.br\/cultura\/wp-json\/wp\/v2\/media?parent=3746"}],"wp:term":[{"taxonomy":"category","embeddable":true,"href":"https:\/\/www.pmpf.rs.gov.br\/cultura\/wp-json\/wp\/v2\/categories?post=3746"},{"taxonomy":"post_tag","embeddable":true,"href":"https:\/\/www.pmpf.rs.gov.br\/cultura\/wp-json\/wp\/v2\/tags?post=3746"}],"curies":[{"name":"wp","href":"https:\/\/api.w.org\/{rel}","templated":true}]}}