{"id":3743,"date":"2023-10-13T16:48:24","date_gmt":"2023-10-13T19:48:24","guid":{"rendered":"https:\/\/www.pmpf.rs.gov.br\/cultura\/?p=3743"},"modified":"2023-10-13T16:50:10","modified_gmt":"2023-10-13T19:50:10","slug":"passo-fundo-ja-respira-literatura","status":"publish","type":"post","link":"https:\/\/www.pmpf.rs.gov.br\/cultura\/2023\/10\/13\/passo-fundo-ja-respira-literatura\/","title":{"rendered":"Passo Fundo j\u00e1 respira literatura"},"content":{"rendered":"\n<p><\/p>\n\n\n\n<p><\/p>\n\n\n\n<p>Acesso a livros com pre\u00e7os inferiores aos praticados no mercado e \u00e0 produ\u00e7\u00e3o cultural de artistas locais e regionais, propiciando o interc\u00e2mbio entre autores, editoras e leitores de m\u00faltiplas linguagens. Com este prop\u00f3sito, a 35\u00aa edi\u00e7\u00e3o da Feira do Livro, Promovida pela Prefeitura e tendo como proponente a Academia Passo-Fundense de Letras, ter\u00e1 sua abertura oficial neste domingo (15) e segue at\u00e9 o dia 22, das 9 \u00e0s 21h, por\u00e9m, a movimenta\u00e7\u00e3o liter\u00e1ria j\u00e1 pode ser vista na cidade. O esquenta para o evento tem espet\u00e1culos de teatro, concurso liter\u00e1rio e atividades como \u201cLivros para Voar\u201d e o \u201cLeitur\u00f4metro\u201d, realizados como aquecimento para o grande Festival da Leitura.<\/p>\n\n\n\n<p>\u201c<strong>Livros para Voar\u201d<\/strong><\/p>\n\n\n\n<p>A partir da tarde desta sexta-feira (13) livros ser\u00e3o espalhados pela cidade, em diversos locais, como os pontos de \u00f4nibus, pra\u00e7as, espa\u00e7os p\u00fablicos, em frente aos parceiros da Feira do Livro, como o Sesc, Coordenadoria Regional de Educa\u00e7\u00e3o e na Secretaria de Educa\u00e7\u00e3o da Prefeitura, para que as pessoas que encontrem v\u00e3o levando literatura para casa e depois passem adiante, deixem o livro voar para outras m\u00e3os.<\/p>\n\n\n\n<p><strong>Leitur\u00f4metro<\/strong><\/p>\n\n\n\n<p>Esta a\u00e7\u00e3o \u00e9 uma prepara\u00e7\u00e3o que se fez com as escolas para que os alunos conhe\u00e7am os autores da Feira do Livro. S\u00e3o distribu\u00eddas diversas obras nas escolas para que eles fizessem a leitura simult\u00e2nea na semana que passou. Se preparando para a feira.<\/p>\n\n\n\n<p><strong>Feira do Livro<\/strong><\/p>\n\n\n\n<p>A abertura da Feira do Livro acontece neste domingo (15), no Espa\u00e7o Roseli Doleski Preto, com show &#8220;Quando a poesia encontra a m\u00fasica&#8221; de Alegre Corr\u00eaa, \u00e0s 18h. Nove livreiros de Passo Fundo confirmaram a participa\u00e7\u00e3o. Mais de 15 autores, da cidade e do estado, estar\u00e3o presentes. Haver\u00e1 exposi\u00e7\u00f5es, bate-papos, conta\u00e7\u00e3o de hist\u00f3rias, lan\u00e7amento de livros, sess\u00f5es de aut\u00f3grafos, visita\u00e7\u00f5es mediadas, pain\u00e9is, saraus e brincadeiras liter\u00e1rias. Uma programa\u00e7\u00e3o art\u00edstica tamb\u00e9m contempla espet\u00e1culos teatrais e musicais e poesia.<\/p>\n","protected":false},"excerpt":{"rendered":"<p>Movimenta\u00e7\u00e3o pr\u00e9-Feira do Livro pode ser conferida em diversos pontos da cidade<\/p>\n","protected":false},"author":24,"featured_media":3744,"comment_status":"closed","ping_status":"closed","sticky":true,"template":"","format":"standard","meta":{"footnotes":""},"categories":[1],"tags":[],"class_list":["post-3743","post","type-post","status-publish","format-standard","has-post-thumbnail","hentry","category-sem-categoria"],"yoast_head":"<!-- This site is optimized with the Yoast SEO plugin v23.8 - https:\/\/yoast.com\/wordpress\/plugins\/seo\/ -->\n<title>Passo Fundo j\u00e1 respira literatura - Secretaria de Cultura<\/title>\n<meta name=\"robots\" content=\"index, follow, max-snippet:-1, max-image-preview:large, max-video-preview:-1\" \/>\n<link rel=\"canonical\" href=\"https:\/\/www.pmpf.rs.gov.br\/cultura\/2023\/10\/13\/passo-fundo-ja-respira-literatura\/\" \/>\n<meta property=\"og:locale\" content=\"pt_BR\" \/>\n<meta property=\"og:type\" content=\"article\" \/>\n<meta property=\"og:title\" content=\"Passo Fundo j\u00e1 respira literatura - Secretaria de Cultura\" \/>\n<meta property=\"og:description\" content=\"Movimenta\u00e7\u00e3o pr\u00e9-Feira do Livro pode ser conferida em diversos pontos da cidade\" \/>\n<meta property=\"og:url\" content=\"https:\/\/www.pmpf.rs.gov.br\/cultura\/2023\/10\/13\/passo-fundo-ja-respira-literatura\/\" \/>\n<meta property=\"og:site_name\" content=\"Secretaria de Cultura\" \/>\n<meta property=\"article:published_time\" content=\"2023-10-13T19:48:24+00:00\" \/>\n<meta property=\"article:modified_time\" content=\"2023-10-13T19:50:10+00:00\" \/>\n<meta name=\"author\" content=\"lilicrivello\" \/>\n<meta name=\"twitter:card\" content=\"summary_large_image\" \/>\n<meta name=\"twitter:label1\" content=\"Escrito por\" \/>\n\t<meta name=\"twitter:data1\" content=\"lilicrivello\" \/>\n\t<meta name=\"twitter:label2\" content=\"Est. tempo de leitura\" \/>\n\t<meta name=\"twitter:data2\" content=\"2 minutos\" \/>\n<script type=\"application\/ld+json\" class=\"yoast-schema-graph\">{\"@context\":\"https:\/\/schema.org\",\"@graph\":[{\"@type\":\"WebPage\",\"@id\":\"https:\/\/www.pmpf.rs.gov.br\/cultura\/2023\/10\/13\/passo-fundo-ja-respira-literatura\/\",\"url\":\"https:\/\/www.pmpf.rs.gov.br\/cultura\/2023\/10\/13\/passo-fundo-ja-respira-literatura\/\",\"name\":\"Passo Fundo j\u00e1 respira literatura - Secretaria de Cultura\",\"isPartOf\":{\"@id\":\"https:\/\/www.pmpf.rs.gov.br\/cultura\/#website\"},\"primaryImageOfPage\":{\"@id\":\"https:\/\/www.pmpf.rs.gov.br\/cultura\/2023\/10\/13\/passo-fundo-ja-respira-literatura\/#primaryimage\"},\"image\":{\"@id\":\"https:\/\/www.pmpf.rs.gov.br\/cultura\/2023\/10\/13\/passo-fundo-ja-respira-literatura\/#primaryimage\"},\"thumbnailUrl\":\"https:\/\/www.pmpf.rs.gov.br\/cultura\/wp-content\/uploads\/sites\/25\/2023\/10\/feira-sexta2-scaled.jpg\",\"datePublished\":\"2023-10-13T19:48:24+00:00\",\"dateModified\":\"2023-10-13T19:50:10+00:00\",\"author\":{\"@id\":\"https:\/\/www.pmpf.rs.gov.br\/cultura\/#\/schema\/person\/6e93b0ab2174b69f691ac4f278ba2d0a\"},\"inLanguage\":\"pt-BR\",\"potentialAction\":[{\"@type\":\"ReadAction\",\"target\":[\"https:\/\/www.pmpf.rs.gov.br\/cultura\/2023\/10\/13\/passo-fundo-ja-respira-literatura\/\"]}]},{\"@type\":\"ImageObject\",\"inLanguage\":\"pt-BR\",\"@id\":\"https:\/\/www.pmpf.rs.gov.br\/cultura\/2023\/10\/13\/passo-fundo-ja-respira-literatura\/#primaryimage\",\"url\":\"https:\/\/www.pmpf.rs.gov.br\/cultura\/wp-content\/uploads\/sites\/25\/2023\/10\/feira-sexta2-scaled.jpg\",\"contentUrl\":\"https:\/\/www.pmpf.rs.gov.br\/cultura\/wp-content\/uploads\/sites\/25\/2023\/10\/feira-sexta2-scaled.jpg\",\"width\":2560,\"height\":1707},{\"@type\":\"WebSite\",\"@id\":\"https:\/\/www.pmpf.rs.gov.br\/cultura\/#website\",\"url\":\"https:\/\/www.pmpf.rs.gov.br\/cultura\/\",\"name\":\"Secretaria de Cultura\",\"description\":\"S\u00f3 mais um site Prefeitura de Passo Fundo\",\"potentialAction\":[{\"@type\":\"SearchAction\",\"target\":{\"@type\":\"EntryPoint\",\"urlTemplate\":\"https:\/\/www.pmpf.rs.gov.br\/cultura\/?s={search_term_string}\"},\"query-input\":{\"@type\":\"PropertyValueSpecification\",\"valueRequired\":true,\"valueName\":\"search_term_string\"}}],\"inLanguage\":\"pt-BR\"},{\"@type\":\"Person\",\"@id\":\"https:\/\/www.pmpf.rs.gov.br\/cultura\/#\/schema\/person\/6e93b0ab2174b69f691ac4f278ba2d0a\",\"name\":\"lilicrivello\",\"image\":{\"@type\":\"ImageObject\",\"inLanguage\":\"pt-BR\",\"@id\":\"https:\/\/www.pmpf.rs.gov.br\/cultura\/#\/schema\/person\/image\/\",\"url\":\"https:\/\/secure.gravatar.com\/avatar\/0b546b667388f8edb7b67d70a57b5e46?s=96&d=mm&r=g\",\"contentUrl\":\"https:\/\/secure.gravatar.com\/avatar\/0b546b667388f8edb7b67d70a57b5e46?s=96&d=mm&r=g\",\"caption\":\"lilicrivello\"},\"url\":\"https:\/\/www.pmpf.rs.gov.br\/cultura\/author\/lilicrivello\/\"}]}<\/script>\n<!-- \/ Yoast SEO plugin. -->","yoast_head_json":{"title":"Passo Fundo j\u00e1 respira literatura - Secretaria de Cultura","robots":{"index":"index","follow":"follow","max-snippet":"max-snippet:-1","max-image-preview":"max-image-preview:large","max-video-preview":"max-video-preview:-1"},"canonical":"https:\/\/www.pmpf.rs.gov.br\/cultura\/2023\/10\/13\/passo-fundo-ja-respira-literatura\/","og_locale":"pt_BR","og_type":"article","og_title":"Passo Fundo j\u00e1 respira literatura - Secretaria de Cultura","og_description":"Movimenta\u00e7\u00e3o pr\u00e9-Feira do Livro pode ser conferida em diversos pontos da cidade","og_url":"https:\/\/www.pmpf.rs.gov.br\/cultura\/2023\/10\/13\/passo-fundo-ja-respira-literatura\/","og_site_name":"Secretaria de Cultura","article_published_time":"2023-10-13T19:48:24+00:00","article_modified_time":"2023-10-13T19:50:10+00:00","author":"lilicrivello","twitter_card":"summary_large_image","twitter_misc":{"Escrito por":"lilicrivello","Est. tempo de leitura":"2 minutos"},"schema":{"@context":"https:\/\/schema.org","@graph":[{"@type":"WebPage","@id":"https:\/\/www.pmpf.rs.gov.br\/cultura\/2023\/10\/13\/passo-fundo-ja-respira-literatura\/","url":"https:\/\/www.pmpf.rs.gov.br\/cultura\/2023\/10\/13\/passo-fundo-ja-respira-literatura\/","name":"Passo Fundo j\u00e1 respira literatura - Secretaria de Cultura","isPartOf":{"@id":"https:\/\/www.pmpf.rs.gov.br\/cultura\/#website"},"primaryImageOfPage":{"@id":"https:\/\/www.pmpf.rs.gov.br\/cultura\/2023\/10\/13\/passo-fundo-ja-respira-literatura\/#primaryimage"},"image":{"@id":"https:\/\/www.pmpf.rs.gov.br\/cultura\/2023\/10\/13\/passo-fundo-ja-respira-literatura\/#primaryimage"},"thumbnailUrl":"https:\/\/www.pmpf.rs.gov.br\/cultura\/wp-content\/uploads\/sites\/25\/2023\/10\/feira-sexta2-scaled.jpg","datePublished":"2023-10-13T19:48:24+00:00","dateModified":"2023-10-13T19:50:10+00:00","author":{"@id":"https:\/\/www.pmpf.rs.gov.br\/cultura\/#\/schema\/person\/6e93b0ab2174b69f691ac4f278ba2d0a"},"inLanguage":"pt-BR","potentialAction":[{"@type":"ReadAction","target":["https:\/\/www.pmpf.rs.gov.br\/cultura\/2023\/10\/13\/passo-fundo-ja-respira-literatura\/"]}]},{"@type":"ImageObject","inLanguage":"pt-BR","@id":"https:\/\/www.pmpf.rs.gov.br\/cultura\/2023\/10\/13\/passo-fundo-ja-respira-literatura\/#primaryimage","url":"https:\/\/www.pmpf.rs.gov.br\/cultura\/wp-content\/uploads\/sites\/25\/2023\/10\/feira-sexta2-scaled.jpg","contentUrl":"https:\/\/www.pmpf.rs.gov.br\/cultura\/wp-content\/uploads\/sites\/25\/2023\/10\/feira-sexta2-scaled.jpg","width":2560,"height":1707},{"@type":"WebSite","@id":"https:\/\/www.pmpf.rs.gov.br\/cultura\/#website","url":"https:\/\/www.pmpf.rs.gov.br\/cultura\/","name":"Secretaria de Cultura","description":"S\u00f3 mais um site Prefeitura de Passo Fundo","potentialAction":[{"@type":"SearchAction","target":{"@type":"EntryPoint","urlTemplate":"https:\/\/www.pmpf.rs.gov.br\/cultura\/?s={search_term_string}"},"query-input":{"@type":"PropertyValueSpecification","valueRequired":true,"valueName":"search_term_string"}}],"inLanguage":"pt-BR"},{"@type":"Person","@id":"https:\/\/www.pmpf.rs.gov.br\/cultura\/#\/schema\/person\/6e93b0ab2174b69f691ac4f278ba2d0a","name":"lilicrivello","image":{"@type":"ImageObject","inLanguage":"pt-BR","@id":"https:\/\/www.pmpf.rs.gov.br\/cultura\/#\/schema\/person\/image\/","url":"https:\/\/secure.gravatar.com\/avatar\/0b546b667388f8edb7b67d70a57b5e46?s=96&d=mm&r=g","contentUrl":"https:\/\/secure.gravatar.com\/avatar\/0b546b667388f8edb7b67d70a57b5e46?s=96&d=mm&r=g","caption":"lilicrivello"},"url":"https:\/\/www.pmpf.rs.gov.br\/cultura\/author\/lilicrivello\/"}]}},"_links":{"self":[{"href":"https:\/\/www.pmpf.rs.gov.br\/cultura\/wp-json\/wp\/v2\/posts\/3743"}],"collection":[{"href":"https:\/\/www.pmpf.rs.gov.br\/cultura\/wp-json\/wp\/v2\/posts"}],"about":[{"href":"https:\/\/www.pmpf.rs.gov.br\/cultura\/wp-json\/wp\/v2\/types\/post"}],"author":[{"embeddable":true,"href":"https:\/\/www.pmpf.rs.gov.br\/cultura\/wp-json\/wp\/v2\/users\/24"}],"replies":[{"embeddable":true,"href":"https:\/\/www.pmpf.rs.gov.br\/cultura\/wp-json\/wp\/v2\/comments?post=3743"}],"version-history":[{"count":1,"href":"https:\/\/www.pmpf.rs.gov.br\/cultura\/wp-json\/wp\/v2\/posts\/3743\/revisions"}],"predecessor-version":[{"id":3745,"href":"https:\/\/www.pmpf.rs.gov.br\/cultura\/wp-json\/wp\/v2\/posts\/3743\/revisions\/3745"}],"wp:featuredmedia":[{"embeddable":true,"href":"https:\/\/www.pmpf.rs.gov.br\/cultura\/wp-json\/wp\/v2\/media\/3744"}],"wp:attachment":[{"href":"https:\/\/www.pmpf.rs.gov.br\/cultura\/wp-json\/wp\/v2\/media?parent=3743"}],"wp:term":[{"taxonomy":"category","embeddable":true,"href":"https:\/\/www.pmpf.rs.gov.br\/cultura\/wp-json\/wp\/v2\/categories?post=3743"},{"taxonomy":"post_tag","embeddable":true,"href":"https:\/\/www.pmpf.rs.gov.br\/cultura\/wp-json\/wp\/v2\/tags?post=3743"}],"curies":[{"name":"wp","href":"https:\/\/api.w.org\/{rel}","templated":true}]}}