{"id":3656,"date":"2023-07-21T09:31:49","date_gmt":"2023-07-21T12:31:49","guid":{"rendered":"https:\/\/www.pmpf.rs.gov.br\/cultura\/?p=3656"},"modified":"2023-07-21T09:31:52","modified_gmt":"2023-07-21T12:31:52","slug":"prefeito-pedro-anuncia-4a-edicao-do-premio-literario-cidade-de-passo-fundo","status":"publish","type":"post","link":"https:\/\/www.pmpf.rs.gov.br\/cultura\/2023\/07\/21\/prefeito-pedro-anuncia-4a-edicao-do-premio-literario-cidade-de-passo-fundo\/","title":{"rendered":"Prefeito Pedro anuncia 4\u00aa edi\u00e7\u00e3o do pr\u00eamio liter\u00e1rio Cidade de Passo Fundo"},"content":{"rendered":"\n<p><br>O prefeito de Passo Fundo, Pedro Almeida, confirmou, durante encontro com escritores na Academia Passo-Fundense de Letras (APL), na noite desta quinta-feira (20), o repasse de recursos para a 4\u00aa edi\u00e7\u00e3o do pr\u00eamio liter\u00e1rio Cidade de Passo Fundo. Neste ano, ser\u00e3o distribu\u00eddos R$ 40 mil para contemplar autores selecionados em cinco categorias: conto, cr\u00f4nica, infantil, poesia e romance. \u201cO pr\u00eamio refor\u00e7a a import\u00e2ncia e o espa\u00e7o que a cultura e a literatura tem em nossa cidade. Valorizar o potencial e o talento dos nossos autores \u00e9 reconhecer o quanto Passo Fundo mobiliza e produz boas hist\u00f3rias\u201d, afirmou Pedro.<\/p>\n\n\n\n<p>Aos escritores presentes na atividade, o prefeito destacou outras iniciativas da Administra\u00e7\u00e3o para estimular e fomentar o cen\u00e1rio art\u00edstico e cultural do munic\u00edpio, reiterando que todas as manifesta\u00e7\u00f5es devem ser acreditadas e potencializadas. \u201cNosso Funcultura, por exemplo, tem atendido a todas as setoriais, garantindo n\u00e3o apenas que os produtores sejam contemplados, mas tamb\u00e9m a comunidade seja beneficiada\u201d, comentou.<\/p>\n\n\n\n<p>Com valor ampliado em rela\u00e7\u00e3o \u00e0s edi\u00e7\u00f5es anteriores, o pr\u00eamio liter\u00e1rio, em 2023, premiar\u00e1 os tr\u00eas primeiros colocados em cada categoria com valores de R$ 4 mil, R$ 2.500 e R$ 1.500, respectivamente. Para a secret\u00e1ria Municipal de Cultura, Miri\u00ea Tedesco, elevar o valor do pr\u00eamio liter\u00e1rio \u00e9 uma demonstra\u00e7\u00e3o concreta de que \u201cestamos trabalhando focados na valoriza\u00e7\u00e3o dos escritores e potencializa\u00e7\u00e3o da produ\u00e7\u00e3o liter\u00e1ria em Passo Fundo\u201d.<\/p>\n\n\n\n<p>Durante a reuni\u00e3o, a presidente da Academia Passo-Fundense de Letras, Marilise Lech, reiterou a import\u00e2ncia desta parceria com o Munic\u00edpio. \u201cEste pr\u00eamio \u00e9 uma possibilidade de avan\u00e7armos e descobrirmos novos talentos liter\u00e1rios em nosso munic\u00edpio\u201d, avaliou ela.<\/p>\n\n\n\n<p>O edital com o cronograma e as diretrizes para a participa\u00e7\u00e3o dos autores locais ser\u00e1 publicado nos pr\u00f3ximos dias.<\/p>\n\n\n\n<p><strong>Fotos: Michel Sanderi<\/strong><\/p>\n","protected":false},"excerpt":{"rendered":"<p>R$ 40 mil ser\u00e3o distribu\u00eddos entre escritores locais, que poder\u00e3o se inscrever em at\u00e9 cinco categorias<\/p>\n","protected":false},"author":6,"featured_media":3657,"comment_status":"closed","ping_status":"closed","sticky":true,"template":"","format":"standard","meta":{"footnotes":""},"categories":[1],"tags":[],"class_list":["post-3656","post","type-post","status-publish","format-standard","has-post-thumbnail","hentry","category-sem-categoria"],"yoast_head":"<!-- This site is optimized with the Yoast SEO plugin v23.8 - https:\/\/yoast.com\/wordpress\/plugins\/seo\/ -->\n<title>Prefeito Pedro anuncia 4\u00aa edi\u00e7\u00e3o do pr\u00eamio liter\u00e1rio Cidade de Passo Fundo - Secretaria de Cultura<\/title>\n<meta name=\"robots\" content=\"index, follow, max-snippet:-1, max-image-preview:large, max-video-preview:-1\" \/>\n<link rel=\"canonical\" href=\"https:\/\/www.pmpf.rs.gov.br\/cultura\/2023\/07\/21\/prefeito-pedro-anuncia-4a-edicao-do-premio-literario-cidade-de-passo-fundo\/\" \/>\n<meta property=\"og:locale\" content=\"pt_BR\" \/>\n<meta property=\"og:type\" content=\"article\" \/>\n<meta property=\"og:title\" content=\"Prefeito Pedro anuncia 4\u00aa edi\u00e7\u00e3o do pr\u00eamio liter\u00e1rio Cidade de Passo Fundo - Secretaria de Cultura\" \/>\n<meta property=\"og:description\" content=\"R$ 40 mil ser\u00e3o distribu\u00eddos entre escritores locais, que poder\u00e3o se inscrever em at\u00e9 cinco categorias\" \/>\n<meta property=\"og:url\" content=\"https:\/\/www.pmpf.rs.gov.br\/cultura\/2023\/07\/21\/prefeito-pedro-anuncia-4a-edicao-do-premio-literario-cidade-de-passo-fundo\/\" \/>\n<meta property=\"og:site_name\" content=\"Secretaria de Cultura\" \/>\n<meta property=\"article:published_time\" content=\"2023-07-21T12:31:49+00:00\" \/>\n<meta property=\"article:modified_time\" content=\"2023-07-21T12:31:52+00:00\" \/>\n<meta name=\"author\" content=\"andressazorzetto07\" \/>\n<meta name=\"twitter:card\" content=\"summary_large_image\" \/>\n<meta name=\"twitter:label1\" content=\"Escrito por\" \/>\n\t<meta name=\"twitter:data1\" content=\"andressazorzetto07\" \/>\n\t<meta name=\"twitter:label2\" content=\"Est. tempo de leitura\" \/>\n\t<meta name=\"twitter:data2\" content=\"2 minutos\" \/>\n<script type=\"application\/ld+json\" class=\"yoast-schema-graph\">{\"@context\":\"https:\/\/schema.org\",\"@graph\":[{\"@type\":\"WebPage\",\"@id\":\"https:\/\/www.pmpf.rs.gov.br\/cultura\/2023\/07\/21\/prefeito-pedro-anuncia-4a-edicao-do-premio-literario-cidade-de-passo-fundo\/\",\"url\":\"https:\/\/www.pmpf.rs.gov.br\/cultura\/2023\/07\/21\/prefeito-pedro-anuncia-4a-edicao-do-premio-literario-cidade-de-passo-fundo\/\",\"name\":\"Prefeito Pedro anuncia 4\u00aa edi\u00e7\u00e3o do pr\u00eamio liter\u00e1rio Cidade de Passo Fundo - Secretaria de Cultura\",\"isPartOf\":{\"@id\":\"https:\/\/www.pmpf.rs.gov.br\/cultura\/#website\"},\"primaryImageOfPage\":{\"@id\":\"https:\/\/www.pmpf.rs.gov.br\/cultura\/2023\/07\/21\/prefeito-pedro-anuncia-4a-edicao-do-premio-literario-cidade-de-passo-fundo\/#primaryimage\"},\"image\":{\"@id\":\"https:\/\/www.pmpf.rs.gov.br\/cultura\/2023\/07\/21\/prefeito-pedro-anuncia-4a-edicao-do-premio-literario-cidade-de-passo-fundo\/#primaryimage\"},\"thumbnailUrl\":\"https:\/\/www.pmpf.rs.gov.br\/cultura\/wp-content\/uploads\/sites\/25\/2023\/07\/premio-literario.jpg\",\"datePublished\":\"2023-07-21T12:31:49+00:00\",\"dateModified\":\"2023-07-21T12:31:52+00:00\",\"author\":{\"@id\":\"https:\/\/www.pmpf.rs.gov.br\/cultura\/#\/schema\/person\/30ee1d1bd74da1469b01fcf086e43351\"},\"inLanguage\":\"pt-BR\",\"potentialAction\":[{\"@type\":\"ReadAction\",\"target\":[\"https:\/\/www.pmpf.rs.gov.br\/cultura\/2023\/07\/21\/prefeito-pedro-anuncia-4a-edicao-do-premio-literario-cidade-de-passo-fundo\/\"]}]},{\"@type\":\"ImageObject\",\"inLanguage\":\"pt-BR\",\"@id\":\"https:\/\/www.pmpf.rs.gov.br\/cultura\/2023\/07\/21\/prefeito-pedro-anuncia-4a-edicao-do-premio-literario-cidade-de-passo-fundo\/#primaryimage\",\"url\":\"https:\/\/www.pmpf.rs.gov.br\/cultura\/wp-content\/uploads\/sites\/25\/2023\/07\/premio-literario.jpg\",\"contentUrl\":\"https:\/\/www.pmpf.rs.gov.br\/cultura\/wp-content\/uploads\/sites\/25\/2023\/07\/premio-literario.jpg\",\"width\":1600,\"height\":1066},{\"@type\":\"WebSite\",\"@id\":\"https:\/\/www.pmpf.rs.gov.br\/cultura\/#website\",\"url\":\"https:\/\/www.pmpf.rs.gov.br\/cultura\/\",\"name\":\"Secretaria de Cultura\",\"description\":\"S\u00f3 mais um site Prefeitura de Passo Fundo\",\"potentialAction\":[{\"@type\":\"SearchAction\",\"target\":{\"@type\":\"EntryPoint\",\"urlTemplate\":\"https:\/\/www.pmpf.rs.gov.br\/cultura\/?s={search_term_string}\"},\"query-input\":{\"@type\":\"PropertyValueSpecification\",\"valueRequired\":true,\"valueName\":\"search_term_string\"}}],\"inLanguage\":\"pt-BR\"},{\"@type\":\"Person\",\"@id\":\"https:\/\/www.pmpf.rs.gov.br\/cultura\/#\/schema\/person\/30ee1d1bd74da1469b01fcf086e43351\",\"name\":\"andressazorzetto07\",\"image\":{\"@type\":\"ImageObject\",\"inLanguage\":\"pt-BR\",\"@id\":\"https:\/\/www.pmpf.rs.gov.br\/cultura\/#\/schema\/person\/image\/\",\"url\":\"https:\/\/secure.gravatar.com\/avatar\/14c5458ed79dc81da99a13b9ff5f9f19?s=96&d=mm&r=g\",\"contentUrl\":\"https:\/\/secure.gravatar.com\/avatar\/14c5458ed79dc81da99a13b9ff5f9f19?s=96&d=mm&r=g\",\"caption\":\"andressazorzetto07\"},\"url\":\"https:\/\/www.pmpf.rs.gov.br\/cultura\/author\/andressazorzetto07\/\"}]}<\/script>\n<!-- \/ Yoast SEO plugin. -->","yoast_head_json":{"title":"Prefeito Pedro anuncia 4\u00aa edi\u00e7\u00e3o do pr\u00eamio liter\u00e1rio Cidade de Passo Fundo - Secretaria de Cultura","robots":{"index":"index","follow":"follow","max-snippet":"max-snippet:-1","max-image-preview":"max-image-preview:large","max-video-preview":"max-video-preview:-1"},"canonical":"https:\/\/www.pmpf.rs.gov.br\/cultura\/2023\/07\/21\/prefeito-pedro-anuncia-4a-edicao-do-premio-literario-cidade-de-passo-fundo\/","og_locale":"pt_BR","og_type":"article","og_title":"Prefeito Pedro anuncia 4\u00aa edi\u00e7\u00e3o do pr\u00eamio liter\u00e1rio Cidade de Passo Fundo - Secretaria de Cultura","og_description":"R$ 40 mil ser\u00e3o distribu\u00eddos entre escritores locais, que poder\u00e3o se inscrever em at\u00e9 cinco categorias","og_url":"https:\/\/www.pmpf.rs.gov.br\/cultura\/2023\/07\/21\/prefeito-pedro-anuncia-4a-edicao-do-premio-literario-cidade-de-passo-fundo\/","og_site_name":"Secretaria de Cultura","article_published_time":"2023-07-21T12:31:49+00:00","article_modified_time":"2023-07-21T12:31:52+00:00","author":"andressazorzetto07","twitter_card":"summary_large_image","twitter_misc":{"Escrito por":"andressazorzetto07","Est. tempo de leitura":"2 minutos"},"schema":{"@context":"https:\/\/schema.org","@graph":[{"@type":"WebPage","@id":"https:\/\/www.pmpf.rs.gov.br\/cultura\/2023\/07\/21\/prefeito-pedro-anuncia-4a-edicao-do-premio-literario-cidade-de-passo-fundo\/","url":"https:\/\/www.pmpf.rs.gov.br\/cultura\/2023\/07\/21\/prefeito-pedro-anuncia-4a-edicao-do-premio-literario-cidade-de-passo-fundo\/","name":"Prefeito Pedro anuncia 4\u00aa edi\u00e7\u00e3o do pr\u00eamio liter\u00e1rio Cidade de Passo Fundo - Secretaria de Cultura","isPartOf":{"@id":"https:\/\/www.pmpf.rs.gov.br\/cultura\/#website"},"primaryImageOfPage":{"@id":"https:\/\/www.pmpf.rs.gov.br\/cultura\/2023\/07\/21\/prefeito-pedro-anuncia-4a-edicao-do-premio-literario-cidade-de-passo-fundo\/#primaryimage"},"image":{"@id":"https:\/\/www.pmpf.rs.gov.br\/cultura\/2023\/07\/21\/prefeito-pedro-anuncia-4a-edicao-do-premio-literario-cidade-de-passo-fundo\/#primaryimage"},"thumbnailUrl":"https:\/\/www.pmpf.rs.gov.br\/cultura\/wp-content\/uploads\/sites\/25\/2023\/07\/premio-literario.jpg","datePublished":"2023-07-21T12:31:49+00:00","dateModified":"2023-07-21T12:31:52+00:00","author":{"@id":"https:\/\/www.pmpf.rs.gov.br\/cultura\/#\/schema\/person\/30ee1d1bd74da1469b01fcf086e43351"},"inLanguage":"pt-BR","potentialAction":[{"@type":"ReadAction","target":["https:\/\/www.pmpf.rs.gov.br\/cultura\/2023\/07\/21\/prefeito-pedro-anuncia-4a-edicao-do-premio-literario-cidade-de-passo-fundo\/"]}]},{"@type":"ImageObject","inLanguage":"pt-BR","@id":"https:\/\/www.pmpf.rs.gov.br\/cultura\/2023\/07\/21\/prefeito-pedro-anuncia-4a-edicao-do-premio-literario-cidade-de-passo-fundo\/#primaryimage","url":"https:\/\/www.pmpf.rs.gov.br\/cultura\/wp-content\/uploads\/sites\/25\/2023\/07\/premio-literario.jpg","contentUrl":"https:\/\/www.pmpf.rs.gov.br\/cultura\/wp-content\/uploads\/sites\/25\/2023\/07\/premio-literario.jpg","width":1600,"height":1066},{"@type":"WebSite","@id":"https:\/\/www.pmpf.rs.gov.br\/cultura\/#website","url":"https:\/\/www.pmpf.rs.gov.br\/cultura\/","name":"Secretaria de Cultura","description":"S\u00f3 mais um site Prefeitura de Passo Fundo","potentialAction":[{"@type":"SearchAction","target":{"@type":"EntryPoint","urlTemplate":"https:\/\/www.pmpf.rs.gov.br\/cultura\/?s={search_term_string}"},"query-input":{"@type":"PropertyValueSpecification","valueRequired":true,"valueName":"search_term_string"}}],"inLanguage":"pt-BR"},{"@type":"Person","@id":"https:\/\/www.pmpf.rs.gov.br\/cultura\/#\/schema\/person\/30ee1d1bd74da1469b01fcf086e43351","name":"andressazorzetto07","image":{"@type":"ImageObject","inLanguage":"pt-BR","@id":"https:\/\/www.pmpf.rs.gov.br\/cultura\/#\/schema\/person\/image\/","url":"https:\/\/secure.gravatar.com\/avatar\/14c5458ed79dc81da99a13b9ff5f9f19?s=96&d=mm&r=g","contentUrl":"https:\/\/secure.gravatar.com\/avatar\/14c5458ed79dc81da99a13b9ff5f9f19?s=96&d=mm&r=g","caption":"andressazorzetto07"},"url":"https:\/\/www.pmpf.rs.gov.br\/cultura\/author\/andressazorzetto07\/"}]}},"_links":{"self":[{"href":"https:\/\/www.pmpf.rs.gov.br\/cultura\/wp-json\/wp\/v2\/posts\/3656"}],"collection":[{"href":"https:\/\/www.pmpf.rs.gov.br\/cultura\/wp-json\/wp\/v2\/posts"}],"about":[{"href":"https:\/\/www.pmpf.rs.gov.br\/cultura\/wp-json\/wp\/v2\/types\/post"}],"author":[{"embeddable":true,"href":"https:\/\/www.pmpf.rs.gov.br\/cultura\/wp-json\/wp\/v2\/users\/6"}],"replies":[{"embeddable":true,"href":"https:\/\/www.pmpf.rs.gov.br\/cultura\/wp-json\/wp\/v2\/comments?post=3656"}],"version-history":[{"count":1,"href":"https:\/\/www.pmpf.rs.gov.br\/cultura\/wp-json\/wp\/v2\/posts\/3656\/revisions"}],"predecessor-version":[{"id":3658,"href":"https:\/\/www.pmpf.rs.gov.br\/cultura\/wp-json\/wp\/v2\/posts\/3656\/revisions\/3658"}],"wp:featuredmedia":[{"embeddable":true,"href":"https:\/\/www.pmpf.rs.gov.br\/cultura\/wp-json\/wp\/v2\/media\/3657"}],"wp:attachment":[{"href":"https:\/\/www.pmpf.rs.gov.br\/cultura\/wp-json\/wp\/v2\/media?parent=3656"}],"wp:term":[{"taxonomy":"category","embeddable":true,"href":"https:\/\/www.pmpf.rs.gov.br\/cultura\/wp-json\/wp\/v2\/categories?post=3656"},{"taxonomy":"post_tag","embeddable":true,"href":"https:\/\/www.pmpf.rs.gov.br\/cultura\/wp-json\/wp\/v2\/tags?post=3656"}],"curies":[{"name":"wp","href":"https:\/\/api.w.org\/{rel}","templated":true}]}}